{"id":7597,"date":"2018-10-24T03:45:10","date_gmt":"2018-10-24T03:45:10","guid":{"rendered":"http:\/\/quehacerpolitico.mx\/diputados-de-morena-dan-paso-a-reporteros-a-cuentagotas\/"},"modified":"2018-10-24T03:45:10","modified_gmt":"2018-10-24T03:45:10","slug":"diputados-de-morena-dan-paso-a-reporteros-a-cuentagotas","status":"publish","type":"post","link":"https:\/\/quehacerpolitico.mx\/?p=7597","title":{"rendered":"Diputados de Morena dan paso a reporteros a cuentagotas"},"content":{"rendered":"<h2 class=\"genTitle\">Diputados de Morena dan paso a reporteros a cuentagotas<\/h2>\n<p>Por Redacci\u00f3n QP<\/p>\n<p>Por orden de los diputados de <strong>Morena<\/strong>, grandes grupos de medios de <strong>comunicaci\u00f3n<\/strong> no pueden acercarse a las curules de los <strong>legisladores<\/strong> durante la sesi\u00f3n.<\/p>\n<p>De acuerdo con uno de los<strong> guardias de seguridad<\/strong>quien prefiri\u00f3 omitir su nombre, la presidenta de la <strong>Jucopo<\/strong>, <strong>Ernestina Godoy<\/strong>, les solicit\u00f3 no permitir el paso a grandes grupos de <strong>reporteros<\/strong>.<\/p>\n<blockquote>\n<p>\u201cTenemos que <strong>dejarlos<\/strong> pasar por goteo, s\u00ed pueden pasar a las <strong>curules<\/strong> pero no hacer bolas, seg\u00fan es porque el diputado <strong>Eduardo Santill\u00e1n<\/strong> dice que no se pod\u00edan concentrar durante la sesi\u00f3n\u201d, dijo uno de los <strong>guardias<\/strong>.<\/p>\n<\/blockquote>\n<p>En los dos pasillos del pleno del <strong>Congreso<\/strong> que llevan a las curules hay dos guardias de seguridad con <strong>pedestales<\/strong> y una banda de <strong>seguridad<\/strong>. Detr\u00e1s de ellos se ubican las <strong>c\u00e1maras<\/strong> y <strong>fot\u00f3grafos<\/strong> quienes d\u00edas antes pod\u00edan ingresar al pleno sin <strong>ninguna restricci\u00f3n.<\/strong><\/p>\n<h2>\u2018Cuesti\u00f3n\u2019 de Protecci\u00f3n Civil<\/h2>\n<p>Esta medida fue instalada el jueves pasado por los diputados de <strong>Morena<\/strong> con el pretexto de deben cubrir un protocolo de protecci\u00f3n civil.\u00a0El vicecoordinador de la bancada de Morena, <strong>Eduardo Santill\u00e1n<\/strong>, se escud\u00f3 en que deben de cumplir dicho <strong>protocolo<\/strong>, pero durante los \u00faltimos <strong>21 a\u00f1os<\/strong> los <strong>reporteros<\/strong> han ingresado al pleno para llevar a cabo su <strong>ejercicio period\u00edstico.<\/strong><\/p>\n<blockquote>\n<p>\u201cSe establece una unifila para evitar que personas que no tienen porqu\u00e9 estar en el <strong>Pleno<\/strong>, pues no est\u00e9n. Ustedes mismos han sido testigos de que de repente tenemos problema de saturaci\u00f3n, incluso en materia de <strong>Protecci\u00f3n Civil<\/strong> se vuelve riesgoso. Cualquier compa\u00f1ero de <strong>Comunicaci\u00f3n Social<\/strong> de la fuente, acreditado, tendr\u00e1 acceso\u201d, dijo <strong>Santill\u00e1n<\/strong> ante el reclamo.<\/p>\n<\/blockquote>\n<p>El diputado reconoci\u00f3 que tienen <strong>problemas<\/strong> de concentraci\u00f3n para llevar a cabo la <strong>sesi\u00f3n<\/strong>, pues en las \u00faltimas sesiones el presidente de la Mesa Directiva, <strong>Jes\u00fas Mart\u00edn Del Campo<\/strong> comete errores de<strong> forma constante.<\/strong><\/p>\n<p><strong>Santill\u00e1n<\/strong> indic\u00f3 que dar\u00e1n gafetes a los asesores de los <strong>diputados<\/strong> para que \u00fanicamente puedan pasar dos personas por <strong>legislador<\/strong>.<\/p>\n<p>La medida fue criticada por el coordinador de la bancada del <strong>PRD<\/strong>, <strong>Jorge Gavi\u00f1o<\/strong>, quien asegur\u00f3 que no debe de haber restricciones a la prensa, pues no es propio del parlamento.<\/p>\n<p>Gavi\u00f1o indic\u00f3 que la <strong>decisi\u00f3n<\/strong> fue tomada en al Junta de Coordinaci\u00f3n Pol\u00edtica (<strong>Jucopo<\/strong>) que preside la diputada Ernestina Godoy.<\/p>\n<p>Del mismo modo el <strong>coordinador<\/strong> de la bancada panista <strong>Mauricio Tabe<\/strong>, asegur\u00f3 que en la Jucopo se platic\u00f3 de establecer algunas <strong>reglas<\/strong> para las personas que ingresaban al pleno; sin embargo, dichas normas no deben aplicar para los <strong>reporteros<\/strong>.<\/p>\n<p>Las entrevistas se tuvieron que llevar a cabo afuera del pleno local. Santill\u00e1n se comprometi\u00f3 a que liberar\u00e1n el acceso a los <strong>periodistas<\/strong>.<\/p>\n","protected":false},"excerpt":{"rendered":"<p>Diputados de Morena dan paso a reporteros a cuentagotas<br \/>\nPor Redacci\u00f3n QP<\/p>\n","protected":false},"author":2,"featured_media":7596,"comment_status":"open","ping_status":"open","sticky":false,"template":"","format":"standard","meta":{"_monsterinsights_skip_tracking":false,"_monsterinsights_sitenote_active":false,"_monsterinsights_sitenote_note":"","_monsterinsights_sitenote_category":0,"footnotes":""},"categories":[55],"tags":[],"class_list":["post-7597","post","type-post","status-publish","format-standard","has-post-thumbnail","hentry","category-cdmx"],"yoast_head":"<!-- This site is optimized with the Yoast SEO plugin v27.3 - https:\/\/yoast.com\/product\/yoast-seo-wordpress\/ -->\n<title>Diputados de Morena dan paso a reporteros a cuentagotas -<\/title>\n<meta name=\"robots\" content=\"index, follow, max-snippet:-1, max-image-preview:large, max-video-preview:-1\" \/>\n<link rel=\"canonical\" href=\"https:\/\/quehacerpolitico.mx\/?p=7597\" \/>\n<meta property=\"og:locale\" content=\"es_MX\" \/>\n<meta property=\"og:type\" content=\"article\" \/>\n<meta property=\"og:title\" content=\"Diputados de Morena dan paso a reporteros a cuentagotas -\" \/>\n<meta property=\"og:description\" content=\"Diputados de Morena dan paso a reporteros a cuentagotas Por Redacci\u00f3n QP\" \/>\n<meta property=\"og:url\" content=\"https:\/\/quehacerpolitico.mx\/?p=7597\" \/>\n<meta property=\"article:published_time\" content=\"2018-10-24T03:45:10+00:00\" \/>\n<meta name=\"author\" content=\"Redacci\u00f3n QP\" \/>\n<meta name=\"twitter:card\" content=\"summary_large_image\" \/>\n<meta name=\"twitter:label1\" content=\"Escrito por\" \/>\n\t<meta name=\"twitter:data1\" content=\"Redacci\u00f3n QP\" \/>\n\t<meta name=\"twitter:label2\" content=\"Tiempo de lectura\" \/>\n\t<meta name=\"twitter:data2\" content=\"2 minutos\" \/>\n<script type=\"application\/ld+json\" class=\"yoast-schema-graph\">{\"@context\":\"https:\\\/\\\/schema.org\",\"@graph\":[{\"@type\":\"Article\",\"@id\":\"https:\\\/\\\/quehacerpolitico.mx\\\/?p=7597#article\",\"isPartOf\":{\"@id\":\"https:\\\/\\\/quehacerpolitico.mx\\\/?p=7597\"},\"author\":{\"name\":\"Redacci\u00f3n QP\",\"@id\":\"https:\\\/\\\/quehacerpolitico.mx\\\/#\\\/schema\\\/person\\\/496d8ad2d1d3f8036101dca7ee39e585\"},\"headline\":\"Diputados de Morena dan paso a reporteros a cuentagotas\",\"datePublished\":\"2018-10-24T03:45:10+00:00\",\"mainEntityOfPage\":{\"@id\":\"https:\\\/\\\/quehacerpolitico.mx\\\/?p=7597\"},\"wordCount\":483,\"commentCount\":0,\"image\":{\"@id\":\"https:\\\/\\\/quehacerpolitico.mx\\\/?p=7597#primaryimage\"},\"thumbnailUrl\":\"\",\"articleSection\":[\"CDMX\"],\"inLanguage\":\"es\",\"potentialAction\":[{\"@type\":\"CommentAction\",\"name\":\"Comment\",\"target\":[\"https:\\\/\\\/quehacerpolitico.mx\\\/?p=7597#respond\"]}]},{\"@type\":\"WebPage\",\"@id\":\"https:\\\/\\\/quehacerpolitico.mx\\\/?p=7597\",\"url\":\"https:\\\/\\\/quehacerpolitico.mx\\\/?p=7597\",\"name\":\"Diputados de Morena dan paso a reporteros a cuentagotas -\",\"isPartOf\":{\"@id\":\"https:\\\/\\\/quehacerpolitico.mx\\\/#website\"},\"primaryImageOfPage\":{\"@id\":\"https:\\\/\\\/quehacerpolitico.mx\\\/?p=7597#primaryimage\"},\"image\":{\"@id\":\"https:\\\/\\\/quehacerpolitico.mx\\\/?p=7597#primaryimage\"},\"thumbnailUrl\":\"\",\"datePublished\":\"2018-10-24T03:45:10+00:00\",\"author\":{\"@id\":\"https:\\\/\\\/quehacerpolitico.mx\\\/#\\\/schema\\\/person\\\/496d8ad2d1d3f8036101dca7ee39e585\"},\"breadcrumb\":{\"@id\":\"https:\\\/\\\/quehacerpolitico.mx\\\/?p=7597#breadcrumb\"},\"inLanguage\":\"es\",\"potentialAction\":[{\"@type\":\"ReadAction\",\"target\":[\"https:\\\/\\\/quehacerpolitico.mx\\\/?p=7597\"]}]},{\"@type\":\"ImageObject\",\"inLanguage\":\"es\",\"@id\":\"https:\\\/\\\/quehacerpolitico.mx\\\/?p=7597#primaryimage\",\"url\":\"\",\"contentUrl\":\"\"},{\"@type\":\"BreadcrumbList\",\"@id\":\"https:\\\/\\\/quehacerpolitico.mx\\\/?p=7597#breadcrumb\",\"itemListElement\":[{\"@type\":\"ListItem\",\"position\":1,\"name\":\"Inicio\",\"item\":\"https:\\\/\\\/quehacerpolitico.mx\\\/\"},{\"@type\":\"ListItem\",\"position\":2,\"name\":\"Diputados de Morena dan paso a reporteros a cuentagotas\"}]},{\"@type\":\"WebSite\",\"@id\":\"https:\\\/\\\/quehacerpolitico.mx\\\/#website\",\"url\":\"https:\\\/\\\/quehacerpolitico.mx\\\/\",\"name\":\"\",\"description\":\"\",\"potentialAction\":[{\"@type\":\"SearchAction\",\"target\":{\"@type\":\"EntryPoint\",\"urlTemplate\":\"https:\\\/\\\/quehacerpolitico.mx\\\/?s={search_term_string}\"},\"query-input\":{\"@type\":\"PropertyValueSpecification\",\"valueRequired\":true,\"valueName\":\"search_term_string\"}}],\"inLanguage\":\"es\"},{\"@type\":\"Person\",\"@id\":\"https:\\\/\\\/quehacerpolitico.mx\\\/#\\\/schema\\\/person\\\/496d8ad2d1d3f8036101dca7ee39e585\",\"name\":\"Redacci\u00f3n QP\",\"image\":{\"@type\":\"ImageObject\",\"inLanguage\":\"es\",\"@id\":\"https:\\\/\\\/secure.gravatar.com\\\/avatar\\\/c7164ed6fdec453195284ad24a5ae5b6e1eed2b848477fa2a4787ba9adf39a41?s=96&d=mm&r=g\",\"url\":\"https:\\\/\\\/secure.gravatar.com\\\/avatar\\\/c7164ed6fdec453195284ad24a5ae5b6e1eed2b848477fa2a4787ba9adf39a41?s=96&d=mm&r=g\",\"contentUrl\":\"https:\\\/\\\/secure.gravatar.com\\\/avatar\\\/c7164ed6fdec453195284ad24a5ae5b6e1eed2b848477fa2a4787ba9adf39a41?s=96&d=mm&r=g\",\"caption\":\"Redacci\u00f3n QP\"},\"url\":\"https:\\\/\\\/quehacerpolitico.mx\\\/?author=2\"}]}<\/script>\n<!-- \/ Yoast SEO plugin. -->","yoast_head_json":{"title":"Diputados de Morena dan paso a reporteros a cuentagotas -","robots":{"index":"index","follow":"follow","max-snippet":"max-snippet:-1","max-image-preview":"max-image-preview:large","max-video-preview":"max-video-preview:-1"},"canonical":"https:\/\/quehacerpolitico.mx\/?p=7597","og_locale":"es_MX","og_type":"article","og_title":"Diputados de Morena dan paso a reporteros a cuentagotas -","og_description":"Diputados de Morena dan paso a reporteros a cuentagotas Por Redacci\u00f3n QP","og_url":"https:\/\/quehacerpolitico.mx\/?p=7597","article_published_time":"2018-10-24T03:45:10+00:00","author":"Redacci\u00f3n QP","twitter_card":"summary_large_image","twitter_misc":{"Escrito por":"Redacci\u00f3n QP","Tiempo de lectura":"2 minutos"},"schema":{"@context":"https:\/\/schema.org","@graph":[{"@type":"Article","@id":"https:\/\/quehacerpolitico.mx\/?p=7597#article","isPartOf":{"@id":"https:\/\/quehacerpolitico.mx\/?p=7597"},"author":{"name":"Redacci\u00f3n QP","@id":"https:\/\/quehacerpolitico.mx\/#\/schema\/person\/496d8ad2d1d3f8036101dca7ee39e585"},"headline":"Diputados de Morena dan paso a reporteros a cuentagotas","datePublished":"2018-10-24T03:45:10+00:00","mainEntityOfPage":{"@id":"https:\/\/quehacerpolitico.mx\/?p=7597"},"wordCount":483,"commentCount":0,"image":{"@id":"https:\/\/quehacerpolitico.mx\/?p=7597#primaryimage"},"thumbnailUrl":"","articleSection":["CDMX"],"inLanguage":"es","potentialAction":[{"@type":"CommentAction","name":"Comment","target":["https:\/\/quehacerpolitico.mx\/?p=7597#respond"]}]},{"@type":"WebPage","@id":"https:\/\/quehacerpolitico.mx\/?p=7597","url":"https:\/\/quehacerpolitico.mx\/?p=7597","name":"Diputados de Morena dan paso a reporteros a cuentagotas -","isPartOf":{"@id":"https:\/\/quehacerpolitico.mx\/#website"},"primaryImageOfPage":{"@id":"https:\/\/quehacerpolitico.mx\/?p=7597#primaryimage"},"image":{"@id":"https:\/\/quehacerpolitico.mx\/?p=7597#primaryimage"},"thumbnailUrl":"","datePublished":"2018-10-24T03:45:10+00:00","author":{"@id":"https:\/\/quehacerpolitico.mx\/#\/schema\/person\/496d8ad2d1d3f8036101dca7ee39e585"},"breadcrumb":{"@id":"https:\/\/quehacerpolitico.mx\/?p=7597#breadcrumb"},"inLanguage":"es","potentialAction":[{"@type":"ReadAction","target":["https:\/\/quehacerpolitico.mx\/?p=7597"]}]},{"@type":"ImageObject","inLanguage":"es","@id":"https:\/\/quehacerpolitico.mx\/?p=7597#primaryimage","url":"","contentUrl":""},{"@type":"BreadcrumbList","@id":"https:\/\/quehacerpolitico.mx\/?p=7597#breadcrumb","itemListElement":[{"@type":"ListItem","position":1,"name":"Inicio","item":"https:\/\/quehacerpolitico.mx\/"},{"@type":"ListItem","position":2,"name":"Diputados de Morena dan paso a reporteros a cuentagotas"}]},{"@type":"WebSite","@id":"https:\/\/quehacerpolitico.mx\/#website","url":"https:\/\/quehacerpolitico.mx\/","name":"","description":"","potentialAction":[{"@type":"SearchAction","target":{"@type":"EntryPoint","urlTemplate":"https:\/\/quehacerpolitico.mx\/?s={search_term_string}"},"query-input":{"@type":"PropertyValueSpecification","valueRequired":true,"valueName":"search_term_string"}}],"inLanguage":"es"},{"@type":"Person","@id":"https:\/\/quehacerpolitico.mx\/#\/schema\/person\/496d8ad2d1d3f8036101dca7ee39e585","name":"Redacci\u00f3n QP","image":{"@type":"ImageObject","inLanguage":"es","@id":"https:\/\/secure.gravatar.com\/avatar\/c7164ed6fdec453195284ad24a5ae5b6e1eed2b848477fa2a4787ba9adf39a41?s=96&d=mm&r=g","url":"https:\/\/secure.gravatar.com\/avatar\/c7164ed6fdec453195284ad24a5ae5b6e1eed2b848477fa2a4787ba9adf39a41?s=96&d=mm&r=g","contentUrl":"https:\/\/secure.gravatar.com\/avatar\/c7164ed6fdec453195284ad24a5ae5b6e1eed2b848477fa2a4787ba9adf39a41?s=96&d=mm&r=g","caption":"Redacci\u00f3n QP"},"url":"https:\/\/quehacerpolitico.mx\/?author=2"}]}},"featured_image_urls":{"full":"","thumbnail":"","medium":"","medium_large":"","large":"","1536x1536":"","2048x2048":"","covernews-featured":"","covernews-medium":""},"author_info":{"display_name":"Redacci\u00f3n QP","author_link":"https:\/\/quehacerpolitico.mx\/?author=2"},"category_info":"<a href=\"https:\/\/quehacerpolitico.mx\/?cat=55\" rel=\"category\">CDMX<\/a>","tag_info":"CDMX","comment_count":"0","_links":{"self":[{"href":"https:\/\/quehacerpolitico.mx\/index.php?rest_route=\/wp\/v2\/posts\/7597","targetHints":{"allow":["GET"]}}],"collection":[{"href":"https:\/\/quehacerpolitico.mx\/index.php?rest_route=\/wp\/v2\/posts"}],"about":[{"href":"https:\/\/quehacerpolitico.mx\/index.php?rest_route=\/wp\/v2\/types\/post"}],"author":[{"embeddable":true,"href":"https:\/\/quehacerpolitico.mx\/index.php?rest_route=\/wp\/v2\/users\/2"}],"replies":[{"embeddable":true,"href":"https:\/\/quehacerpolitico.mx\/index.php?rest_route=%2Fwp%2Fv2%2Fcomments&post=7597"}],"version-history":[{"count":0,"href":"https:\/\/quehacerpolitico.mx\/index.php?rest_route=\/wp\/v2\/posts\/7597\/revisions"}],"wp:featuredmedia":[{"embeddable":true,"href":"https:\/\/quehacerpolitico.mx\/index.php?rest_route=\/"}],"wp:attachment":[{"href":"https:\/\/quehacerpolitico.mx\/index.php?rest_route=%2Fwp%2Fv2%2Fmedia&parent=7597"}],"wp:term":[{"taxonomy":"category","embeddable":true,"href":"https:\/\/quehacerpolitico.mx\/index.php?rest_route=%2Fwp%2Fv2%2Fcategories&post=7597"},{"taxonomy":"post_tag","embeddable":true,"href":"https:\/\/quehacerpolitico.mx\/index.php?rest_route=%2Fwp%2Fv2%2Ftags&post=7597"}],"curies":[{"name":"wp","href":"https:\/\/api.w.org\/{rel}","templated":true}]}}