{"id":7595,"date":"2018-10-24T03:39:18","date_gmt":"2018-10-24T03:39:18","guid":{"rendered":"http:\/\/quehacerpolitico.mx\/willa-toca-tierra-en-escuinapa-sinaloa-extendera-su-muralla-delantera-sobre-otros-estados\/"},"modified":"2018-10-24T03:39:18","modified_gmt":"2018-10-24T03:39:18","slug":"willa-toca-tierra-en-escuinapa-sinaloa-extendera-su-muralla-delantera-sobre-otros-estados","status":"publish","type":"post","link":"https:\/\/quehacerpolitico.mx\/?p=7595","title":{"rendered":"\u201cWilla\u201d toca tierra en Escuinapa, Sinaloa; extender\u00e1 su \u201cmuralla delantera\u201d sobre otros estados"},"content":{"rendered":"<h1>\u201cWilla\u201d toca tierra en Escuinapa, Sinaloa; extender\u00e1 su \u201cmuralla delantera\u201d sobre otros estados<\/h1>\n<p>Por Redacci\u00f3n QP<\/p>\n<p>El litoral noroeste de M\u00e9xico fue golpeado hoy por \u201cWilla\u201d, que toc\u00f3 tierra como hurac\u00e1n de categor\u00eda 3 en la poblaci\u00f3n de Escuinapa, en el estado de Sinaloa, mientras los remanentes de la tormenta Vicente se disipan sobre el estado de Michoac\u00e1n.<\/p>\n<p>El ojo de \u201cWilla\u201d toc\u00f3 tierra sobre las 20.00 hora local (01.00 GMT del mi\u00e9rcoles) en las inmediaciones de Escuinapa y su \u201cmuralla delantera\u201d se extiende ya sobre los estados mexicanos de Sinaloa, Nayarit y Jalisco; cubrir\u00e1 Durango y Zacatecas en las pr\u00f3ximas horas.<\/p>\n<p>Sus bandas nubosas se extienden en un di\u00e1metro de unos 240 kil\u00f3metros entre el puerto de Mazatl\u00e1n, Sinaloa, hasta la ciudad de Tepic, en el estado de Nayarit.<\/p>\n<p>El Servicio Meteorol\u00f3gico Nacional (SMN) indic\u00f3 que \u201cWilla\u201d toc\u00f3 tierra como hurac\u00e1n categor\u00eda 3 en la escala Saffir-Simpson, de un m\u00e1ximo de 5, con vientos sostenidos de 195 kil\u00f3metros por hora y rachas de 240 kil\u00f3metros y se desplaza a 17 kil\u00f3metros por hora.<\/p>\n<p>Las lluvias torrenciales y los vientos se centran en la regi\u00f3n de Escuinapa, considerada la sexta poblaci\u00f3n m\u00e1s importante de Sinaloa, y que tiene unos 32.000 habitantes, y en los alrededores.<\/p>\n<blockquote class=\"twitter-tweet\" data-width=\"550\" data-dnt=\"true\">\n<p lang=\"es\" dir=\"ltr\">La muralla delantera (cuadrante noreste) del <a href=\"https:\/\/twitter.com\/hashtag\/Hurac%C3%A1n?src=hash&amp;ref_src=twsrc%5Etfw\">#Hurac\u00e1n<\/a> <a href=\"https:\/\/twitter.com\/hashtag\/Willa?src=hash&amp;ref_src=twsrc%5Etfw\">#Willa<\/a> se prev\u00e9 ingrese en Mazatl\u00e1n y Escuinapa <a href=\"https:\/\/twitter.com\/hashtag\/Sinaloa?src=hash&amp;ref_src=twsrc%5Etfw\">#Sinaloa<\/a> con <a href=\"https:\/\/twitter.com\/hashtag\/Tormentas?src=hash&amp;ref_src=twsrc%5Etfw\">#Tormentas<\/a> fuertes a puntuales intensas y <a href=\"https:\/\/twitter.com\/hashtag\/Rachas?src=hash&amp;ref_src=twsrc%5Etfw\">#Rachas<\/a> fuertes de <a href=\"https:\/\/twitter.com\/hashtag\/Viento?src=hash&amp;ref_src=twsrc%5Etfw\">#Viento<\/a> <a href=\"https:\/\/t.co\/uV2NCkVxPM\">pic.twitter.com\/uV2NCkVxPM<\/a><\/p>\n<p>&mdash; CONAGUA Clima (@conagua_clima) <a href=\"https:\/\/twitter.com\/conagua_clima\/status\/1054880707317616640?ref_src=twsrc%5Etfw\">October 23, 2018<\/a><\/p><\/blockquote>\n<p><script async src=\"https:\/\/platform.twitter.com\/widgets.js\" charset=\"utf-8\"><\/script><\/p>\n<p>Ante el aviso de que \u201cWilla\u201d llegar\u00eda como hurac\u00e1n \u201cpotencialmente peligroso\u201d, el Gobierno mexicano y los estados de Sinaloa, Nayarit y Jalisco, montaron un amplio plan de seguridad de amplio para prevenir da\u00f1os mayores.<\/p>\n<p>Ya con \u201cWilla\u201d sobre tierra, hasta el momento las autoridades no han emitido informes de da\u00f1os ni v\u00edctimas en la zona de alerta que abarca los municipios de Mazatl\u00e1n, Escuinapa, El Rosario, Concordia, San Ignacio Elota y Cosal\u00e1, los m\u00e1s expuestos al cicl\u00f3n.<\/p>\n<p>En el municipio Rosario, la oficina local de Protecci\u00f3n Civil pidi\u00f3 a los pobladores resguardarse en sus casas nada m\u00e1s comiencen a sentir los primeros efectos de\u201cWilla\u201d, cuyo un ojo mide 46 kil\u00f3metros de di\u00e1metro.<\/p>\n<blockquote>\n<p>Las escuelas de estos municipios suspendieron sus clases, las actividades laborales se han detenido en toda la zona y el transporte p\u00fablico dej\u00f3 de funcionar, en previsi\u00f3n de posibles da\u00f1os y afectaciones.<\/p>\n<\/blockquote>\n<p>Al menos 4 mil 200 habitantes se encuentran ya en 58 albergues habilitados y las autoridades de Protecci\u00f3n Civil del Gobierno federal instaron a la poblaci\u00f3n que no acept\u00f3 ser evacuada a que reconsidere su decisi\u00f3n.<\/p>\n<p>El Sistema de Desarrollo Integral de la Familia de Sinaloa confirm\u00f3 que en la horas previas a la llegada del cicl\u00f3n, se han distribuido 53 toneladas de v\u00edveres para atender a la poblaci\u00f3n que se encuentra en albergues.<\/p>\n<p>En Mazatl\u00e1n, el mayor centro tur\u00edstico de Sinaloa, la c\u00e1mara de comercio local report\u00f3 que en las horas previas se registraron compras de productos como agua embotellada, at\u00fan enlatado y bater\u00edas.<\/p>\n<p><strong>As\u00ed se ve la fuerza del hurac\u00e1n:<\/strong><\/p>\n<p><iframe loading=\"lazy\" title=\"Fuertes vientos y lluvias ocasiona el hurac\u00e1n &#039;Willa&#039; en Palmillas, Escuinapa\" width=\"640\" height=\"360\" src=\"https:\/\/www.youtube.com\/embed\/LYW-SHG-KEA?feature=oembed\" frameborder=\"0\" allow=\"accelerometer; autoplay; clipboard-write; encrypted-media; gyroscope; picture-in-picture; web-share\" referrerpolicy=\"strict-origin-when-cross-origin\" allowfullscreen><\/iframe><\/p>\n<p>En Teacapan y Palmillas los fuertes vientos han derribado \u00e1rboles, y han obligado a la poblaci\u00f3n a refugiarse dentro de sus hogares.<\/p>\n<p>En Mazatl\u00e1n se reportan vialidades inundadas, mientras que decenas de personas han buscado refugio en albergues instalados en escuelas y el Centro de Convenciones.<\/p>\n<blockquote class=\"twitter-tweet\" data-width=\"550\" data-dnt=\"true\">\n<p lang=\"es\" dir=\"ltr\">La furia del <a href=\"https:\/\/twitter.com\/hashtag\/hurac%C3%A1nWilla?src=hash&amp;ref_src=twsrc%5Etfw\">#hurac\u00e1nWilla<\/a> que se ubica a 20 kil\u00f3metros de la l\u00ednea costera de Escuinapa, se siente en Teacapan con vientos sostenidos de 195 km\/h y rachas de 240 km\/h. <a href=\"https:\/\/t.co\/xplGLkaVN3\">pic.twitter.com\/xplGLkaVN3<\/a><\/p>\n<p>&mdash; R\u00edodoce (@Riodoce_mx) <a href=\"https:\/\/twitter.com\/Riodoce_mx\/status\/1054895431300382727?ref_src=twsrc%5Etfw\">October 24, 2018<\/a><\/p><\/blockquote>\n<p><script async src=\"https:\/\/platform.twitter.com\/widgets.js\" charset=\"utf-8\"><\/script><\/p>\n<p>Las autoridades del estado de Jalisco desalojaron a 2.500 personas y las trasladaron a 23 refugios temporales, con especial \u00e9nfasis en Puerto Vallarta, el principal centro tur\u00edstico del occidente mexicano.<\/p>\n<p>El Gobierno extendi\u00f3 la situaci\u00f3n de emergencia a los estados de Colima y de Michoac\u00e1n ante los remanentes de Vicente, que a su paso por el litoral sure\u00f1o del Pac\u00edfico dej\u00f3 una docena de muertos en el estado de Oaxaca.<\/p>\n<p>Vicente toc\u00f3 tierra en el estado de Michoac\u00e1n hacia las 09.00 horas (14.00 GMT) donde se ha degradado a depresi\u00f3n tropical y mantiene un avance al nor-noroeste con vientos de 45 kil\u00f3metros por hora y rachas de 65 kil\u00f3metros.<\/p>\n<p>Estos ciclones provocaron lluvias intensas en los estados mexicanos que tienen costas en el Pac\u00edfico Mexicano, desde Chiapas, a Oaxaca, Guerrero, Michoac\u00e1n, Colima y Jalisco y sus bandas nubosas se hicieron sentir en el centro del territorio mexicano.<\/p>\n<p>Una fuerza de casi 45 mil hombres, entre soldados, marinos, m\u00e9dicos y enfermeras, se mantiene en fase de alerta en los estados del oeste y noroeste del pa\u00eds, para desplegarse en un operativo destinado a volver la regi\u00f3n a la normalidad en el menor tiempo posible.<\/p>\n<p><strong>EMBISTE A LAS ISLAS MAR\u00cdAS<\/strong><\/p>\n<p>El hurac\u00e1n \u201cWilla\u201d embisti\u00f3 este martes las Islas Mar\u00edas, donde se encuentra una colonia penal, y se dirig\u00eda a una franja de la costa mexicana del Pac\u00edfico centros tur\u00edsticos, playas de surf y pueblos pesqueros con vientos amenazantes de 205 kil\u00f3metros por hora.<\/p>\n<p>\u201cWilla\u201d alcanz\u00f3 brevemente la categor\u00eda 5 el lunes y se debilit\u00f3 a categor\u00eda 3. Pero el Centro Nacional de Huracanes en Miami advirti\u00f3 que la tormenta probablemente ocasionar\u00e1 peligrosas marejadas cicl\u00f3nicas, vientos y lluvias en partes del occidente de M\u00e9xico.<\/p>\n<blockquote>\n<p>La tormenta ya azot\u00f3 las Islas Mar\u00edas, a unos 100 kil\u00f3metros de la costa. Para la tarde se esperaba su embestida al sur de Mazatl\u00e1n, un centro tur\u00edstico de 500 mil habitantes, entre ellos muchos estadounidenses y canadienses.<\/p>\n<\/blockquote>\n<p>Ante la proximidad de \u201cWilla\u201d, la playa de Mazatl\u00e1n pr\u00e1cticamente desapareci\u00f3 y las olas empezaron a estrellarse contra la avenida costera bajo un cielo cubierto por nubarrones negros.<\/p>\n<div id=\"attachment_3488262\" class=\"wp-caption alignnone\"><img loading=\"lazy\" decoding=\"async\" class=\"size-full wp-image-3488262\" src=\"http:\/\/www.sinembargo.mx\/wp-content\/uploads\/2018\/10\/willa2.jpg\" sizes=\"auto, (max-width: 700px) 100vw, 700px\" srcset=\"http:\/\/www.sinembargo.mx\/wp-content\/uploads\/2018\/10\/willa2.jpg 700w, http:\/\/www.sinembargo.mx\/wp-content\/uploads\/2018\/10\/willa2-300x200.jpg 300w\" alt=\"\" width=\"700\" height=\"467\" \/><\/p>\n<p class=\"wp-caption-text\">Los meteor\u00f3logos dijeron que \u201cWilla\u201d tocar\u00eda tierra en un punto del tramo de 220 kil\u00f3metros entre Mazatl\u00e1n y San Blas. Foto: AP<\/p>\n<\/div>\n<p>Algunos surfistas aprovecharon el oleaje al tiempo que trabajadores cubr\u00edan con tablas las ventanas de hoteles, comercios y viviendas.<\/p>\n<p>Cerraron las escuelas, y las calles estaban casi desiertas.<\/p>\n<p>El Gobierno Federal emiti\u00f3 un decreto de \u201cemergencia extraordinaria\u201d para 19 municipios en los estados de Nayarit y Sinaloa.<\/p>\n<p>Entre 7 mil\u00a0 y 8 mil personas fueron evacuadas de zonas bajas, principalmente en Sinaloa, donde hay peque\u00f1os pueblos rurales entre el mar y las lagunas.<\/p>\n<p>De inmediato no hubo noticias de las Islas Mar\u00edas, un archipi\u00e9lago que incluye una reserva natural y una prisi\u00f3n federal.<\/p>\n<p>Los meteor\u00f3logos dijeron que \u201cWilla\u201d tocar\u00eda tierra en un punto del tramo de 220 kil\u00f3metros entre Mazatl\u00e1n y San Blas.<\/p>\n<p>Enrique Moreno, alcalde de Escuinapa, un municipio de 60 mil habitantes en el camino de \u201cWilla\u201d, dijo que se intentaba evacuar a todos de Teacapan, una aldea costera. Calcul\u00f3 que eran unas 3 mil personas, de las cuales algunas tratar\u00edan de quedarse.<\/p>\n<p>El martes por la ma\u00f1ana, el v\u00f3rtice de \u201cWilla\u201d se encontraba 55 km al suroeste de las Islas Mar\u00edas y 205 km al suroeste de Mazatl\u00e1n. Se desplazaba a 7 km\/h (5 mph).<\/p>\n<p>Los vientos huracanados se extend\u00edan a 55 kil\u00f3metros del v\u00f3rtice y con fuerza de tormenta tropical hasta 205 km.<\/p>\n<p>El centro de huracanes advirti\u00f3 que podr\u00edan caer 15 a 30 cent\u00edmetros de lluvia en partes de Jalisco, Nayarit y Sinaloa, con la posibilidad de inundaciones repentinas y aludes en zonas monta\u00f1osas.<\/p>\n<p>Hacia el sur, los restos de la tormenta tropical Vicente segu\u00edan provocando lluvias intensas e inundaciones. Las autoridades en el estado de Oaxaca dijeron que siete adultos y cinco ni\u00f1os murieron ahogados o enterrados por aludes.<\/p>\n<div id=\"attachment_3488260\" class=\"wp-caption alignnone\"><img loading=\"lazy\" decoding=\"async\" class=\"size-full wp-image-3488260\" src=\"http:\/\/www.sinembargo.mx\/wp-content\/uploads\/2018\/10\/willa1-2.jpg\" sizes=\"auto, (max-width: 700px) 100vw, 700px\" srcset=\"http:\/\/www.sinembargo.mx\/wp-content\/uploads\/2018\/10\/willa1-2.jpg 700w, http:\/\/www.sinembargo.mx\/wp-content\/uploads\/2018\/10\/willa1-2-300x200.jpg 300w\" alt=\"\" width=\"700\" height=\"466\" \/><\/p>\n<p class=\"wp-caption-text\">En Mazatl\u00e1n se dejar\u00e1 de ofrecer el servicio de transporte p\u00fablico a las 15:00 horas de hoy. Foto: Noroeste<\/p>\n<\/div>\n<p><strong>SUSPENDER\u00c1N TRANSPORTE EN MAZATL\u00c1N<\/strong><\/p>\n<p>La Alianza de Camiones de Mazatl\u00e1n confirm\u00f3 que dejar\u00e1 de ofrecer el servicio de transporte p\u00fablico a las 15:00 horas de hoy.<\/p>\n<p>Rodolfo Osuna Osuna, dirigente de esta organizaci\u00f3n transportista, inform\u00f3 que se tom\u00f3 esta medida por las recomendaciones de Protecci\u00f3n Civil.<\/p>\n<p>\u201cPor seguridad, todas nuestras rutas dejar\u00e1n de trabajar, Protecci\u00f3n Civil nos dice que por seguridad\u201d, dijo.<\/p>\n<p>Manifest\u00f3 que el servicio de transporte p\u00fablico se reanudar\u00e1 hasta ma\u00f1ana, cuando se hayan disipado los efectos del Hurac\u00e1n \u201cWilla\u201d.<\/p>\n<p><strong>OFRECEN TRASLADOS GRATIS A ALBERGUES<\/strong><\/p>\n<p>Para facilitar el traslado de familias vulnerables en Mazatl\u00e1n, el Sindicato de Eco Taxis Verdes pone a su disposici\u00f3n las unidades para llevarlas a los albergues que est\u00e1n disponibles.<\/p>\n<p>Jes\u00fas Liz\u00e1rraga L\u00f3pez, dirigente del sindicato, mencion\u00f3 que desde ayer est\u00e1n dispuestas las unidades para quien las necesite.<\/p>\n<p>\u201cEstamos preparados, tenemos todas nuestras unidades a la disposici\u00f3n de la ciudadan\u00eda, los llevamos al albergue m\u00e1s cercano sin costo\u201d, declar\u00f3.<\/p>\n<p>Por el rumor del costo de tarifas elevadas, se\u00f1al\u00f3 que esto es mentira, ya que las tarifas se est\u00e1n volviendo accesibles para todos los ciudadanos, y hasta el momento no han tenido reportes por cobros excesivos.<\/p>\n<p>A\u00f1adi\u00f3 que el servicio se suspender\u00e1 a partir de las 14:00 horas de este martes, pues todos los trabajadores se resguardar\u00e1n con sus familias a manera de prevenci\u00f3n.<\/p>\n<p>\u201cA partir de las 2 de la tarde suspenderemos actividad, se entiende que paremos porque es necesario ponernos al resguardo, cada uno debe estar con sus familias\u201d, agreg\u00f3.<\/p>\n<blockquote class=\"twitter-tweet\" data-width=\"550\" data-dnt=\"true\">\n<p lang=\"es\" dir=\"ltr\"><a href=\"https:\/\/twitter.com\/hashtag\/Willa?src=hash&amp;ref_src=twsrc%5Etfw\">#Willa<\/a> toc\u00f3 tierra en Isla del Bosque y Escuinapa, <a href=\"https:\/\/twitter.com\/hashtag\/Sinaloa?src=hash&amp;ref_src=twsrc%5Etfw\">#Sinaloa<\/a><\/p>\n<p>Via <a href=\"https:\/\/twitter.com\/conagua_clima?ref_src=twsrc%5Etfw\">@conagua_clima<\/a>:<a href=\"https:\/\/t.co\/iGNefC81kH\">pic.twitter.com\/iGNefC81kH<\/a><\/p>\n<p>&mdash; Webcams de M\u00e9xico (@webcamsdemexico) <a href=\"https:\/\/twitter.com\/webcamsdemexico\/status\/1054935511494680576?ref_src=twsrc%5Etfw\">October 24, 2018<\/a><\/p><\/blockquote>\n<p><script async src=\"https:\/\/platform.twitter.com\/widgets.js\" charset=\"utf-8\"><\/script><\/p>\n<p>\u00a0<\/p>\n","protected":false},"excerpt":{"rendered":"<p>\u201cWilla\u201d toca tierra en Escuinapa, Sinaloa; extender\u00e1 su \u201cmuralla delantera\u201d sobre otros estados<br \/>\nPor Redacci\u00f3n QP<\/p>\n","protected":false},"author":2,"featured_media":7594,"comment_status":"open","ping_status":"open","sticky":false,"template":"","format":"standard","meta":{"_monsterinsights_skip_tracking":false,"_monsterinsights_sitenote_active":false,"_monsterinsights_sitenote_note":"","_monsterinsights_sitenote_category":0,"footnotes":""},"categories":[2],"tags":[],"class_list":["post-7595","post","type-post","status-publish","format-standard","has-post-thumbnail","hentry","category-noticias"],"yoast_head":"<!-- This site is optimized with the Yoast SEO plugin v27.3 - https:\/\/yoast.com\/product\/yoast-seo-wordpress\/ -->\n<title>\u201cWilla\u201d toca tierra en Escuinapa, Sinaloa; extender\u00e1 su \u201cmuralla delantera\u201d sobre otros estados -<\/title>\n<meta name=\"robots\" content=\"index, follow, max-snippet:-1, max-image-preview:large, max-video-preview:-1\" \/>\n<link rel=\"canonical\" href=\"https:\/\/quehacerpolitico.mx\/?p=7595\" \/>\n<meta property=\"og:locale\" content=\"es_MX\" \/>\n<meta property=\"og:type\" content=\"article\" \/>\n<meta property=\"og:title\" content=\"\u201cWilla\u201d toca tierra en Escuinapa, Sinaloa; extender\u00e1 su \u201cmuralla delantera\u201d sobre otros estados -\" \/>\n<meta property=\"og:description\" content=\"\u201cWilla\u201d toca tierra en Escuinapa, Sinaloa; extender\u00e1 su \u201cmuralla delantera\u201d sobre otros estados Por Redacci\u00f3n QP\" \/>\n<meta property=\"og:url\" content=\"https:\/\/quehacerpolitico.mx\/?p=7595\" \/>\n<meta property=\"article:published_time\" content=\"2018-10-24T03:39:18+00:00\" \/>\n<meta name=\"author\" content=\"Redacci\u00f3n QP\" \/>\n<meta name=\"twitter:card\" content=\"summary_large_image\" \/>\n<meta name=\"twitter:label1\" content=\"Escrito por\" \/>\n\t<meta name=\"twitter:data1\" content=\"Redacci\u00f3n QP\" \/>\n\t<meta name=\"twitter:label2\" content=\"Tiempo de lectura\" \/>\n\t<meta name=\"twitter:data2\" content=\"8 minutos\" \/>\n<script type=\"application\/ld+json\" class=\"yoast-schema-graph\">{\"@context\":\"https:\\\/\\\/schema.org\",\"@graph\":[{\"@type\":\"Article\",\"@id\":\"https:\\\/\\\/quehacerpolitico.mx\\\/?p=7595#article\",\"isPartOf\":{\"@id\":\"https:\\\/\\\/quehacerpolitico.mx\\\/?p=7595\"},\"author\":{\"name\":\"Redacci\u00f3n QP\",\"@id\":\"https:\\\/\\\/quehacerpolitico.mx\\\/#\\\/schema\\\/person\\\/496d8ad2d1d3f8036101dca7ee39e585\"},\"headline\":\"\u201cWilla\u201d toca tierra en Escuinapa, Sinaloa; extender\u00e1 su \u201cmuralla delantera\u201d sobre otros estados\",\"datePublished\":\"2018-10-24T03:39:18+00:00\",\"mainEntityOfPage\":{\"@id\":\"https:\\\/\\\/quehacerpolitico.mx\\\/?p=7595\"},\"wordCount\":1545,\"commentCount\":0,\"image\":{\"@id\":\"https:\\\/\\\/quehacerpolitico.mx\\\/?p=7595#primaryimage\"},\"thumbnailUrl\":\"\",\"articleSection\":[\"Noticias\"],\"inLanguage\":\"es\",\"potentialAction\":[{\"@type\":\"CommentAction\",\"name\":\"Comment\",\"target\":[\"https:\\\/\\\/quehacerpolitico.mx\\\/?p=7595#respond\"]}]},{\"@type\":\"WebPage\",\"@id\":\"https:\\\/\\\/quehacerpolitico.mx\\\/?p=7595\",\"url\":\"https:\\\/\\\/quehacerpolitico.mx\\\/?p=7595\",\"name\":\"\u201cWilla\u201d toca tierra en Escuinapa, Sinaloa; extender\u00e1 su \u201cmuralla delantera\u201d sobre otros estados -\",\"isPartOf\":{\"@id\":\"https:\\\/\\\/quehacerpolitico.mx\\\/#website\"},\"primaryImageOfPage\":{\"@id\":\"https:\\\/\\\/quehacerpolitico.mx\\\/?p=7595#primaryimage\"},\"image\":{\"@id\":\"https:\\\/\\\/quehacerpolitico.mx\\\/?p=7595#primaryimage\"},\"thumbnailUrl\":\"\",\"datePublished\":\"2018-10-24T03:39:18+00:00\",\"author\":{\"@id\":\"https:\\\/\\\/quehacerpolitico.mx\\\/#\\\/schema\\\/person\\\/496d8ad2d1d3f8036101dca7ee39e585\"},\"breadcrumb\":{\"@id\":\"https:\\\/\\\/quehacerpolitico.mx\\\/?p=7595#breadcrumb\"},\"inLanguage\":\"es\",\"potentialAction\":[{\"@type\":\"ReadAction\",\"target\":[\"https:\\\/\\\/quehacerpolitico.mx\\\/?p=7595\"]}]},{\"@type\":\"ImageObject\",\"inLanguage\":\"es\",\"@id\":\"https:\\\/\\\/quehacerpolitico.mx\\\/?p=7595#primaryimage\",\"url\":\"\",\"contentUrl\":\"\"},{\"@type\":\"BreadcrumbList\",\"@id\":\"https:\\\/\\\/quehacerpolitico.mx\\\/?p=7595#breadcrumb\",\"itemListElement\":[{\"@type\":\"ListItem\",\"position\":1,\"name\":\"Inicio\",\"item\":\"https:\\\/\\\/quehacerpolitico.mx\\\/\"},{\"@type\":\"ListItem\",\"position\":2,\"name\":\"\u201cWilla\u201d toca tierra en Escuinapa, Sinaloa; extender\u00e1 su \u201cmuralla delantera\u201d sobre otros estados\"}]},{\"@type\":\"WebSite\",\"@id\":\"https:\\\/\\\/quehacerpolitico.mx\\\/#website\",\"url\":\"https:\\\/\\\/quehacerpolitico.mx\\\/\",\"name\":\"\",\"description\":\"\",\"potentialAction\":[{\"@type\":\"SearchAction\",\"target\":{\"@type\":\"EntryPoint\",\"urlTemplate\":\"https:\\\/\\\/quehacerpolitico.mx\\\/?s={search_term_string}\"},\"query-input\":{\"@type\":\"PropertyValueSpecification\",\"valueRequired\":true,\"valueName\":\"search_term_string\"}}],\"inLanguage\":\"es\"},{\"@type\":\"Person\",\"@id\":\"https:\\\/\\\/quehacerpolitico.mx\\\/#\\\/schema\\\/person\\\/496d8ad2d1d3f8036101dca7ee39e585\",\"name\":\"Redacci\u00f3n QP\",\"image\":{\"@type\":\"ImageObject\",\"inLanguage\":\"es\",\"@id\":\"https:\\\/\\\/secure.gravatar.com\\\/avatar\\\/c7164ed6fdec453195284ad24a5ae5b6e1eed2b848477fa2a4787ba9adf39a41?s=96&d=mm&r=g\",\"url\":\"https:\\\/\\\/secure.gravatar.com\\\/avatar\\\/c7164ed6fdec453195284ad24a5ae5b6e1eed2b848477fa2a4787ba9adf39a41?s=96&d=mm&r=g\",\"contentUrl\":\"https:\\\/\\\/secure.gravatar.com\\\/avatar\\\/c7164ed6fdec453195284ad24a5ae5b6e1eed2b848477fa2a4787ba9adf39a41?s=96&d=mm&r=g\",\"caption\":\"Redacci\u00f3n QP\"},\"url\":\"https:\\\/\\\/quehacerpolitico.mx\\\/?author=2\"}]}<\/script>\n<!-- \/ Yoast SEO plugin. -->","yoast_head_json":{"title":"\u201cWilla\u201d toca tierra en Escuinapa, Sinaloa; extender\u00e1 su \u201cmuralla delantera\u201d sobre otros estados -","robots":{"index":"index","follow":"follow","max-snippet":"max-snippet:-1","max-image-preview":"max-image-preview:large","max-video-preview":"max-video-preview:-1"},"canonical":"https:\/\/quehacerpolitico.mx\/?p=7595","og_locale":"es_MX","og_type":"article","og_title":"\u201cWilla\u201d toca tierra en Escuinapa, Sinaloa; extender\u00e1 su \u201cmuralla delantera\u201d sobre otros estados -","og_description":"\u201cWilla\u201d toca tierra en Escuinapa, Sinaloa; extender\u00e1 su \u201cmuralla delantera\u201d sobre otros estados Por Redacci\u00f3n QP","og_url":"https:\/\/quehacerpolitico.mx\/?p=7595","article_published_time":"2018-10-24T03:39:18+00:00","author":"Redacci\u00f3n QP","twitter_card":"summary_large_image","twitter_misc":{"Escrito por":"Redacci\u00f3n QP","Tiempo de lectura":"8 minutos"},"schema":{"@context":"https:\/\/schema.org","@graph":[{"@type":"Article","@id":"https:\/\/quehacerpolitico.mx\/?p=7595#article","isPartOf":{"@id":"https:\/\/quehacerpolitico.mx\/?p=7595"},"author":{"name":"Redacci\u00f3n QP","@id":"https:\/\/quehacerpolitico.mx\/#\/schema\/person\/496d8ad2d1d3f8036101dca7ee39e585"},"headline":"\u201cWilla\u201d toca tierra en Escuinapa, Sinaloa; extender\u00e1 su \u201cmuralla delantera\u201d sobre otros estados","datePublished":"2018-10-24T03:39:18+00:00","mainEntityOfPage":{"@id":"https:\/\/quehacerpolitico.mx\/?p=7595"},"wordCount":1545,"commentCount":0,"image":{"@id":"https:\/\/quehacerpolitico.mx\/?p=7595#primaryimage"},"thumbnailUrl":"","articleSection":["Noticias"],"inLanguage":"es","potentialAction":[{"@type":"CommentAction","name":"Comment","target":["https:\/\/quehacerpolitico.mx\/?p=7595#respond"]}]},{"@type":"WebPage","@id":"https:\/\/quehacerpolitico.mx\/?p=7595","url":"https:\/\/quehacerpolitico.mx\/?p=7595","name":"\u201cWilla\u201d toca tierra en Escuinapa, Sinaloa; extender\u00e1 su \u201cmuralla delantera\u201d sobre otros estados -","isPartOf":{"@id":"https:\/\/quehacerpolitico.mx\/#website"},"primaryImageOfPage":{"@id":"https:\/\/quehacerpolitico.mx\/?p=7595#primaryimage"},"image":{"@id":"https:\/\/quehacerpolitico.mx\/?p=7595#primaryimage"},"thumbnailUrl":"","datePublished":"2018-10-24T03:39:18+00:00","author":{"@id":"https:\/\/quehacerpolitico.mx\/#\/schema\/person\/496d8ad2d1d3f8036101dca7ee39e585"},"breadcrumb":{"@id":"https:\/\/quehacerpolitico.mx\/?p=7595#breadcrumb"},"inLanguage":"es","potentialAction":[{"@type":"ReadAction","target":["https:\/\/quehacerpolitico.mx\/?p=7595"]}]},{"@type":"ImageObject","inLanguage":"es","@id":"https:\/\/quehacerpolitico.mx\/?p=7595#primaryimage","url":"","contentUrl":""},{"@type":"BreadcrumbList","@id":"https:\/\/quehacerpolitico.mx\/?p=7595#breadcrumb","itemListElement":[{"@type":"ListItem","position":1,"name":"Inicio","item":"https:\/\/quehacerpolitico.mx\/"},{"@type":"ListItem","position":2,"name":"\u201cWilla\u201d toca tierra en Escuinapa, Sinaloa; extender\u00e1 su \u201cmuralla delantera\u201d sobre otros estados"}]},{"@type":"WebSite","@id":"https:\/\/quehacerpolitico.mx\/#website","url":"https:\/\/quehacerpolitico.mx\/","name":"","description":"","potentialAction":[{"@type":"SearchAction","target":{"@type":"EntryPoint","urlTemplate":"https:\/\/quehacerpolitico.mx\/?s={search_term_string}"},"query-input":{"@type":"PropertyValueSpecification","valueRequired":true,"valueName":"search_term_string"}}],"inLanguage":"es"},{"@type":"Person","@id":"https:\/\/quehacerpolitico.mx\/#\/schema\/person\/496d8ad2d1d3f8036101dca7ee39e585","name":"Redacci\u00f3n QP","image":{"@type":"ImageObject","inLanguage":"es","@id":"https:\/\/secure.gravatar.com\/avatar\/c7164ed6fdec453195284ad24a5ae5b6e1eed2b848477fa2a4787ba9adf39a41?s=96&d=mm&r=g","url":"https:\/\/secure.gravatar.com\/avatar\/c7164ed6fdec453195284ad24a5ae5b6e1eed2b848477fa2a4787ba9adf39a41?s=96&d=mm&r=g","contentUrl":"https:\/\/secure.gravatar.com\/avatar\/c7164ed6fdec453195284ad24a5ae5b6e1eed2b848477fa2a4787ba9adf39a41?s=96&d=mm&r=g","caption":"Redacci\u00f3n QP"},"url":"https:\/\/quehacerpolitico.mx\/?author=2"}]}},"featured_image_urls":{"full":"","thumbnail":"","medium":"","medium_large":"","large":"","1536x1536":"","2048x2048":"","covernews-featured":"","covernews-medium":""},"author_info":{"display_name":"Redacci\u00f3n QP","author_link":"https:\/\/quehacerpolitico.mx\/?author=2"},"category_info":"<a href=\"https:\/\/quehacerpolitico.mx\/?cat=2\" rel=\"category\">Noticias<\/a>","tag_info":"Noticias","comment_count":"0","_links":{"self":[{"href":"https:\/\/quehacerpolitico.mx\/index.php?rest_route=\/wp\/v2\/posts\/7595","targetHints":{"allow":["GET"]}}],"collection":[{"href":"https:\/\/quehacerpolitico.mx\/index.php?rest_route=\/wp\/v2\/posts"}],"about":[{"href":"https:\/\/quehacerpolitico.mx\/index.php?rest_route=\/wp\/v2\/types\/post"}],"author":[{"embeddable":true,"href":"https:\/\/quehacerpolitico.mx\/index.php?rest_route=\/wp\/v2\/users\/2"}],"replies":[{"embeddable":true,"href":"https:\/\/quehacerpolitico.mx\/index.php?rest_route=%2Fwp%2Fv2%2Fcomments&post=7595"}],"version-history":[{"count":0,"href":"https:\/\/quehacerpolitico.mx\/index.php?rest_route=\/wp\/v2\/posts\/7595\/revisions"}],"wp:featuredmedia":[{"embeddable":true,"href":"https:\/\/quehacerpolitico.mx\/index.php?rest_route=\/"}],"wp:attachment":[{"href":"https:\/\/quehacerpolitico.mx\/index.php?rest_route=%2Fwp%2Fv2%2Fmedia&parent=7595"}],"wp:term":[{"taxonomy":"category","embeddable":true,"href":"https:\/\/quehacerpolitico.mx\/index.php?rest_route=%2Fwp%2Fv2%2Fcategories&post=7595"},{"taxonomy":"post_tag","embeddable":true,"href":"https:\/\/quehacerpolitico.mx\/index.php?rest_route=%2Fwp%2Fv2%2Ftags&post=7595"}],"curies":[{"name":"wp","href":"https:\/\/api.w.org\/{rel}","templated":true}]}}