{"id":7591,"date":"2018-10-24T03:21:00","date_gmt":"2018-10-24T03:21:00","guid":{"rendered":"http:\/\/quehacerpolitico.mx\/edomex-jesus-n-habria-violado-a-su-nieta-de-8-anos-antes-de-abusar-y-matar-a-valeria-de-12\/"},"modified":"2018-10-24T03:21:00","modified_gmt":"2018-10-24T03:21:00","slug":"edomex-jesus-n-habria-violado-a-su-nieta-de-8-anos-antes-de-abusar-y-matar-a-valeria-de-12","status":"publish","type":"post","link":"https:\/\/quehacerpolitico.mx\/?p=7591","title":{"rendered":"Edomex: Jes\u00fas \u2018\u2018N\u2019\u2019 habr\u00eda violado a su nieta, de 8 a\u00f1os, antes de abusar y matar a Valeria, de 12"},"content":{"rendered":"<h1>Edomex: Jes\u00fas \u2018\u2018N\u2019\u2019 habr\u00eda violado a su nieta, de 8 a\u00f1os, antes de abusar y matar a Valeria, de 12<\/h1>\n<p>Por Redacci\u00f3n QP<\/p>\n<p>Polic\u00edas de Investigaci\u00f3n de la <strong>Fiscal\u00eda General de Justicia del Estado de M\u00e9xico (FGJEM)<\/strong> cumplimentaron hoy una orden de aprehensi\u00f3n, en reclusi\u00f3n, por <strong>el delito de violaci\u00f3n equiparada en contra de Jes\u00fas \u201cN\u201d<\/strong>, de 50 a\u00f1os de edad, quien habr\u00eda agredido sexualmente de su nieta, de 8 a\u00f1os de edad.<\/p>\n<p>El sujeto fue aprehendido el pasado 18 de octubre por el feminicidio de una menor de 12 a\u00f1os de edad, Valeria, por lo que desde esa fecha se encuentra interno en el Centro Penitenciario y de Reinserci\u00f3n Social de Cuautitl\u00e1n M\u00e9xico, en donde qued\u00f3 a disposici\u00f3n de la Autoridad Judicial, quien determinar\u00e1 su situaci\u00f3n legal en pr\u00f3ximos d\u00edas por este delito.<\/p>\n<blockquote>\n<p>\u201cEl primer il\u00edcito habr\u00eda ocurrido el pasado 13 de octubre, en el interior de un inmueble ubicado en el Barrio San Juan Xocotla, en el municipio de Tultepec, sitio al que arrib\u00f3 el sujeto y habr\u00eda aprovechado que su nieta se encontraba sola, puesto que los padres de \u00e9sta hab\u00edan salido; la condujo a una de las habitaciones de la vivienda, en donde la habr\u00eda agredido sexualmente\u201d, inform\u00f3 la Fiscal\u00eda.<\/p>\n<p>\u201cEste individuo se encuentra preso en el Penal de Cuautitl\u00e1n, y ser\u00e1 un Juez quien determine su situaci\u00f3n legal, sin embargo se le debe considerar inocente hasta que sea dictada una sentencia condenatoria en su contra\u2019\u2019, a\u00f1adi\u00f3.<\/p>\n<p>Jes\u00fas \u2018\u2018N\u2019\u2019 tiene antecedentes penales ya que estuvo recluido en un Centro Penitenciario y de Reinserci\u00f3n Social estatal por el delito de violaci\u00f3n.<\/p>\n<blockquote>\n<p>Fue el pasado 14 de octubre cuando <strong>Valeria sali\u00f3 a comprar un refresco<\/strong> a la tienda y desapareci\u00f3 en la colonia El Mirador, en <strong>Melchor Ocampo, Estado de M\u00e9xico<\/strong>. Su cuerpo fue hallado despu\u00e9s, en un predio bald\u00edo.<\/p>\n<\/blockquote>\n<p>Autoridades confirmaron que Jes\u00fas ya hab\u00eda hecho un tour en c\u00e1rceles mexicanas. Estuvo recluido en los penales de Barrientos, en Tlalnepantla, y Chiconautla, Ecatepec, por los delitos de homicidio y violaci\u00f3n.<\/p>\n<blockquote>\n<p>Agentes del Estado de M\u00e9xico ya cuentan con\u00a0pruebas suficientes que establecen la probable responsabilidad del hombre en el delito de feminicidio. Entre la evidencia se encuentran testimonios de personas que lo vieron jaloneando a la menor.<\/p>\n<\/blockquote>\n<p>El Ministerio P\u00fablico tambi\u00e9n tiene la entrevista efectuada a dos hijos de Jes\u00fas \u201cN\u201d, quienes mencionaron que el hombre les pidi\u00f3 ayuda llorando, pues \u201cse meti\u00f3 en problemas\u201d al asesinar a la ni\u00f1a Valeria.<\/p>\n<p>Jes\u00fas \u201cN\u201d pidi\u00f3 a la juez que le practiquen an\u00e1lisis qu\u00edmicos de semen, para comprobar que no abus\u00f3 de la ni\u00f1a Valeria.<\/p>\n<p>El hombre se abstuvo de declarar sobre los hechos que se le imputan y pidi\u00f3 ampliar a 144 horas el plazo para que la jueza determine si lo vincula a proceso.<\/p>\n<p>En la audiencia estuvieron los padres de Valeria, asistidos por un asesor jur\u00eddico de la Comisi\u00f3n Ejecutiva de Atenci\u00f3n a V\u00edctimas del gobierno estatal.<\/p>\n<p><em>Con informaci\u00f3n de A Fondo Edomex.\u00a0<\/em><\/p>\n<\/blockquote>\n","protected":false},"excerpt":{"rendered":"<p>Edomex: Jes\u00fas \u2018\u2018N\u2019\u2019 habr\u00eda violado a su nieta, de 8 a\u00f1os, antes de abusar y matar a Valeria, de 12<br \/>\nPor Redacci\u00f3n QP<\/p>\n","protected":false},"author":2,"featured_media":7590,"comment_status":"open","ping_status":"open","sticky":false,"template":"","format":"standard","meta":{"_monsterinsights_skip_tracking":false,"_monsterinsights_sitenote_active":false,"_monsterinsights_sitenote_note":"","_monsterinsights_sitenote_category":0,"footnotes":""},"categories":[2],"tags":[],"class_list":["post-7591","post","type-post","status-publish","format-standard","has-post-thumbnail","hentry","category-noticias"],"yoast_head":"<!-- This site is optimized with the Yoast SEO plugin v27.3 - https:\/\/yoast.com\/product\/yoast-seo-wordpress\/ -->\n<title>Edomex: Jes\u00fas \u2018\u2018N\u2019\u2019 habr\u00eda violado a su nieta, de 8 a\u00f1os, antes de abusar y matar a Valeria, de 12 -<\/title>\n<meta name=\"robots\" content=\"index, follow, max-snippet:-1, max-image-preview:large, max-video-preview:-1\" \/>\n<link rel=\"canonical\" href=\"https:\/\/quehacerpolitico.mx\/?p=7591\" \/>\n<meta property=\"og:locale\" content=\"es_MX\" \/>\n<meta property=\"og:type\" content=\"article\" \/>\n<meta property=\"og:title\" content=\"Edomex: Jes\u00fas \u2018\u2018N\u2019\u2019 habr\u00eda violado a su nieta, de 8 a\u00f1os, antes de abusar y matar a Valeria, de 12 -\" \/>\n<meta property=\"og:description\" content=\"Edomex: Jes\u00fas \u2018\u2018N\u2019\u2019 habr\u00eda violado a su nieta, de 8 a\u00f1os, antes de abusar y matar a Valeria, de 12 Por Redacci\u00f3n QP\" \/>\n<meta property=\"og:url\" content=\"https:\/\/quehacerpolitico.mx\/?p=7591\" \/>\n<meta property=\"article:published_time\" content=\"2018-10-24T03:21:00+00:00\" \/>\n<meta name=\"author\" content=\"Redacci\u00f3n QP\" \/>\n<meta name=\"twitter:card\" content=\"summary_large_image\" \/>\n<meta name=\"twitter:label1\" content=\"Escrito por\" \/>\n\t<meta name=\"twitter:data1\" content=\"Redacci\u00f3n QP\" \/>\n\t<meta name=\"twitter:label2\" content=\"Tiempo de lectura\" \/>\n\t<meta name=\"twitter:data2\" content=\"3 minutos\" \/>\n<script type=\"application\/ld+json\" class=\"yoast-schema-graph\">{\"@context\":\"https:\\\/\\\/schema.org\",\"@graph\":[{\"@type\":\"Article\",\"@id\":\"https:\\\/\\\/quehacerpolitico.mx\\\/?p=7591#article\",\"isPartOf\":{\"@id\":\"https:\\\/\\\/quehacerpolitico.mx\\\/?p=7591\"},\"author\":{\"name\":\"Redacci\u00f3n QP\",\"@id\":\"https:\\\/\\\/quehacerpolitico.mx\\\/#\\\/schema\\\/person\\\/496d8ad2d1d3f8036101dca7ee39e585\"},\"headline\":\"Edomex: Jes\u00fas \u2018\u2018N\u2019\u2019 habr\u00eda violado a su nieta, de 8 a\u00f1os, antes de abusar y matar a Valeria, de 12\",\"datePublished\":\"2018-10-24T03:21:00+00:00\",\"mainEntityOfPage\":{\"@id\":\"https:\\\/\\\/quehacerpolitico.mx\\\/?p=7591\"},\"wordCount\":555,\"commentCount\":0,\"image\":{\"@id\":\"https:\\\/\\\/quehacerpolitico.mx\\\/?p=7591#primaryimage\"},\"thumbnailUrl\":\"\",\"articleSection\":[\"Noticias\"],\"inLanguage\":\"es\",\"potentialAction\":[{\"@type\":\"CommentAction\",\"name\":\"Comment\",\"target\":[\"https:\\\/\\\/quehacerpolitico.mx\\\/?p=7591#respond\"]}]},{\"@type\":\"WebPage\",\"@id\":\"https:\\\/\\\/quehacerpolitico.mx\\\/?p=7591\",\"url\":\"https:\\\/\\\/quehacerpolitico.mx\\\/?p=7591\",\"name\":\"Edomex: Jes\u00fas \u2018\u2018N\u2019\u2019 habr\u00eda violado a su nieta, de 8 a\u00f1os, antes de abusar y matar a Valeria, de 12 -\",\"isPartOf\":{\"@id\":\"https:\\\/\\\/quehacerpolitico.mx\\\/#website\"},\"primaryImageOfPage\":{\"@id\":\"https:\\\/\\\/quehacerpolitico.mx\\\/?p=7591#primaryimage\"},\"image\":{\"@id\":\"https:\\\/\\\/quehacerpolitico.mx\\\/?p=7591#primaryimage\"},\"thumbnailUrl\":\"\",\"datePublished\":\"2018-10-24T03:21:00+00:00\",\"author\":{\"@id\":\"https:\\\/\\\/quehacerpolitico.mx\\\/#\\\/schema\\\/person\\\/496d8ad2d1d3f8036101dca7ee39e585\"},\"breadcrumb\":{\"@id\":\"https:\\\/\\\/quehacerpolitico.mx\\\/?p=7591#breadcrumb\"},\"inLanguage\":\"es\",\"potentialAction\":[{\"@type\":\"ReadAction\",\"target\":[\"https:\\\/\\\/quehacerpolitico.mx\\\/?p=7591\"]}]},{\"@type\":\"ImageObject\",\"inLanguage\":\"es\",\"@id\":\"https:\\\/\\\/quehacerpolitico.mx\\\/?p=7591#primaryimage\",\"url\":\"\",\"contentUrl\":\"\"},{\"@type\":\"BreadcrumbList\",\"@id\":\"https:\\\/\\\/quehacerpolitico.mx\\\/?p=7591#breadcrumb\",\"itemListElement\":[{\"@type\":\"ListItem\",\"position\":1,\"name\":\"Inicio\",\"item\":\"https:\\\/\\\/quehacerpolitico.mx\\\/\"},{\"@type\":\"ListItem\",\"position\":2,\"name\":\"Edomex: Jes\u00fas \u2018\u2018N\u2019\u2019 habr\u00eda violado a su nieta, de 8 a\u00f1os, antes de abusar y matar a Valeria, de 12\"}]},{\"@type\":\"WebSite\",\"@id\":\"https:\\\/\\\/quehacerpolitico.mx\\\/#website\",\"url\":\"https:\\\/\\\/quehacerpolitico.mx\\\/\",\"name\":\"\",\"description\":\"\",\"potentialAction\":[{\"@type\":\"SearchAction\",\"target\":{\"@type\":\"EntryPoint\",\"urlTemplate\":\"https:\\\/\\\/quehacerpolitico.mx\\\/?s={search_term_string}\"},\"query-input\":{\"@type\":\"PropertyValueSpecification\",\"valueRequired\":true,\"valueName\":\"search_term_string\"}}],\"inLanguage\":\"es\"},{\"@type\":\"Person\",\"@id\":\"https:\\\/\\\/quehacerpolitico.mx\\\/#\\\/schema\\\/person\\\/496d8ad2d1d3f8036101dca7ee39e585\",\"name\":\"Redacci\u00f3n QP\",\"image\":{\"@type\":\"ImageObject\",\"inLanguage\":\"es\",\"@id\":\"https:\\\/\\\/secure.gravatar.com\\\/avatar\\\/c7164ed6fdec453195284ad24a5ae5b6e1eed2b848477fa2a4787ba9adf39a41?s=96&d=mm&r=g\",\"url\":\"https:\\\/\\\/secure.gravatar.com\\\/avatar\\\/c7164ed6fdec453195284ad24a5ae5b6e1eed2b848477fa2a4787ba9adf39a41?s=96&d=mm&r=g\",\"contentUrl\":\"https:\\\/\\\/secure.gravatar.com\\\/avatar\\\/c7164ed6fdec453195284ad24a5ae5b6e1eed2b848477fa2a4787ba9adf39a41?s=96&d=mm&r=g\",\"caption\":\"Redacci\u00f3n QP\"},\"url\":\"https:\\\/\\\/quehacerpolitico.mx\\\/?author=2\"}]}<\/script>\n<!-- \/ Yoast SEO plugin. -->","yoast_head_json":{"title":"Edomex: Jes\u00fas \u2018\u2018N\u2019\u2019 habr\u00eda violado a su nieta, de 8 a\u00f1os, antes de abusar y matar a Valeria, de 12 -","robots":{"index":"index","follow":"follow","max-snippet":"max-snippet:-1","max-image-preview":"max-image-preview:large","max-video-preview":"max-video-preview:-1"},"canonical":"https:\/\/quehacerpolitico.mx\/?p=7591","og_locale":"es_MX","og_type":"article","og_title":"Edomex: Jes\u00fas \u2018\u2018N\u2019\u2019 habr\u00eda violado a su nieta, de 8 a\u00f1os, antes de abusar y matar a Valeria, de 12 -","og_description":"Edomex: Jes\u00fas \u2018\u2018N\u2019\u2019 habr\u00eda violado a su nieta, de 8 a\u00f1os, antes de abusar y matar a Valeria, de 12 Por Redacci\u00f3n QP","og_url":"https:\/\/quehacerpolitico.mx\/?p=7591","article_published_time":"2018-10-24T03:21:00+00:00","author":"Redacci\u00f3n QP","twitter_card":"summary_large_image","twitter_misc":{"Escrito por":"Redacci\u00f3n QP","Tiempo de lectura":"3 minutos"},"schema":{"@context":"https:\/\/schema.org","@graph":[{"@type":"Article","@id":"https:\/\/quehacerpolitico.mx\/?p=7591#article","isPartOf":{"@id":"https:\/\/quehacerpolitico.mx\/?p=7591"},"author":{"name":"Redacci\u00f3n QP","@id":"https:\/\/quehacerpolitico.mx\/#\/schema\/person\/496d8ad2d1d3f8036101dca7ee39e585"},"headline":"Edomex: Jes\u00fas \u2018\u2018N\u2019\u2019 habr\u00eda violado a su nieta, de 8 a\u00f1os, antes de abusar y matar a Valeria, de 12","datePublished":"2018-10-24T03:21:00+00:00","mainEntityOfPage":{"@id":"https:\/\/quehacerpolitico.mx\/?p=7591"},"wordCount":555,"commentCount":0,"image":{"@id":"https:\/\/quehacerpolitico.mx\/?p=7591#primaryimage"},"thumbnailUrl":"","articleSection":["Noticias"],"inLanguage":"es","potentialAction":[{"@type":"CommentAction","name":"Comment","target":["https:\/\/quehacerpolitico.mx\/?p=7591#respond"]}]},{"@type":"WebPage","@id":"https:\/\/quehacerpolitico.mx\/?p=7591","url":"https:\/\/quehacerpolitico.mx\/?p=7591","name":"Edomex: Jes\u00fas \u2018\u2018N\u2019\u2019 habr\u00eda violado a su nieta, de 8 a\u00f1os, antes de abusar y matar a Valeria, de 12 -","isPartOf":{"@id":"https:\/\/quehacerpolitico.mx\/#website"},"primaryImageOfPage":{"@id":"https:\/\/quehacerpolitico.mx\/?p=7591#primaryimage"},"image":{"@id":"https:\/\/quehacerpolitico.mx\/?p=7591#primaryimage"},"thumbnailUrl":"","datePublished":"2018-10-24T03:21:00+00:00","author":{"@id":"https:\/\/quehacerpolitico.mx\/#\/schema\/person\/496d8ad2d1d3f8036101dca7ee39e585"},"breadcrumb":{"@id":"https:\/\/quehacerpolitico.mx\/?p=7591#breadcrumb"},"inLanguage":"es","potentialAction":[{"@type":"ReadAction","target":["https:\/\/quehacerpolitico.mx\/?p=7591"]}]},{"@type":"ImageObject","inLanguage":"es","@id":"https:\/\/quehacerpolitico.mx\/?p=7591#primaryimage","url":"","contentUrl":""},{"@type":"BreadcrumbList","@id":"https:\/\/quehacerpolitico.mx\/?p=7591#breadcrumb","itemListElement":[{"@type":"ListItem","position":1,"name":"Inicio","item":"https:\/\/quehacerpolitico.mx\/"},{"@type":"ListItem","position":2,"name":"Edomex: Jes\u00fas \u2018\u2018N\u2019\u2019 habr\u00eda violado a su nieta, de 8 a\u00f1os, antes de abusar y matar a Valeria, de 12"}]},{"@type":"WebSite","@id":"https:\/\/quehacerpolitico.mx\/#website","url":"https:\/\/quehacerpolitico.mx\/","name":"","description":"","potentialAction":[{"@type":"SearchAction","target":{"@type":"EntryPoint","urlTemplate":"https:\/\/quehacerpolitico.mx\/?s={search_term_string}"},"query-input":{"@type":"PropertyValueSpecification","valueRequired":true,"valueName":"search_term_string"}}],"inLanguage":"es"},{"@type":"Person","@id":"https:\/\/quehacerpolitico.mx\/#\/schema\/person\/496d8ad2d1d3f8036101dca7ee39e585","name":"Redacci\u00f3n QP","image":{"@type":"ImageObject","inLanguage":"es","@id":"https:\/\/secure.gravatar.com\/avatar\/c7164ed6fdec453195284ad24a5ae5b6e1eed2b848477fa2a4787ba9adf39a41?s=96&d=mm&r=g","url":"https:\/\/secure.gravatar.com\/avatar\/c7164ed6fdec453195284ad24a5ae5b6e1eed2b848477fa2a4787ba9adf39a41?s=96&d=mm&r=g","contentUrl":"https:\/\/secure.gravatar.com\/avatar\/c7164ed6fdec453195284ad24a5ae5b6e1eed2b848477fa2a4787ba9adf39a41?s=96&d=mm&r=g","caption":"Redacci\u00f3n QP"},"url":"https:\/\/quehacerpolitico.mx\/?author=2"}]}},"featured_image_urls":{"full":"","thumbnail":"","medium":"","medium_large":"","large":"","1536x1536":"","2048x2048":"","covernews-featured":"","covernews-medium":""},"author_info":{"display_name":"Redacci\u00f3n QP","author_link":"https:\/\/quehacerpolitico.mx\/?author=2"},"category_info":"<a href=\"https:\/\/quehacerpolitico.mx\/?cat=2\" rel=\"category\">Noticias<\/a>","tag_info":"Noticias","comment_count":"0","_links":{"self":[{"href":"https:\/\/quehacerpolitico.mx\/index.php?rest_route=\/wp\/v2\/posts\/7591","targetHints":{"allow":["GET"]}}],"collection":[{"href":"https:\/\/quehacerpolitico.mx\/index.php?rest_route=\/wp\/v2\/posts"}],"about":[{"href":"https:\/\/quehacerpolitico.mx\/index.php?rest_route=\/wp\/v2\/types\/post"}],"author":[{"embeddable":true,"href":"https:\/\/quehacerpolitico.mx\/index.php?rest_route=\/wp\/v2\/users\/2"}],"replies":[{"embeddable":true,"href":"https:\/\/quehacerpolitico.mx\/index.php?rest_route=%2Fwp%2Fv2%2Fcomments&post=7591"}],"version-history":[{"count":0,"href":"https:\/\/quehacerpolitico.mx\/index.php?rest_route=\/wp\/v2\/posts\/7591\/revisions"}],"wp:featuredmedia":[{"embeddable":true,"href":"https:\/\/quehacerpolitico.mx\/index.php?rest_route=\/"}],"wp:attachment":[{"href":"https:\/\/quehacerpolitico.mx\/index.php?rest_route=%2Fwp%2Fv2%2Fmedia&parent=7591"}],"wp:term":[{"taxonomy":"category","embeddable":true,"href":"https:\/\/quehacerpolitico.mx\/index.php?rest_route=%2Fwp%2Fv2%2Fcategories&post=7591"},{"taxonomy":"post_tag","embeddable":true,"href":"https:\/\/quehacerpolitico.mx\/index.php?rest_route=%2Fwp%2Fv2%2Ftags&post=7591"}],"curies":[{"name":"wp","href":"https:\/\/api.w.org\/{rel}","templated":true}]}}