{"id":7589,"date":"2018-10-24T03:15:31","date_gmt":"2018-10-24T03:15:31","guid":{"rendered":"http:\/\/quehacerpolitico.mx\/los-cortes-de-agua-aumentan-en-la-cdmx-y-no-es-casualidad-de-30-a-40-se-va-en-fugas-academico\/"},"modified":"2018-10-24T03:15:31","modified_gmt":"2018-10-24T03:15:31","slug":"los-cortes-de-agua-aumentan-en-la-cdmx-y-no-es-casualidad-de-30-a-40-se-va-en-fugas-academico","status":"publish","type":"post","link":"https:\/\/quehacerpolitico.mx\/?p=7589","title":{"rendered":"Los cortes de agua aumentan en la CdMx y no es casualidad, de 30 a 40% se va en fugas: acad\u00e9mico"},"content":{"rendered":"<h1>Los cortes de agua aumentan en la CdMx y no es casualidad, de 30 a 40% se va en fugas: acad\u00e9mico<\/h1>\n<p>Por Redacci\u00f3n QP<\/p>\n<p>A una semana de que se realice un <strong>corte de agua<\/strong>de cuatro d\u00edas en la <strong>Ciudad de M\u00e9xico<\/strong>, el segundo en lo que va de a\u00f1o, el experto Manuel Perl\u00f3 advirti\u00f3 hoy que este tipo de interrupciones<strong> podr\u00edan aumentar si no se toman medidas<\/strong> a largo plazo en el sistema de abastecimiento.<\/p>\n<p>En una conferencia de prensa, el acad\u00e9mico del Instituto de Investigaciones Sociales de la Universidad Nacional Aut\u00f3noma de M\u00e9xico (UNAM) expuso que \u201cestos cortes est\u00e1n aumentando en el tiempo y no es casualidad\u201d y que entre un 30 y 40 por ciento del agua que brinda el sistema Cutzamala a la capital mexicana se pierde por fugas.<\/p>\n<blockquote>\n<p>\u201cHay razones para que el sistema Cutzamala no aporte los 15 mil litros por segundo que debe\u201d, dijo Perl\u00f3 y a\u00f1adi\u00f3 que el sistema se abastece a partir del r\u00edo hom\u00f3nimo, el cual se extiende por 14 municipios del Estado de M\u00e9xico y el de Michoac\u00e1n.<\/p>\n<p>Cabe apuntar que en dichas zonas el 42 por ciento de la poblaci\u00f3n vive en situaci\u00f3n de pobreza y que la situaci\u00f3n de la cuenca ha empeorado con los a\u00f1os a ra\u00edz de problemas como el crecimiento de la poblaci\u00f3n, la cual demanda m\u00e1s agua, y las actividades agr\u00edcolas, que han hecho que la mitad del territorio est\u00e9 afectado por procesos erosivos.<\/p>\n<blockquote>\n<p>\u201cEl agua ha sufrido deterioro en su calidad, la que llega [a casas y trabajos] requiere de mayor tratamiento en potabilizaci\u00f3n y a veces llega en condiciones malas. Esto tiene que ver con el proceso de deterioro de las presas y puede incluso provocar problemas serios en el futuro\u201d, resalt\u00f3.<\/p>\n<\/blockquote>\n<p>El especialista indic\u00f3 que los problemas t\u00e9cnicos del sistema -el cual se estableci\u00f3 en los a\u00f1os 80 para evitar la sobreexplotaci\u00f3n total de los acu\u00edferos de la cuenca de M\u00e9xico- vienen por el mal mantenimiento que se le ha dado.<\/p>\n<p>Desde entonces, la metr\u00f3poli es dependiente del sistema, el cual recibir\u00e1 mantenimiento del 31 de octubre al 3 de noviembre para sustituir un tubo que distribuye parte del l\u00edquido.<\/p>\n<p>\u201cEse tubo no ha recibido mantenimiento en los \u00faltimos 40 a\u00f1os\u201d, asegur\u00f3 Perl\u00f3 .<\/p>\n<p>No obstante, el principal problema, insisti\u00f3, siguen siendo las fugas, las cuales urge arreglar \u201cde manera sistem\u00e1tica y fuerte\u201d para reducirlas en un 50 por ciento.<\/p>\n<blockquote>\n<p>\u201cSi logr\u00e1ramos reducir las fugas en un 50 por ciento\u201d, apunt\u00f3, se podr\u00eda dejar de importar una parte del agua que viene del sistema Cutzamala, dejar de sobreexplotar los acu\u00edferos de la cuenca de M\u00e9xico \u201cy adem\u00e1s darle acceso a las personas que no tienen agua en muchos municipios\u201d.<\/p>\n<p>Pese a que el reto es inmenso, el acad\u00e9mico conf\u00eda en que se puede concretar, como ha sucedido en ciudades gigantescas como Estambul o Tokio.<\/p>\n<p>Si no se toman medidas, advirti\u00f3, \u201clos escenarios que tenemos visualizados son de problemas cada vez m\u00e1s complejos desde el punto de vista ambiental, pol\u00edtico y social y muchos de estos pueden ser irreversibles\u201d.<\/p>\n<blockquote>\n<p>A estos problemas t\u00e9cnicos que sufre el sistema de abastecimiento deben sum\u00e1rsele los efectos del cambio clim\u00e1tico, pues se estima que generar\u00e1 una disminuci\u00f3n en las precipitaciones de las zonas de captaci\u00f3n.<\/p>\n<p>Con Informaci\u00f3n de EFE<\/p>\n<\/blockquote>\n<\/blockquote>\n<\/blockquote>\n","protected":false},"excerpt":{"rendered":"<p>Los cortes de agua aumentan en la CdMx y no es casualidad, de 30 a 40% se va en fugas: acad\u00e9mico<br \/>\nPor Redacci\u00f3n QP<\/p>\n","protected":false},"author":2,"featured_media":7588,"comment_status":"open","ping_status":"open","sticky":false,"template":"","format":"standard","meta":{"_monsterinsights_skip_tracking":false,"_monsterinsights_sitenote_active":false,"_monsterinsights_sitenote_note":"","_monsterinsights_sitenote_category":0,"footnotes":""},"categories":[55],"tags":[],"class_list":["post-7589","post","type-post","status-publish","format-standard","has-post-thumbnail","hentry","category-cdmx"],"yoast_head":"<!-- This site is optimized with the Yoast SEO plugin v27.3 - https:\/\/yoast.com\/product\/yoast-seo-wordpress\/ -->\n<title>Los cortes de agua aumentan en la CdMx y no es casualidad, de 30 a 40% se va en fugas: acad\u00e9mico -<\/title>\n<meta name=\"robots\" content=\"index, follow, max-snippet:-1, max-image-preview:large, max-video-preview:-1\" \/>\n<link rel=\"canonical\" href=\"https:\/\/quehacerpolitico.mx\/?p=7589\" \/>\n<meta property=\"og:locale\" content=\"es_MX\" \/>\n<meta property=\"og:type\" content=\"article\" \/>\n<meta property=\"og:title\" content=\"Los cortes de agua aumentan en la CdMx y no es casualidad, de 30 a 40% se va en fugas: acad\u00e9mico -\" \/>\n<meta property=\"og:description\" content=\"Los cortes de agua aumentan en la CdMx y no es casualidad, de 30 a 40% se va en fugas: acad\u00e9mico Por Redacci\u00f3n QP\" \/>\n<meta property=\"og:url\" content=\"https:\/\/quehacerpolitico.mx\/?p=7589\" \/>\n<meta property=\"article:published_time\" content=\"2018-10-24T03:15:31+00:00\" \/>\n<meta name=\"author\" content=\"Redacci\u00f3n QP\" \/>\n<meta name=\"twitter:card\" content=\"summary_large_image\" \/>\n<meta name=\"twitter:label1\" content=\"Escrito por\" \/>\n\t<meta name=\"twitter:data1\" content=\"Redacci\u00f3n QP\" \/>\n\t<meta name=\"twitter:label2\" content=\"Tiempo de lectura\" \/>\n\t<meta name=\"twitter:data2\" content=\"3 minutos\" \/>\n<script type=\"application\/ld+json\" class=\"yoast-schema-graph\">{\"@context\":\"https:\\\/\\\/schema.org\",\"@graph\":[{\"@type\":\"Article\",\"@id\":\"https:\\\/\\\/quehacerpolitico.mx\\\/?p=7589#article\",\"isPartOf\":{\"@id\":\"https:\\\/\\\/quehacerpolitico.mx\\\/?p=7589\"},\"author\":{\"name\":\"Redacci\u00f3n QP\",\"@id\":\"https:\\\/\\\/quehacerpolitico.mx\\\/#\\\/schema\\\/person\\\/496d8ad2d1d3f8036101dca7ee39e585\"},\"headline\":\"Los cortes de agua aumentan en la CdMx y no es casualidad, de 30 a 40% se va en fugas: acad\u00e9mico\",\"datePublished\":\"2018-10-24T03:15:31+00:00\",\"mainEntityOfPage\":{\"@id\":\"https:\\\/\\\/quehacerpolitico.mx\\\/?p=7589\"},\"wordCount\":598,\"commentCount\":0,\"image\":{\"@id\":\"https:\\\/\\\/quehacerpolitico.mx\\\/?p=7589#primaryimage\"},\"thumbnailUrl\":\"\",\"articleSection\":[\"CDMX\"],\"inLanguage\":\"es\",\"potentialAction\":[{\"@type\":\"CommentAction\",\"name\":\"Comment\",\"target\":[\"https:\\\/\\\/quehacerpolitico.mx\\\/?p=7589#respond\"]}]},{\"@type\":\"WebPage\",\"@id\":\"https:\\\/\\\/quehacerpolitico.mx\\\/?p=7589\",\"url\":\"https:\\\/\\\/quehacerpolitico.mx\\\/?p=7589\",\"name\":\"Los cortes de agua aumentan en la CdMx y no es casualidad, de 30 a 40% se va en fugas: acad\u00e9mico -\",\"isPartOf\":{\"@id\":\"https:\\\/\\\/quehacerpolitico.mx\\\/#website\"},\"primaryImageOfPage\":{\"@id\":\"https:\\\/\\\/quehacerpolitico.mx\\\/?p=7589#primaryimage\"},\"image\":{\"@id\":\"https:\\\/\\\/quehacerpolitico.mx\\\/?p=7589#primaryimage\"},\"thumbnailUrl\":\"\",\"datePublished\":\"2018-10-24T03:15:31+00:00\",\"author\":{\"@id\":\"https:\\\/\\\/quehacerpolitico.mx\\\/#\\\/schema\\\/person\\\/496d8ad2d1d3f8036101dca7ee39e585\"},\"breadcrumb\":{\"@id\":\"https:\\\/\\\/quehacerpolitico.mx\\\/?p=7589#breadcrumb\"},\"inLanguage\":\"es\",\"potentialAction\":[{\"@type\":\"ReadAction\",\"target\":[\"https:\\\/\\\/quehacerpolitico.mx\\\/?p=7589\"]}]},{\"@type\":\"ImageObject\",\"inLanguage\":\"es\",\"@id\":\"https:\\\/\\\/quehacerpolitico.mx\\\/?p=7589#primaryimage\",\"url\":\"\",\"contentUrl\":\"\"},{\"@type\":\"BreadcrumbList\",\"@id\":\"https:\\\/\\\/quehacerpolitico.mx\\\/?p=7589#breadcrumb\",\"itemListElement\":[{\"@type\":\"ListItem\",\"position\":1,\"name\":\"Inicio\",\"item\":\"https:\\\/\\\/quehacerpolitico.mx\\\/\"},{\"@type\":\"ListItem\",\"position\":2,\"name\":\"Los cortes de agua aumentan en la CdMx y no es casualidad, de 30 a 40% se va en fugas: acad\u00e9mico\"}]},{\"@type\":\"WebSite\",\"@id\":\"https:\\\/\\\/quehacerpolitico.mx\\\/#website\",\"url\":\"https:\\\/\\\/quehacerpolitico.mx\\\/\",\"name\":\"\",\"description\":\"\",\"potentialAction\":[{\"@type\":\"SearchAction\",\"target\":{\"@type\":\"EntryPoint\",\"urlTemplate\":\"https:\\\/\\\/quehacerpolitico.mx\\\/?s={search_term_string}\"},\"query-input\":{\"@type\":\"PropertyValueSpecification\",\"valueRequired\":true,\"valueName\":\"search_term_string\"}}],\"inLanguage\":\"es\"},{\"@type\":\"Person\",\"@id\":\"https:\\\/\\\/quehacerpolitico.mx\\\/#\\\/schema\\\/person\\\/496d8ad2d1d3f8036101dca7ee39e585\",\"name\":\"Redacci\u00f3n QP\",\"image\":{\"@type\":\"ImageObject\",\"inLanguage\":\"es\",\"@id\":\"https:\\\/\\\/secure.gravatar.com\\\/avatar\\\/c7164ed6fdec453195284ad24a5ae5b6e1eed2b848477fa2a4787ba9adf39a41?s=96&d=mm&r=g\",\"url\":\"https:\\\/\\\/secure.gravatar.com\\\/avatar\\\/c7164ed6fdec453195284ad24a5ae5b6e1eed2b848477fa2a4787ba9adf39a41?s=96&d=mm&r=g\",\"contentUrl\":\"https:\\\/\\\/secure.gravatar.com\\\/avatar\\\/c7164ed6fdec453195284ad24a5ae5b6e1eed2b848477fa2a4787ba9adf39a41?s=96&d=mm&r=g\",\"caption\":\"Redacci\u00f3n QP\"},\"url\":\"https:\\\/\\\/quehacerpolitico.mx\\\/?author=2\"}]}<\/script>\n<!-- \/ Yoast SEO plugin. -->","yoast_head_json":{"title":"Los cortes de agua aumentan en la CdMx y no es casualidad, de 30 a 40% se va en fugas: acad\u00e9mico -","robots":{"index":"index","follow":"follow","max-snippet":"max-snippet:-1","max-image-preview":"max-image-preview:large","max-video-preview":"max-video-preview:-1"},"canonical":"https:\/\/quehacerpolitico.mx\/?p=7589","og_locale":"es_MX","og_type":"article","og_title":"Los cortes de agua aumentan en la CdMx y no es casualidad, de 30 a 40% se va en fugas: acad\u00e9mico -","og_description":"Los cortes de agua aumentan en la CdMx y no es casualidad, de 30 a 40% se va en fugas: acad\u00e9mico Por Redacci\u00f3n QP","og_url":"https:\/\/quehacerpolitico.mx\/?p=7589","article_published_time":"2018-10-24T03:15:31+00:00","author":"Redacci\u00f3n QP","twitter_card":"summary_large_image","twitter_misc":{"Escrito por":"Redacci\u00f3n QP","Tiempo de lectura":"3 minutos"},"schema":{"@context":"https:\/\/schema.org","@graph":[{"@type":"Article","@id":"https:\/\/quehacerpolitico.mx\/?p=7589#article","isPartOf":{"@id":"https:\/\/quehacerpolitico.mx\/?p=7589"},"author":{"name":"Redacci\u00f3n QP","@id":"https:\/\/quehacerpolitico.mx\/#\/schema\/person\/496d8ad2d1d3f8036101dca7ee39e585"},"headline":"Los cortes de agua aumentan en la CdMx y no es casualidad, de 30 a 40% se va en fugas: acad\u00e9mico","datePublished":"2018-10-24T03:15:31+00:00","mainEntityOfPage":{"@id":"https:\/\/quehacerpolitico.mx\/?p=7589"},"wordCount":598,"commentCount":0,"image":{"@id":"https:\/\/quehacerpolitico.mx\/?p=7589#primaryimage"},"thumbnailUrl":"","articleSection":["CDMX"],"inLanguage":"es","potentialAction":[{"@type":"CommentAction","name":"Comment","target":["https:\/\/quehacerpolitico.mx\/?p=7589#respond"]}]},{"@type":"WebPage","@id":"https:\/\/quehacerpolitico.mx\/?p=7589","url":"https:\/\/quehacerpolitico.mx\/?p=7589","name":"Los cortes de agua aumentan en la CdMx y no es casualidad, de 30 a 40% se va en fugas: acad\u00e9mico -","isPartOf":{"@id":"https:\/\/quehacerpolitico.mx\/#website"},"primaryImageOfPage":{"@id":"https:\/\/quehacerpolitico.mx\/?p=7589#primaryimage"},"image":{"@id":"https:\/\/quehacerpolitico.mx\/?p=7589#primaryimage"},"thumbnailUrl":"","datePublished":"2018-10-24T03:15:31+00:00","author":{"@id":"https:\/\/quehacerpolitico.mx\/#\/schema\/person\/496d8ad2d1d3f8036101dca7ee39e585"},"breadcrumb":{"@id":"https:\/\/quehacerpolitico.mx\/?p=7589#breadcrumb"},"inLanguage":"es","potentialAction":[{"@type":"ReadAction","target":["https:\/\/quehacerpolitico.mx\/?p=7589"]}]},{"@type":"ImageObject","inLanguage":"es","@id":"https:\/\/quehacerpolitico.mx\/?p=7589#primaryimage","url":"","contentUrl":""},{"@type":"BreadcrumbList","@id":"https:\/\/quehacerpolitico.mx\/?p=7589#breadcrumb","itemListElement":[{"@type":"ListItem","position":1,"name":"Inicio","item":"https:\/\/quehacerpolitico.mx\/"},{"@type":"ListItem","position":2,"name":"Los cortes de agua aumentan en la CdMx y no es casualidad, de 30 a 40% se va en fugas: acad\u00e9mico"}]},{"@type":"WebSite","@id":"https:\/\/quehacerpolitico.mx\/#website","url":"https:\/\/quehacerpolitico.mx\/","name":"","description":"","potentialAction":[{"@type":"SearchAction","target":{"@type":"EntryPoint","urlTemplate":"https:\/\/quehacerpolitico.mx\/?s={search_term_string}"},"query-input":{"@type":"PropertyValueSpecification","valueRequired":true,"valueName":"search_term_string"}}],"inLanguage":"es"},{"@type":"Person","@id":"https:\/\/quehacerpolitico.mx\/#\/schema\/person\/496d8ad2d1d3f8036101dca7ee39e585","name":"Redacci\u00f3n QP","image":{"@type":"ImageObject","inLanguage":"es","@id":"https:\/\/secure.gravatar.com\/avatar\/c7164ed6fdec453195284ad24a5ae5b6e1eed2b848477fa2a4787ba9adf39a41?s=96&d=mm&r=g","url":"https:\/\/secure.gravatar.com\/avatar\/c7164ed6fdec453195284ad24a5ae5b6e1eed2b848477fa2a4787ba9adf39a41?s=96&d=mm&r=g","contentUrl":"https:\/\/secure.gravatar.com\/avatar\/c7164ed6fdec453195284ad24a5ae5b6e1eed2b848477fa2a4787ba9adf39a41?s=96&d=mm&r=g","caption":"Redacci\u00f3n QP"},"url":"https:\/\/quehacerpolitico.mx\/?author=2"}]}},"featured_image_urls":{"full":"","thumbnail":"","medium":"","medium_large":"","large":"","1536x1536":"","2048x2048":"","covernews-featured":"","covernews-medium":""},"author_info":{"display_name":"Redacci\u00f3n QP","author_link":"https:\/\/quehacerpolitico.mx\/?author=2"},"category_info":"<a href=\"https:\/\/quehacerpolitico.mx\/?cat=55\" rel=\"category\">CDMX<\/a>","tag_info":"CDMX","comment_count":"0","_links":{"self":[{"href":"https:\/\/quehacerpolitico.mx\/index.php?rest_route=\/wp\/v2\/posts\/7589","targetHints":{"allow":["GET"]}}],"collection":[{"href":"https:\/\/quehacerpolitico.mx\/index.php?rest_route=\/wp\/v2\/posts"}],"about":[{"href":"https:\/\/quehacerpolitico.mx\/index.php?rest_route=\/wp\/v2\/types\/post"}],"author":[{"embeddable":true,"href":"https:\/\/quehacerpolitico.mx\/index.php?rest_route=\/wp\/v2\/users\/2"}],"replies":[{"embeddable":true,"href":"https:\/\/quehacerpolitico.mx\/index.php?rest_route=%2Fwp%2Fv2%2Fcomments&post=7589"}],"version-history":[{"count":0,"href":"https:\/\/quehacerpolitico.mx\/index.php?rest_route=\/wp\/v2\/posts\/7589\/revisions"}],"wp:featuredmedia":[{"embeddable":true,"href":"https:\/\/quehacerpolitico.mx\/index.php?rest_route=\/"}],"wp:attachment":[{"href":"https:\/\/quehacerpolitico.mx\/index.php?rest_route=%2Fwp%2Fv2%2Fmedia&parent=7589"}],"wp:term":[{"taxonomy":"category","embeddable":true,"href":"https:\/\/quehacerpolitico.mx\/index.php?rest_route=%2Fwp%2Fv2%2Fcategories&post=7589"},{"taxonomy":"post_tag","embeddable":true,"href":"https:\/\/quehacerpolitico.mx\/index.php?rest_route=%2Fwp%2Fv2%2Ftags&post=7589"}],"curies":[{"name":"wp","href":"https:\/\/api.w.org\/{rel}","templated":true}]}}