{"id":7579,"date":"2018-10-24T00:46:05","date_gmt":"2018-10-24T00:46:05","guid":{"rendered":"http:\/\/quehacerpolitico.mx\/la-consulta-sobre-el-naim-no-va-a-causar-devaluacion-problemas-en-la-bolsa-miedo-nada-amlo\/"},"modified":"2018-10-24T00:46:05","modified_gmt":"2018-10-24T00:46:05","slug":"la-consulta-sobre-el-naim-no-va-a-causar-devaluacion-problemas-en-la-bolsa-miedo-nada-amlo","status":"publish","type":"post","link":"https:\/\/quehacerpolitico.mx\/?p=7579","title":{"rendered":"La consulta sobre el NAIM no va a causar devaluaci\u00f3n, problemas en la bolsa, miedo, nada: AMLO"},"content":{"rendered":"<h1>La consulta sobre el NAIM no va a causar devaluaci\u00f3n, problemas en la bolsa, miedo, nada: AMLO<\/h1>\n<p>Por Redacci\u00f3n QP<\/p>\n<p>El Presidente electo Andr\u00e9s Manuel L\u00f3pez Obrador descart\u00f3 que tras la consulta para decidir el futuro del Nuevo Aeropuerto Internacional de M\u00e9xico (NAIM) existan desequilibrios macroecon\u00f3micos, devaluaci\u00f3n o problemas en la Bolsa Mexicana de Valores (BMV).<\/p>\n<p>A trav\u00e9s de un video en sus redes sociales, el ex Jefe de Gobierno de la Ciudad de M\u00e9xico dijo que hablar\u00e1 son los empresarios para darles certidumbre tanto en sus inversiones como en los contratos comprometidos en las construcci\u00f3n del NAIM.<\/p>\n<blockquote>\n<p>\u201cNo va a suceder nada. Que para meter miedo, como todo, se habla de que pueden haber desequilibrios macroecon\u00f3micos, problemas en la bolsa, devaluaci\u00f3n\u201d, dijo AMLO.<\/p>\n<p>Por lo que apunt\u00f3 que \u201cvoy a hablar con los empresarios para garantizarles que van a seguir vigentes sus contratos\u201d.<\/p>\n<p>Lo anterior luego que empresarios y bancos aumentaran la presi\u00f3n previo a la consulta que definir\u00e1 el futuro de la obra en Texcoco.<\/p>\n<p>Hoy el presidente de la Confederaci\u00f3n Patronal de la Rep\u00fablica Mexicana (Coparmex), Gustavo de Hoyos, se\u00f1al\u00f3 que en caso de que la obra se cancele, el primero en perder es el Gobierno, ya que tendr\u00e1 que pagar los \u201cplatos rotos\u201d.<\/p>\n<blockquote>\n<p>\u201cLa confianza est\u00e1 en juego (\u2026) se trata de una obra en proceso, de tal manera de que en el infortunado caso de que se cancele la obra, desde luego que estar\u00eda en entredicho lo m\u00e1s importante que tiene que generar un Gobierno hacia los actores econ\u00f3micos: la confianza, la certidumbre\u201d, dijo el dirigente patronal.<\/p>\n<\/blockquote>\n<p>El Presidente electo recalc\u00f3 su invitaci\u00f3n a que la gente participe en la consulta y a que vote \u201cen total libertad\u201d. Y se\u00f1al\u00f3 que los empresarios no deber\u00e1n temer pues quien avala y respalda los bonos e inversiones en el NAIM es el Gobierno.<\/p>\n<p>https:\/\/www.facebook.com\/lopezobrador.org.mx\/videos\/469911280196445\/<\/p>\n<p>M\u00e1s tarde,\u00a0durante su participaci\u00f3n en la <strong>\u201cM\u00e9xico Cumbre de Negocios\u201d<\/strong>\u00a0que se lleva a cabo en Guadalajara, Jalisco, el Presidente electo dijo que acabar con la corrupci\u00f3n, tener un gobierno sin lujos y reducir el costo a la sociedad, son algunos de sus objetivos.<\/p>\n<blockquote>\n<p>\u201cNo podemos ni debemos seguir endeudando al pa\u00eds, y entonces \u00bfc\u00f3mo vamos a financiarlo? No permitiendo la corrupci\u00f3n y atendiendo las necesidades m\u00e1s apremiantes de la sociedad\u201d, dijo ante empresarios.<\/p>\n<\/blockquote>\n<p>El <strong>Presidente electo<\/strong> dio una conferencia magistral en la que habl\u00f3 sobre los planes, acciones y programas sociales que realizar\u00e1 durante su Gobierno para detonar el desarroll\u00f3 del pa\u00eds. Ejemplo de ello es la construcci\u00f3n del Tren Maya, la rehabilitaci\u00f3n y construcci\u00f3n de refiner\u00edas, y los mecanismos para brindar trabajo y apoyo a j\u00f3venes, madres solteras y personas de la tercera edad.<\/p>\n<p>\u201cDos millones 600 mil j\u00f3venes van a trabajar de aprendices con un sueldo de 3 mil 600 pesos en lo que aprenden, los \u2018ninis\u2019 que est\u00e1n en la calle no tienen la culpa de su situaci\u00f3n, necesitamos integrarlos\u201d, dijo.<\/p>\n<p>L\u00f3pez Obrador asegur\u00f3 que lo m\u00e1s importante para su Gobierno es lograr un crecimiento econ\u00f3mico y para ello pidi\u00f3 a los empresarios invertir en M\u00e9xico.<\/p>\n<blockquote>\n<p>\u201cLo m\u00e1s importante es que se logre un mayor crecimiento econ\u00f3mico, hay que crear la riqueza, tampoco vamos a salir con el crecimiento econ\u00f3mico de los \u00faltimos 30 a\u00f1os. Necesitamos inversi\u00f3n privada nacional y se requiere tambi\u00e9n inversi\u00f3n extranjera para crecer al 4 por ciento anual y sacar el pa\u00eds del atraso\u201d, explic\u00f3.<\/p>\n<\/blockquote>\n<p>Sobre el Tratado de libre comercio M\u00e9xico, Estados Unidos, Canad\u00e1 (T-MEC), asegur\u00f3 que habl\u00f3 con el Primer Ministro canadiense, Justin Trudeau, para lograr este acuerdo<\/p>\n<p>\u201cHable con el Primer Ministro Justin Trudeau\u00a0<b><\/b>para lograr un acuerdo trilateral en la negociaci\u00f3n del nuevo tratado\u201d, dijo.<\/p>\n<p>El Presidente electo concluy\u00f3 su conferencia\u00a0diciendo que la cuarta transformaci\u00f3n que planea su Gobierno se tiene que llevar a cabo con la ayuda de todos. \u201cNo la puede hacer un solo hombre\u201d, dijo.<\/p>\n<div id=\"attachment_3488300\" class=\"wp-caption alignnone\"><img loading=\"lazy\" decoding=\"async\" class=\"size-full wp-image-3488300\" src=\"http:\/\/www.sinembargo.mx\/wp-content\/uploads\/2018\/10\/dqny463ucaajalq.jpg\" sizes=\"auto, (max-width: 700px) 100vw, 700px\" srcset=\"http:\/\/www.sinembargo.mx\/wp-content\/uploads\/2018\/10\/dqny463ucaajalq.jpg 700w, http:\/\/www.sinembargo.mx\/wp-content\/uploads\/2018\/10\/dqny463ucaajalq-300x200.jpg 300w\" alt=\"\" width=\"700\" height=\"467\" \/><\/p>\n<p class=\"wp-caption-text\">Andr\u00e9s Manuel L\u00f3pez Obrador dijo ante empresarios que su Gobierno necesitar\u00e1 de las inversiones privadas. Foto: Twitter @cumbrenegocios<\/p>\n<\/div>\n<p>En el evento estuvieron presentes el\u00a0<strong>Gobernador de Jalisco, Arist\u00f3teles Sandoval<\/strong>\u00a0y el empresario Miguel Alem\u00e1n Velasco, hijo del ex Presidente Miguel Alem\u00e1n.<\/p>\n<p>Al iniciar el evento, Sandoval dijo que la presencia de L\u00f3pez Obrador en el acto \u201cdemuestra de que se puede hacer converger a los capitales sociales y al Estado\u201d.<\/p>\n<p>A\u00f1adi\u00f3 que M\u00e9xico ha entendido que \u201cel pa\u00eds no puede reinventarse cada seis a\u00f1os, no importa si gana el rojo, el verde o el morado\u201d.<\/p>\n<p>Miguel Alem\u00e1n Velasco dijo a L\u00f3pez Obrador que el Gobierno que encabezar\u00e1 a partir del 1 de diciembre tiene altas expectativas y los empresarios est\u00e1n dispuestos a apoyarlo.<\/p>\n<blockquote>\n<p>\u201cAnte un escenario incierto, M\u00e9xico aspira a superar divisiones internas y su liderazgo fortalece nuestra confianza, su gobierno tiene altas expectativas y estamos dispuesto a apoyarlas\u201d, se\u00f1al\u00f3.<\/p>\n<\/blockquote>\n<p>En el foro se discuten las perspectivas de la econom\u00eda nacional, as\u00ed como el impacto de los entornos internacionales en el pa\u00eds. Re\u00fane a re\u00fane a empresarios, pol\u00edticos y analistas nacionales e internacionales<\/p>\n<p>L\u00f3pez Obrador arrib\u00f3 a la entidad acompa\u00f1ado del pr\u00f3ximo titular de la <strong>Secretar\u00eda de Turismo (Sectur), Miguel Torruco<\/strong>, y de su futuro jefe de oficina, <strong>Alfonso Romo<\/strong>. Adem\u00e1s, estuvo acompa\u00f1ado del designado como delegado federal para la entidad, Carlos Lomel\u00ed.<\/p>\n<div id=\"attachment_3488285\" class=\"wp-caption alignnone\"><img loading=\"lazy\" decoding=\"async\" class=\"size-full wp-image-3488285\" src=\"http:\/\/www.sinembargo.mx\/wp-content\/uploads\/2018\/10\/amlo-20.jpg\" sizes=\"auto, (max-width: 700px) 100vw, 700px\" srcset=\"http:\/\/www.sinembargo.mx\/wp-content\/uploads\/2018\/10\/amlo-20.jpg 700w, http:\/\/www.sinembargo.mx\/wp-content\/uploads\/2018\/10\/amlo-20-300x200.jpg 300w\" alt=\"\" width=\"700\" height=\"467\" \/><\/p>\n<p class=\"wp-caption-text\">El Presidente electo a su llegada a la cumbre de Negocios. Foto: Twitter, @AdileneNavarroo.<\/p>\n<\/div>\n<\/blockquote>\n","protected":false},"excerpt":{"rendered":"<p>La consulta sobre el NAIM no va a causar devaluaci\u00f3n, problemas en la bolsa, miedo, nada: AMLO<br \/>\nPor Redacci\u00f3n QP<\/p>\n","protected":false},"author":2,"featured_media":7578,"comment_status":"open","ping_status":"open","sticky":false,"template":"","format":"standard","meta":{"_monsterinsights_skip_tracking":false,"_monsterinsights_sitenote_active":false,"_monsterinsights_sitenote_note":"","_monsterinsights_sitenote_category":0,"footnotes":""},"categories":[2],"tags":[],"class_list":["post-7579","post","type-post","status-publish","format-standard","has-post-thumbnail","hentry","category-noticias"],"yoast_head":"<!-- This site is optimized with the Yoast SEO plugin v27.3 - https:\/\/yoast.com\/product\/yoast-seo-wordpress\/ -->\n<title>La consulta sobre el NAIM no va a causar devaluaci\u00f3n, problemas en la bolsa, miedo, nada: AMLO -<\/title>\n<meta name=\"robots\" content=\"index, follow, max-snippet:-1, max-image-preview:large, max-video-preview:-1\" \/>\n<link rel=\"canonical\" href=\"https:\/\/quehacerpolitico.mx\/?p=7579\" \/>\n<meta property=\"og:locale\" content=\"es_MX\" \/>\n<meta property=\"og:type\" content=\"article\" \/>\n<meta property=\"og:title\" content=\"La consulta sobre el NAIM no va a causar devaluaci\u00f3n, problemas en la bolsa, miedo, nada: AMLO -\" \/>\n<meta property=\"og:description\" content=\"La consulta sobre el NAIM no va a causar devaluaci\u00f3n, problemas en la bolsa, miedo, nada: AMLO Por Redacci\u00f3n QP\" \/>\n<meta property=\"og:url\" content=\"https:\/\/quehacerpolitico.mx\/?p=7579\" \/>\n<meta property=\"article:published_time\" content=\"2018-10-24T00:46:05+00:00\" \/>\n<meta name=\"author\" content=\"Redacci\u00f3n QP\" \/>\n<meta name=\"twitter:card\" content=\"summary_large_image\" \/>\n<meta name=\"twitter:label1\" content=\"Escrito por\" \/>\n\t<meta name=\"twitter:data1\" content=\"Redacci\u00f3n QP\" \/>\n\t<meta name=\"twitter:label2\" content=\"Tiempo de lectura\" \/>\n\t<meta name=\"twitter:data2\" content=\"5 minutos\" \/>\n<script type=\"application\/ld+json\" class=\"yoast-schema-graph\">{\"@context\":\"https:\\\/\\\/schema.org\",\"@graph\":[{\"@type\":\"Article\",\"@id\":\"https:\\\/\\\/quehacerpolitico.mx\\\/?p=7579#article\",\"isPartOf\":{\"@id\":\"https:\\\/\\\/quehacerpolitico.mx\\\/?p=7579\"},\"author\":{\"name\":\"Redacci\u00f3n QP\",\"@id\":\"https:\\\/\\\/quehacerpolitico.mx\\\/#\\\/schema\\\/person\\\/496d8ad2d1d3f8036101dca7ee39e585\"},\"headline\":\"La consulta sobre el NAIM no va a causar devaluaci\u00f3n, problemas en la bolsa, miedo, nada: AMLO\",\"datePublished\":\"2018-10-24T00:46:05+00:00\",\"mainEntityOfPage\":{\"@id\":\"https:\\\/\\\/quehacerpolitico.mx\\\/?p=7579\"},\"wordCount\":974,\"commentCount\":0,\"image\":{\"@id\":\"https:\\\/\\\/quehacerpolitico.mx\\\/?p=7579#primaryimage\"},\"thumbnailUrl\":\"\",\"articleSection\":[\"Noticias\"],\"inLanguage\":\"es\",\"potentialAction\":[{\"@type\":\"CommentAction\",\"name\":\"Comment\",\"target\":[\"https:\\\/\\\/quehacerpolitico.mx\\\/?p=7579#respond\"]}]},{\"@type\":\"WebPage\",\"@id\":\"https:\\\/\\\/quehacerpolitico.mx\\\/?p=7579\",\"url\":\"https:\\\/\\\/quehacerpolitico.mx\\\/?p=7579\",\"name\":\"La consulta sobre el NAIM no va a causar devaluaci\u00f3n, problemas en la bolsa, miedo, nada: AMLO -\",\"isPartOf\":{\"@id\":\"https:\\\/\\\/quehacerpolitico.mx\\\/#website\"},\"primaryImageOfPage\":{\"@id\":\"https:\\\/\\\/quehacerpolitico.mx\\\/?p=7579#primaryimage\"},\"image\":{\"@id\":\"https:\\\/\\\/quehacerpolitico.mx\\\/?p=7579#primaryimage\"},\"thumbnailUrl\":\"\",\"datePublished\":\"2018-10-24T00:46:05+00:00\",\"author\":{\"@id\":\"https:\\\/\\\/quehacerpolitico.mx\\\/#\\\/schema\\\/person\\\/496d8ad2d1d3f8036101dca7ee39e585\"},\"breadcrumb\":{\"@id\":\"https:\\\/\\\/quehacerpolitico.mx\\\/?p=7579#breadcrumb\"},\"inLanguage\":\"es\",\"potentialAction\":[{\"@type\":\"ReadAction\",\"target\":[\"https:\\\/\\\/quehacerpolitico.mx\\\/?p=7579\"]}]},{\"@type\":\"ImageObject\",\"inLanguage\":\"es\",\"@id\":\"https:\\\/\\\/quehacerpolitico.mx\\\/?p=7579#primaryimage\",\"url\":\"\",\"contentUrl\":\"\"},{\"@type\":\"BreadcrumbList\",\"@id\":\"https:\\\/\\\/quehacerpolitico.mx\\\/?p=7579#breadcrumb\",\"itemListElement\":[{\"@type\":\"ListItem\",\"position\":1,\"name\":\"Inicio\",\"item\":\"https:\\\/\\\/quehacerpolitico.mx\\\/\"},{\"@type\":\"ListItem\",\"position\":2,\"name\":\"La consulta sobre el NAIM no va a causar devaluaci\u00f3n, problemas en la bolsa, miedo, nada: AMLO\"}]},{\"@type\":\"WebSite\",\"@id\":\"https:\\\/\\\/quehacerpolitico.mx\\\/#website\",\"url\":\"https:\\\/\\\/quehacerpolitico.mx\\\/\",\"name\":\"\",\"description\":\"\",\"potentialAction\":[{\"@type\":\"SearchAction\",\"target\":{\"@type\":\"EntryPoint\",\"urlTemplate\":\"https:\\\/\\\/quehacerpolitico.mx\\\/?s={search_term_string}\"},\"query-input\":{\"@type\":\"PropertyValueSpecification\",\"valueRequired\":true,\"valueName\":\"search_term_string\"}}],\"inLanguage\":\"es\"},{\"@type\":\"Person\",\"@id\":\"https:\\\/\\\/quehacerpolitico.mx\\\/#\\\/schema\\\/person\\\/496d8ad2d1d3f8036101dca7ee39e585\",\"name\":\"Redacci\u00f3n QP\",\"image\":{\"@type\":\"ImageObject\",\"inLanguage\":\"es\",\"@id\":\"https:\\\/\\\/secure.gravatar.com\\\/avatar\\\/c7164ed6fdec453195284ad24a5ae5b6e1eed2b848477fa2a4787ba9adf39a41?s=96&d=mm&r=g\",\"url\":\"https:\\\/\\\/secure.gravatar.com\\\/avatar\\\/c7164ed6fdec453195284ad24a5ae5b6e1eed2b848477fa2a4787ba9adf39a41?s=96&d=mm&r=g\",\"contentUrl\":\"https:\\\/\\\/secure.gravatar.com\\\/avatar\\\/c7164ed6fdec453195284ad24a5ae5b6e1eed2b848477fa2a4787ba9adf39a41?s=96&d=mm&r=g\",\"caption\":\"Redacci\u00f3n QP\"},\"url\":\"https:\\\/\\\/quehacerpolitico.mx\\\/?author=2\"}]}<\/script>\n<!-- \/ Yoast SEO plugin. -->","yoast_head_json":{"title":"La consulta sobre el NAIM no va a causar devaluaci\u00f3n, problemas en la bolsa, miedo, nada: AMLO -","robots":{"index":"index","follow":"follow","max-snippet":"max-snippet:-1","max-image-preview":"max-image-preview:large","max-video-preview":"max-video-preview:-1"},"canonical":"https:\/\/quehacerpolitico.mx\/?p=7579","og_locale":"es_MX","og_type":"article","og_title":"La consulta sobre el NAIM no va a causar devaluaci\u00f3n, problemas en la bolsa, miedo, nada: AMLO -","og_description":"La consulta sobre el NAIM no va a causar devaluaci\u00f3n, problemas en la bolsa, miedo, nada: AMLO Por Redacci\u00f3n QP","og_url":"https:\/\/quehacerpolitico.mx\/?p=7579","article_published_time":"2018-10-24T00:46:05+00:00","author":"Redacci\u00f3n QP","twitter_card":"summary_large_image","twitter_misc":{"Escrito por":"Redacci\u00f3n QP","Tiempo de lectura":"5 minutos"},"schema":{"@context":"https:\/\/schema.org","@graph":[{"@type":"Article","@id":"https:\/\/quehacerpolitico.mx\/?p=7579#article","isPartOf":{"@id":"https:\/\/quehacerpolitico.mx\/?p=7579"},"author":{"name":"Redacci\u00f3n QP","@id":"https:\/\/quehacerpolitico.mx\/#\/schema\/person\/496d8ad2d1d3f8036101dca7ee39e585"},"headline":"La consulta sobre el NAIM no va a causar devaluaci\u00f3n, problemas en la bolsa, miedo, nada: AMLO","datePublished":"2018-10-24T00:46:05+00:00","mainEntityOfPage":{"@id":"https:\/\/quehacerpolitico.mx\/?p=7579"},"wordCount":974,"commentCount":0,"image":{"@id":"https:\/\/quehacerpolitico.mx\/?p=7579#primaryimage"},"thumbnailUrl":"","articleSection":["Noticias"],"inLanguage":"es","potentialAction":[{"@type":"CommentAction","name":"Comment","target":["https:\/\/quehacerpolitico.mx\/?p=7579#respond"]}]},{"@type":"WebPage","@id":"https:\/\/quehacerpolitico.mx\/?p=7579","url":"https:\/\/quehacerpolitico.mx\/?p=7579","name":"La consulta sobre el NAIM no va a causar devaluaci\u00f3n, problemas en la bolsa, miedo, nada: AMLO -","isPartOf":{"@id":"https:\/\/quehacerpolitico.mx\/#website"},"primaryImageOfPage":{"@id":"https:\/\/quehacerpolitico.mx\/?p=7579#primaryimage"},"image":{"@id":"https:\/\/quehacerpolitico.mx\/?p=7579#primaryimage"},"thumbnailUrl":"","datePublished":"2018-10-24T00:46:05+00:00","author":{"@id":"https:\/\/quehacerpolitico.mx\/#\/schema\/person\/496d8ad2d1d3f8036101dca7ee39e585"},"breadcrumb":{"@id":"https:\/\/quehacerpolitico.mx\/?p=7579#breadcrumb"},"inLanguage":"es","potentialAction":[{"@type":"ReadAction","target":["https:\/\/quehacerpolitico.mx\/?p=7579"]}]},{"@type":"ImageObject","inLanguage":"es","@id":"https:\/\/quehacerpolitico.mx\/?p=7579#primaryimage","url":"","contentUrl":""},{"@type":"BreadcrumbList","@id":"https:\/\/quehacerpolitico.mx\/?p=7579#breadcrumb","itemListElement":[{"@type":"ListItem","position":1,"name":"Inicio","item":"https:\/\/quehacerpolitico.mx\/"},{"@type":"ListItem","position":2,"name":"La consulta sobre el NAIM no va a causar devaluaci\u00f3n, problemas en la bolsa, miedo, nada: AMLO"}]},{"@type":"WebSite","@id":"https:\/\/quehacerpolitico.mx\/#website","url":"https:\/\/quehacerpolitico.mx\/","name":"","description":"","potentialAction":[{"@type":"SearchAction","target":{"@type":"EntryPoint","urlTemplate":"https:\/\/quehacerpolitico.mx\/?s={search_term_string}"},"query-input":{"@type":"PropertyValueSpecification","valueRequired":true,"valueName":"search_term_string"}}],"inLanguage":"es"},{"@type":"Person","@id":"https:\/\/quehacerpolitico.mx\/#\/schema\/person\/496d8ad2d1d3f8036101dca7ee39e585","name":"Redacci\u00f3n QP","image":{"@type":"ImageObject","inLanguage":"es","@id":"https:\/\/secure.gravatar.com\/avatar\/c7164ed6fdec453195284ad24a5ae5b6e1eed2b848477fa2a4787ba9adf39a41?s=96&d=mm&r=g","url":"https:\/\/secure.gravatar.com\/avatar\/c7164ed6fdec453195284ad24a5ae5b6e1eed2b848477fa2a4787ba9adf39a41?s=96&d=mm&r=g","contentUrl":"https:\/\/secure.gravatar.com\/avatar\/c7164ed6fdec453195284ad24a5ae5b6e1eed2b848477fa2a4787ba9adf39a41?s=96&d=mm&r=g","caption":"Redacci\u00f3n QP"},"url":"https:\/\/quehacerpolitico.mx\/?author=2"}]}},"featured_image_urls":{"full":"","thumbnail":"","medium":"","medium_large":"","large":"","1536x1536":"","2048x2048":"","covernews-featured":"","covernews-medium":""},"author_info":{"display_name":"Redacci\u00f3n QP","author_link":"https:\/\/quehacerpolitico.mx\/?author=2"},"category_info":"<a href=\"https:\/\/quehacerpolitico.mx\/?cat=2\" rel=\"category\">Noticias<\/a>","tag_info":"Noticias","comment_count":"0","_links":{"self":[{"href":"https:\/\/quehacerpolitico.mx\/index.php?rest_route=\/wp\/v2\/posts\/7579","targetHints":{"allow":["GET"]}}],"collection":[{"href":"https:\/\/quehacerpolitico.mx\/index.php?rest_route=\/wp\/v2\/posts"}],"about":[{"href":"https:\/\/quehacerpolitico.mx\/index.php?rest_route=\/wp\/v2\/types\/post"}],"author":[{"embeddable":true,"href":"https:\/\/quehacerpolitico.mx\/index.php?rest_route=\/wp\/v2\/users\/2"}],"replies":[{"embeddable":true,"href":"https:\/\/quehacerpolitico.mx\/index.php?rest_route=%2Fwp%2Fv2%2Fcomments&post=7579"}],"version-history":[{"count":0,"href":"https:\/\/quehacerpolitico.mx\/index.php?rest_route=\/wp\/v2\/posts\/7579\/revisions"}],"wp:featuredmedia":[{"embeddable":true,"href":"https:\/\/quehacerpolitico.mx\/index.php?rest_route=\/"}],"wp:attachment":[{"href":"https:\/\/quehacerpolitico.mx\/index.php?rest_route=%2Fwp%2Fv2%2Fmedia&parent=7579"}],"wp:term":[{"taxonomy":"category","embeddable":true,"href":"https:\/\/quehacerpolitico.mx\/index.php?rest_route=%2Fwp%2Fv2%2Fcategories&post=7579"},{"taxonomy":"post_tag","embeddable":true,"href":"https:\/\/quehacerpolitico.mx\/index.php?rest_route=%2Fwp%2Fv2%2Ftags&post=7579"}],"curies":[{"name":"wp","href":"https:\/\/api.w.org\/{rel}","templated":true}]}}