{"id":7577,"date":"2018-10-24T00:31:01","date_gmt":"2018-10-24T00:31:01","guid":{"rendered":"http:\/\/quehacerpolitico.mx\/la-revista-de-frivolidades-hola-vuelve-a-meter-fotos-de-amlo-ahora-por-anahi-y-manuel-velasco\/"},"modified":"2018-10-24T00:31:01","modified_gmt":"2018-10-24T00:31:01","slug":"la-revista-de-frivolidades-hola-vuelve-a-meter-fotos-de-amlo-ahora-por-anahi-y-manuel-velasco","status":"publish","type":"post","link":"https:\/\/quehacerpolitico.mx\/?p=7577","title":{"rendered":"La revista de frivolidades \u00a1Hola! vuelve a meter fotos de AMLO, ahora por Anah\u00ed y Manuel Velasco"},"content":{"rendered":"<h1>La revista de frivolidades <em>\u00a1Hola!<\/em>vuelve a meter fotos de AMLO, ahora por Anah\u00ed y Manuel Velasco<\/h1>\n<p>Por Redacci\u00f3n QP<\/p>\n<p>El Presidente electo, <strong>Andr\u00e9s Manuel L\u00f3pez Obrador<\/strong>, fue metido nuevamente en la revista de frivolidades Hola! Ahora fue en su edici\u00f3n digital.\u00a0Se difundieron fotos de \u00e9l durante la visita que hizo a Chiapas en su Gira de Agradecimiento.<\/p>\n<p>El medio ilustr\u00f3 su publicaci\u00f3n fotograf\u00edas que se difundieron en las redes sociales del Gobernador de Chiapas, <strong>Manuel Velasco<\/strong>, donde aparecen L\u00f3pez Obrador, el mandatario estatal, su esposa, la actriz Anah\u00ed, y su beb\u00e9 Manu.<\/p>\n<p>L\u00f3pez Obrador no pos\u00f3 para ninguna de las dos ediciones (la segunda fue digital) en las que fue incluido. Simplemente acompa\u00f1\u00f3 a C\u00e9sar Y\u00e1\u00f1ez y a su esposa Dulce Silva, primero, y luego al Gobernador con licencia, que ahora es Gobernador interino adem\u00e1s de Senador.<\/p>\n<blockquote class=\"twitter-tweet\" data-width=\"550\" data-dnt=\"true\">\n<p lang=\"es\" dir=\"ltr\">Con mucho gusto recibimos en <a href=\"https:\/\/twitter.com\/hashtag\/Chiapas?src=hash&amp;ref_src=twsrc%5Etfw\">#Chiapas<\/a> al Presidente Electo de todas y todos los mexicanos, Andr\u00e9s Manuel <a href=\"https:\/\/twitter.com\/lopezobrador_?ref_src=twsrc%5Etfw\">@lopezobrador_<\/a>, a quien los chiapanecos consideramos como un paisano. Nos honra mucho que haya elegido a nuestro estado para cerrar su Gira de Agradecimiento. <a href=\"https:\/\/t.co\/Ymz6xwUrAe\">pic.twitter.com\/Ymz6xwUrAe<\/a><\/p>\n<p>&mdash; Manuel Velasco (@VelascoM_) <a href=\"https:\/\/twitter.com\/VelascoM_\/status\/1054096113517674499?ref_src=twsrc%5Etfw\">October 21, 2018<\/a><\/p><\/blockquote>\n<p><script async src=\"https:\/\/platform.twitter.com\/widgets.js\" charset=\"utf-8\"><\/script><\/p>\n<blockquote>\n<p>\u201cAndr\u00e9s Manuel L\u00f3pez Obrador encantado con \u2018Manu\u2019, el beb\u00e9 de Anah\u00ed y Manuel Velasco\u201d, titul\u00f3 <em>\u00a1Hola!<\/em> su nota en la que detalla el encuentro que entre el Presidente electo y la familia del Gobernador chiapaneco luego de una reuni\u00f3n entre L\u00f3pez Obrador y funcionarios del Gobierno de Chiapas el pasado 21 de octubre.<\/p>\n<\/blockquote>\n<p>\u201cPuntual a la cita, Anah\u00ed hizo acto de presencia junto a su esposo, Manuel Velasco, en uno de los eventos pol\u00edticos m\u00e1s esperados estos d\u00edas por el estado de Chiapas. Como ya es costumbre, el matrimonio dio la sorpresa al aparecer, una vez m\u00e1s, acompa\u00f1ado de su peque\u00f1o hijo Manuel, quien atrap\u00f3 con su encanto y carisma a varios de los asistentes, entre ellos al presidente electo de M\u00e9xico, Andr\u00e9s Manuel L\u00f3pez Obrador\u201d, report\u00f3 la revista.<\/p>\n<p>El 21 de octubre pasado, el Presidente electo encabez\u00f3 un mitin en Tuxtla Guti\u00e9rrez, Chiapas, y sostuvo una reuni\u00f3n con Velasco y el Gobernador electo de esta entidad, Rutilio Escand\u00f3n. L\u00f3pez Obrador anunci\u00f3 ah\u00ed una inversi\u00f3n de 32 mil millones de pesos para el estado de Chiapas.<\/p>\n<p><strong>LA PORTADA PARA C\u00c9SAR Y\u00c1\u00d1EZ<\/strong><\/p>\n<p>Apenas el pasado 4 de septiembre, AMLO sali\u00f3 en la portada en la revista \u00a1<em>Hola!<\/em> Algunos de los simpatizantes del Presidente electo que hab\u00edan justificado la boda de C\u00e9sar Y\u00e1\u00f1ez brincaron a criticar la frivolidad de recurrir a una publicaci\u00f3n que ha cubierto puntualmente durante seis a\u00f1os o m\u00e1s a Ang\u00e9lica Rivera, a Enrique Pe\u00f1a Nieto y a los hijos de ambos.<\/p>\n<p>\u201c\u00bfEn qu\u00e9 est\u00e1 pensando C\u00e9sar Y\u00e1\u00f1ez?\u201d, dijo Rafael Barajas, \u201cFisg\u00f3n\u201d en sus cartones. \u201cYo cre\u00eda que sus cr\u00edticos exageraban. Debo confesar que yo no hab\u00eda captado la magnitud del dislate y la frivolidad hasta que vi la portada de el <em>\u00a1Hola!<\/em>\u201d. Pedro Salmer\u00f3n Sangin\u00e9s, un historiador simpatizante de la causa de L\u00f3pez Obrador, escribi\u00f3: \u201cSi la boda fue de post\u00edn, muy su gusto y muy su vida privada\u2026 Salir en portada de una revista que reproduce las formas m\u00e1s a\u00f1ejas del clasismo y del racismo s\u00ed me parece un error en un dirigente de izquierda\u201d.<\/p>\n<p>La revista document\u00f3 en 19 p\u00e1ginas la boda del ex vocero de L\u00f3pez Obrador, C\u00e9sar Y\u00e1\u00f1ez, y su ahora esposa Dulce Silva. Daba m\u00e1s detalles: la novia us\u00f3 tres vestidos de un dise\u00f1ador que no cobra menos de cien mil pesos por pieza. Los invitados fueron de boda importante: 600, seg\u00fan les dio a conocer el productor, Juli\u00e1n Jalil Dib. El men\u00fa se confirma: langosta con escamoles.<\/p>\n<p>\u201cNo fue una acci\u00f3n de Gobierno. Se trata de un evento privado. Est\u00e1n cuestionando nuestros adversarios, los que andan buscando cualquier posible error para hacernos la cr\u00edtica. Tienen derecho a hacerlo, nada m\u00e1s que nosotros no vamos a cambiar. Vamos a seguir actuando con integridad, con principios, con honradez y austeridad republicana\u201d, dijo Andr\u00e9s Manuel sobre el tema ese mismo d\u00eda. \u201cNo me cas\u00e9 yo, fui invitado.<\/p>\n<p>El reportaje de <em>\u00a1Hola!<\/em> se compuso en su mayor\u00eda de fotograf\u00edas de la pareja. En la portada, de la edici\u00f3n n\u00famero 609, adem\u00e1s de los novios en primer plano, aparecieron L\u00f3pez Obrador y Beatriz Guti\u00e9rrez. La revista destac\u00f3: \u201cCon el Presidente electo, Andr\u00e9s Manuel L\u00f3pez Obrador como testigo principal, ante seiscientos invitados, en la Capilla del Rosario de Puebla\u201d.<\/p>\n<p>Dulce Mar\u00eda Silva, dijo<em> \u00a1Hola!<\/em>, confeccion\u00f3 tres vestidos con el famoso dise\u00f1ador Benito Santos, quien \u2013de acuerdo con diversas publicaciones\u2013 cobra m\u00e1s de 100 mil pesos por cada atuendo. Los dise\u00f1os de Santos tuvieron un papel primordial en el enlace, la hija de Silva tambi\u00e9n luci\u00f3 uno de sus dise\u00f1os, as\u00ed como sus damas de honor. C\u00e9sar Y\u00e1\u00f1ez us\u00f3 un smoking firmado por Jorge Saade. La novia utiliz\u00f3 para transportarse un auto Packard 1949, color blanco. La misa fue oficiada por el Arzobispo de Puebla, V\u00edctor S\u00e1nchez.<\/p>\n<p>Hasta entonces la llamada \u201cboda fif\u00ed\u201d hab\u00eda divido las opiniones entre quienes criticaban el men\u00fa (que incluy\u00f3 langosta con escamoles) hasta los asistentes \u2013entre ellos el Gobernador panista Toni Gali y uno de los empresarios de medios m\u00e1s vinculados con el PRI: Olegario V\u00e1zquez Ra\u00f1a\u2013, y los que destacaban que Y\u00e1\u00f1ez no es funcionario p\u00fablico.<\/p>\n","protected":false},"excerpt":{"rendered":"<p>La revista de frivolidades \u00a1Hola! vuelve a meter fotos de AMLO, ahora por Anah\u00ed y Manuel Velasco<br \/>\nPor Redacci\u00f3n QP<\/p>\n","protected":false},"author":2,"featured_media":7576,"comment_status":"open","ping_status":"open","sticky":false,"template":"","format":"standard","meta":{"_monsterinsights_skip_tracking":false,"_monsterinsights_sitenote_active":false,"_monsterinsights_sitenote_note":"","_monsterinsights_sitenote_category":0,"footnotes":""},"categories":[2],"tags":[],"class_list":["post-7577","post","type-post","status-publish","format-standard","has-post-thumbnail","hentry","category-noticias"],"yoast_head":"<!-- This site is optimized with the Yoast SEO plugin v27.3 - https:\/\/yoast.com\/product\/yoast-seo-wordpress\/ -->\n<title>La revista de frivolidades \u00a1Hola! vuelve a meter fotos de AMLO, ahora por Anah\u00ed y Manuel Velasco -<\/title>\n<meta name=\"robots\" content=\"index, follow, max-snippet:-1, max-image-preview:large, max-video-preview:-1\" \/>\n<link rel=\"canonical\" href=\"https:\/\/quehacerpolitico.mx\/?p=7577\" \/>\n<meta property=\"og:locale\" content=\"es_MX\" \/>\n<meta property=\"og:type\" content=\"article\" \/>\n<meta property=\"og:title\" content=\"La revista de frivolidades \u00a1Hola! vuelve a meter fotos de AMLO, ahora por Anah\u00ed y Manuel Velasco -\" \/>\n<meta property=\"og:description\" content=\"La revista de frivolidades \u00a1Hola! vuelve a meter fotos de AMLO, ahora por Anah\u00ed y Manuel Velasco Por Redacci\u00f3n QP\" \/>\n<meta property=\"og:url\" content=\"https:\/\/quehacerpolitico.mx\/?p=7577\" \/>\n<meta property=\"article:published_time\" content=\"2018-10-24T00:31:01+00:00\" \/>\n<meta name=\"author\" content=\"Redacci\u00f3n QP\" \/>\n<meta name=\"twitter:card\" content=\"summary_large_image\" \/>\n<meta name=\"twitter:label1\" content=\"Escrito por\" \/>\n\t<meta name=\"twitter:data1\" content=\"Redacci\u00f3n QP\" \/>\n\t<meta name=\"twitter:label2\" content=\"Tiempo de lectura\" \/>\n\t<meta name=\"twitter:data2\" content=\"4 minutos\" \/>\n<script type=\"application\/ld+json\" class=\"yoast-schema-graph\">{\"@context\":\"https:\\\/\\\/schema.org\",\"@graph\":[{\"@type\":\"Article\",\"@id\":\"https:\\\/\\\/quehacerpolitico.mx\\\/?p=7577#article\",\"isPartOf\":{\"@id\":\"https:\\\/\\\/quehacerpolitico.mx\\\/?p=7577\"},\"author\":{\"name\":\"Redacci\u00f3n QP\",\"@id\":\"https:\\\/\\\/quehacerpolitico.mx\\\/#\\\/schema\\\/person\\\/496d8ad2d1d3f8036101dca7ee39e585\"},\"headline\":\"La revista de frivolidades \u00a1Hola! vuelve a meter fotos de AMLO, ahora por Anah\u00ed y Manuel Velasco\",\"datePublished\":\"2018-10-24T00:31:01+00:00\",\"mainEntityOfPage\":{\"@id\":\"https:\\\/\\\/quehacerpolitico.mx\\\/?p=7577\"},\"wordCount\":916,\"commentCount\":0,\"image\":{\"@id\":\"https:\\\/\\\/quehacerpolitico.mx\\\/?p=7577#primaryimage\"},\"thumbnailUrl\":\"\",\"articleSection\":[\"Noticias\"],\"inLanguage\":\"es\",\"potentialAction\":[{\"@type\":\"CommentAction\",\"name\":\"Comment\",\"target\":[\"https:\\\/\\\/quehacerpolitico.mx\\\/?p=7577#respond\"]}]},{\"@type\":\"WebPage\",\"@id\":\"https:\\\/\\\/quehacerpolitico.mx\\\/?p=7577\",\"url\":\"https:\\\/\\\/quehacerpolitico.mx\\\/?p=7577\",\"name\":\"La revista de frivolidades \u00a1Hola! vuelve a meter fotos de AMLO, ahora por Anah\u00ed y Manuel Velasco -\",\"isPartOf\":{\"@id\":\"https:\\\/\\\/quehacerpolitico.mx\\\/#website\"},\"primaryImageOfPage\":{\"@id\":\"https:\\\/\\\/quehacerpolitico.mx\\\/?p=7577#primaryimage\"},\"image\":{\"@id\":\"https:\\\/\\\/quehacerpolitico.mx\\\/?p=7577#primaryimage\"},\"thumbnailUrl\":\"\",\"datePublished\":\"2018-10-24T00:31:01+00:00\",\"author\":{\"@id\":\"https:\\\/\\\/quehacerpolitico.mx\\\/#\\\/schema\\\/person\\\/496d8ad2d1d3f8036101dca7ee39e585\"},\"breadcrumb\":{\"@id\":\"https:\\\/\\\/quehacerpolitico.mx\\\/?p=7577#breadcrumb\"},\"inLanguage\":\"es\",\"potentialAction\":[{\"@type\":\"ReadAction\",\"target\":[\"https:\\\/\\\/quehacerpolitico.mx\\\/?p=7577\"]}]},{\"@type\":\"ImageObject\",\"inLanguage\":\"es\",\"@id\":\"https:\\\/\\\/quehacerpolitico.mx\\\/?p=7577#primaryimage\",\"url\":\"\",\"contentUrl\":\"\"},{\"@type\":\"BreadcrumbList\",\"@id\":\"https:\\\/\\\/quehacerpolitico.mx\\\/?p=7577#breadcrumb\",\"itemListElement\":[{\"@type\":\"ListItem\",\"position\":1,\"name\":\"Inicio\",\"item\":\"https:\\\/\\\/quehacerpolitico.mx\\\/\"},{\"@type\":\"ListItem\",\"position\":2,\"name\":\"La revista de frivolidades \u00a1Hola! vuelve a meter fotos de AMLO, ahora por Anah\u00ed y Manuel Velasco\"}]},{\"@type\":\"WebSite\",\"@id\":\"https:\\\/\\\/quehacerpolitico.mx\\\/#website\",\"url\":\"https:\\\/\\\/quehacerpolitico.mx\\\/\",\"name\":\"\",\"description\":\"\",\"potentialAction\":[{\"@type\":\"SearchAction\",\"target\":{\"@type\":\"EntryPoint\",\"urlTemplate\":\"https:\\\/\\\/quehacerpolitico.mx\\\/?s={search_term_string}\"},\"query-input\":{\"@type\":\"PropertyValueSpecification\",\"valueRequired\":true,\"valueName\":\"search_term_string\"}}],\"inLanguage\":\"es\"},{\"@type\":\"Person\",\"@id\":\"https:\\\/\\\/quehacerpolitico.mx\\\/#\\\/schema\\\/person\\\/496d8ad2d1d3f8036101dca7ee39e585\",\"name\":\"Redacci\u00f3n QP\",\"image\":{\"@type\":\"ImageObject\",\"inLanguage\":\"es\",\"@id\":\"https:\\\/\\\/secure.gravatar.com\\\/avatar\\\/c7164ed6fdec453195284ad24a5ae5b6e1eed2b848477fa2a4787ba9adf39a41?s=96&d=mm&r=g\",\"url\":\"https:\\\/\\\/secure.gravatar.com\\\/avatar\\\/c7164ed6fdec453195284ad24a5ae5b6e1eed2b848477fa2a4787ba9adf39a41?s=96&d=mm&r=g\",\"contentUrl\":\"https:\\\/\\\/secure.gravatar.com\\\/avatar\\\/c7164ed6fdec453195284ad24a5ae5b6e1eed2b848477fa2a4787ba9adf39a41?s=96&d=mm&r=g\",\"caption\":\"Redacci\u00f3n QP\"},\"url\":\"https:\\\/\\\/quehacerpolitico.mx\\\/?author=2\"}]}<\/script>\n<!-- \/ Yoast SEO plugin. -->","yoast_head_json":{"title":"La revista de frivolidades \u00a1Hola! vuelve a meter fotos de AMLO, ahora por Anah\u00ed y Manuel Velasco -","robots":{"index":"index","follow":"follow","max-snippet":"max-snippet:-1","max-image-preview":"max-image-preview:large","max-video-preview":"max-video-preview:-1"},"canonical":"https:\/\/quehacerpolitico.mx\/?p=7577","og_locale":"es_MX","og_type":"article","og_title":"La revista de frivolidades \u00a1Hola! vuelve a meter fotos de AMLO, ahora por Anah\u00ed y Manuel Velasco -","og_description":"La revista de frivolidades \u00a1Hola! vuelve a meter fotos de AMLO, ahora por Anah\u00ed y Manuel Velasco Por Redacci\u00f3n QP","og_url":"https:\/\/quehacerpolitico.mx\/?p=7577","article_published_time":"2018-10-24T00:31:01+00:00","author":"Redacci\u00f3n QP","twitter_card":"summary_large_image","twitter_misc":{"Escrito por":"Redacci\u00f3n QP","Tiempo de lectura":"4 minutos"},"schema":{"@context":"https:\/\/schema.org","@graph":[{"@type":"Article","@id":"https:\/\/quehacerpolitico.mx\/?p=7577#article","isPartOf":{"@id":"https:\/\/quehacerpolitico.mx\/?p=7577"},"author":{"name":"Redacci\u00f3n QP","@id":"https:\/\/quehacerpolitico.mx\/#\/schema\/person\/496d8ad2d1d3f8036101dca7ee39e585"},"headline":"La revista de frivolidades \u00a1Hola! vuelve a meter fotos de AMLO, ahora por Anah\u00ed y Manuel Velasco","datePublished":"2018-10-24T00:31:01+00:00","mainEntityOfPage":{"@id":"https:\/\/quehacerpolitico.mx\/?p=7577"},"wordCount":916,"commentCount":0,"image":{"@id":"https:\/\/quehacerpolitico.mx\/?p=7577#primaryimage"},"thumbnailUrl":"","articleSection":["Noticias"],"inLanguage":"es","potentialAction":[{"@type":"CommentAction","name":"Comment","target":["https:\/\/quehacerpolitico.mx\/?p=7577#respond"]}]},{"@type":"WebPage","@id":"https:\/\/quehacerpolitico.mx\/?p=7577","url":"https:\/\/quehacerpolitico.mx\/?p=7577","name":"La revista de frivolidades \u00a1Hola! vuelve a meter fotos de AMLO, ahora por Anah\u00ed y Manuel Velasco -","isPartOf":{"@id":"https:\/\/quehacerpolitico.mx\/#website"},"primaryImageOfPage":{"@id":"https:\/\/quehacerpolitico.mx\/?p=7577#primaryimage"},"image":{"@id":"https:\/\/quehacerpolitico.mx\/?p=7577#primaryimage"},"thumbnailUrl":"","datePublished":"2018-10-24T00:31:01+00:00","author":{"@id":"https:\/\/quehacerpolitico.mx\/#\/schema\/person\/496d8ad2d1d3f8036101dca7ee39e585"},"breadcrumb":{"@id":"https:\/\/quehacerpolitico.mx\/?p=7577#breadcrumb"},"inLanguage":"es","potentialAction":[{"@type":"ReadAction","target":["https:\/\/quehacerpolitico.mx\/?p=7577"]}]},{"@type":"ImageObject","inLanguage":"es","@id":"https:\/\/quehacerpolitico.mx\/?p=7577#primaryimage","url":"","contentUrl":""},{"@type":"BreadcrumbList","@id":"https:\/\/quehacerpolitico.mx\/?p=7577#breadcrumb","itemListElement":[{"@type":"ListItem","position":1,"name":"Inicio","item":"https:\/\/quehacerpolitico.mx\/"},{"@type":"ListItem","position":2,"name":"La revista de frivolidades \u00a1Hola! vuelve a meter fotos de AMLO, ahora por Anah\u00ed y Manuel Velasco"}]},{"@type":"WebSite","@id":"https:\/\/quehacerpolitico.mx\/#website","url":"https:\/\/quehacerpolitico.mx\/","name":"","description":"","potentialAction":[{"@type":"SearchAction","target":{"@type":"EntryPoint","urlTemplate":"https:\/\/quehacerpolitico.mx\/?s={search_term_string}"},"query-input":{"@type":"PropertyValueSpecification","valueRequired":true,"valueName":"search_term_string"}}],"inLanguage":"es"},{"@type":"Person","@id":"https:\/\/quehacerpolitico.mx\/#\/schema\/person\/496d8ad2d1d3f8036101dca7ee39e585","name":"Redacci\u00f3n QP","image":{"@type":"ImageObject","inLanguage":"es","@id":"https:\/\/secure.gravatar.com\/avatar\/c7164ed6fdec453195284ad24a5ae5b6e1eed2b848477fa2a4787ba9adf39a41?s=96&d=mm&r=g","url":"https:\/\/secure.gravatar.com\/avatar\/c7164ed6fdec453195284ad24a5ae5b6e1eed2b848477fa2a4787ba9adf39a41?s=96&d=mm&r=g","contentUrl":"https:\/\/secure.gravatar.com\/avatar\/c7164ed6fdec453195284ad24a5ae5b6e1eed2b848477fa2a4787ba9adf39a41?s=96&d=mm&r=g","caption":"Redacci\u00f3n QP"},"url":"https:\/\/quehacerpolitico.mx\/?author=2"}]}},"featured_image_urls":{"full":"","thumbnail":"","medium":"","medium_large":"","large":"","1536x1536":"","2048x2048":"","covernews-featured":"","covernews-medium":""},"author_info":{"display_name":"Redacci\u00f3n QP","author_link":"https:\/\/quehacerpolitico.mx\/?author=2"},"category_info":"<a href=\"https:\/\/quehacerpolitico.mx\/?cat=2\" rel=\"category\">Noticias<\/a>","tag_info":"Noticias","comment_count":"0","_links":{"self":[{"href":"https:\/\/quehacerpolitico.mx\/index.php?rest_route=\/wp\/v2\/posts\/7577","targetHints":{"allow":["GET"]}}],"collection":[{"href":"https:\/\/quehacerpolitico.mx\/index.php?rest_route=\/wp\/v2\/posts"}],"about":[{"href":"https:\/\/quehacerpolitico.mx\/index.php?rest_route=\/wp\/v2\/types\/post"}],"author":[{"embeddable":true,"href":"https:\/\/quehacerpolitico.mx\/index.php?rest_route=\/wp\/v2\/users\/2"}],"replies":[{"embeddable":true,"href":"https:\/\/quehacerpolitico.mx\/index.php?rest_route=%2Fwp%2Fv2%2Fcomments&post=7577"}],"version-history":[{"count":0,"href":"https:\/\/quehacerpolitico.mx\/index.php?rest_route=\/wp\/v2\/posts\/7577\/revisions"}],"wp:featuredmedia":[{"embeddable":true,"href":"https:\/\/quehacerpolitico.mx\/index.php?rest_route=\/"}],"wp:attachment":[{"href":"https:\/\/quehacerpolitico.mx\/index.php?rest_route=%2Fwp%2Fv2%2Fmedia&parent=7577"}],"wp:term":[{"taxonomy":"category","embeddable":true,"href":"https:\/\/quehacerpolitico.mx\/index.php?rest_route=%2Fwp%2Fv2%2Fcategories&post=7577"},{"taxonomy":"post_tag","embeddable":true,"href":"https:\/\/quehacerpolitico.mx\/index.php?rest_route=%2Fwp%2Fv2%2Ftags&post=7577"}],"curies":[{"name":"wp","href":"https:\/\/api.w.org\/{rel}","templated":true}]}}