{"id":7575,"date":"2018-10-23T23:52:06","date_gmt":"2018-10-23T23:52:06","guid":{"rendered":"http:\/\/quehacerpolitico.mx\/video-sigo-siendo-la-lider-del-snte-juan-diaz-solo-tiene-la-chequera-de-los-maestros-elba-esther\/"},"modified":"2018-10-23T23:52:06","modified_gmt":"2018-10-23T23:52:06","slug":"video-sigo-siendo-la-lider-del-snte-juan-diaz-solo-tiene-la-chequera-de-los-maestros-elba-esther","status":"publish","type":"post","link":"https:\/\/quehacerpolitico.mx\/?p=7575","title":{"rendered":"VIDEO: Sigo siendo la l\u00edder del SNTE; Juan D\u00edaz s\u00f3lo tiene la chequera de los maestros: Elba Esther"},"content":{"rendered":"<h1>VIDEO: Sigo siendo la l\u00edder del SNTE; Juan D\u00edaz s\u00f3lo tiene la chequera de los maestros: Elba Esther<\/h1>\n<p>Por Redacci\u00f3n QP<\/p>\n<p>Entre gritos de apoyo y muestras de aliento por parte de maestros,<strong> Elba Esther Gordillo<\/strong> asegur\u00f3 que sigue siendo la presidenta <strong>del Sindicato Nacional de Trabajadores de la Educaci\u00f3n<\/strong>\u00a0(<strong>SNTE<\/strong>).<\/p>\n<p>En su intervenci\u00f3n en una reuni\u00f3n del movimiento magisterial <strong>\u201cMaestros X M\u00e9xico\u201d,<\/strong> la ex lideresa sindical pidi\u00f3 el apoyo de los profesores para recuperar el control de la SNTE e indic\u00f3 que el actual dirigente, <strong>Juan D\u00edaz<\/strong>, s\u00f3lo tiene la chequera de los maestros, pero ella el liderazgo.<\/p>\n<blockquote>\n<p>\u201cNo se crean que hay tiempo fatales, aquellos dicen que si octubre, que el Congreso. La ley es la ley y voy a hacer respetar la ley, como demostr\u00e9 mi inocencia ayer. Yo sigo siendo la presidenta del Comit\u00e9 Ejecutivo Nacional, lo que tiene Juan D\u00edaz es la chequera de los maestros. Pero lo que tengo yo es el liderazgo de los trabajadores. \u00a1\u00c9sa es la diferencia!\u201d, dijo.<\/p>\n<p><iframe loading=\"lazy\" title=\"&quot;Yo soy la presidenta del SNTE&quot;, Elba Esther Gordillo - Reflejo P\u00fablico\" width=\"640\" height=\"360\" src=\"https:\/\/www.youtube.com\/embed\/qRjlVxtEIDE?feature=oembed\" frameborder=\"0\" allow=\"accelerometer; autoplay; clipboard-write; encrypted-media; gyroscope; picture-in-picture; web-share\" referrerpolicy=\"strict-origin-when-cross-origin\" allowfullscreen><\/iframe><\/p>\n<p>Elba Esther Gordillo dijo que no estaba retirada e indic\u00f3 que fue encarcelada con el prop\u00f3sito de debilitar a los maestros.<\/p>\n<p>\u201cQue nadie est\u00e9 pensando en que va a regresar. \u00a1No se fue! Estuve detenida porque no tuvieron las agallas para defender, en el espacio que se deb\u00eda, la raz\u00f3n de una ley infame, opresiva y humillante para los trabajadores de la educaci\u00f3n\u201d, dijo Gordillo despertando el apoyo de los presentes quien gritaban \u00a1Presidenta! \u00a1Presidenta!.<\/p>\n<p>Gordillo indic\u00f3 que con el apoyo de los maestros recuperar\u00e1 el SNTE.<\/p>\n<p>\u201cVamos a su rescate, vamos por el voto secreto, vamos por la pluralidad, vamos por la autonom\u00eda e independencia, vamos por una educaci\u00f3n p\u00fablica de excelencia\u201d, exclam\u00f3.<\/p>\n<\/blockquote>\n","protected":false},"excerpt":{"rendered":"<p>VIDEO: Sigo siendo la l\u00edder del SNTE; Juan D\u00edaz s\u00f3lo tiene la chequera de los maestros: Elba Esther<br \/>\nPor Redacci\u00f3n QP<\/p>\n","protected":false},"author":2,"featured_media":7574,"comment_status":"open","ping_status":"open","sticky":false,"template":"","format":"standard","meta":{"_monsterinsights_skip_tracking":false,"_monsterinsights_sitenote_active":false,"_monsterinsights_sitenote_note":"","_monsterinsights_sitenote_category":0,"footnotes":""},"categories":[2],"tags":[],"class_list":["post-7575","post","type-post","status-publish","format-standard","has-post-thumbnail","hentry","category-noticias"],"yoast_head":"<!-- This site is optimized with the Yoast SEO plugin v27.3 - https:\/\/yoast.com\/product\/yoast-seo-wordpress\/ -->\n<title>VIDEO: Sigo siendo la l\u00edder del SNTE; Juan D\u00edaz s\u00f3lo tiene la chequera de los maestros: Elba Esther -<\/title>\n<meta name=\"robots\" content=\"index, follow, max-snippet:-1, max-image-preview:large, max-video-preview:-1\" \/>\n<link rel=\"canonical\" href=\"https:\/\/quehacerpolitico.mx\/?p=7575\" \/>\n<meta property=\"og:locale\" content=\"es_MX\" \/>\n<meta property=\"og:type\" content=\"article\" \/>\n<meta property=\"og:title\" content=\"VIDEO: Sigo siendo la l\u00edder del SNTE; Juan D\u00edaz s\u00f3lo tiene la chequera de los maestros: Elba Esther -\" \/>\n<meta property=\"og:description\" content=\"VIDEO: Sigo siendo la l\u00edder del SNTE; Juan D\u00edaz s\u00f3lo tiene la chequera de los maestros: Elba Esther Por Redacci\u00f3n QP\" \/>\n<meta property=\"og:url\" content=\"https:\/\/quehacerpolitico.mx\/?p=7575\" \/>\n<meta property=\"article:published_time\" content=\"2018-10-23T23:52:06+00:00\" \/>\n<meta name=\"author\" content=\"Redacci\u00f3n QP\" \/>\n<meta name=\"twitter:card\" content=\"summary_large_image\" \/>\n<meta name=\"twitter:label1\" content=\"Escrito por\" \/>\n\t<meta name=\"twitter:data1\" content=\"Redacci\u00f3n QP\" \/>\n\t<meta name=\"twitter:label2\" content=\"Tiempo de lectura\" \/>\n\t<meta name=\"twitter:data2\" content=\"2 minutos\" \/>\n<script type=\"application\/ld+json\" class=\"yoast-schema-graph\">{\"@context\":\"https:\\\/\\\/schema.org\",\"@graph\":[{\"@type\":\"Article\",\"@id\":\"https:\\\/\\\/quehacerpolitico.mx\\\/?p=7575#article\",\"isPartOf\":{\"@id\":\"https:\\\/\\\/quehacerpolitico.mx\\\/?p=7575\"},\"author\":{\"name\":\"Redacci\u00f3n QP\",\"@id\":\"https:\\\/\\\/quehacerpolitico.mx\\\/#\\\/schema\\\/person\\\/496d8ad2d1d3f8036101dca7ee39e585\"},\"headline\":\"VIDEO: Sigo siendo la l\u00edder del SNTE; Juan D\u00edaz s\u00f3lo tiene la chequera de los maestros: Elba Esther\",\"datePublished\":\"2018-10-23T23:52:06+00:00\",\"mainEntityOfPage\":{\"@id\":\"https:\\\/\\\/quehacerpolitico.mx\\\/?p=7575\"},\"wordCount\":324,\"commentCount\":0,\"image\":{\"@id\":\"https:\\\/\\\/quehacerpolitico.mx\\\/?p=7575#primaryimage\"},\"thumbnailUrl\":\"\",\"articleSection\":[\"Noticias\"],\"inLanguage\":\"es\",\"potentialAction\":[{\"@type\":\"CommentAction\",\"name\":\"Comment\",\"target\":[\"https:\\\/\\\/quehacerpolitico.mx\\\/?p=7575#respond\"]}]},{\"@type\":\"WebPage\",\"@id\":\"https:\\\/\\\/quehacerpolitico.mx\\\/?p=7575\",\"url\":\"https:\\\/\\\/quehacerpolitico.mx\\\/?p=7575\",\"name\":\"VIDEO: Sigo siendo la l\u00edder del SNTE; Juan D\u00edaz s\u00f3lo tiene la chequera de los maestros: Elba Esther -\",\"isPartOf\":{\"@id\":\"https:\\\/\\\/quehacerpolitico.mx\\\/#website\"},\"primaryImageOfPage\":{\"@id\":\"https:\\\/\\\/quehacerpolitico.mx\\\/?p=7575#primaryimage\"},\"image\":{\"@id\":\"https:\\\/\\\/quehacerpolitico.mx\\\/?p=7575#primaryimage\"},\"thumbnailUrl\":\"\",\"datePublished\":\"2018-10-23T23:52:06+00:00\",\"author\":{\"@id\":\"https:\\\/\\\/quehacerpolitico.mx\\\/#\\\/schema\\\/person\\\/496d8ad2d1d3f8036101dca7ee39e585\"},\"breadcrumb\":{\"@id\":\"https:\\\/\\\/quehacerpolitico.mx\\\/?p=7575#breadcrumb\"},\"inLanguage\":\"es\",\"potentialAction\":[{\"@type\":\"ReadAction\",\"target\":[\"https:\\\/\\\/quehacerpolitico.mx\\\/?p=7575\"]}]},{\"@type\":\"ImageObject\",\"inLanguage\":\"es\",\"@id\":\"https:\\\/\\\/quehacerpolitico.mx\\\/?p=7575#primaryimage\",\"url\":\"\",\"contentUrl\":\"\"},{\"@type\":\"BreadcrumbList\",\"@id\":\"https:\\\/\\\/quehacerpolitico.mx\\\/?p=7575#breadcrumb\",\"itemListElement\":[{\"@type\":\"ListItem\",\"position\":1,\"name\":\"Inicio\",\"item\":\"https:\\\/\\\/quehacerpolitico.mx\\\/\"},{\"@type\":\"ListItem\",\"position\":2,\"name\":\"VIDEO: Sigo siendo la l\u00edder del SNTE; Juan D\u00edaz s\u00f3lo tiene la chequera de los maestros: Elba Esther\"}]},{\"@type\":\"WebSite\",\"@id\":\"https:\\\/\\\/quehacerpolitico.mx\\\/#website\",\"url\":\"https:\\\/\\\/quehacerpolitico.mx\\\/\",\"name\":\"\",\"description\":\"\",\"potentialAction\":[{\"@type\":\"SearchAction\",\"target\":{\"@type\":\"EntryPoint\",\"urlTemplate\":\"https:\\\/\\\/quehacerpolitico.mx\\\/?s={search_term_string}\"},\"query-input\":{\"@type\":\"PropertyValueSpecification\",\"valueRequired\":true,\"valueName\":\"search_term_string\"}}],\"inLanguage\":\"es\"},{\"@type\":\"Person\",\"@id\":\"https:\\\/\\\/quehacerpolitico.mx\\\/#\\\/schema\\\/person\\\/496d8ad2d1d3f8036101dca7ee39e585\",\"name\":\"Redacci\u00f3n QP\",\"image\":{\"@type\":\"ImageObject\",\"inLanguage\":\"es\",\"@id\":\"https:\\\/\\\/secure.gravatar.com\\\/avatar\\\/c7164ed6fdec453195284ad24a5ae5b6e1eed2b848477fa2a4787ba9adf39a41?s=96&d=mm&r=g\",\"url\":\"https:\\\/\\\/secure.gravatar.com\\\/avatar\\\/c7164ed6fdec453195284ad24a5ae5b6e1eed2b848477fa2a4787ba9adf39a41?s=96&d=mm&r=g\",\"contentUrl\":\"https:\\\/\\\/secure.gravatar.com\\\/avatar\\\/c7164ed6fdec453195284ad24a5ae5b6e1eed2b848477fa2a4787ba9adf39a41?s=96&d=mm&r=g\",\"caption\":\"Redacci\u00f3n QP\"},\"url\":\"https:\\\/\\\/quehacerpolitico.mx\\\/?author=2\"}]}<\/script>\n<!-- \/ Yoast SEO plugin. -->","yoast_head_json":{"title":"VIDEO: Sigo siendo la l\u00edder del SNTE; Juan D\u00edaz s\u00f3lo tiene la chequera de los maestros: Elba Esther -","robots":{"index":"index","follow":"follow","max-snippet":"max-snippet:-1","max-image-preview":"max-image-preview:large","max-video-preview":"max-video-preview:-1"},"canonical":"https:\/\/quehacerpolitico.mx\/?p=7575","og_locale":"es_MX","og_type":"article","og_title":"VIDEO: Sigo siendo la l\u00edder del SNTE; Juan D\u00edaz s\u00f3lo tiene la chequera de los maestros: Elba Esther -","og_description":"VIDEO: Sigo siendo la l\u00edder del SNTE; Juan D\u00edaz s\u00f3lo tiene la chequera de los maestros: Elba Esther Por Redacci\u00f3n QP","og_url":"https:\/\/quehacerpolitico.mx\/?p=7575","article_published_time":"2018-10-23T23:52:06+00:00","author":"Redacci\u00f3n QP","twitter_card":"summary_large_image","twitter_misc":{"Escrito por":"Redacci\u00f3n QP","Tiempo de lectura":"2 minutos"},"schema":{"@context":"https:\/\/schema.org","@graph":[{"@type":"Article","@id":"https:\/\/quehacerpolitico.mx\/?p=7575#article","isPartOf":{"@id":"https:\/\/quehacerpolitico.mx\/?p=7575"},"author":{"name":"Redacci\u00f3n QP","@id":"https:\/\/quehacerpolitico.mx\/#\/schema\/person\/496d8ad2d1d3f8036101dca7ee39e585"},"headline":"VIDEO: Sigo siendo la l\u00edder del SNTE; Juan D\u00edaz s\u00f3lo tiene la chequera de los maestros: Elba Esther","datePublished":"2018-10-23T23:52:06+00:00","mainEntityOfPage":{"@id":"https:\/\/quehacerpolitico.mx\/?p=7575"},"wordCount":324,"commentCount":0,"image":{"@id":"https:\/\/quehacerpolitico.mx\/?p=7575#primaryimage"},"thumbnailUrl":"","articleSection":["Noticias"],"inLanguage":"es","potentialAction":[{"@type":"CommentAction","name":"Comment","target":["https:\/\/quehacerpolitico.mx\/?p=7575#respond"]}]},{"@type":"WebPage","@id":"https:\/\/quehacerpolitico.mx\/?p=7575","url":"https:\/\/quehacerpolitico.mx\/?p=7575","name":"VIDEO: Sigo siendo la l\u00edder del SNTE; Juan D\u00edaz s\u00f3lo tiene la chequera de los maestros: Elba Esther -","isPartOf":{"@id":"https:\/\/quehacerpolitico.mx\/#website"},"primaryImageOfPage":{"@id":"https:\/\/quehacerpolitico.mx\/?p=7575#primaryimage"},"image":{"@id":"https:\/\/quehacerpolitico.mx\/?p=7575#primaryimage"},"thumbnailUrl":"","datePublished":"2018-10-23T23:52:06+00:00","author":{"@id":"https:\/\/quehacerpolitico.mx\/#\/schema\/person\/496d8ad2d1d3f8036101dca7ee39e585"},"breadcrumb":{"@id":"https:\/\/quehacerpolitico.mx\/?p=7575#breadcrumb"},"inLanguage":"es","potentialAction":[{"@type":"ReadAction","target":["https:\/\/quehacerpolitico.mx\/?p=7575"]}]},{"@type":"ImageObject","inLanguage":"es","@id":"https:\/\/quehacerpolitico.mx\/?p=7575#primaryimage","url":"","contentUrl":""},{"@type":"BreadcrumbList","@id":"https:\/\/quehacerpolitico.mx\/?p=7575#breadcrumb","itemListElement":[{"@type":"ListItem","position":1,"name":"Inicio","item":"https:\/\/quehacerpolitico.mx\/"},{"@type":"ListItem","position":2,"name":"VIDEO: Sigo siendo la l\u00edder del SNTE; Juan D\u00edaz s\u00f3lo tiene la chequera de los maestros: Elba Esther"}]},{"@type":"WebSite","@id":"https:\/\/quehacerpolitico.mx\/#website","url":"https:\/\/quehacerpolitico.mx\/","name":"","description":"","potentialAction":[{"@type":"SearchAction","target":{"@type":"EntryPoint","urlTemplate":"https:\/\/quehacerpolitico.mx\/?s={search_term_string}"},"query-input":{"@type":"PropertyValueSpecification","valueRequired":true,"valueName":"search_term_string"}}],"inLanguage":"es"},{"@type":"Person","@id":"https:\/\/quehacerpolitico.mx\/#\/schema\/person\/496d8ad2d1d3f8036101dca7ee39e585","name":"Redacci\u00f3n QP","image":{"@type":"ImageObject","inLanguage":"es","@id":"https:\/\/secure.gravatar.com\/avatar\/c7164ed6fdec453195284ad24a5ae5b6e1eed2b848477fa2a4787ba9adf39a41?s=96&d=mm&r=g","url":"https:\/\/secure.gravatar.com\/avatar\/c7164ed6fdec453195284ad24a5ae5b6e1eed2b848477fa2a4787ba9adf39a41?s=96&d=mm&r=g","contentUrl":"https:\/\/secure.gravatar.com\/avatar\/c7164ed6fdec453195284ad24a5ae5b6e1eed2b848477fa2a4787ba9adf39a41?s=96&d=mm&r=g","caption":"Redacci\u00f3n QP"},"url":"https:\/\/quehacerpolitico.mx\/?author=2"}]}},"featured_image_urls":{"full":"","thumbnail":"","medium":"","medium_large":"","large":"","1536x1536":"","2048x2048":"","covernews-featured":"","covernews-medium":""},"author_info":{"display_name":"Redacci\u00f3n QP","author_link":"https:\/\/quehacerpolitico.mx\/?author=2"},"category_info":"<a href=\"https:\/\/quehacerpolitico.mx\/?cat=2\" rel=\"category\">Noticias<\/a>","tag_info":"Noticias","comment_count":"0","_links":{"self":[{"href":"https:\/\/quehacerpolitico.mx\/index.php?rest_route=\/wp\/v2\/posts\/7575","targetHints":{"allow":["GET"]}}],"collection":[{"href":"https:\/\/quehacerpolitico.mx\/index.php?rest_route=\/wp\/v2\/posts"}],"about":[{"href":"https:\/\/quehacerpolitico.mx\/index.php?rest_route=\/wp\/v2\/types\/post"}],"author":[{"embeddable":true,"href":"https:\/\/quehacerpolitico.mx\/index.php?rest_route=\/wp\/v2\/users\/2"}],"replies":[{"embeddable":true,"href":"https:\/\/quehacerpolitico.mx\/index.php?rest_route=%2Fwp%2Fv2%2Fcomments&post=7575"}],"version-history":[{"count":0,"href":"https:\/\/quehacerpolitico.mx\/index.php?rest_route=\/wp\/v2\/posts\/7575\/revisions"}],"wp:featuredmedia":[{"embeddable":true,"href":"https:\/\/quehacerpolitico.mx\/index.php?rest_route=\/"}],"wp:attachment":[{"href":"https:\/\/quehacerpolitico.mx\/index.php?rest_route=%2Fwp%2Fv2%2Fmedia&parent=7575"}],"wp:term":[{"taxonomy":"category","embeddable":true,"href":"https:\/\/quehacerpolitico.mx\/index.php?rest_route=%2Fwp%2Fv2%2Fcategories&post=7575"},{"taxonomy":"post_tag","embeddable":true,"href":"https:\/\/quehacerpolitico.mx\/index.php?rest_route=%2Fwp%2Fv2%2Ftags&post=7575"}],"curies":[{"name":"wp","href":"https:\/\/api.w.org\/{rel}","templated":true}]}}