{"id":7573,"date":"2018-10-23T23:42:34","date_gmt":"2018-10-23T23:42:34","guid":{"rendered":"http:\/\/quehacerpolitico.mx\/maestros-se-manifiestan-en-san-lazaro-para-exigir-el-regreso-de-elba-esther-al-snte\/"},"modified":"2018-10-23T23:42:34","modified_gmt":"2018-10-23T23:42:34","slug":"maestros-se-manifiestan-en-san-lazaro-para-exigir-el-regreso-de-elba-esther-al-snte","status":"publish","type":"post","link":"https:\/\/quehacerpolitico.mx\/?p=7573","title":{"rendered":"Maestros se manifiestan en San L\u00e1zaro para exigir el regreso de Elba Esther al SNTE"},"content":{"rendered":"<h1>Maestros se manifiestan en San L\u00e1zaro para exigir el regreso de Elba Esther al SNTE<\/h1>\n<p>Por Redacci\u00f3n QP<\/p>\n<p>Cientos de integrantes de la organizaci\u00f3n<strong> Maestros X M\u00e9xico<\/strong> se manifestaron en las inmediaciones de la <strong>C\u00e1mara de Diputados<\/strong> para exigir el reconocimiento de <strong>Elba Esther Gordillo<\/strong> como presidenta del Sindicato Nacional de Trabajadores de la Educaci\u00f3n (<strong>SNTE<\/strong>).<\/p>\n<p>Con pancartas, consignas y muestras de apoyo, los maestros expresaron su deseo porque Elba Esther Gordillo retome las riendas del sindicato y y exigieron la destituci\u00f3n inmediata del Secretario General <strong>Juan D\u00edaz de la Torre<\/strong>.<\/p>\n<p>\u201cRequerimos el reconocimiento de la maestra Elba Esther como presidenta nacional\u201d, dijo\u00a0Venancio Morales Z\u00fa\u00f1iga, integrante de Maestros por M\u00e9xico.<\/p>\n<p>Los manifestantes leyeron un pliego que destaca 13 puntos sobre educaci\u00f3n y vida sindical. Pidieron el restablecimiento de los profesores despedidos por luchar contra la reforma educativa.<\/p>\n<div id=\"attachment_3488307\" class=\"wp-caption alignnone\"><img loading=\"lazy\" decoding=\"async\" class=\"wp-image-3488307 size-full\" src=\"http:\/\/www.sinembargo.mx\/wp-content\/uploads\/2018\/10\/snte.jpg\" sizes=\"auto, (max-width: 700px) 100vw, 700px\" srcset=\"http:\/\/www.sinembargo.mx\/wp-content\/uploads\/2018\/10\/snte.jpg 700w, http:\/\/www.sinembargo.mx\/wp-content\/uploads\/2018\/10\/snte-300x207.jpg 300w\" alt=\"\" width=\"700\" height=\"484\" \/><\/p>\n<p class=\"wp-caption-text\">El grupo Maestros por M\u00e9xico, allegado a Elba Esther Gordillo, exigi\u00f3 al Congreso federal que los tomen en cuenta al elaborar una nueva ley sobre la educaci\u00f3n del Pa\u00eds. Foto: Cuartoscuro<\/p>\n<\/div>\n<p>El d\u00eda de ayer, Elba Esther Gordillo asegur\u00f3 que sigue siendo la presidenta del Sindicato Nacional de Trabajadores de la Educaci\u00f3n (SNTE).<\/p>\n<p>En su intervenci\u00f3n en una reuni\u00f3n del movimiento magisterial \u201cMaestros X M\u00e9xico\u201d, la ex lideresa sindical pidi\u00f3 el apoyo de los profesores para recuperar el control de la SNTE e indic\u00f3 que el actual dirigente, Juan D\u00edaz, s\u00f3lo tiene la chequera de los maestros, pero ella el liderazgo.<\/p>\n<p>\u201cNo se crean que hay tiempo fatales, aquellos dicen que si octubre, que el Congreso. La ley es la ley y voy a hacer respetar la ley, como demostr\u00e9 mi inocencia ayer. Yo sigo siendo la presidenta del Comit\u00e9 Ejecutivo Nacional, lo que tiene Juan D\u00edaz es la chequera de los maestros. Pero lo que tengo yo es el liderazgo de los trabajadores. \u00a1\u00c9sa es la diferencia!\u201d, dijo.<\/p>\n","protected":false},"excerpt":{"rendered":"<p>Maestros se manifiestan en San L\u00e1zaro para exigir el regreso de Elba Esther al SNTE<br \/>\nPor Redacci\u00f3n QP<\/p>\n","protected":false},"author":2,"featured_media":7572,"comment_status":"open","ping_status":"open","sticky":false,"template":"","format":"standard","meta":{"_monsterinsights_skip_tracking":false,"_monsterinsights_sitenote_active":false,"_monsterinsights_sitenote_note":"","_monsterinsights_sitenote_category":0,"footnotes":""},"categories":[2],"tags":[],"class_list":["post-7573","post","type-post","status-publish","format-standard","has-post-thumbnail","hentry","category-noticias"],"yoast_head":"<!-- This site is optimized with the Yoast SEO plugin v27.3 - https:\/\/yoast.com\/product\/yoast-seo-wordpress\/ -->\n<title>Maestros se manifiestan en San L\u00e1zaro para exigir el regreso de Elba Esther al SNTE -<\/title>\n<meta name=\"robots\" content=\"index, follow, max-snippet:-1, max-image-preview:large, max-video-preview:-1\" \/>\n<link rel=\"canonical\" href=\"https:\/\/quehacerpolitico.mx\/?p=7573\" \/>\n<meta property=\"og:locale\" content=\"es_MX\" \/>\n<meta property=\"og:type\" content=\"article\" \/>\n<meta property=\"og:title\" content=\"Maestros se manifiestan en San L\u00e1zaro para exigir el regreso de Elba Esther al SNTE -\" \/>\n<meta property=\"og:description\" content=\"Maestros se manifiestan en San L\u00e1zaro para exigir el regreso de Elba Esther al SNTE Por Redacci\u00f3n QP\" \/>\n<meta property=\"og:url\" content=\"https:\/\/quehacerpolitico.mx\/?p=7573\" \/>\n<meta property=\"article:published_time\" content=\"2018-10-23T23:42:34+00:00\" \/>\n<meta name=\"author\" content=\"Redacci\u00f3n QP\" \/>\n<meta name=\"twitter:card\" content=\"summary_large_image\" \/>\n<meta name=\"twitter:label1\" content=\"Escrito por\" \/>\n\t<meta name=\"twitter:data1\" content=\"Redacci\u00f3n QP\" \/>\n\t<meta name=\"twitter:label2\" content=\"Tiempo de lectura\" \/>\n\t<meta name=\"twitter:data2\" content=\"2 minutos\" \/>\n<script type=\"application\/ld+json\" class=\"yoast-schema-graph\">{\"@context\":\"https:\\\/\\\/schema.org\",\"@graph\":[{\"@type\":\"Article\",\"@id\":\"https:\\\/\\\/quehacerpolitico.mx\\\/?p=7573#article\",\"isPartOf\":{\"@id\":\"https:\\\/\\\/quehacerpolitico.mx\\\/?p=7573\"},\"author\":{\"name\":\"Redacci\u00f3n QP\",\"@id\":\"https:\\\/\\\/quehacerpolitico.mx\\\/#\\\/schema\\\/person\\\/496d8ad2d1d3f8036101dca7ee39e585\"},\"headline\":\"Maestros se manifiestan en San L\u00e1zaro para exigir el regreso de Elba Esther al SNTE\",\"datePublished\":\"2018-10-23T23:42:34+00:00\",\"mainEntityOfPage\":{\"@id\":\"https:\\\/\\\/quehacerpolitico.mx\\\/?p=7573\"},\"wordCount\":344,\"commentCount\":0,\"image\":{\"@id\":\"https:\\\/\\\/quehacerpolitico.mx\\\/?p=7573#primaryimage\"},\"thumbnailUrl\":\"\",\"articleSection\":[\"Noticias\"],\"inLanguage\":\"es\",\"potentialAction\":[{\"@type\":\"CommentAction\",\"name\":\"Comment\",\"target\":[\"https:\\\/\\\/quehacerpolitico.mx\\\/?p=7573#respond\"]}]},{\"@type\":\"WebPage\",\"@id\":\"https:\\\/\\\/quehacerpolitico.mx\\\/?p=7573\",\"url\":\"https:\\\/\\\/quehacerpolitico.mx\\\/?p=7573\",\"name\":\"Maestros se manifiestan en San L\u00e1zaro para exigir el regreso de Elba Esther al SNTE -\",\"isPartOf\":{\"@id\":\"https:\\\/\\\/quehacerpolitico.mx\\\/#website\"},\"primaryImageOfPage\":{\"@id\":\"https:\\\/\\\/quehacerpolitico.mx\\\/?p=7573#primaryimage\"},\"image\":{\"@id\":\"https:\\\/\\\/quehacerpolitico.mx\\\/?p=7573#primaryimage\"},\"thumbnailUrl\":\"\",\"datePublished\":\"2018-10-23T23:42:34+00:00\",\"author\":{\"@id\":\"https:\\\/\\\/quehacerpolitico.mx\\\/#\\\/schema\\\/person\\\/496d8ad2d1d3f8036101dca7ee39e585\"},\"breadcrumb\":{\"@id\":\"https:\\\/\\\/quehacerpolitico.mx\\\/?p=7573#breadcrumb\"},\"inLanguage\":\"es\",\"potentialAction\":[{\"@type\":\"ReadAction\",\"target\":[\"https:\\\/\\\/quehacerpolitico.mx\\\/?p=7573\"]}]},{\"@type\":\"ImageObject\",\"inLanguage\":\"es\",\"@id\":\"https:\\\/\\\/quehacerpolitico.mx\\\/?p=7573#primaryimage\",\"url\":\"\",\"contentUrl\":\"\"},{\"@type\":\"BreadcrumbList\",\"@id\":\"https:\\\/\\\/quehacerpolitico.mx\\\/?p=7573#breadcrumb\",\"itemListElement\":[{\"@type\":\"ListItem\",\"position\":1,\"name\":\"Inicio\",\"item\":\"https:\\\/\\\/quehacerpolitico.mx\\\/\"},{\"@type\":\"ListItem\",\"position\":2,\"name\":\"Maestros se manifiestan en San L\u00e1zaro para exigir el regreso de Elba Esther al SNTE\"}]},{\"@type\":\"WebSite\",\"@id\":\"https:\\\/\\\/quehacerpolitico.mx\\\/#website\",\"url\":\"https:\\\/\\\/quehacerpolitico.mx\\\/\",\"name\":\"\",\"description\":\"\",\"potentialAction\":[{\"@type\":\"SearchAction\",\"target\":{\"@type\":\"EntryPoint\",\"urlTemplate\":\"https:\\\/\\\/quehacerpolitico.mx\\\/?s={search_term_string}\"},\"query-input\":{\"@type\":\"PropertyValueSpecification\",\"valueRequired\":true,\"valueName\":\"search_term_string\"}}],\"inLanguage\":\"es\"},{\"@type\":\"Person\",\"@id\":\"https:\\\/\\\/quehacerpolitico.mx\\\/#\\\/schema\\\/person\\\/496d8ad2d1d3f8036101dca7ee39e585\",\"name\":\"Redacci\u00f3n QP\",\"image\":{\"@type\":\"ImageObject\",\"inLanguage\":\"es\",\"@id\":\"https:\\\/\\\/secure.gravatar.com\\\/avatar\\\/c7164ed6fdec453195284ad24a5ae5b6e1eed2b848477fa2a4787ba9adf39a41?s=96&d=mm&r=g\",\"url\":\"https:\\\/\\\/secure.gravatar.com\\\/avatar\\\/c7164ed6fdec453195284ad24a5ae5b6e1eed2b848477fa2a4787ba9adf39a41?s=96&d=mm&r=g\",\"contentUrl\":\"https:\\\/\\\/secure.gravatar.com\\\/avatar\\\/c7164ed6fdec453195284ad24a5ae5b6e1eed2b848477fa2a4787ba9adf39a41?s=96&d=mm&r=g\",\"caption\":\"Redacci\u00f3n QP\"},\"url\":\"https:\\\/\\\/quehacerpolitico.mx\\\/?author=2\"}]}<\/script>\n<!-- \/ Yoast SEO plugin. -->","yoast_head_json":{"title":"Maestros se manifiestan en San L\u00e1zaro para exigir el regreso de Elba Esther al SNTE -","robots":{"index":"index","follow":"follow","max-snippet":"max-snippet:-1","max-image-preview":"max-image-preview:large","max-video-preview":"max-video-preview:-1"},"canonical":"https:\/\/quehacerpolitico.mx\/?p=7573","og_locale":"es_MX","og_type":"article","og_title":"Maestros se manifiestan en San L\u00e1zaro para exigir el regreso de Elba Esther al SNTE -","og_description":"Maestros se manifiestan en San L\u00e1zaro para exigir el regreso de Elba Esther al SNTE Por Redacci\u00f3n QP","og_url":"https:\/\/quehacerpolitico.mx\/?p=7573","article_published_time":"2018-10-23T23:42:34+00:00","author":"Redacci\u00f3n QP","twitter_card":"summary_large_image","twitter_misc":{"Escrito por":"Redacci\u00f3n QP","Tiempo de lectura":"2 minutos"},"schema":{"@context":"https:\/\/schema.org","@graph":[{"@type":"Article","@id":"https:\/\/quehacerpolitico.mx\/?p=7573#article","isPartOf":{"@id":"https:\/\/quehacerpolitico.mx\/?p=7573"},"author":{"name":"Redacci\u00f3n QP","@id":"https:\/\/quehacerpolitico.mx\/#\/schema\/person\/496d8ad2d1d3f8036101dca7ee39e585"},"headline":"Maestros se manifiestan en San L\u00e1zaro para exigir el regreso de Elba Esther al SNTE","datePublished":"2018-10-23T23:42:34+00:00","mainEntityOfPage":{"@id":"https:\/\/quehacerpolitico.mx\/?p=7573"},"wordCount":344,"commentCount":0,"image":{"@id":"https:\/\/quehacerpolitico.mx\/?p=7573#primaryimage"},"thumbnailUrl":"","articleSection":["Noticias"],"inLanguage":"es","potentialAction":[{"@type":"CommentAction","name":"Comment","target":["https:\/\/quehacerpolitico.mx\/?p=7573#respond"]}]},{"@type":"WebPage","@id":"https:\/\/quehacerpolitico.mx\/?p=7573","url":"https:\/\/quehacerpolitico.mx\/?p=7573","name":"Maestros se manifiestan en San L\u00e1zaro para exigir el regreso de Elba Esther al SNTE -","isPartOf":{"@id":"https:\/\/quehacerpolitico.mx\/#website"},"primaryImageOfPage":{"@id":"https:\/\/quehacerpolitico.mx\/?p=7573#primaryimage"},"image":{"@id":"https:\/\/quehacerpolitico.mx\/?p=7573#primaryimage"},"thumbnailUrl":"","datePublished":"2018-10-23T23:42:34+00:00","author":{"@id":"https:\/\/quehacerpolitico.mx\/#\/schema\/person\/496d8ad2d1d3f8036101dca7ee39e585"},"breadcrumb":{"@id":"https:\/\/quehacerpolitico.mx\/?p=7573#breadcrumb"},"inLanguage":"es","potentialAction":[{"@type":"ReadAction","target":["https:\/\/quehacerpolitico.mx\/?p=7573"]}]},{"@type":"ImageObject","inLanguage":"es","@id":"https:\/\/quehacerpolitico.mx\/?p=7573#primaryimage","url":"","contentUrl":""},{"@type":"BreadcrumbList","@id":"https:\/\/quehacerpolitico.mx\/?p=7573#breadcrumb","itemListElement":[{"@type":"ListItem","position":1,"name":"Inicio","item":"https:\/\/quehacerpolitico.mx\/"},{"@type":"ListItem","position":2,"name":"Maestros se manifiestan en San L\u00e1zaro para exigir el regreso de Elba Esther al SNTE"}]},{"@type":"WebSite","@id":"https:\/\/quehacerpolitico.mx\/#website","url":"https:\/\/quehacerpolitico.mx\/","name":"","description":"","potentialAction":[{"@type":"SearchAction","target":{"@type":"EntryPoint","urlTemplate":"https:\/\/quehacerpolitico.mx\/?s={search_term_string}"},"query-input":{"@type":"PropertyValueSpecification","valueRequired":true,"valueName":"search_term_string"}}],"inLanguage":"es"},{"@type":"Person","@id":"https:\/\/quehacerpolitico.mx\/#\/schema\/person\/496d8ad2d1d3f8036101dca7ee39e585","name":"Redacci\u00f3n QP","image":{"@type":"ImageObject","inLanguage":"es","@id":"https:\/\/secure.gravatar.com\/avatar\/c7164ed6fdec453195284ad24a5ae5b6e1eed2b848477fa2a4787ba9adf39a41?s=96&d=mm&r=g","url":"https:\/\/secure.gravatar.com\/avatar\/c7164ed6fdec453195284ad24a5ae5b6e1eed2b848477fa2a4787ba9adf39a41?s=96&d=mm&r=g","contentUrl":"https:\/\/secure.gravatar.com\/avatar\/c7164ed6fdec453195284ad24a5ae5b6e1eed2b848477fa2a4787ba9adf39a41?s=96&d=mm&r=g","caption":"Redacci\u00f3n QP"},"url":"https:\/\/quehacerpolitico.mx\/?author=2"}]}},"featured_image_urls":{"full":"","thumbnail":"","medium":"","medium_large":"","large":"","1536x1536":"","2048x2048":"","covernews-featured":"","covernews-medium":""},"author_info":{"display_name":"Redacci\u00f3n QP","author_link":"https:\/\/quehacerpolitico.mx\/?author=2"},"category_info":"<a href=\"https:\/\/quehacerpolitico.mx\/?cat=2\" rel=\"category\">Noticias<\/a>","tag_info":"Noticias","comment_count":"0","_links":{"self":[{"href":"https:\/\/quehacerpolitico.mx\/index.php?rest_route=\/wp\/v2\/posts\/7573","targetHints":{"allow":["GET"]}}],"collection":[{"href":"https:\/\/quehacerpolitico.mx\/index.php?rest_route=\/wp\/v2\/posts"}],"about":[{"href":"https:\/\/quehacerpolitico.mx\/index.php?rest_route=\/wp\/v2\/types\/post"}],"author":[{"embeddable":true,"href":"https:\/\/quehacerpolitico.mx\/index.php?rest_route=\/wp\/v2\/users\/2"}],"replies":[{"embeddable":true,"href":"https:\/\/quehacerpolitico.mx\/index.php?rest_route=%2Fwp%2Fv2%2Fcomments&post=7573"}],"version-history":[{"count":0,"href":"https:\/\/quehacerpolitico.mx\/index.php?rest_route=\/wp\/v2\/posts\/7573\/revisions"}],"wp:featuredmedia":[{"embeddable":true,"href":"https:\/\/quehacerpolitico.mx\/index.php?rest_route=\/"}],"wp:attachment":[{"href":"https:\/\/quehacerpolitico.mx\/index.php?rest_route=%2Fwp%2Fv2%2Fmedia&parent=7573"}],"wp:term":[{"taxonomy":"category","embeddable":true,"href":"https:\/\/quehacerpolitico.mx\/index.php?rest_route=%2Fwp%2Fv2%2Fcategories&post=7573"},{"taxonomy":"post_tag","embeddable":true,"href":"https:\/\/quehacerpolitico.mx\/index.php?rest_route=%2Fwp%2Fv2%2Ftags&post=7573"}],"curies":[{"name":"wp","href":"https:\/\/api.w.org\/{rel}","templated":true}]}}