{"id":7561,"date":"2018-10-23T14:48:53","date_gmt":"2018-10-23T14:48:53","guid":{"rendered":"http:\/\/quehacerpolitico.mx\/diputados-integraran-grupo-para-analizar-la-solicitud-de-desafuero-a-cipriano-charrez\/"},"modified":"2018-10-23T14:48:53","modified_gmt":"2018-10-23T14:48:53","slug":"diputados-integraran-grupo-para-analizar-la-solicitud-de-desafuero-a-cipriano-charrez","status":"publish","type":"post","link":"https:\/\/quehacerpolitico.mx\/?p=7561","title":{"rendered":"Diputados integrar\u00e1n grupo para analizar la solicitud de desafuero a Cipriano Charrez"},"content":{"rendered":"<h1>Diputados integrar\u00e1n grupo para analizar la solicitud de desafuero a Cipriano Charrez<\/h1>\n<p>Por Redacci\u00f3n QP<\/p>\n<p>La <strong>C\u00e1mara de Diputados<\/strong>votar\u00e1 ma\u00f1ana por conformar la <strong>Secci\u00f3n Instructora<\/strong>, que tendr\u00e1 el objetivo de analizar la<strong> solicitud de desafuero<\/strong> del Diputado federal de Hidalgo por el <strong>Movimiento de Regeneraci\u00f3n Nacional (Morena)<\/strong>, Cipriano Charrez Pedraza, quien a inicios de mes habr\u00eda provocado un <strong>accidente<\/strong> que caus\u00f3 la muerte de una persona.<\/p>\n<p>Los diputados que analizar\u00e1n el caso son Martha Patricia Ram\u00edrez y Alejandro Carbajal, de Morena; Ra\u00fal Gracia, del Partido Acci\u00f3n Nacional (PAN), y Juan Carlos Villarreal, de Movimiento Ciudadano.<\/p>\n<p>Esto inform\u00f3 en conferencia Mario Delgado, presidente de la Junta de Coordinaci\u00f3n Pol\u00edtica y l\u00edder parlamentario de Morena en el Senado, reportaron medios nacionales. El legislador precis\u00f3 que dicho grupo evaluar\u00e1 la petici\u00f3n del desafuero hecha la semana pasada por la Procuradur\u00eda General de Justicia de Hidalgo, entidad donde se registr\u00f3 el accidente el 6 de octubre.<\/p>\n<p>El Diputado Cipriano Charrez se vio involucrado en un <strong>accidente<\/strong> que caus\u00f3 la <strong>muerte<\/strong> de una persona en Ixmiquilpan. Los primeros reportes detallaban que tras el percance, el legisladores morenista huy\u00f3 del lugar.<\/p>\n<p>Los hechos se registraron en la carretera M\u00e9xico-Laredo abordo de una camioneta Ford color blanco que se estrell\u00f3 contra un veh\u00edculo que supuestamente funcionaba como taxi. El impacto ocasion\u00f3 que el autom\u00f3vil se incendiara y el conductor perdiera la vida calcinado.<\/p>\n<p>La Procuradur\u00eda de Hidalgo indic\u00f3 que abri\u00f3 una carpeta de investigaci\u00f3n, la cual cuenta con tres querellas por los delitos de homicidio, y da\u00f1o en propiedad ajena.<\/p>\n<p>Tres d\u00edas despu\u00e9s del hecho, Charrez Pedraza reiter\u00f3 en una conferencia que \u00e9l no conduc\u00eda el auto involucrado en el accidente vial. Sin embargo, la Procuradur\u00eda de Hidalgo hab\u00eda informado previamente que el legislador s\u00ed iba al volante.<\/p>\n<p>En esa ocasi\u00f3n el legislador tambi\u00e9n asever\u00f3 que se present\u00f3 en las oficinas de la Procuradur\u00eda de la entidad, pero que no recibieron su testimonio porque no hay una denuncia contra \u00e9l. Tambi\u00e9n dijo que est\u00e1 a disposici\u00f3n de las autoridades y que no se amparar\u00e1 en su fuero.<\/p>\n<p>\u201cNo me amparar\u00e9 en mi fuero de Diputado federal, estoy a la completa disposici\u00f3n de las autoridades. [\u2026] Quiero decirles que un servidor no evade sus responsabilidades, mi trabajo de m\u00e1s de 20 a\u00f1os como luchador social se avala con la construcci\u00f3n de escuelas y hospitales\u201d, asegur\u00f3.<\/p>\n","protected":false},"excerpt":{"rendered":"<p>Diputados integrar\u00e1n grupo para analizar la solicitud de desafuero a Cipriano Charrez<br \/>\nPor Redacci\u00f3n QP<\/p>\n","protected":false},"author":2,"featured_media":7560,"comment_status":"open","ping_status":"open","sticky":false,"template":"","format":"standard","meta":{"_monsterinsights_skip_tracking":false,"_monsterinsights_sitenote_active":false,"_monsterinsights_sitenote_note":"","_monsterinsights_sitenote_category":0,"footnotes":""},"categories":[2],"tags":[],"class_list":["post-7561","post","type-post","status-publish","format-standard","has-post-thumbnail","hentry","category-noticias"],"yoast_head":"<!-- This site is optimized with the Yoast SEO plugin v27.3 - https:\/\/yoast.com\/product\/yoast-seo-wordpress\/ -->\n<title>Diputados integrar\u00e1n grupo para analizar la solicitud de desafuero a Cipriano Charrez -<\/title>\n<meta name=\"robots\" content=\"index, follow, max-snippet:-1, max-image-preview:large, max-video-preview:-1\" \/>\n<link rel=\"canonical\" href=\"https:\/\/quehacerpolitico.mx\/?p=7561\" \/>\n<meta property=\"og:locale\" content=\"es_MX\" \/>\n<meta property=\"og:type\" content=\"article\" \/>\n<meta property=\"og:title\" content=\"Diputados integrar\u00e1n grupo para analizar la solicitud de desafuero a Cipriano Charrez -\" \/>\n<meta property=\"og:description\" content=\"Diputados integrar\u00e1n grupo para analizar la solicitud de desafuero a Cipriano Charrez Por Redacci\u00f3n QP\" \/>\n<meta property=\"og:url\" content=\"https:\/\/quehacerpolitico.mx\/?p=7561\" \/>\n<meta property=\"article:published_time\" content=\"2018-10-23T14:48:53+00:00\" \/>\n<meta name=\"author\" content=\"Redacci\u00f3n QP\" \/>\n<meta name=\"twitter:card\" content=\"summary_large_image\" \/>\n<meta name=\"twitter:label1\" content=\"Escrito por\" \/>\n\t<meta name=\"twitter:data1\" content=\"Redacci\u00f3n QP\" \/>\n\t<meta name=\"twitter:label2\" content=\"Tiempo de lectura\" \/>\n\t<meta name=\"twitter:data2\" content=\"2 minutos\" \/>\n<script type=\"application\/ld+json\" class=\"yoast-schema-graph\">{\"@context\":\"https:\\\/\\\/schema.org\",\"@graph\":[{\"@type\":\"Article\",\"@id\":\"https:\\\/\\\/quehacerpolitico.mx\\\/?p=7561#article\",\"isPartOf\":{\"@id\":\"https:\\\/\\\/quehacerpolitico.mx\\\/?p=7561\"},\"author\":{\"name\":\"Redacci\u00f3n QP\",\"@id\":\"https:\\\/\\\/quehacerpolitico.mx\\\/#\\\/schema\\\/person\\\/496d8ad2d1d3f8036101dca7ee39e585\"},\"headline\":\"Diputados integrar\u00e1n grupo para analizar la solicitud de desafuero a Cipriano Charrez\",\"datePublished\":\"2018-10-23T14:48:53+00:00\",\"mainEntityOfPage\":{\"@id\":\"https:\\\/\\\/quehacerpolitico.mx\\\/?p=7561\"},\"wordCount\":433,\"commentCount\":0,\"image\":{\"@id\":\"https:\\\/\\\/quehacerpolitico.mx\\\/?p=7561#primaryimage\"},\"thumbnailUrl\":\"\",\"articleSection\":[\"Noticias\"],\"inLanguage\":\"es\",\"potentialAction\":[{\"@type\":\"CommentAction\",\"name\":\"Comment\",\"target\":[\"https:\\\/\\\/quehacerpolitico.mx\\\/?p=7561#respond\"]}]},{\"@type\":\"WebPage\",\"@id\":\"https:\\\/\\\/quehacerpolitico.mx\\\/?p=7561\",\"url\":\"https:\\\/\\\/quehacerpolitico.mx\\\/?p=7561\",\"name\":\"Diputados integrar\u00e1n grupo para analizar la solicitud de desafuero a Cipriano Charrez -\",\"isPartOf\":{\"@id\":\"https:\\\/\\\/quehacerpolitico.mx\\\/#website\"},\"primaryImageOfPage\":{\"@id\":\"https:\\\/\\\/quehacerpolitico.mx\\\/?p=7561#primaryimage\"},\"image\":{\"@id\":\"https:\\\/\\\/quehacerpolitico.mx\\\/?p=7561#primaryimage\"},\"thumbnailUrl\":\"\",\"datePublished\":\"2018-10-23T14:48:53+00:00\",\"author\":{\"@id\":\"https:\\\/\\\/quehacerpolitico.mx\\\/#\\\/schema\\\/person\\\/496d8ad2d1d3f8036101dca7ee39e585\"},\"breadcrumb\":{\"@id\":\"https:\\\/\\\/quehacerpolitico.mx\\\/?p=7561#breadcrumb\"},\"inLanguage\":\"es\",\"potentialAction\":[{\"@type\":\"ReadAction\",\"target\":[\"https:\\\/\\\/quehacerpolitico.mx\\\/?p=7561\"]}]},{\"@type\":\"ImageObject\",\"inLanguage\":\"es\",\"@id\":\"https:\\\/\\\/quehacerpolitico.mx\\\/?p=7561#primaryimage\",\"url\":\"\",\"contentUrl\":\"\"},{\"@type\":\"BreadcrumbList\",\"@id\":\"https:\\\/\\\/quehacerpolitico.mx\\\/?p=7561#breadcrumb\",\"itemListElement\":[{\"@type\":\"ListItem\",\"position\":1,\"name\":\"Inicio\",\"item\":\"https:\\\/\\\/quehacerpolitico.mx\\\/\"},{\"@type\":\"ListItem\",\"position\":2,\"name\":\"Diputados integrar\u00e1n grupo para analizar la solicitud de desafuero a Cipriano Charrez\"}]},{\"@type\":\"WebSite\",\"@id\":\"https:\\\/\\\/quehacerpolitico.mx\\\/#website\",\"url\":\"https:\\\/\\\/quehacerpolitico.mx\\\/\",\"name\":\"\",\"description\":\"\",\"potentialAction\":[{\"@type\":\"SearchAction\",\"target\":{\"@type\":\"EntryPoint\",\"urlTemplate\":\"https:\\\/\\\/quehacerpolitico.mx\\\/?s={search_term_string}\"},\"query-input\":{\"@type\":\"PropertyValueSpecification\",\"valueRequired\":true,\"valueName\":\"search_term_string\"}}],\"inLanguage\":\"es\"},{\"@type\":\"Person\",\"@id\":\"https:\\\/\\\/quehacerpolitico.mx\\\/#\\\/schema\\\/person\\\/496d8ad2d1d3f8036101dca7ee39e585\",\"name\":\"Redacci\u00f3n QP\",\"image\":{\"@type\":\"ImageObject\",\"inLanguage\":\"es\",\"@id\":\"https:\\\/\\\/secure.gravatar.com\\\/avatar\\\/c7164ed6fdec453195284ad24a5ae5b6e1eed2b848477fa2a4787ba9adf39a41?s=96&d=mm&r=g\",\"url\":\"https:\\\/\\\/secure.gravatar.com\\\/avatar\\\/c7164ed6fdec453195284ad24a5ae5b6e1eed2b848477fa2a4787ba9adf39a41?s=96&d=mm&r=g\",\"contentUrl\":\"https:\\\/\\\/secure.gravatar.com\\\/avatar\\\/c7164ed6fdec453195284ad24a5ae5b6e1eed2b848477fa2a4787ba9adf39a41?s=96&d=mm&r=g\",\"caption\":\"Redacci\u00f3n QP\"},\"url\":\"https:\\\/\\\/quehacerpolitico.mx\\\/?author=2\"}]}<\/script>\n<!-- \/ Yoast SEO plugin. -->","yoast_head_json":{"title":"Diputados integrar\u00e1n grupo para analizar la solicitud de desafuero a Cipriano Charrez -","robots":{"index":"index","follow":"follow","max-snippet":"max-snippet:-1","max-image-preview":"max-image-preview:large","max-video-preview":"max-video-preview:-1"},"canonical":"https:\/\/quehacerpolitico.mx\/?p=7561","og_locale":"es_MX","og_type":"article","og_title":"Diputados integrar\u00e1n grupo para analizar la solicitud de desafuero a Cipriano Charrez -","og_description":"Diputados integrar\u00e1n grupo para analizar la solicitud de desafuero a Cipriano Charrez Por Redacci\u00f3n QP","og_url":"https:\/\/quehacerpolitico.mx\/?p=7561","article_published_time":"2018-10-23T14:48:53+00:00","author":"Redacci\u00f3n QP","twitter_card":"summary_large_image","twitter_misc":{"Escrito por":"Redacci\u00f3n QP","Tiempo de lectura":"2 minutos"},"schema":{"@context":"https:\/\/schema.org","@graph":[{"@type":"Article","@id":"https:\/\/quehacerpolitico.mx\/?p=7561#article","isPartOf":{"@id":"https:\/\/quehacerpolitico.mx\/?p=7561"},"author":{"name":"Redacci\u00f3n QP","@id":"https:\/\/quehacerpolitico.mx\/#\/schema\/person\/496d8ad2d1d3f8036101dca7ee39e585"},"headline":"Diputados integrar\u00e1n grupo para analizar la solicitud de desafuero a Cipriano Charrez","datePublished":"2018-10-23T14:48:53+00:00","mainEntityOfPage":{"@id":"https:\/\/quehacerpolitico.mx\/?p=7561"},"wordCount":433,"commentCount":0,"image":{"@id":"https:\/\/quehacerpolitico.mx\/?p=7561#primaryimage"},"thumbnailUrl":"","articleSection":["Noticias"],"inLanguage":"es","potentialAction":[{"@type":"CommentAction","name":"Comment","target":["https:\/\/quehacerpolitico.mx\/?p=7561#respond"]}]},{"@type":"WebPage","@id":"https:\/\/quehacerpolitico.mx\/?p=7561","url":"https:\/\/quehacerpolitico.mx\/?p=7561","name":"Diputados integrar\u00e1n grupo para analizar la solicitud de desafuero a Cipriano Charrez -","isPartOf":{"@id":"https:\/\/quehacerpolitico.mx\/#website"},"primaryImageOfPage":{"@id":"https:\/\/quehacerpolitico.mx\/?p=7561#primaryimage"},"image":{"@id":"https:\/\/quehacerpolitico.mx\/?p=7561#primaryimage"},"thumbnailUrl":"","datePublished":"2018-10-23T14:48:53+00:00","author":{"@id":"https:\/\/quehacerpolitico.mx\/#\/schema\/person\/496d8ad2d1d3f8036101dca7ee39e585"},"breadcrumb":{"@id":"https:\/\/quehacerpolitico.mx\/?p=7561#breadcrumb"},"inLanguage":"es","potentialAction":[{"@type":"ReadAction","target":["https:\/\/quehacerpolitico.mx\/?p=7561"]}]},{"@type":"ImageObject","inLanguage":"es","@id":"https:\/\/quehacerpolitico.mx\/?p=7561#primaryimage","url":"","contentUrl":""},{"@type":"BreadcrumbList","@id":"https:\/\/quehacerpolitico.mx\/?p=7561#breadcrumb","itemListElement":[{"@type":"ListItem","position":1,"name":"Inicio","item":"https:\/\/quehacerpolitico.mx\/"},{"@type":"ListItem","position":2,"name":"Diputados integrar\u00e1n grupo para analizar la solicitud de desafuero a Cipriano Charrez"}]},{"@type":"WebSite","@id":"https:\/\/quehacerpolitico.mx\/#website","url":"https:\/\/quehacerpolitico.mx\/","name":"","description":"","potentialAction":[{"@type":"SearchAction","target":{"@type":"EntryPoint","urlTemplate":"https:\/\/quehacerpolitico.mx\/?s={search_term_string}"},"query-input":{"@type":"PropertyValueSpecification","valueRequired":true,"valueName":"search_term_string"}}],"inLanguage":"es"},{"@type":"Person","@id":"https:\/\/quehacerpolitico.mx\/#\/schema\/person\/496d8ad2d1d3f8036101dca7ee39e585","name":"Redacci\u00f3n QP","image":{"@type":"ImageObject","inLanguage":"es","@id":"https:\/\/secure.gravatar.com\/avatar\/c7164ed6fdec453195284ad24a5ae5b6e1eed2b848477fa2a4787ba9adf39a41?s=96&d=mm&r=g","url":"https:\/\/secure.gravatar.com\/avatar\/c7164ed6fdec453195284ad24a5ae5b6e1eed2b848477fa2a4787ba9adf39a41?s=96&d=mm&r=g","contentUrl":"https:\/\/secure.gravatar.com\/avatar\/c7164ed6fdec453195284ad24a5ae5b6e1eed2b848477fa2a4787ba9adf39a41?s=96&d=mm&r=g","caption":"Redacci\u00f3n QP"},"url":"https:\/\/quehacerpolitico.mx\/?author=2"}]}},"featured_image_urls":{"full":"","thumbnail":"","medium":"","medium_large":"","large":"","1536x1536":"","2048x2048":"","covernews-featured":"","covernews-medium":""},"author_info":{"display_name":"Redacci\u00f3n QP","author_link":"https:\/\/quehacerpolitico.mx\/?author=2"},"category_info":"<a href=\"https:\/\/quehacerpolitico.mx\/?cat=2\" rel=\"category\">Noticias<\/a>","tag_info":"Noticias","comment_count":"0","_links":{"self":[{"href":"https:\/\/quehacerpolitico.mx\/index.php?rest_route=\/wp\/v2\/posts\/7561","targetHints":{"allow":["GET"]}}],"collection":[{"href":"https:\/\/quehacerpolitico.mx\/index.php?rest_route=\/wp\/v2\/posts"}],"about":[{"href":"https:\/\/quehacerpolitico.mx\/index.php?rest_route=\/wp\/v2\/types\/post"}],"author":[{"embeddable":true,"href":"https:\/\/quehacerpolitico.mx\/index.php?rest_route=\/wp\/v2\/users\/2"}],"replies":[{"embeddable":true,"href":"https:\/\/quehacerpolitico.mx\/index.php?rest_route=%2Fwp%2Fv2%2Fcomments&post=7561"}],"version-history":[{"count":0,"href":"https:\/\/quehacerpolitico.mx\/index.php?rest_route=\/wp\/v2\/posts\/7561\/revisions"}],"wp:featuredmedia":[{"embeddable":true,"href":"https:\/\/quehacerpolitico.mx\/index.php?rest_route=\/"}],"wp:attachment":[{"href":"https:\/\/quehacerpolitico.mx\/index.php?rest_route=%2Fwp%2Fv2%2Fmedia&parent=7561"}],"wp:term":[{"taxonomy":"category","embeddable":true,"href":"https:\/\/quehacerpolitico.mx\/index.php?rest_route=%2Fwp%2Fv2%2Fcategories&post=7561"},{"taxonomy":"post_tag","embeddable":true,"href":"https:\/\/quehacerpolitico.mx\/index.php?rest_route=%2Fwp%2Fv2%2Ftags&post=7561"}],"curies":[{"name":"wp","href":"https:\/\/api.w.org\/{rel}","templated":true}]}}