{"id":7547,"date":"2018-10-23T13:58:03","date_gmt":"2018-10-23T13:58:03","guid":{"rendered":"http:\/\/quehacerpolitico.mx\/willa-y-vicente-impactaran-de-manera-simultanea-territorio-nacional\/"},"modified":"2018-10-23T13:58:03","modified_gmt":"2018-10-23T13:58:03","slug":"willa-y-vicente-impactaran-de-manera-simultanea-territorio-nacional","status":"publish","type":"post","link":"https:\/\/quehacerpolitico.mx\/?p=7547","title":{"rendered":"\u2018Willa\u2019 y \u2018Vicente\u2019 impactar\u00e1n de manera simult\u00e1nea territorio nacional"},"content":{"rendered":"<h2 class=\"genTitle\">\u2018Willa\u2019 y \u2018Vicente\u2019 impactar\u00e1n de manera simult\u00e1nea territorio nacional<\/h2>\n<p>Por Redacci\u00f3n QP<\/p>\n<p>Los pron\u00f3sticos <strong>meteorol\u00f3gicos<\/strong>, el hurac\u00e1n <em>Willa<\/em>tocar\u00e1<strong> territorio mexicano<\/strong> alrededor de las<strong> siete de la noche<\/strong> en el municip\u00edo de <strong>Escuinapa<\/strong>, al sur del estado de Sinaloa, con intensidad de <strong>categor\u00eda<\/strong> <strong>tres<\/strong>.\u00a0De manera casi simult\u00e1nea, la <strong>tormenta tropical<\/strong> Vicente impactar\u00e1 como <strong>depresi\u00f3n tropical<\/strong> entre las costas de <strong>Michoac\u00e1n<\/strong> y Colima.<\/p>\n<p>El titular de la Comisi\u00f3n Nacional del Agua (<strong>Conagua<\/strong>), Roberto Ram\u00edrez de la Parra, advirti\u00f3 que la nubosidad asociada al sistema favorece el potencial de lluvias torrenciales, muy fuertes a puntuales intensas en <strong>Nayarit<\/strong>, <strong>Jalisco Colima,<\/strong> Michoac\u00e1n, <strong>Sinaloa<\/strong>, Durango y <strong>Baja California Sur<\/strong>.<\/p>\n<p>Adem\u00e1s, esperan oleaje de hasta <strong>10 metros de altura<\/strong>en las costas de <strong>Nayarit<\/strong> y <strong>Sinaloa<\/strong>, particularmente en el municipio de <strong>Mazatl\u00e1n.<\/strong><\/p>\n<p>En esta zona de impacto, se esperan lluvias con acumulaciones de 200 a 250 litros por metro cuadrado, por lo que se tendr\u00e1 una especial vigilancia en el incremento de los niveles de los r\u00edos <strong>Acaponeta<\/strong>, Ameca, <strong>Baluarte<\/strong>, Mascota, <strong>Presidio<\/strong>, Quelite, <strong>San Pedro<\/strong> y Santiago ubicados en los estados de <strong>Jalisco<\/strong>, Nayarit y <strong>Sinaloa<\/strong>\u201d, precis\u00f3.<\/p>\n<p>Por su parte, el coordinador nacional de<strong> Protecci\u00f3n Civil<\/strong> de la Secretar\u00eda de Gobernaci\u00f3n (<strong>Segob<\/strong>), Luis Felipe Puente, dio a conocer que por la presencia del hurac\u00e1n Willa se emitieron declaratorias de emergencia extraordinaria en 12 municipios de <strong>Nayarit<\/strong> y siete de Sinaloa, con el fin de atender la contingencia.<\/p>\n<blockquote class=\"twitter-tweet\" data-width=\"550\" data-dnt=\"true\">\n<p lang=\"es\" dir=\"ltr\">RT <a href=\"https:\/\/twitter.com\/Deb_Estrella?ref_src=twsrc%5Etfw\">@Deb_Estrella<\/a>:<\/p>\n<p>\u26a0\ufe0fULTIMA HORA\u26a0\ufe0f<br \/>El Hurac\u00e1n <a href=\"https:\/\/twitter.com\/hashtag\/Willa?src=hash&amp;ref_src=twsrc%5Etfw\">#Willa<\/a> Cat. 4 est\u00e1 muy cerca de pasar sobre las Islas Mar\u00edas con vientos de 215 km\/h.<\/p>\n<p>Hoy en la tarde\/noche tocar\u00e1 tierra entre San Blas, Nayarit y Mazatl\u00e1n, Sinaloa. <\/p>\n<p>Es potencialmente catastr\u00f3fico.<\/p>\n<p> <a href=\"https:\/\/t.co\/7GjHzhL0BH\">pic.twitter.com\/7GjHzhL0BH<\/a><\/p>\n<p>&mdash; Webcams de M\u00e9xico (@webcamsdemexico) <a href=\"https:\/\/twitter.com\/webcamsdemexico\/status\/1054714416917180416?ref_src=twsrc%5Etfw\">October 23, 2018<\/a><\/p><\/blockquote>\n<p><script async src=\"https:\/\/platform.twitter.com\/widgets.js\" charset=\"utf-8\"><\/script><\/p>\n<p>Destac\u00f3 que los puertos cerrados a la navegaci\u00f3n son <strong>San Blas<\/strong>, Nayarit, <strong>Puerto Vallarta,<\/strong> Jalisco, as\u00ed como <strong>Mazatl\u00e1n<\/strong> y Teacapan, Sinaloa.<\/p>\n<blockquote class=\"twitter-tweet\" data-width=\"550\" data-dnt=\"true\">\n<p lang=\"es\" dir=\"ltr\">RT <a href=\"https:\/\/twitter.com\/conagua_clima?ref_src=twsrc%5Etfw\">@conagua_clima<\/a>:<\/p>\n<p>Las bandas nubosas del <a href=\"https:\/\/twitter.com\/hashtag\/Hurac%C3%A1n?src=hash&amp;ref_src=twsrc%5Etfw\">#Hurac\u00e1n<\/a> <a href=\"https:\/\/twitter.com\/hashtag\/Willa?src=hash&amp;ref_src=twsrc%5Etfw\">#Willa<\/a> de categor\u00eda 4, generar\u00e1n lluvias en los estados de <a href=\"https:\/\/twitter.com\/hashtag\/Sinaloa?src=hash&amp;ref_src=twsrc%5Etfw\">#Sinaloa<\/a> <a href=\"https:\/\/twitter.com\/hashtag\/Jalisco?src=hash&amp;ref_src=twsrc%5Etfw\">#Jalisco<\/a> <a href=\"https:\/\/twitter.com\/hashtag\/Colima?src=hash&amp;ref_src=twsrc%5Etfw\">#Colima<\/a> y <a href=\"https:\/\/twitter.com\/hashtag\/Michoac%C3%A1n?src=hash&amp;ref_src=twsrc%5Etfw\">#Michoac\u00e1n<\/a> <a href=\"https:\/\/t.co\/97LduwcfoP\">pic.twitter.com\/97LduwcfoP<\/a><\/p>\n<p>&mdash; Webcams de M\u00e9xico (@webcamsdemexico) <a href=\"https:\/\/twitter.com\/webcamsdemexico\/status\/1054721587822260225?ref_src=twsrc%5Etfw\">October 23, 2018<\/a><\/p><\/blockquote>\n<p><script async src=\"https:\/\/platform.twitter.com\/widgets.js\" charset=\"utf-8\"><\/script><\/p>\n","protected":false},"excerpt":{"rendered":"<p>\u2018Willa\u2019 y \u2018Vicente\u2019 impactar\u00e1n de manera simult\u00e1nea territorio nacional<br \/>\nPor Redacci\u00f3n QP<\/p>\n","protected":false},"author":2,"featured_media":7546,"comment_status":"open","ping_status":"open","sticky":false,"template":"","format":"standard","meta":{"_monsterinsights_skip_tracking":false,"_monsterinsights_sitenote_active":false,"_monsterinsights_sitenote_note":"","_monsterinsights_sitenote_category":0,"footnotes":""},"categories":[2],"tags":[],"class_list":["post-7547","post","type-post","status-publish","format-standard","has-post-thumbnail","hentry","category-noticias"],"yoast_head":"<!-- This site is optimized with the Yoast SEO plugin v27.3 - https:\/\/yoast.com\/product\/yoast-seo-wordpress\/ -->\n<title>\u2018Willa\u2019 y \u2018Vicente\u2019 impactar\u00e1n de manera simult\u00e1nea territorio nacional -<\/title>\n<meta name=\"robots\" content=\"index, follow, max-snippet:-1, max-image-preview:large, max-video-preview:-1\" \/>\n<link rel=\"canonical\" href=\"https:\/\/quehacerpolitico.mx\/?p=7547\" \/>\n<meta property=\"og:locale\" content=\"es_MX\" \/>\n<meta property=\"og:type\" content=\"article\" \/>\n<meta property=\"og:title\" content=\"\u2018Willa\u2019 y \u2018Vicente\u2019 impactar\u00e1n de manera simult\u00e1nea territorio nacional -\" \/>\n<meta property=\"og:description\" content=\"\u2018Willa\u2019 y \u2018Vicente\u2019 impactar\u00e1n de manera simult\u00e1nea territorio nacional Por Redacci\u00f3n QP\" \/>\n<meta property=\"og:url\" content=\"https:\/\/quehacerpolitico.mx\/?p=7547\" \/>\n<meta property=\"article:published_time\" content=\"2018-10-23T13:58:03+00:00\" \/>\n<meta name=\"author\" content=\"Redacci\u00f3n QP\" \/>\n<meta name=\"twitter:card\" content=\"summary_large_image\" \/>\n<meta name=\"twitter:label1\" content=\"Escrito por\" \/>\n\t<meta name=\"twitter:data1\" content=\"Redacci\u00f3n QP\" \/>\n\t<meta name=\"twitter:label2\" content=\"Tiempo de lectura\" \/>\n\t<meta name=\"twitter:data2\" content=\"1 minuto\" \/>\n<script type=\"application\/ld+json\" class=\"yoast-schema-graph\">{\"@context\":\"https:\\\/\\\/schema.org\",\"@graph\":[{\"@type\":\"Article\",\"@id\":\"https:\\\/\\\/quehacerpolitico.mx\\\/?p=7547#article\",\"isPartOf\":{\"@id\":\"https:\\\/\\\/quehacerpolitico.mx\\\/?p=7547\"},\"author\":{\"name\":\"Redacci\u00f3n QP\",\"@id\":\"https:\\\/\\\/quehacerpolitico.mx\\\/#\\\/schema\\\/person\\\/496d8ad2d1d3f8036101dca7ee39e585\"},\"headline\":\"\u2018Willa\u2019 y \u2018Vicente\u2019 impactar\u00e1n de manera simult\u00e1nea territorio nacional\",\"datePublished\":\"2018-10-23T13:58:03+00:00\",\"mainEntityOfPage\":{\"@id\":\"https:\\\/\\\/quehacerpolitico.mx\\\/?p=7547\"},\"wordCount\":294,\"commentCount\":0,\"image\":{\"@id\":\"https:\\\/\\\/quehacerpolitico.mx\\\/?p=7547#primaryimage\"},\"thumbnailUrl\":\"\",\"articleSection\":[\"Noticias\"],\"inLanguage\":\"es\",\"potentialAction\":[{\"@type\":\"CommentAction\",\"name\":\"Comment\",\"target\":[\"https:\\\/\\\/quehacerpolitico.mx\\\/?p=7547#respond\"]}]},{\"@type\":\"WebPage\",\"@id\":\"https:\\\/\\\/quehacerpolitico.mx\\\/?p=7547\",\"url\":\"https:\\\/\\\/quehacerpolitico.mx\\\/?p=7547\",\"name\":\"\u2018Willa\u2019 y \u2018Vicente\u2019 impactar\u00e1n de manera simult\u00e1nea territorio nacional -\",\"isPartOf\":{\"@id\":\"https:\\\/\\\/quehacerpolitico.mx\\\/#website\"},\"primaryImageOfPage\":{\"@id\":\"https:\\\/\\\/quehacerpolitico.mx\\\/?p=7547#primaryimage\"},\"image\":{\"@id\":\"https:\\\/\\\/quehacerpolitico.mx\\\/?p=7547#primaryimage\"},\"thumbnailUrl\":\"\",\"datePublished\":\"2018-10-23T13:58:03+00:00\",\"author\":{\"@id\":\"https:\\\/\\\/quehacerpolitico.mx\\\/#\\\/schema\\\/person\\\/496d8ad2d1d3f8036101dca7ee39e585\"},\"breadcrumb\":{\"@id\":\"https:\\\/\\\/quehacerpolitico.mx\\\/?p=7547#breadcrumb\"},\"inLanguage\":\"es\",\"potentialAction\":[{\"@type\":\"ReadAction\",\"target\":[\"https:\\\/\\\/quehacerpolitico.mx\\\/?p=7547\"]}]},{\"@type\":\"ImageObject\",\"inLanguage\":\"es\",\"@id\":\"https:\\\/\\\/quehacerpolitico.mx\\\/?p=7547#primaryimage\",\"url\":\"\",\"contentUrl\":\"\"},{\"@type\":\"BreadcrumbList\",\"@id\":\"https:\\\/\\\/quehacerpolitico.mx\\\/?p=7547#breadcrumb\",\"itemListElement\":[{\"@type\":\"ListItem\",\"position\":1,\"name\":\"Inicio\",\"item\":\"https:\\\/\\\/quehacerpolitico.mx\\\/\"},{\"@type\":\"ListItem\",\"position\":2,\"name\":\"\u2018Willa\u2019 y \u2018Vicente\u2019 impactar\u00e1n de manera simult\u00e1nea territorio nacional\"}]},{\"@type\":\"WebSite\",\"@id\":\"https:\\\/\\\/quehacerpolitico.mx\\\/#website\",\"url\":\"https:\\\/\\\/quehacerpolitico.mx\\\/\",\"name\":\"\",\"description\":\"\",\"potentialAction\":[{\"@type\":\"SearchAction\",\"target\":{\"@type\":\"EntryPoint\",\"urlTemplate\":\"https:\\\/\\\/quehacerpolitico.mx\\\/?s={search_term_string}\"},\"query-input\":{\"@type\":\"PropertyValueSpecification\",\"valueRequired\":true,\"valueName\":\"search_term_string\"}}],\"inLanguage\":\"es\"},{\"@type\":\"Person\",\"@id\":\"https:\\\/\\\/quehacerpolitico.mx\\\/#\\\/schema\\\/person\\\/496d8ad2d1d3f8036101dca7ee39e585\",\"name\":\"Redacci\u00f3n QP\",\"image\":{\"@type\":\"ImageObject\",\"inLanguage\":\"es\",\"@id\":\"https:\\\/\\\/secure.gravatar.com\\\/avatar\\\/c7164ed6fdec453195284ad24a5ae5b6e1eed2b848477fa2a4787ba9adf39a41?s=96&d=mm&r=g\",\"url\":\"https:\\\/\\\/secure.gravatar.com\\\/avatar\\\/c7164ed6fdec453195284ad24a5ae5b6e1eed2b848477fa2a4787ba9adf39a41?s=96&d=mm&r=g\",\"contentUrl\":\"https:\\\/\\\/secure.gravatar.com\\\/avatar\\\/c7164ed6fdec453195284ad24a5ae5b6e1eed2b848477fa2a4787ba9adf39a41?s=96&d=mm&r=g\",\"caption\":\"Redacci\u00f3n QP\"},\"url\":\"https:\\\/\\\/quehacerpolitico.mx\\\/?author=2\"}]}<\/script>\n<!-- \/ Yoast SEO plugin. -->","yoast_head_json":{"title":"\u2018Willa\u2019 y \u2018Vicente\u2019 impactar\u00e1n de manera simult\u00e1nea territorio nacional -","robots":{"index":"index","follow":"follow","max-snippet":"max-snippet:-1","max-image-preview":"max-image-preview:large","max-video-preview":"max-video-preview:-1"},"canonical":"https:\/\/quehacerpolitico.mx\/?p=7547","og_locale":"es_MX","og_type":"article","og_title":"\u2018Willa\u2019 y \u2018Vicente\u2019 impactar\u00e1n de manera simult\u00e1nea territorio nacional -","og_description":"\u2018Willa\u2019 y \u2018Vicente\u2019 impactar\u00e1n de manera simult\u00e1nea territorio nacional Por Redacci\u00f3n QP","og_url":"https:\/\/quehacerpolitico.mx\/?p=7547","article_published_time":"2018-10-23T13:58:03+00:00","author":"Redacci\u00f3n QP","twitter_card":"summary_large_image","twitter_misc":{"Escrito por":"Redacci\u00f3n QP","Tiempo de lectura":"1 minuto"},"schema":{"@context":"https:\/\/schema.org","@graph":[{"@type":"Article","@id":"https:\/\/quehacerpolitico.mx\/?p=7547#article","isPartOf":{"@id":"https:\/\/quehacerpolitico.mx\/?p=7547"},"author":{"name":"Redacci\u00f3n QP","@id":"https:\/\/quehacerpolitico.mx\/#\/schema\/person\/496d8ad2d1d3f8036101dca7ee39e585"},"headline":"\u2018Willa\u2019 y \u2018Vicente\u2019 impactar\u00e1n de manera simult\u00e1nea territorio nacional","datePublished":"2018-10-23T13:58:03+00:00","mainEntityOfPage":{"@id":"https:\/\/quehacerpolitico.mx\/?p=7547"},"wordCount":294,"commentCount":0,"image":{"@id":"https:\/\/quehacerpolitico.mx\/?p=7547#primaryimage"},"thumbnailUrl":"","articleSection":["Noticias"],"inLanguage":"es","potentialAction":[{"@type":"CommentAction","name":"Comment","target":["https:\/\/quehacerpolitico.mx\/?p=7547#respond"]}]},{"@type":"WebPage","@id":"https:\/\/quehacerpolitico.mx\/?p=7547","url":"https:\/\/quehacerpolitico.mx\/?p=7547","name":"\u2018Willa\u2019 y \u2018Vicente\u2019 impactar\u00e1n de manera simult\u00e1nea territorio nacional -","isPartOf":{"@id":"https:\/\/quehacerpolitico.mx\/#website"},"primaryImageOfPage":{"@id":"https:\/\/quehacerpolitico.mx\/?p=7547#primaryimage"},"image":{"@id":"https:\/\/quehacerpolitico.mx\/?p=7547#primaryimage"},"thumbnailUrl":"","datePublished":"2018-10-23T13:58:03+00:00","author":{"@id":"https:\/\/quehacerpolitico.mx\/#\/schema\/person\/496d8ad2d1d3f8036101dca7ee39e585"},"breadcrumb":{"@id":"https:\/\/quehacerpolitico.mx\/?p=7547#breadcrumb"},"inLanguage":"es","potentialAction":[{"@type":"ReadAction","target":["https:\/\/quehacerpolitico.mx\/?p=7547"]}]},{"@type":"ImageObject","inLanguage":"es","@id":"https:\/\/quehacerpolitico.mx\/?p=7547#primaryimage","url":"","contentUrl":""},{"@type":"BreadcrumbList","@id":"https:\/\/quehacerpolitico.mx\/?p=7547#breadcrumb","itemListElement":[{"@type":"ListItem","position":1,"name":"Inicio","item":"https:\/\/quehacerpolitico.mx\/"},{"@type":"ListItem","position":2,"name":"\u2018Willa\u2019 y \u2018Vicente\u2019 impactar\u00e1n de manera simult\u00e1nea territorio nacional"}]},{"@type":"WebSite","@id":"https:\/\/quehacerpolitico.mx\/#website","url":"https:\/\/quehacerpolitico.mx\/","name":"","description":"","potentialAction":[{"@type":"SearchAction","target":{"@type":"EntryPoint","urlTemplate":"https:\/\/quehacerpolitico.mx\/?s={search_term_string}"},"query-input":{"@type":"PropertyValueSpecification","valueRequired":true,"valueName":"search_term_string"}}],"inLanguage":"es"},{"@type":"Person","@id":"https:\/\/quehacerpolitico.mx\/#\/schema\/person\/496d8ad2d1d3f8036101dca7ee39e585","name":"Redacci\u00f3n QP","image":{"@type":"ImageObject","inLanguage":"es","@id":"https:\/\/secure.gravatar.com\/avatar\/c7164ed6fdec453195284ad24a5ae5b6e1eed2b848477fa2a4787ba9adf39a41?s=96&d=mm&r=g","url":"https:\/\/secure.gravatar.com\/avatar\/c7164ed6fdec453195284ad24a5ae5b6e1eed2b848477fa2a4787ba9adf39a41?s=96&d=mm&r=g","contentUrl":"https:\/\/secure.gravatar.com\/avatar\/c7164ed6fdec453195284ad24a5ae5b6e1eed2b848477fa2a4787ba9adf39a41?s=96&d=mm&r=g","caption":"Redacci\u00f3n QP"},"url":"https:\/\/quehacerpolitico.mx\/?author=2"}]}},"featured_image_urls":{"full":"","thumbnail":"","medium":"","medium_large":"","large":"","1536x1536":"","2048x2048":"","covernews-featured":"","covernews-medium":""},"author_info":{"display_name":"Redacci\u00f3n QP","author_link":"https:\/\/quehacerpolitico.mx\/?author=2"},"category_info":"<a href=\"https:\/\/quehacerpolitico.mx\/?cat=2\" rel=\"category\">Noticias<\/a>","tag_info":"Noticias","comment_count":"0","_links":{"self":[{"href":"https:\/\/quehacerpolitico.mx\/index.php?rest_route=\/wp\/v2\/posts\/7547","targetHints":{"allow":["GET"]}}],"collection":[{"href":"https:\/\/quehacerpolitico.mx\/index.php?rest_route=\/wp\/v2\/posts"}],"about":[{"href":"https:\/\/quehacerpolitico.mx\/index.php?rest_route=\/wp\/v2\/types\/post"}],"author":[{"embeddable":true,"href":"https:\/\/quehacerpolitico.mx\/index.php?rest_route=\/wp\/v2\/users\/2"}],"replies":[{"embeddable":true,"href":"https:\/\/quehacerpolitico.mx\/index.php?rest_route=%2Fwp%2Fv2%2Fcomments&post=7547"}],"version-history":[{"count":0,"href":"https:\/\/quehacerpolitico.mx\/index.php?rest_route=\/wp\/v2\/posts\/7547\/revisions"}],"wp:featuredmedia":[{"embeddable":true,"href":"https:\/\/quehacerpolitico.mx\/index.php?rest_route=\/"}],"wp:attachment":[{"href":"https:\/\/quehacerpolitico.mx\/index.php?rest_route=%2Fwp%2Fv2%2Fmedia&parent=7547"}],"wp:term":[{"taxonomy":"category","embeddable":true,"href":"https:\/\/quehacerpolitico.mx\/index.php?rest_route=%2Fwp%2Fv2%2Fcategories&post=7547"},{"taxonomy":"post_tag","embeddable":true,"href":"https:\/\/quehacerpolitico.mx\/index.php?rest_route=%2Fwp%2Fv2%2Ftags&post=7547"}],"curies":[{"name":"wp","href":"https:\/\/api.w.org\/{rel}","templated":true}]}}