{"id":7511,"date":"2018-10-23T01:11:22","date_gmt":"2018-10-23T01:11:22","guid":{"rendered":"http:\/\/quehacerpolitico.mx\/pena-se-toma-un-selfie-con-un-celular-que-dice-amlove-en-la-carcaza-fotos\/"},"modified":"2018-10-23T01:11:22","modified_gmt":"2018-10-23T01:11:22","slug":"pena-se-toma-un-selfie-con-un-celular-que-dice-amlove-en-la-carcaza-fotos","status":"publish","type":"post","link":"https:\/\/quehacerpolitico.mx\/?p=7511","title":{"rendered":"Pe\u00f1a se toma un selfie con un celular que dice \u201cAMLOVE\u201d en la carcaza (FOTOS)"},"content":{"rendered":"<h1>Pe\u00f1a se toma un selfie con un celular que dice \u201cAMLOVE\u201d en la carcaza (FOTOS)<\/h1>\n<p>Por Redacci\u00f3n QP<\/p>\n<p>El <strong>Presidente Enrique Pe\u00f1a Nieto<\/strong> acudi\u00f3 hoy a la <strong>Cumbre de Negocios 2018<\/strong>, realizada en Guadalajara, Jalisco, y la <strong>selfie<\/strong> que se tom\u00f3 con funcionarios al t\u00e9rmino de su participaci\u00f3n dio de qu\u00e9 hablar, pues para ella utiliz\u00f3 un tel\u00e9fono que promueve la imagen de <strong>Andr\u00e9s Manuel L\u00f3pez Obrador<\/strong>, el Presidente electo y su contrincante en las elecciones presidenciales de 2012.<\/p>\n<blockquote>\n<p>Una imagen difundida en redes sociales y por medios locales, como <em>Canal 44 TV,<\/em>muestra a Pe\u00f1a Nieto mientras toma una <strong>selfie<\/strong>\u00a0con un <strong>celular<\/strong>\u00a0que llevaba una <strong>carcaza<\/strong> con la palabra \u201c<strong>AMLOVE<\/strong>\u201c,\u00a0el tel\u00e9fono ser\u00eda de Jes\u00fas Seade.<\/p>\n<\/blockquote>\n<p>En la <strong>fotograf\u00eda<\/strong> posan junto al mandatario\u00a0el Secretario de Econom\u00eda, I<strong>ldefonso Guajardo<\/strong>;<strong>\u00a0Miguel Alem\u00e1n Velasco<\/strong>, presidente de la aerol\u00ednea Interjet y organizador de la Cumbre de Negocios; y <strong>Jes\u00fas Seade<\/strong>,\u00a0negociador del equipo de L\u00f3pez Obrador en el reciente acuerdo comercial trinacional alcanzado con Estados Unidos y Canad\u00e1, el\u00a0 T-MEC.<\/p>\n<p><img loading=\"lazy\" decoding=\"async\" class=\"alignnone wp-image-3487889 size-full\" src=\"http:\/\/www.sinembargo.mx\/wp-content\/uploads\/2018\/10\/pencc83a-selfie-amlove-2.jpg\" sizes=\"auto, (max-width: 700px) 100vw, 700px\" srcset=\"http:\/\/www.sinembargo.mx\/wp-content\/uploads\/2018\/10\/pencc83a-selfie-amlove-2.jpg 700w, http:\/\/www.sinembargo.mx\/wp-content\/uploads\/2018\/10\/pencc83a-selfie-amlove-2-300x214.jpg 300w\" alt=\"\" width=\"700\" height=\"499\" \/><\/p>\n<p><img loading=\"lazy\" decoding=\"async\" class=\"alignnone wp-image-3487890 size-full\" src=\"http:\/\/www.sinembargo.mx\/wp-content\/uploads\/2018\/10\/pencc83a-selfie-amlove-3.jpg\" sizes=\"auto, (max-width: 700px) 100vw, 700px\" srcset=\"http:\/\/www.sinembargo.mx\/wp-content\/uploads\/2018\/10\/pencc83a-selfie-amlove-3.jpg 700w, http:\/\/www.sinembargo.mx\/wp-content\/uploads\/2018\/10\/pencc83a-selfie-amlove-3-192x300.jpg 192w\" alt=\"\" width=\"700\" height=\"1096\" \/><\/p>\n<p>\u00a0<\/p>\n<blockquote class=\"twitter-tweet\" data-width=\"550\" data-dnt=\"true\">\n<p lang=\"es\" dir=\"ltr\">Lo volvi\u00f3 a hacer. Pe\u00f1a Nieto haciendo un Pe\u00f1a Nieto en <a href=\"https:\/\/twitter.com\/hashtag\/GDL?src=hash&amp;ref_src=twsrc%5Etfw\">#GDL<\/a>. <br \/>Foto de Juan Manuel Gonz\u00e1lez de <a href=\"https:\/\/twitter.com\/CANAL44TV?ref_src=twsrc%5Etfw\">@CANAL44TV<\/a> <a href=\"https:\/\/t.co\/AMjo9nqmbu\">pic.twitter.com\/AMjo9nqmbu<\/a><\/p>\n<p>&mdash; Omar Garc\u00eda (@omar_comunica) <a href=\"https:\/\/twitter.com\/omar_comunica\/status\/1054457263069351940?ref_src=twsrc%5Etfw\">October 22, 2018<\/a><\/p><\/blockquote>\n<p><script async src=\"https:\/\/platform.twitter.com\/widgets.js\" charset=\"utf-8\"><\/script><\/p>\n<p><strong>PE\u00d1A EN LA CUMBRE DE NEGOCIOS<\/strong><\/p>\n<p>Durante su participaci\u00f3n en la <strong>Cumbre de Negocios 2018<\/strong>, el <strong>Presidente de M\u00e9xico<\/strong> se pronunci\u00f3 respecto al trayecto de migrantes hondure\u00f1os por el pa\u00eds para llegar a Estados Unidos. El l\u00edder del Ejecutivo advirti\u00f3 que los migrantes centroamericanos que conforman la caravana hacia Estados Unidos que no se apeguen a la ley \u201cdif\u00edcilmente\u201d podr\u00e1n cumplir su objetivo de llegar a ese pa\u00eds o permanecer en M\u00e9xico.<\/p>\n<p>\u201cPara los que han optado por mantener esta caravana fuera del orden legal hago un llamado respetuoso para que tengan claro que, de mantenerse en esta actitud, dif\u00edcilmente podr\u00e1n lograr su objetivo, ya sea de ingreso a Estados Unidos o de permanencia en M\u00e9xico\u201d, dijo el mandatario en la Cumbre de Negocios-Business Summit que se desarrolla en el occidental estado mexicano de Jalisco.<\/p>\n<p>A\u00f1adi\u00f3 que para los miles de migrantes que entraron de \u201cforma abrupta\u201d por la frontera sur no hay \u201cotra v\u00eda que no sea la de mantenerse en apego a la legalidad\u201d.<\/p>\n<p><em>Con informaci\u00f3n de EFE<\/em><\/p>\n","protected":false},"excerpt":{"rendered":"<p>Pe\u00f1a se toma un selfie con un celular que dice \u201cAMLOVE\u201d en la carcaza (FOTOS)<br \/>\nPor Redacci\u00f3n QP<\/p>\n","protected":false},"author":2,"featured_media":7510,"comment_status":"open","ping_status":"open","sticky":false,"template":"","format":"standard","meta":{"_monsterinsights_skip_tracking":false,"_monsterinsights_sitenote_active":false,"_monsterinsights_sitenote_note":"","_monsterinsights_sitenote_category":0,"footnotes":""},"categories":[2],"tags":[],"class_list":["post-7511","post","type-post","status-publish","format-standard","has-post-thumbnail","hentry","category-noticias"],"yoast_head":"<!-- This site is optimized with the Yoast SEO plugin v27.3 - https:\/\/yoast.com\/product\/yoast-seo-wordpress\/ -->\n<title>Pe\u00f1a se toma un selfie con un celular que dice \u201cAMLOVE\u201d en la carcaza (FOTOS) -<\/title>\n<meta name=\"robots\" content=\"index, follow, max-snippet:-1, max-image-preview:large, max-video-preview:-1\" \/>\n<link rel=\"canonical\" href=\"https:\/\/quehacerpolitico.mx\/?p=7511\" \/>\n<meta property=\"og:locale\" content=\"es_MX\" \/>\n<meta property=\"og:type\" content=\"article\" \/>\n<meta property=\"og:title\" content=\"Pe\u00f1a se toma un selfie con un celular que dice \u201cAMLOVE\u201d en la carcaza (FOTOS) -\" \/>\n<meta property=\"og:description\" content=\"Pe\u00f1a se toma un selfie con un celular que dice \u201cAMLOVE\u201d en la carcaza (FOTOS) Por Redacci\u00f3n QP\" \/>\n<meta property=\"og:url\" content=\"https:\/\/quehacerpolitico.mx\/?p=7511\" \/>\n<meta property=\"article:published_time\" content=\"2018-10-23T01:11:22+00:00\" \/>\n<meta name=\"author\" content=\"Redacci\u00f3n QP\" \/>\n<meta name=\"twitter:card\" content=\"summary_large_image\" \/>\n<meta name=\"twitter:label1\" content=\"Escrito por\" \/>\n\t<meta name=\"twitter:data1\" content=\"Redacci\u00f3n QP\" \/>\n\t<meta name=\"twitter:label2\" content=\"Tiempo de lectura\" \/>\n\t<meta name=\"twitter:data2\" content=\"2 minutos\" \/>\n<script type=\"application\/ld+json\" class=\"yoast-schema-graph\">{\"@context\":\"https:\\\/\\\/schema.org\",\"@graph\":[{\"@type\":\"Article\",\"@id\":\"https:\\\/\\\/quehacerpolitico.mx\\\/?p=7511#article\",\"isPartOf\":{\"@id\":\"https:\\\/\\\/quehacerpolitico.mx\\\/?p=7511\"},\"author\":{\"name\":\"Redacci\u00f3n QP\",\"@id\":\"https:\\\/\\\/quehacerpolitico.mx\\\/#\\\/schema\\\/person\\\/496d8ad2d1d3f8036101dca7ee39e585\"},\"headline\":\"Pe\u00f1a se toma un selfie con un celular que dice \u201cAMLOVE\u201d en la carcaza (FOTOS)\",\"datePublished\":\"2018-10-23T01:11:22+00:00\",\"mainEntityOfPage\":{\"@id\":\"https:\\\/\\\/quehacerpolitico.mx\\\/?p=7511\"},\"wordCount\":392,\"commentCount\":0,\"image\":{\"@id\":\"https:\\\/\\\/quehacerpolitico.mx\\\/?p=7511#primaryimage\"},\"thumbnailUrl\":\"\",\"articleSection\":[\"Noticias\"],\"inLanguage\":\"es\",\"potentialAction\":[{\"@type\":\"CommentAction\",\"name\":\"Comment\",\"target\":[\"https:\\\/\\\/quehacerpolitico.mx\\\/?p=7511#respond\"]}]},{\"@type\":\"WebPage\",\"@id\":\"https:\\\/\\\/quehacerpolitico.mx\\\/?p=7511\",\"url\":\"https:\\\/\\\/quehacerpolitico.mx\\\/?p=7511\",\"name\":\"Pe\u00f1a se toma un selfie con un celular que dice \u201cAMLOVE\u201d en la carcaza (FOTOS) -\",\"isPartOf\":{\"@id\":\"https:\\\/\\\/quehacerpolitico.mx\\\/#website\"},\"primaryImageOfPage\":{\"@id\":\"https:\\\/\\\/quehacerpolitico.mx\\\/?p=7511#primaryimage\"},\"image\":{\"@id\":\"https:\\\/\\\/quehacerpolitico.mx\\\/?p=7511#primaryimage\"},\"thumbnailUrl\":\"\",\"datePublished\":\"2018-10-23T01:11:22+00:00\",\"author\":{\"@id\":\"https:\\\/\\\/quehacerpolitico.mx\\\/#\\\/schema\\\/person\\\/496d8ad2d1d3f8036101dca7ee39e585\"},\"breadcrumb\":{\"@id\":\"https:\\\/\\\/quehacerpolitico.mx\\\/?p=7511#breadcrumb\"},\"inLanguage\":\"es\",\"potentialAction\":[{\"@type\":\"ReadAction\",\"target\":[\"https:\\\/\\\/quehacerpolitico.mx\\\/?p=7511\"]}]},{\"@type\":\"ImageObject\",\"inLanguage\":\"es\",\"@id\":\"https:\\\/\\\/quehacerpolitico.mx\\\/?p=7511#primaryimage\",\"url\":\"\",\"contentUrl\":\"\"},{\"@type\":\"BreadcrumbList\",\"@id\":\"https:\\\/\\\/quehacerpolitico.mx\\\/?p=7511#breadcrumb\",\"itemListElement\":[{\"@type\":\"ListItem\",\"position\":1,\"name\":\"Inicio\",\"item\":\"https:\\\/\\\/quehacerpolitico.mx\\\/\"},{\"@type\":\"ListItem\",\"position\":2,\"name\":\"Pe\u00f1a se toma un selfie con un celular que dice \u201cAMLOVE\u201d en la carcaza (FOTOS)\"}]},{\"@type\":\"WebSite\",\"@id\":\"https:\\\/\\\/quehacerpolitico.mx\\\/#website\",\"url\":\"https:\\\/\\\/quehacerpolitico.mx\\\/\",\"name\":\"\",\"description\":\"\",\"potentialAction\":[{\"@type\":\"SearchAction\",\"target\":{\"@type\":\"EntryPoint\",\"urlTemplate\":\"https:\\\/\\\/quehacerpolitico.mx\\\/?s={search_term_string}\"},\"query-input\":{\"@type\":\"PropertyValueSpecification\",\"valueRequired\":true,\"valueName\":\"search_term_string\"}}],\"inLanguage\":\"es\"},{\"@type\":\"Person\",\"@id\":\"https:\\\/\\\/quehacerpolitico.mx\\\/#\\\/schema\\\/person\\\/496d8ad2d1d3f8036101dca7ee39e585\",\"name\":\"Redacci\u00f3n QP\",\"image\":{\"@type\":\"ImageObject\",\"inLanguage\":\"es\",\"@id\":\"https:\\\/\\\/secure.gravatar.com\\\/avatar\\\/c7164ed6fdec453195284ad24a5ae5b6e1eed2b848477fa2a4787ba9adf39a41?s=96&d=mm&r=g\",\"url\":\"https:\\\/\\\/secure.gravatar.com\\\/avatar\\\/c7164ed6fdec453195284ad24a5ae5b6e1eed2b848477fa2a4787ba9adf39a41?s=96&d=mm&r=g\",\"contentUrl\":\"https:\\\/\\\/secure.gravatar.com\\\/avatar\\\/c7164ed6fdec453195284ad24a5ae5b6e1eed2b848477fa2a4787ba9adf39a41?s=96&d=mm&r=g\",\"caption\":\"Redacci\u00f3n QP\"},\"url\":\"https:\\\/\\\/quehacerpolitico.mx\\\/?author=2\"}]}<\/script>\n<!-- \/ Yoast SEO plugin. -->","yoast_head_json":{"title":"Pe\u00f1a se toma un selfie con un celular que dice \u201cAMLOVE\u201d en la carcaza (FOTOS) -","robots":{"index":"index","follow":"follow","max-snippet":"max-snippet:-1","max-image-preview":"max-image-preview:large","max-video-preview":"max-video-preview:-1"},"canonical":"https:\/\/quehacerpolitico.mx\/?p=7511","og_locale":"es_MX","og_type":"article","og_title":"Pe\u00f1a se toma un selfie con un celular que dice \u201cAMLOVE\u201d en la carcaza (FOTOS) -","og_description":"Pe\u00f1a se toma un selfie con un celular que dice \u201cAMLOVE\u201d en la carcaza (FOTOS) Por Redacci\u00f3n QP","og_url":"https:\/\/quehacerpolitico.mx\/?p=7511","article_published_time":"2018-10-23T01:11:22+00:00","author":"Redacci\u00f3n QP","twitter_card":"summary_large_image","twitter_misc":{"Escrito por":"Redacci\u00f3n QP","Tiempo de lectura":"2 minutos"},"schema":{"@context":"https:\/\/schema.org","@graph":[{"@type":"Article","@id":"https:\/\/quehacerpolitico.mx\/?p=7511#article","isPartOf":{"@id":"https:\/\/quehacerpolitico.mx\/?p=7511"},"author":{"name":"Redacci\u00f3n QP","@id":"https:\/\/quehacerpolitico.mx\/#\/schema\/person\/496d8ad2d1d3f8036101dca7ee39e585"},"headline":"Pe\u00f1a se toma un selfie con un celular que dice \u201cAMLOVE\u201d en la carcaza (FOTOS)","datePublished":"2018-10-23T01:11:22+00:00","mainEntityOfPage":{"@id":"https:\/\/quehacerpolitico.mx\/?p=7511"},"wordCount":392,"commentCount":0,"image":{"@id":"https:\/\/quehacerpolitico.mx\/?p=7511#primaryimage"},"thumbnailUrl":"","articleSection":["Noticias"],"inLanguage":"es","potentialAction":[{"@type":"CommentAction","name":"Comment","target":["https:\/\/quehacerpolitico.mx\/?p=7511#respond"]}]},{"@type":"WebPage","@id":"https:\/\/quehacerpolitico.mx\/?p=7511","url":"https:\/\/quehacerpolitico.mx\/?p=7511","name":"Pe\u00f1a se toma un selfie con un celular que dice \u201cAMLOVE\u201d en la carcaza (FOTOS) -","isPartOf":{"@id":"https:\/\/quehacerpolitico.mx\/#website"},"primaryImageOfPage":{"@id":"https:\/\/quehacerpolitico.mx\/?p=7511#primaryimage"},"image":{"@id":"https:\/\/quehacerpolitico.mx\/?p=7511#primaryimage"},"thumbnailUrl":"","datePublished":"2018-10-23T01:11:22+00:00","author":{"@id":"https:\/\/quehacerpolitico.mx\/#\/schema\/person\/496d8ad2d1d3f8036101dca7ee39e585"},"breadcrumb":{"@id":"https:\/\/quehacerpolitico.mx\/?p=7511#breadcrumb"},"inLanguage":"es","potentialAction":[{"@type":"ReadAction","target":["https:\/\/quehacerpolitico.mx\/?p=7511"]}]},{"@type":"ImageObject","inLanguage":"es","@id":"https:\/\/quehacerpolitico.mx\/?p=7511#primaryimage","url":"","contentUrl":""},{"@type":"BreadcrumbList","@id":"https:\/\/quehacerpolitico.mx\/?p=7511#breadcrumb","itemListElement":[{"@type":"ListItem","position":1,"name":"Inicio","item":"https:\/\/quehacerpolitico.mx\/"},{"@type":"ListItem","position":2,"name":"Pe\u00f1a se toma un selfie con un celular que dice \u201cAMLOVE\u201d en la carcaza (FOTOS)"}]},{"@type":"WebSite","@id":"https:\/\/quehacerpolitico.mx\/#website","url":"https:\/\/quehacerpolitico.mx\/","name":"","description":"","potentialAction":[{"@type":"SearchAction","target":{"@type":"EntryPoint","urlTemplate":"https:\/\/quehacerpolitico.mx\/?s={search_term_string}"},"query-input":{"@type":"PropertyValueSpecification","valueRequired":true,"valueName":"search_term_string"}}],"inLanguage":"es"},{"@type":"Person","@id":"https:\/\/quehacerpolitico.mx\/#\/schema\/person\/496d8ad2d1d3f8036101dca7ee39e585","name":"Redacci\u00f3n QP","image":{"@type":"ImageObject","inLanguage":"es","@id":"https:\/\/secure.gravatar.com\/avatar\/c7164ed6fdec453195284ad24a5ae5b6e1eed2b848477fa2a4787ba9adf39a41?s=96&d=mm&r=g","url":"https:\/\/secure.gravatar.com\/avatar\/c7164ed6fdec453195284ad24a5ae5b6e1eed2b848477fa2a4787ba9adf39a41?s=96&d=mm&r=g","contentUrl":"https:\/\/secure.gravatar.com\/avatar\/c7164ed6fdec453195284ad24a5ae5b6e1eed2b848477fa2a4787ba9adf39a41?s=96&d=mm&r=g","caption":"Redacci\u00f3n QP"},"url":"https:\/\/quehacerpolitico.mx\/?author=2"}]}},"featured_image_urls":{"full":"","thumbnail":"","medium":"","medium_large":"","large":"","1536x1536":"","2048x2048":"","covernews-featured":"","covernews-medium":""},"author_info":{"display_name":"Redacci\u00f3n QP","author_link":"https:\/\/quehacerpolitico.mx\/?author=2"},"category_info":"<a href=\"https:\/\/quehacerpolitico.mx\/?cat=2\" rel=\"category\">Noticias<\/a>","tag_info":"Noticias","comment_count":"0","_links":{"self":[{"href":"https:\/\/quehacerpolitico.mx\/index.php?rest_route=\/wp\/v2\/posts\/7511","targetHints":{"allow":["GET"]}}],"collection":[{"href":"https:\/\/quehacerpolitico.mx\/index.php?rest_route=\/wp\/v2\/posts"}],"about":[{"href":"https:\/\/quehacerpolitico.mx\/index.php?rest_route=\/wp\/v2\/types\/post"}],"author":[{"embeddable":true,"href":"https:\/\/quehacerpolitico.mx\/index.php?rest_route=\/wp\/v2\/users\/2"}],"replies":[{"embeddable":true,"href":"https:\/\/quehacerpolitico.mx\/index.php?rest_route=%2Fwp%2Fv2%2Fcomments&post=7511"}],"version-history":[{"count":0,"href":"https:\/\/quehacerpolitico.mx\/index.php?rest_route=\/wp\/v2\/posts\/7511\/revisions"}],"wp:featuredmedia":[{"embeddable":true,"href":"https:\/\/quehacerpolitico.mx\/index.php?rest_route=\/"}],"wp:attachment":[{"href":"https:\/\/quehacerpolitico.mx\/index.php?rest_route=%2Fwp%2Fv2%2Fmedia&parent=7511"}],"wp:term":[{"taxonomy":"category","embeddable":true,"href":"https:\/\/quehacerpolitico.mx\/index.php?rest_route=%2Fwp%2Fv2%2Fcategories&post=7511"},{"taxonomy":"post_tag","embeddable":true,"href":"https:\/\/quehacerpolitico.mx\/index.php?rest_route=%2Fwp%2Fv2%2Ftags&post=7511"}],"curies":[{"name":"wp","href":"https:\/\/api.w.org\/{rel}","templated":true}]}}