{"id":7505,"date":"2018-10-23T00:15:20","date_gmt":"2018-10-23T00:15:20","guid":{"rendered":"http:\/\/quehacerpolitico.mx\/cae-en-ecatepec-edomex-uno-de-los-presuntos-autores-del-ataque-a-casa-de-norberto-rivera\/"},"modified":"2018-10-23T00:15:20","modified_gmt":"2018-10-23T00:15:20","slug":"cae-en-ecatepec-edomex-uno-de-los-presuntos-autores-del-ataque-a-casa-de-norberto-rivera","status":"publish","type":"post","link":"https:\/\/quehacerpolitico.mx\/?p=7505","title":{"rendered":"Cae en Ecatepec, Edomex, uno de los presuntos autores del ataque a casa de Norberto Rivera"},"content":{"rendered":"<h1>Cae en Ecatepec, Edomex, uno de los presuntos autores del ataque a casa de Norberto Rivera<\/h1>\n<p>Por Redacci\u00f3n QP<\/p>\n<p>La <strong>Procuradur\u00eda General de Justicia de la Ciudad de M\u00e9xico<\/strong>inform\u00f3 hoy que un <strong>sospechoso<\/strong> del <strong>ataque armado<\/strong> a la casa del <strong>cardenal Norberto Rivera<\/strong> en el que muri\u00f3 un <strong>polic\u00eda<\/strong> fue puesto <strong>bajo custodia<\/strong> en un hospital al que ingres\u00f3 herido.<\/p>\n<p>El <strong>sospechoso<\/strong>, de 33 a\u00f1os de edad y con residencia en <strong>Ecatepec<\/strong>, Estado de M\u00e9xico, se encuentra bajo la vigilancia de la Fiscal\u00eda del Estado de M\u00e9xico en el hospital al que ingres\u00f3 herido, indic\u00f3 la Procuradur\u00eda mediante un comunicado.<\/p>\n<p>Este domingo, <strong>un polic\u00eda muri\u00f3<\/strong> en un <strong>ataque a tiros<\/strong> contra la residencia del cardenal em\u00e9rito mexicano Norberto Rivera, en el que habr\u00edan participado al menos tres personas abordo de un par de motocicletas y una camioneta<\/p>\n<p>El sospechoso fue ubicado en el hospital a trav\u00e9s de entrevistas de testigos y mediante el an\u00e1lisis de las c\u00e1maras de video de vigilancia en las cuales se identific\u00f3 la ruta de escape de los agresores rumbo al Estado de M\u00e9xico.<\/p>\n<p>Entonces, la Procuradur\u00eda capitalina lanz\u00f3 una alerta de b\u00fasqueda y a las autoridades del <strong>Estado de M\u00e9xico<\/strong> informaron de un sospechoso con tres heridas de bala que ingres\u00f3 al hospital del Instituto Mexicana del Seguro Social, en Naucalpan, donde reportan como grave su estado de salud.<\/p>\n<p>Un testigo reconoci\u00f3 al herido como uno de los participantes en el ataque cometido la tarde del domingo en la colonia Florida, en la alcald\u00eda de \u00c1lvaro Obreg\u00f3n.<\/p>\n<div id=\"attachment_3487854\" class=\"wp-caption alignnone\"><img loading=\"lazy\" decoding=\"async\" class=\"wp-image-3487854 size-full\" src=\"http:\/\/www.sinembargo.mx\/wp-content\/uploads\/2018\/10\/ataque-norberto-rivera-2.jpg\" sizes=\"auto, (max-width: 700px) 100vw, 700px\" srcset=\"http:\/\/www.sinembargo.mx\/wp-content\/uploads\/2018\/10\/ataque-norberto-rivera-2.jpg 700w, http:\/\/www.sinembargo.mx\/wp-content\/uploads\/2018\/10\/ataque-norberto-rivera-2-300x189.jpg 300w\" alt=\"\" width=\"700\" height=\"441\" \/><\/p>\n<p class=\"wp-caption-text\">Un testigo reconoci\u00f3 al herido como uno de los participantes en el ataque. Foto: Armando Monroy, Cuartoscuro.<\/p>\n<\/div>\n<p>La Procuradur\u00eda se\u00f1al\u00f3 que \u201ctodas las l\u00edneas de investigaci\u00f3n est\u00e1n abiertas\u201d y contin\u00faan las indagatorias para recabar los datos que permitan ubicar y detener a los dem\u00e1s participantes.<\/p>\n<p>Rivera Carrera present\u00f3 en 2017 al Papa Francisco su renuncia como cardenal y Arzobispo Primado de M\u00e9xico al haber alcanzado la edad de jubilaci\u00f3n de 75 a\u00f1os y fue sustituido en febrero de 2018 por Carlos Aguiar Retes.<\/p>\n<p><strong>ATAQUE ARMADO<\/strong><\/p>\n<p>El\u00a0<strong>ataque <\/strong>contra el cardenal\u00a0tuvo lugar ayer alrededor de las 15:00 horas y estuvo a cargo de al menos tres sujetos que dispararon a la\u00a0<strong>casa<\/strong>\u00a0del ex\u00a0cardenal, en un exclusivo barrio residencial, desde un par de motocicletas y una camioneta.<\/p>\n<blockquote>\n<p>En la\u00a0<strong>balacera<\/strong>\u00a0<strong>muri\u00f3<\/strong>\u00a0un agente de la Polic\u00eda Bancaria Industrial (PBI), grupo auxiliar de la Secretar\u00eda de Seguridad P\u00fablica con funciones de vigilancia en instituciones p\u00fablicas y en bancos,\u00a0al ser herido por una bala en el pecho.<\/p>\n<\/blockquote>\n<p>Al menos una decena de casquillos fueron hallados durante las primeras inspecciones de la casa por parte de la SSP, que apunta como principal hip\u00f3tesis a un posible intento de robo a la residencia.<br \/>La Procuradur\u00eda General de Justicia (PGJ) capitalina dio a conocer que inici\u00f3 una carpeta de investigaci\u00f3n por los hechos que dejaron como saldo la\u00a0muerte del\u00a0<strong>escolta<\/strong>\u00a0de\u00a0<strong>Rivera Carrera<\/strong>, quien fue herido de bala en el pecho.<\/p>\n<blockquote>\n<p>\u201cReportes preliminares indican que el implicado lleg\u00f3 al domicilio en la esquina de las calles Camelia y Francia, vestido de militar, y llam\u00f3 a la puerta diciendo que entregar\u00eda un paquete. Sin embargo, cuando le abrieron, el sujeto dispar\u00f3 y lesion\u00f3 a uno de los elementos de seguridad de la casa; sus compa\u00f1eros repelieron la agresi\u00f3n, pero logr\u00f3 escapar\u201d, detall\u00f3 la dependencia en un comunicado.<\/p>\n<\/blockquote>\n<p>Luego de\u00a0disparar contra el elemento de la PBI, tres personas ingresaron al inmueble, pero desde la caseta de vigilancia fueron repelidos por m\u00e1s escoltas, momento en el que decidieron escapar en dos camionetas.<\/p>\n<p>Por su parte, Carlos Aguiar Retes, Arzobispo Primado de M\u00e9xico, lament\u00f3 el fallecimiento del polic\u00eda y dijo que estar\u00e1 pendiente de la informaci\u00f3n oficial que emitan las autoridades respecto a los resultados de las primeras indagatorias.<\/p>\n<div id=\"attachment_3487861\" class=\"wp-caption alignnone\"><img loading=\"lazy\" decoding=\"async\" class=\"wp-image-3487861 size-full\" src=\"http:\/\/www.sinembargo.mx\/wp-content\/uploads\/2018\/10\/ataque-norberto-rivera.jpg\" sizes=\"auto, (max-width: 700px) 100vw, 700px\" srcset=\"http:\/\/www.sinembargo.mx\/wp-content\/uploads\/2018\/10\/ataque-norberto-rivera.jpg 700w, http:\/\/www.sinembargo.mx\/wp-content\/uploads\/2018\/10\/ataque-norberto-rivera-300x199.jpg 300w\" alt=\"\" width=\"700\" height=\"464\" \/><\/p>\n<p class=\"wp-caption-text\">Tras el ataque el titular de la SSP, Raymundo Collins, acudi\u00f3 al domicilio del ex arzobispo primado de M\u00e9xico, en la calle Camelia. Foto: Armando Monroy, Cuartoscuro.<\/p>\n<\/div>\n<p><strong>AMENAZAN CASAS CERCANAS<\/strong><\/p>\n<p>Un\u00a0artefacto explosivoestall\u00f3 esta ma\u00f1ana en la\u00a0Colonia San \u00c1ngel, en la Alcald\u00eda de\u00a0<strong>\u00c1lvaro Obreg\u00f3n,\u00a0<\/strong>provocando da\u00f1os menores viviendas cercanas y a dos autos que se encontraban estacionados en la calle.\u00a0La explosi\u00f3n ocurri\u00f3 cerca de la casa del Cardenal Norberto Rivera<\/p>\n<div class=\"SandboxRoot env-bp-350\">\n<div id=\"twitter-widget-1\" class=\"EmbeddedTweet EmbeddedTweet--edge js-clickToOpenTarget tweet-InformationCircle-widgetParent\" lang=\"es\">\n<div class=\"EmbeddedTweet-tweetContainer\">\n<div class=\"EmbeddedTweet-tweet\">\n<div class=\"Tweet-header\">\n<p>De acuerdo con reportes de prensa, alrededor de las 5:30 horas de la ma\u00f1ana los vecinos fueron sorprendidos por el estallido el cual se registr\u00f3 en el cruce de las calles de Pedro Luis Ogaz\u00f3n y Angelina.<\/p>\n<p>Ninguna persona result\u00f3 herida y una vivienda cercana s\u00f3lo sufri\u00f3 da\u00f1os menores en la fachada y en una ventana.<\/p>\n<p>De manera inmediata los colonos solicitaron el apoyo de elementos de la Secretar\u00eda de Seguridad P\u00fablica quienes acordonaron el lugar y hallaron otros tres artefactos explosivos sin detonar.<\/p>\n<p>Los polic\u00eda solicitaron el apoyo de elementos de Fuerza de Tarea, quienes desactivaron los explosivos y los entregaron a agentes del Ministerio P\u00fablico para iniciar con las investigaciones correspondientes y dar con los responsables.<\/p>\n<p><em>Con informaci\u00f3n de EFE<\/em><\/p>\n<\/div>\n<\/div>\n<\/div>\n<\/div>\n<\/div>\n","protected":false},"excerpt":{"rendered":"<p>Cae en Ecatepec, Edomex, uno de los presuntos autores del ataque a casa de Norberto Rivera<br \/>\nPor Redacci\u00f3n QP<\/p>\n","protected":false},"author":2,"featured_media":7504,"comment_status":"open","ping_status":"open","sticky":false,"template":"","format":"standard","meta":{"_monsterinsights_skip_tracking":false,"_monsterinsights_sitenote_active":false,"_monsterinsights_sitenote_note":"","_monsterinsights_sitenote_category":0,"footnotes":""},"categories":[2],"tags":[],"class_list":["post-7505","post","type-post","status-publish","format-standard","has-post-thumbnail","hentry","category-noticias"],"yoast_head":"<!-- This site is optimized with the Yoast SEO plugin v27.3 - https:\/\/yoast.com\/product\/yoast-seo-wordpress\/ -->\n<title>Cae en Ecatepec, Edomex, uno de los presuntos autores del ataque a casa de Norberto Rivera -<\/title>\n<meta name=\"robots\" content=\"index, follow, max-snippet:-1, max-image-preview:large, max-video-preview:-1\" \/>\n<link rel=\"canonical\" href=\"https:\/\/quehacerpolitico.mx\/?p=7505\" \/>\n<meta property=\"og:locale\" content=\"es_MX\" \/>\n<meta property=\"og:type\" content=\"article\" \/>\n<meta property=\"og:title\" content=\"Cae en Ecatepec, Edomex, uno de los presuntos autores del ataque a casa de Norberto Rivera -\" \/>\n<meta property=\"og:description\" content=\"Cae en Ecatepec, Edomex, uno de los presuntos autores del ataque a casa de Norberto Rivera Por Redacci\u00f3n QP\" \/>\n<meta property=\"og:url\" content=\"https:\/\/quehacerpolitico.mx\/?p=7505\" \/>\n<meta property=\"article:published_time\" content=\"2018-10-23T00:15:20+00:00\" \/>\n<meta name=\"author\" content=\"Redacci\u00f3n QP\" \/>\n<meta name=\"twitter:card\" content=\"summary_large_image\" \/>\n<meta name=\"twitter:label1\" content=\"Escrito por\" \/>\n\t<meta name=\"twitter:data1\" content=\"Redacci\u00f3n QP\" \/>\n\t<meta name=\"twitter:label2\" content=\"Tiempo de lectura\" \/>\n\t<meta name=\"twitter:data2\" content=\"4 minutos\" \/>\n<script type=\"application\/ld+json\" class=\"yoast-schema-graph\">{\"@context\":\"https:\\\/\\\/schema.org\",\"@graph\":[{\"@type\":\"Article\",\"@id\":\"https:\\\/\\\/quehacerpolitico.mx\\\/?p=7505#article\",\"isPartOf\":{\"@id\":\"https:\\\/\\\/quehacerpolitico.mx\\\/?p=7505\"},\"author\":{\"name\":\"Redacci\u00f3n QP\",\"@id\":\"https:\\\/\\\/quehacerpolitico.mx\\\/#\\\/schema\\\/person\\\/496d8ad2d1d3f8036101dca7ee39e585\"},\"headline\":\"Cae en Ecatepec, Edomex, uno de los presuntos autores del ataque a casa de Norberto Rivera\",\"datePublished\":\"2018-10-23T00:15:20+00:00\",\"mainEntityOfPage\":{\"@id\":\"https:\\\/\\\/quehacerpolitico.mx\\\/?p=7505\"},\"wordCount\":891,\"commentCount\":0,\"image\":{\"@id\":\"https:\\\/\\\/quehacerpolitico.mx\\\/?p=7505#primaryimage\"},\"thumbnailUrl\":\"\",\"articleSection\":[\"Noticias\"],\"inLanguage\":\"es\",\"potentialAction\":[{\"@type\":\"CommentAction\",\"name\":\"Comment\",\"target\":[\"https:\\\/\\\/quehacerpolitico.mx\\\/?p=7505#respond\"]}]},{\"@type\":\"WebPage\",\"@id\":\"https:\\\/\\\/quehacerpolitico.mx\\\/?p=7505\",\"url\":\"https:\\\/\\\/quehacerpolitico.mx\\\/?p=7505\",\"name\":\"Cae en Ecatepec, Edomex, uno de los presuntos autores del ataque a casa de Norberto Rivera -\",\"isPartOf\":{\"@id\":\"https:\\\/\\\/quehacerpolitico.mx\\\/#website\"},\"primaryImageOfPage\":{\"@id\":\"https:\\\/\\\/quehacerpolitico.mx\\\/?p=7505#primaryimage\"},\"image\":{\"@id\":\"https:\\\/\\\/quehacerpolitico.mx\\\/?p=7505#primaryimage\"},\"thumbnailUrl\":\"\",\"datePublished\":\"2018-10-23T00:15:20+00:00\",\"author\":{\"@id\":\"https:\\\/\\\/quehacerpolitico.mx\\\/#\\\/schema\\\/person\\\/496d8ad2d1d3f8036101dca7ee39e585\"},\"breadcrumb\":{\"@id\":\"https:\\\/\\\/quehacerpolitico.mx\\\/?p=7505#breadcrumb\"},\"inLanguage\":\"es\",\"potentialAction\":[{\"@type\":\"ReadAction\",\"target\":[\"https:\\\/\\\/quehacerpolitico.mx\\\/?p=7505\"]}]},{\"@type\":\"ImageObject\",\"inLanguage\":\"es\",\"@id\":\"https:\\\/\\\/quehacerpolitico.mx\\\/?p=7505#primaryimage\",\"url\":\"\",\"contentUrl\":\"\"},{\"@type\":\"BreadcrumbList\",\"@id\":\"https:\\\/\\\/quehacerpolitico.mx\\\/?p=7505#breadcrumb\",\"itemListElement\":[{\"@type\":\"ListItem\",\"position\":1,\"name\":\"Inicio\",\"item\":\"https:\\\/\\\/quehacerpolitico.mx\\\/\"},{\"@type\":\"ListItem\",\"position\":2,\"name\":\"Cae en Ecatepec, Edomex, uno de los presuntos autores del ataque a casa de Norberto Rivera\"}]},{\"@type\":\"WebSite\",\"@id\":\"https:\\\/\\\/quehacerpolitico.mx\\\/#website\",\"url\":\"https:\\\/\\\/quehacerpolitico.mx\\\/\",\"name\":\"\",\"description\":\"\",\"potentialAction\":[{\"@type\":\"SearchAction\",\"target\":{\"@type\":\"EntryPoint\",\"urlTemplate\":\"https:\\\/\\\/quehacerpolitico.mx\\\/?s={search_term_string}\"},\"query-input\":{\"@type\":\"PropertyValueSpecification\",\"valueRequired\":true,\"valueName\":\"search_term_string\"}}],\"inLanguage\":\"es\"},{\"@type\":\"Person\",\"@id\":\"https:\\\/\\\/quehacerpolitico.mx\\\/#\\\/schema\\\/person\\\/496d8ad2d1d3f8036101dca7ee39e585\",\"name\":\"Redacci\u00f3n QP\",\"image\":{\"@type\":\"ImageObject\",\"inLanguage\":\"es\",\"@id\":\"https:\\\/\\\/secure.gravatar.com\\\/avatar\\\/c7164ed6fdec453195284ad24a5ae5b6e1eed2b848477fa2a4787ba9adf39a41?s=96&d=mm&r=g\",\"url\":\"https:\\\/\\\/secure.gravatar.com\\\/avatar\\\/c7164ed6fdec453195284ad24a5ae5b6e1eed2b848477fa2a4787ba9adf39a41?s=96&d=mm&r=g\",\"contentUrl\":\"https:\\\/\\\/secure.gravatar.com\\\/avatar\\\/c7164ed6fdec453195284ad24a5ae5b6e1eed2b848477fa2a4787ba9adf39a41?s=96&d=mm&r=g\",\"caption\":\"Redacci\u00f3n QP\"},\"url\":\"https:\\\/\\\/quehacerpolitico.mx\\\/?author=2\"}]}<\/script>\n<!-- \/ Yoast SEO plugin. -->","yoast_head_json":{"title":"Cae en Ecatepec, Edomex, uno de los presuntos autores del ataque a casa de Norberto Rivera -","robots":{"index":"index","follow":"follow","max-snippet":"max-snippet:-1","max-image-preview":"max-image-preview:large","max-video-preview":"max-video-preview:-1"},"canonical":"https:\/\/quehacerpolitico.mx\/?p=7505","og_locale":"es_MX","og_type":"article","og_title":"Cae en Ecatepec, Edomex, uno de los presuntos autores del ataque a casa de Norberto Rivera -","og_description":"Cae en Ecatepec, Edomex, uno de los presuntos autores del ataque a casa de Norberto Rivera Por Redacci\u00f3n QP","og_url":"https:\/\/quehacerpolitico.mx\/?p=7505","article_published_time":"2018-10-23T00:15:20+00:00","author":"Redacci\u00f3n QP","twitter_card":"summary_large_image","twitter_misc":{"Escrito por":"Redacci\u00f3n QP","Tiempo de lectura":"4 minutos"},"schema":{"@context":"https:\/\/schema.org","@graph":[{"@type":"Article","@id":"https:\/\/quehacerpolitico.mx\/?p=7505#article","isPartOf":{"@id":"https:\/\/quehacerpolitico.mx\/?p=7505"},"author":{"name":"Redacci\u00f3n QP","@id":"https:\/\/quehacerpolitico.mx\/#\/schema\/person\/496d8ad2d1d3f8036101dca7ee39e585"},"headline":"Cae en Ecatepec, Edomex, uno de los presuntos autores del ataque a casa de Norberto Rivera","datePublished":"2018-10-23T00:15:20+00:00","mainEntityOfPage":{"@id":"https:\/\/quehacerpolitico.mx\/?p=7505"},"wordCount":891,"commentCount":0,"image":{"@id":"https:\/\/quehacerpolitico.mx\/?p=7505#primaryimage"},"thumbnailUrl":"","articleSection":["Noticias"],"inLanguage":"es","potentialAction":[{"@type":"CommentAction","name":"Comment","target":["https:\/\/quehacerpolitico.mx\/?p=7505#respond"]}]},{"@type":"WebPage","@id":"https:\/\/quehacerpolitico.mx\/?p=7505","url":"https:\/\/quehacerpolitico.mx\/?p=7505","name":"Cae en Ecatepec, Edomex, uno de los presuntos autores del ataque a casa de Norberto Rivera -","isPartOf":{"@id":"https:\/\/quehacerpolitico.mx\/#website"},"primaryImageOfPage":{"@id":"https:\/\/quehacerpolitico.mx\/?p=7505#primaryimage"},"image":{"@id":"https:\/\/quehacerpolitico.mx\/?p=7505#primaryimage"},"thumbnailUrl":"","datePublished":"2018-10-23T00:15:20+00:00","author":{"@id":"https:\/\/quehacerpolitico.mx\/#\/schema\/person\/496d8ad2d1d3f8036101dca7ee39e585"},"breadcrumb":{"@id":"https:\/\/quehacerpolitico.mx\/?p=7505#breadcrumb"},"inLanguage":"es","potentialAction":[{"@type":"ReadAction","target":["https:\/\/quehacerpolitico.mx\/?p=7505"]}]},{"@type":"ImageObject","inLanguage":"es","@id":"https:\/\/quehacerpolitico.mx\/?p=7505#primaryimage","url":"","contentUrl":""},{"@type":"BreadcrumbList","@id":"https:\/\/quehacerpolitico.mx\/?p=7505#breadcrumb","itemListElement":[{"@type":"ListItem","position":1,"name":"Inicio","item":"https:\/\/quehacerpolitico.mx\/"},{"@type":"ListItem","position":2,"name":"Cae en Ecatepec, Edomex, uno de los presuntos autores del ataque a casa de Norberto Rivera"}]},{"@type":"WebSite","@id":"https:\/\/quehacerpolitico.mx\/#website","url":"https:\/\/quehacerpolitico.mx\/","name":"","description":"","potentialAction":[{"@type":"SearchAction","target":{"@type":"EntryPoint","urlTemplate":"https:\/\/quehacerpolitico.mx\/?s={search_term_string}"},"query-input":{"@type":"PropertyValueSpecification","valueRequired":true,"valueName":"search_term_string"}}],"inLanguage":"es"},{"@type":"Person","@id":"https:\/\/quehacerpolitico.mx\/#\/schema\/person\/496d8ad2d1d3f8036101dca7ee39e585","name":"Redacci\u00f3n QP","image":{"@type":"ImageObject","inLanguage":"es","@id":"https:\/\/secure.gravatar.com\/avatar\/c7164ed6fdec453195284ad24a5ae5b6e1eed2b848477fa2a4787ba9adf39a41?s=96&d=mm&r=g","url":"https:\/\/secure.gravatar.com\/avatar\/c7164ed6fdec453195284ad24a5ae5b6e1eed2b848477fa2a4787ba9adf39a41?s=96&d=mm&r=g","contentUrl":"https:\/\/secure.gravatar.com\/avatar\/c7164ed6fdec453195284ad24a5ae5b6e1eed2b848477fa2a4787ba9adf39a41?s=96&d=mm&r=g","caption":"Redacci\u00f3n QP"},"url":"https:\/\/quehacerpolitico.mx\/?author=2"}]}},"featured_image_urls":{"full":"","thumbnail":"","medium":"","medium_large":"","large":"","1536x1536":"","2048x2048":"","covernews-featured":"","covernews-medium":""},"author_info":{"display_name":"Redacci\u00f3n QP","author_link":"https:\/\/quehacerpolitico.mx\/?author=2"},"category_info":"<a href=\"https:\/\/quehacerpolitico.mx\/?cat=2\" rel=\"category\">Noticias<\/a>","tag_info":"Noticias","comment_count":"0","_links":{"self":[{"href":"https:\/\/quehacerpolitico.mx\/index.php?rest_route=\/wp\/v2\/posts\/7505","targetHints":{"allow":["GET"]}}],"collection":[{"href":"https:\/\/quehacerpolitico.mx\/index.php?rest_route=\/wp\/v2\/posts"}],"about":[{"href":"https:\/\/quehacerpolitico.mx\/index.php?rest_route=\/wp\/v2\/types\/post"}],"author":[{"embeddable":true,"href":"https:\/\/quehacerpolitico.mx\/index.php?rest_route=\/wp\/v2\/users\/2"}],"replies":[{"embeddable":true,"href":"https:\/\/quehacerpolitico.mx\/index.php?rest_route=%2Fwp%2Fv2%2Fcomments&post=7505"}],"version-history":[{"count":0,"href":"https:\/\/quehacerpolitico.mx\/index.php?rest_route=\/wp\/v2\/posts\/7505\/revisions"}],"wp:featuredmedia":[{"embeddable":true,"href":"https:\/\/quehacerpolitico.mx\/index.php?rest_route=\/"}],"wp:attachment":[{"href":"https:\/\/quehacerpolitico.mx\/index.php?rest_route=%2Fwp%2Fv2%2Fmedia&parent=7505"}],"wp:term":[{"taxonomy":"category","embeddable":true,"href":"https:\/\/quehacerpolitico.mx\/index.php?rest_route=%2Fwp%2Fv2%2Fcategories&post=7505"},{"taxonomy":"post_tag","embeddable":true,"href":"https:\/\/quehacerpolitico.mx\/index.php?rest_route=%2Fwp%2Fv2%2Ftags&post=7505"}],"curies":[{"name":"wp","href":"https:\/\/api.w.org\/{rel}","templated":true}]}}