{"id":7503,"date":"2018-10-23T00:09:54","date_gmt":"2018-10-23T00:09:54","guid":{"rendered":"http:\/\/quehacerpolitico.mx\/mexico-condiciona-la-ayuda-humanitaria-a-los-migrantes-a-cambio-de-entregarse-acusa-ong\/"},"modified":"2018-10-23T00:09:54","modified_gmt":"2018-10-23T00:09:54","slug":"mexico-condiciona-la-ayuda-humanitaria-a-los-migrantes-a-cambio-de-entregarse-acusa-ong","status":"publish","type":"post","link":"https:\/\/quehacerpolitico.mx\/?p=7503","title":{"rendered":"M\u00e9xico condiciona la ayuda humanitaria a los migrantes a cambio de entregarse, acusa ONG"},"content":{"rendered":"<h1>M\u00e9xico condiciona la ayuda humanitaria a los migrantes a cambio de entregarse, acusa ONG<\/h1>\n<p>Por Redacci\u00f3n QP<\/p>\n<p>La <strong>asistencia humanitaria<\/strong> gubernamental a los miles de <strong>migrantes<\/strong> que conforman el <strong>\u00e9xodo<\/strong><strong>centroamericano<\/strong>, se est\u00e1 <strong>condicionando<\/strong> a la detenci\u00f3n migratoria, denuncian organizaciones no gubernamentales.<\/p>\n<p>A dos d\u00edas de que aproximadamente 7 mil migrantes de Honduras, El Salvador y Guatemala cruzaron la frontera con M\u00e9xico, el cansancio, la debilidad y las condiciones clim\u00e1ticas extremas van rezagando grupos de mayor vulnerabilidad, como ni\u00f1as, ni\u00f1os y adolescentes, mujeres embarazadas, personas de edad avanzada, personas que sufren alguna discapacidad o enfermedad, quienes no est\u00e1n recibiendo agua, comida, atenci\u00f3n m\u00e9dica y asistencia medica.<\/p>\n<p>Tampoco la han recibido quienes se niegan a hacer un registro de entrada ante el Instituto Nacional de Migraci\u00f3n (INM) e internarse en un \u201calbergue\u201d del que no pueden salir sino hasta que se resuelva su solicitud, lo que puede tardar 45 d\u00edas. De rechazarse su solicitud de refugio, la Ley prev\u00e9 que deben ser repatriados a su pa\u00eds de origen.<\/p>\n<div id=\"attachment_3487747\" class=\"wp-caption alignnone\"><img loading=\"lazy\" decoding=\"async\" class=\"size-full wp-image-3487747\" src=\"http:\/\/www.sinembargo.mx\/wp-content\/uploads\/2018\/10\/caravanadenuncia.jpg\" sizes=\"auto, (max-width: 700px) 100vw, 700px\" srcset=\"http:\/\/www.sinembargo.mx\/wp-content\/uploads\/2018\/10\/caravanadenuncia.jpg 700w, http:\/\/www.sinembargo.mx\/wp-content\/uploads\/2018\/10\/caravanadenuncia-300x200.jpg 300w\" alt=\"\" width=\"700\" height=\"467\" \/><\/p>\n<p class=\"wp-caption-text\">Migrantes hondure\u00f1os se preparan para caminar otro tramo de territorio mexicano rumbo a su objetivo principal, Estados Unidos. Foto: EFE<\/p>\n<\/div>\n<p>Organismos dedicados a la defensa y protecci\u00f3n de los derechos humanos recorrieron con los migrantes los primeros 38 kil\u00f3metros de su recorrido por el pa\u00eds, ello les permiti\u00f3 documentar la situaci\u00f3n a la que se est\u00e1n enfrentando, como el desgaste f\u00edsico y emocional por la falta de asistencia humanitaria gubernamental.<\/p>\n<blockquote>\n<p>\u201cLa respuesta del Estado sigue siendo de un enfoque militarista al mando de la Polic\u00eda Federal\u201d, se\u00f1alan. Ello, al colocar grupos de polic\u00edas antimotines a lo largo del recorrido, al sobrevolar la zona a baja altura con un helic\u00f3ptero de la Comisi\u00f3n Nacional de Seguridad, \u201ccausando confusi\u00f3n y terror entre las personas\u201d.<\/p>\n<\/blockquote>\n<p>Hasta el momento las autoridades federales no han emitido las medidas de protecci\u00f3n a las que est\u00e1 obligado, de acuerdo a protocolos internacionales que suscribi\u00f3 el Estado mexicano, se\u00f1alan el Servicio Jesuita a Refugiados (JRS) y Servicio Jesuita a Migrantes (SJM), Voces Mesoamericanas Acci\u00f3n con Pueblos Migrantes, M\u00e9dicos del Mundo Suiza, Centro de Derechos Humanos Fray Mat\u00edas de C\u00f3rdova, Otros Mundos Chiapas, SweFOR M\u00e9xico y el Comit\u00e9 de Servicio de Amigos Americanos la oficina Latinoam\u00e9rica y el Caribe.<\/p>\n<p>\u201cLo que est\u00e1 ocurriendo en este momento y de lo cual somos testigos, no tiene precedente alguno. Si bien el paso de personas migrantes es un hecho que viene ocurriendo desde hace muchos a\u00f1os, lo cierto es que, desde los a\u00f1os 80, no hab\u00edamos tenido noticia de un evento de esta magnitud en el cual miles de personas est\u00e1n buscando, de manera desesperada, ingresar a M\u00e9xico con la finalidad de buscar protecci\u00f3n\u201d.<\/p>\n<p>En concreto, los organismos humanitarios acusan que personal del INM y de polic\u00edas federales, estatales y municipales han obstaculizado a los migrantes el acceso a territorio mexicano bajo diversos medios y gestionando \u00fanicamente el ingreso bajo la condici\u00f3n de someterse a una detenci\u00f3n migratoria.<\/p>\n<p>En este marco, exigieron al estado mexicano generar una respuesta inmediata y coordinada desde instancias internacionales para asistir integral y regionalmente a las personas que est\u00e1n migrando de manera masiva y en condiciones que ponen en riesgo sus vidas.<\/p>\n<div id=\"attachment_3487748\" class=\"wp-caption alignnone\"><img loading=\"lazy\" decoding=\"async\" class=\"size-full wp-image-3487748\" src=\"http:\/\/www.sinembargo.mx\/wp-content\/uploads\/2018\/10\/caravanadenuncia1.jpg\" sizes=\"auto, (max-width: 700px) 100vw, 700px\" srcset=\"http:\/\/www.sinembargo.mx\/wp-content\/uploads\/2018\/10\/caravanadenuncia1.jpg 700w, http:\/\/www.sinembargo.mx\/wp-content\/uploads\/2018\/10\/caravanadenuncia1-300x200.jpg 300w\" alt=\"\" width=\"700\" height=\"467\" \/><\/p>\n<p class=\"wp-caption-text\">Siete organizaciones responsabilizaron en un comunicado al Estado mexicano de las violaciones a derechos humanos de los integrantes de la Caravana. Foto: AP<\/p>\n<\/div>\n<p><strong>DENUNCIAN \u201cINFIERNO\u201d EN CENTROAM\u00c9RICA<\/strong><\/p>\n<p>\u201cHan hecho un infierno de nuestros pa\u00edses. (\u2026) Pedimos a M\u00e9xico que no reprima esta caravana\u201d, dijo en una rueda de prensa desde Tapachula, el director de la organizaci\u00f3n Pueblo Sin Fronteras, Irineo Mujica, que apoya esta caravana que parti\u00f3 el 13 de octubre de San Pedro Sula (Honduras).<\/p>\n<blockquote>\n<p>Ante decenas de medios de comunicaci\u00f3n nacionales e internacionales, varios integrantes de esta caravana conformada mayoritariamente por miles de hondure\u00f1os junto con entidades civiles, describieron este movimiento como un \u201c\u00e9xodo\u201d fruto de d\u00e9cadas de \u201chambre y muerte\u201d, apunt\u00f3 Mujica.<\/p>\n<\/blockquote>\n<p>Brenda Ochoa, del Centro de Derechos Humanos Fray Mat\u00edas de C\u00f3rdova, inst\u00f3 a que se atienda a los migrantes, que describi\u00f3 como \u201cdesplazados forzados\u201d, y pidi\u00f3 que se apliquen protocolos internacionales con respecto a la ni\u00f1ez, pues en la caravana hay un gran contingente de madres con hijos, algunos de ellos beb\u00e9s.<\/p>\n<p>Elena Lourdes Urbina, migrante hondure\u00f1a, denunci\u00f3 precisamente que hab\u00eda sido separada de su hijo y su nieto, que se encontraban en una estaci\u00f3n migratoria junto con m\u00e1s de mil personas que buscan tramitar una solicitud de refugio.<\/p>\n<p>Asimismo, el integrante de Pueblo Sin Fronteras Rodrigo Abeja relat\u00f3, entre l\u00e1grimas, c\u00f3mo en Tapachula y en otros municipios de Chiapas se violenta a las mujeres migrantes -que han intentado cruzar en ocasiones anteriores- y se las obliga a prostituirse.<\/p>\n<div id=\"attachment_3487692\" class=\"wp-caption alignnone\"><img loading=\"lazy\" decoding=\"async\" class=\"size-full wp-image-3487692\" src=\"http:\/\/www.sinembargo.mx\/wp-content\/uploads\/2018\/10\/caravana-1-1.jpg\" sizes=\"auto, (max-width: 700px) 100vw, 700px\" srcset=\"http:\/\/www.sinembargo.mx\/wp-content\/uploads\/2018\/10\/caravana-1-1.jpg 700w, http:\/\/www.sinembargo.mx\/wp-content\/uploads\/2018\/10\/caravana-1-1-300x200.jpg 300w\" alt=\"\" width=\"700\" height=\"467\" \/><\/p>\n<p class=\"wp-caption-text\">En Tapachula los migrantes desgastados por otro d\u00eda de marcha bajo un sol abrasador descansaron sobre el suelo. Foto: Mois\u00e9s Castillo, AP<\/p>\n<\/div>\n<p>Siete organizaciones, entre ellas Voces Mesoamericanas Acci\u00f3n con Pueblos Migrantes y el Centro de Derechos Humanos Fray Mat\u00edas de C\u00f3rdova, responsabilizaron en un comunicado al Estado mexicano de las violaciones a derechos humanos ante un hecho, esta masiva caravana, que consideraron sin precedentes.<\/p>\n<p>Entre otras cosas, acusaron al Gobierno de M\u00e9xico de \u201cincumplir con las garant\u00edas de protecci\u00f3n de vida\u201d, realizar \u201cdetenciones arbitrarias\u201d en la Estaci\u00f3n Migratoria Siglo XXI, en Tapachula, negar el acceso a solicitantes de refugio e infligir a los migrantes \u201ctratos crueles e inhumanos\u201d.<\/p>\n<p><em>Con informaci\u00f3n de EFE<\/em><\/p>\n","protected":false},"excerpt":{"rendered":"<p>M\u00e9xico condiciona la ayuda humanitaria a los migrantes a cambio de entregarse, acusa ONG<br \/>\nPor Redacci\u00f3n QP<\/p>\n","protected":false},"author":2,"featured_media":7502,"comment_status":"open","ping_status":"open","sticky":false,"template":"","format":"standard","meta":{"_monsterinsights_skip_tracking":false,"_monsterinsights_sitenote_active":false,"_monsterinsights_sitenote_note":"","_monsterinsights_sitenote_category":0,"footnotes":""},"categories":[2],"tags":[],"class_list":["post-7503","post","type-post","status-publish","format-standard","has-post-thumbnail","hentry","category-noticias"],"yoast_head":"<!-- This site is optimized with the Yoast SEO plugin v27.3 - https:\/\/yoast.com\/product\/yoast-seo-wordpress\/ -->\n<title>M\u00e9xico condiciona la ayuda humanitaria a los migrantes a cambio de entregarse, acusa ONG -<\/title>\n<meta name=\"robots\" content=\"index, follow, max-snippet:-1, max-image-preview:large, max-video-preview:-1\" \/>\n<link rel=\"canonical\" href=\"https:\/\/quehacerpolitico.mx\/?p=7503\" \/>\n<meta property=\"og:locale\" content=\"es_MX\" \/>\n<meta property=\"og:type\" content=\"article\" \/>\n<meta property=\"og:title\" content=\"M\u00e9xico condiciona la ayuda humanitaria a los migrantes a cambio de entregarse, acusa ONG -\" \/>\n<meta property=\"og:description\" content=\"M\u00e9xico condiciona la ayuda humanitaria a los migrantes a cambio de entregarse, acusa ONG Por Redacci\u00f3n QP\" \/>\n<meta property=\"og:url\" content=\"https:\/\/quehacerpolitico.mx\/?p=7503\" \/>\n<meta property=\"article:published_time\" content=\"2018-10-23T00:09:54+00:00\" \/>\n<meta name=\"author\" content=\"Redacci\u00f3n QP\" \/>\n<meta name=\"twitter:card\" content=\"summary_large_image\" \/>\n<meta name=\"twitter:label1\" content=\"Escrito por\" \/>\n\t<meta name=\"twitter:data1\" content=\"Redacci\u00f3n QP\" \/>\n\t<meta name=\"twitter:label2\" content=\"Tiempo de lectura\" \/>\n\t<meta name=\"twitter:data2\" content=\"5 minutos\" \/>\n<script type=\"application\/ld+json\" class=\"yoast-schema-graph\">{\"@context\":\"https:\\\/\\\/schema.org\",\"@graph\":[{\"@type\":\"Article\",\"@id\":\"https:\\\/\\\/quehacerpolitico.mx\\\/?p=7503#article\",\"isPartOf\":{\"@id\":\"https:\\\/\\\/quehacerpolitico.mx\\\/?p=7503\"},\"author\":{\"name\":\"Redacci\u00f3n QP\",\"@id\":\"https:\\\/\\\/quehacerpolitico.mx\\\/#\\\/schema\\\/person\\\/496d8ad2d1d3f8036101dca7ee39e585\"},\"headline\":\"M\u00e9xico condiciona la ayuda humanitaria a los migrantes a cambio de entregarse, acusa ONG\",\"datePublished\":\"2018-10-23T00:09:54+00:00\",\"mainEntityOfPage\":{\"@id\":\"https:\\\/\\\/quehacerpolitico.mx\\\/?p=7503\"},\"wordCount\":960,\"commentCount\":0,\"image\":{\"@id\":\"https:\\\/\\\/quehacerpolitico.mx\\\/?p=7503#primaryimage\"},\"thumbnailUrl\":\"\",\"articleSection\":[\"Noticias\"],\"inLanguage\":\"es\",\"potentialAction\":[{\"@type\":\"CommentAction\",\"name\":\"Comment\",\"target\":[\"https:\\\/\\\/quehacerpolitico.mx\\\/?p=7503#respond\"]}]},{\"@type\":\"WebPage\",\"@id\":\"https:\\\/\\\/quehacerpolitico.mx\\\/?p=7503\",\"url\":\"https:\\\/\\\/quehacerpolitico.mx\\\/?p=7503\",\"name\":\"M\u00e9xico condiciona la ayuda humanitaria a los migrantes a cambio de entregarse, acusa ONG -\",\"isPartOf\":{\"@id\":\"https:\\\/\\\/quehacerpolitico.mx\\\/#website\"},\"primaryImageOfPage\":{\"@id\":\"https:\\\/\\\/quehacerpolitico.mx\\\/?p=7503#primaryimage\"},\"image\":{\"@id\":\"https:\\\/\\\/quehacerpolitico.mx\\\/?p=7503#primaryimage\"},\"thumbnailUrl\":\"\",\"datePublished\":\"2018-10-23T00:09:54+00:00\",\"author\":{\"@id\":\"https:\\\/\\\/quehacerpolitico.mx\\\/#\\\/schema\\\/person\\\/496d8ad2d1d3f8036101dca7ee39e585\"},\"breadcrumb\":{\"@id\":\"https:\\\/\\\/quehacerpolitico.mx\\\/?p=7503#breadcrumb\"},\"inLanguage\":\"es\",\"potentialAction\":[{\"@type\":\"ReadAction\",\"target\":[\"https:\\\/\\\/quehacerpolitico.mx\\\/?p=7503\"]}]},{\"@type\":\"ImageObject\",\"inLanguage\":\"es\",\"@id\":\"https:\\\/\\\/quehacerpolitico.mx\\\/?p=7503#primaryimage\",\"url\":\"\",\"contentUrl\":\"\"},{\"@type\":\"BreadcrumbList\",\"@id\":\"https:\\\/\\\/quehacerpolitico.mx\\\/?p=7503#breadcrumb\",\"itemListElement\":[{\"@type\":\"ListItem\",\"position\":1,\"name\":\"Inicio\",\"item\":\"https:\\\/\\\/quehacerpolitico.mx\\\/\"},{\"@type\":\"ListItem\",\"position\":2,\"name\":\"M\u00e9xico condiciona la ayuda humanitaria a los migrantes a cambio de entregarse, acusa ONG\"}]},{\"@type\":\"WebSite\",\"@id\":\"https:\\\/\\\/quehacerpolitico.mx\\\/#website\",\"url\":\"https:\\\/\\\/quehacerpolitico.mx\\\/\",\"name\":\"\",\"description\":\"\",\"potentialAction\":[{\"@type\":\"SearchAction\",\"target\":{\"@type\":\"EntryPoint\",\"urlTemplate\":\"https:\\\/\\\/quehacerpolitico.mx\\\/?s={search_term_string}\"},\"query-input\":{\"@type\":\"PropertyValueSpecification\",\"valueRequired\":true,\"valueName\":\"search_term_string\"}}],\"inLanguage\":\"es\"},{\"@type\":\"Person\",\"@id\":\"https:\\\/\\\/quehacerpolitico.mx\\\/#\\\/schema\\\/person\\\/496d8ad2d1d3f8036101dca7ee39e585\",\"name\":\"Redacci\u00f3n QP\",\"image\":{\"@type\":\"ImageObject\",\"inLanguage\":\"es\",\"@id\":\"https:\\\/\\\/secure.gravatar.com\\\/avatar\\\/c7164ed6fdec453195284ad24a5ae5b6e1eed2b848477fa2a4787ba9adf39a41?s=96&d=mm&r=g\",\"url\":\"https:\\\/\\\/secure.gravatar.com\\\/avatar\\\/c7164ed6fdec453195284ad24a5ae5b6e1eed2b848477fa2a4787ba9adf39a41?s=96&d=mm&r=g\",\"contentUrl\":\"https:\\\/\\\/secure.gravatar.com\\\/avatar\\\/c7164ed6fdec453195284ad24a5ae5b6e1eed2b848477fa2a4787ba9adf39a41?s=96&d=mm&r=g\",\"caption\":\"Redacci\u00f3n QP\"},\"url\":\"https:\\\/\\\/quehacerpolitico.mx\\\/?author=2\"}]}<\/script>\n<!-- \/ Yoast SEO plugin. -->","yoast_head_json":{"title":"M\u00e9xico condiciona la ayuda humanitaria a los migrantes a cambio de entregarse, acusa ONG -","robots":{"index":"index","follow":"follow","max-snippet":"max-snippet:-1","max-image-preview":"max-image-preview:large","max-video-preview":"max-video-preview:-1"},"canonical":"https:\/\/quehacerpolitico.mx\/?p=7503","og_locale":"es_MX","og_type":"article","og_title":"M\u00e9xico condiciona la ayuda humanitaria a los migrantes a cambio de entregarse, acusa ONG -","og_description":"M\u00e9xico condiciona la ayuda humanitaria a los migrantes a cambio de entregarse, acusa ONG Por Redacci\u00f3n QP","og_url":"https:\/\/quehacerpolitico.mx\/?p=7503","article_published_time":"2018-10-23T00:09:54+00:00","author":"Redacci\u00f3n QP","twitter_card":"summary_large_image","twitter_misc":{"Escrito por":"Redacci\u00f3n QP","Tiempo de lectura":"5 minutos"},"schema":{"@context":"https:\/\/schema.org","@graph":[{"@type":"Article","@id":"https:\/\/quehacerpolitico.mx\/?p=7503#article","isPartOf":{"@id":"https:\/\/quehacerpolitico.mx\/?p=7503"},"author":{"name":"Redacci\u00f3n QP","@id":"https:\/\/quehacerpolitico.mx\/#\/schema\/person\/496d8ad2d1d3f8036101dca7ee39e585"},"headline":"M\u00e9xico condiciona la ayuda humanitaria a los migrantes a cambio de entregarse, acusa ONG","datePublished":"2018-10-23T00:09:54+00:00","mainEntityOfPage":{"@id":"https:\/\/quehacerpolitico.mx\/?p=7503"},"wordCount":960,"commentCount":0,"image":{"@id":"https:\/\/quehacerpolitico.mx\/?p=7503#primaryimage"},"thumbnailUrl":"","articleSection":["Noticias"],"inLanguage":"es","potentialAction":[{"@type":"CommentAction","name":"Comment","target":["https:\/\/quehacerpolitico.mx\/?p=7503#respond"]}]},{"@type":"WebPage","@id":"https:\/\/quehacerpolitico.mx\/?p=7503","url":"https:\/\/quehacerpolitico.mx\/?p=7503","name":"M\u00e9xico condiciona la ayuda humanitaria a los migrantes a cambio de entregarse, acusa ONG -","isPartOf":{"@id":"https:\/\/quehacerpolitico.mx\/#website"},"primaryImageOfPage":{"@id":"https:\/\/quehacerpolitico.mx\/?p=7503#primaryimage"},"image":{"@id":"https:\/\/quehacerpolitico.mx\/?p=7503#primaryimage"},"thumbnailUrl":"","datePublished":"2018-10-23T00:09:54+00:00","author":{"@id":"https:\/\/quehacerpolitico.mx\/#\/schema\/person\/496d8ad2d1d3f8036101dca7ee39e585"},"breadcrumb":{"@id":"https:\/\/quehacerpolitico.mx\/?p=7503#breadcrumb"},"inLanguage":"es","potentialAction":[{"@type":"ReadAction","target":["https:\/\/quehacerpolitico.mx\/?p=7503"]}]},{"@type":"ImageObject","inLanguage":"es","@id":"https:\/\/quehacerpolitico.mx\/?p=7503#primaryimage","url":"","contentUrl":""},{"@type":"BreadcrumbList","@id":"https:\/\/quehacerpolitico.mx\/?p=7503#breadcrumb","itemListElement":[{"@type":"ListItem","position":1,"name":"Inicio","item":"https:\/\/quehacerpolitico.mx\/"},{"@type":"ListItem","position":2,"name":"M\u00e9xico condiciona la ayuda humanitaria a los migrantes a cambio de entregarse, acusa ONG"}]},{"@type":"WebSite","@id":"https:\/\/quehacerpolitico.mx\/#website","url":"https:\/\/quehacerpolitico.mx\/","name":"","description":"","potentialAction":[{"@type":"SearchAction","target":{"@type":"EntryPoint","urlTemplate":"https:\/\/quehacerpolitico.mx\/?s={search_term_string}"},"query-input":{"@type":"PropertyValueSpecification","valueRequired":true,"valueName":"search_term_string"}}],"inLanguage":"es"},{"@type":"Person","@id":"https:\/\/quehacerpolitico.mx\/#\/schema\/person\/496d8ad2d1d3f8036101dca7ee39e585","name":"Redacci\u00f3n QP","image":{"@type":"ImageObject","inLanguage":"es","@id":"https:\/\/secure.gravatar.com\/avatar\/c7164ed6fdec453195284ad24a5ae5b6e1eed2b848477fa2a4787ba9adf39a41?s=96&d=mm&r=g","url":"https:\/\/secure.gravatar.com\/avatar\/c7164ed6fdec453195284ad24a5ae5b6e1eed2b848477fa2a4787ba9adf39a41?s=96&d=mm&r=g","contentUrl":"https:\/\/secure.gravatar.com\/avatar\/c7164ed6fdec453195284ad24a5ae5b6e1eed2b848477fa2a4787ba9adf39a41?s=96&d=mm&r=g","caption":"Redacci\u00f3n QP"},"url":"https:\/\/quehacerpolitico.mx\/?author=2"}]}},"featured_image_urls":{"full":"","thumbnail":"","medium":"","medium_large":"","large":"","1536x1536":"","2048x2048":"","covernews-featured":"","covernews-medium":""},"author_info":{"display_name":"Redacci\u00f3n QP","author_link":"https:\/\/quehacerpolitico.mx\/?author=2"},"category_info":"<a href=\"https:\/\/quehacerpolitico.mx\/?cat=2\" rel=\"category\">Noticias<\/a>","tag_info":"Noticias","comment_count":"0","_links":{"self":[{"href":"https:\/\/quehacerpolitico.mx\/index.php?rest_route=\/wp\/v2\/posts\/7503","targetHints":{"allow":["GET"]}}],"collection":[{"href":"https:\/\/quehacerpolitico.mx\/index.php?rest_route=\/wp\/v2\/posts"}],"about":[{"href":"https:\/\/quehacerpolitico.mx\/index.php?rest_route=\/wp\/v2\/types\/post"}],"author":[{"embeddable":true,"href":"https:\/\/quehacerpolitico.mx\/index.php?rest_route=\/wp\/v2\/users\/2"}],"replies":[{"embeddable":true,"href":"https:\/\/quehacerpolitico.mx\/index.php?rest_route=%2Fwp%2Fv2%2Fcomments&post=7503"}],"version-history":[{"count":0,"href":"https:\/\/quehacerpolitico.mx\/index.php?rest_route=\/wp\/v2\/posts\/7503\/revisions"}],"wp:featuredmedia":[{"embeddable":true,"href":"https:\/\/quehacerpolitico.mx\/index.php?rest_route=\/"}],"wp:attachment":[{"href":"https:\/\/quehacerpolitico.mx\/index.php?rest_route=%2Fwp%2Fv2%2Fmedia&parent=7503"}],"wp:term":[{"taxonomy":"category","embeddable":true,"href":"https:\/\/quehacerpolitico.mx\/index.php?rest_route=%2Fwp%2Fv2%2Fcategories&post=7503"},{"taxonomy":"post_tag","embeddable":true,"href":"https:\/\/quehacerpolitico.mx\/index.php?rest_route=%2Fwp%2Fv2%2Ftags&post=7503"}],"curies":[{"name":"wp","href":"https:\/\/api.w.org\/{rel}","templated":true}]}}