{"id":75027,"date":"2021-02-10T17:47:10","date_gmt":"2021-02-10T17:47:10","guid":{"rendered":"https:\/\/quehacerpolitico.mx\/?p=75027"},"modified":"2021-02-10T17:47:10","modified_gmt":"2021-02-10T17:47:10","slug":"cae-turismo-internacional-en-mexico-44-3-en-2020-por-covid-19-inegi","status":"publish","type":"post","link":"https:\/\/quehacerpolitico.mx\/?p=75027","title":{"rendered":"Cae turismo internacional en M\u00e9xico 44.3% en 2020 por COVID-19: Inegi"},"content":{"rendered":"<h1>Cae turismo internacional en M\u00e9xico 44.3% en 2020 por COVID-19: Inegi<br \/>\nPor Redacci\u00f3n QP<\/h1>\n<p>A pesar de este escenario M\u00e9xico fue el tercer pa\u00eds m\u00e1s visitado en el mundo en 2020, seg\u00fan la OMT<\/p>\n<p>De acuerdo con el Instituto Nacional de Estad\u00edstica y Geograf\u00eda (<strong>Inegi<\/strong>) el <strong>turismo internacional<\/strong> en <strong>M\u00e9xico<\/strong> cay\u00f3 44.3% en 2020 debido a la pandemia por <strong>COVID-19<\/strong>.<\/p>\n<p>Esto significa que en diciembre pasado se captaron <strong>44.3% menos de turistas<\/strong> que en el mismo mes de 2019, al pasar de algo m\u00e1s de 4.7 millones a unos 2.6 millones de viajeros por la <strong>pandemia<\/strong>.<\/p>\n<p>El<strong> Inegi<\/strong> inform\u00f3 que el principal descenso de un 48.9%, se dio en los turistas llegados por v\u00eda a\u00e9rea, que en diciembre del a\u00f1o anterior representaron algo m\u00e1s 2 millones de personas y en 2020 fueron s\u00f3lo 1.1 millones de <strong>viajeros<\/strong>.<\/p>\n<p>Los turistas fronterizos <strong>decrecieron un 42.7% en diciembre<\/strong> hasta llegar a los 1.1 millones de viajeros, revela la Encuesta de Viajeros Internacionales del INEGI<\/p>\n<blockquote class=\"twitter-tweet\" data-width=\"550\" data-dnt=\"true\">\n<p lang=\"es\" dir=\"ltr\"><a href=\"https:\/\/twitter.com\/hashtag\/Actualizaci%C3%B3n?src=hash&amp;ref_src=twsrc%5Etfw\">#Actualizaci\u00f3n<\/a> de las Encuestas de Viajeros Internacionales (EVI) a diciembre de 2020.\u00a0<a href=\"https:\/\/t.co\/LEMMdqH9Y5\">https:\/\/t.co\/LEMMdqH9Y5<\/a>\u00a0<a href=\"https:\/\/twitter.com\/hashtag\/INEGI?src=hash&amp;ref_src=twsrc%5Etfw\">#INEGI<\/a> <a href=\"https:\/\/t.co\/EAoJkHXHsK\">pic.twitter.com\/EAoJkHXHsK<\/a><\/p>\n<p>&mdash; INEGI INFORMA (@INEGI_INFORMA) <a href=\"https:\/\/twitter.com\/INEGI_INFORMA\/status\/1359503399465734148?ref_src=twsrc%5Etfw\">February 10, 2021<\/a><\/p><\/blockquote>\n<p><script async src=\"https:\/\/platform.twitter.com\/widgets.js\" charset=\"utf-8\"><\/script><\/p>\n<h2>P\u00e9rdida de divisas producidas por el turismo<\/h2>\n<p>A ra\u00edz de la <strong>crisis sanitaria<\/strong>, M\u00e9xico perdi\u00f3 en diciembre 48.8% de sus ingresos de divisas producidos por el turismo respecto al mismo mes de 2019.<\/p>\n<p>Los viajeros internacionales dejaron en el pa\u00eds 1, 269.9 millones de d\u00f3lares en el \u00faltimo mes de 2020, mientras que en diciembre del a\u00f1o anterior gastaron 2, 80.9 millones de d\u00f3lares.<\/p>\n<h2>Esto gastaron en promedio los turistas en M\u00e9xico<\/h2>\n<p>El gasto medio de cada turista aumento al pasar de 266.29 d\u00f3lares en diciembre de 2019 a 293.25 d\u00f3lares a finales del 2020.<\/p>\n<p>El 1 de junio del 2020 arranc\u00f3 en <strong>M\u00e9xico<\/strong> la llamada \u201cnueva normalidad\u201d con una apertura econ\u00f3mica y social por fases y muy cautelosa tras dos meses de una emergencia sanitaria que paraliz\u00f3 las actividades no esenciales.<\/p>\n<p>Aunque la ca\u00edda del turismo a finales de a\u00f1o sigue siendo muy acentuada, los datos del \u00faltimo trimestre mejoraron ostensiblemente frente a la ca\u00edda de m\u00e1s del 60% de julio y agosto de 2020, lo que se puede interpretar como una paulatina reactivaci\u00f3n del mercado.<\/p>\n<p>La industria tur\u00edstica mexicana, que aporta 8.7% del producto interno bruto (<strong>PIB<\/strong>), no se recuperar\u00e1 por completo hasta 2023, seg\u00fan las estimaciones de Miguel Torruco, titular de la Secretar\u00eda de Turismo.<\/p>\n<h2>M\u00e9xico, tercer pa\u00eds m\u00e1s visitado en el mundo: OMT<\/h2>\n<p>A pesar de este escenario <strong>M\u00e9xico fue el tercer pa\u00eds m\u00e1s visitado en el mundo en 2020<\/strong>, seg\u00fan las estimaciones de la Organizaci\u00f3n Mundial del Turismo (<strong>OMT<\/strong>), un fen\u00f3meno coyuntural que se atribuye a las medidas sanitarias flexibles en las zonas tur\u00edsticas del pa\u00eds.<\/p>\n<div id=\"attachment_2763679\" class=\"wp-caption alignnone amp-wp-783f6d8\" data-amp-original-style=\"width: 1090px\"><img decoding=\"async\" class=\"i-amphtml-fill-content i-amphtml-replaced-content\" src=\"https:\/\/i0.wp.com\/noticieros.televisa.com\/wp-content\/uploads\/2020\/12\/ni-distanciamiento-social-ni-cubrebocas-fueron-una-constante-entre-los-turistas-cuartoscurocom.jpg?resize=1080%2C609&amp;ssl=1\" sizes=\"(max-width: 1000px) 100vw, 1000px\" srcset=\"https:\/\/i0.wp.com\/noticieros.televisa.com\/wp-content\/uploads\/2020\/12\/ni-distanciamiento-social-ni-cubrebocas-fueron-una-constante-entre-los-turistas-cuartoscurocom.jpg?w=1080&amp;ssl=1 1080w, https:\/\/i0.wp.com\/noticieros.televisa.com\/wp-content\/uploads\/2020\/12\/ni-distanciamiento-social-ni-cubrebocas-fueron-una-constante-entre-los-turistas-cuartoscurocom.jpg?resize=300%2C169&amp;ssl=1 300w, https:\/\/i0.wp.com\/noticieros.televisa.com\/wp-content\/uploads\/2020\/12\/ni-distanciamiento-social-ni-cubrebocas-fueron-una-constante-entre-los-turistas-cuartoscurocom.jpg?resize=640%2C360&amp;ssl=1 640w\" alt=\"Fotos: Playas de Acapulco se llenan de turistas pese a COVID\" aria-describedby=\"caption-attachment-2763679\" \/><\/p>\n<p id=\"caption-attachment-2763679\" class=\"wp-caption-text\">Ni distanciamiento social ni cubrebocas fueron una constante entre los turistas (Cuartoscuro.com)<\/p>\n<\/div>\n<p><strong>M\u00e9xico<\/strong> se consolid\u00f3 en 2019 como uno de los <strong>10 pa\u00edses m\u00e1s visitados del mundo<\/strong> con m\u00e1s de 45 millones de turistas internacionales, que dejaron 24 mil 563 millones de d\u00f3lares, un crecimiento de 9% anual.<\/p>\n<p><em>Con informaci\u00f3n de EFE<\/em><\/p>\n","protected":false},"excerpt":{"rendered":"<p>Cae turismo internacional en M\u00e9xico 44.3% en 2020 por COVID-19: Inegi Por Redacci\u00f3n QP A&#8230;<\/p>\n","protected":false},"author":2,"featured_media":75031,"comment_status":"open","ping_status":"open","sticky":false,"template":"","format":"standard","meta":{"_monsterinsights_skip_tracking":false,"_monsterinsights_sitenote_active":false,"_monsterinsights_sitenote_note":"","_monsterinsights_sitenote_category":0,"footnotes":""},"categories":[56],"tags":[],"class_list":["post-75027","post","type-post","status-publish","format-standard","has-post-thumbnail","hentry","category-economia"],"yoast_head":"<!-- This site is optimized with the Yoast SEO plugin v27.3 - https:\/\/yoast.com\/product\/yoast-seo-wordpress\/ -->\n<title>Cae turismo internacional en M\u00e9xico 44.3% en 2020 por COVID-19: Inegi -<\/title>\n<meta name=\"robots\" content=\"index, follow, max-snippet:-1, max-image-preview:large, max-video-preview:-1\" \/>\n<link rel=\"canonical\" href=\"https:\/\/quehacerpolitico.mx\/?p=75027\" \/>\n<meta property=\"og:locale\" content=\"es_MX\" \/>\n<meta property=\"og:type\" content=\"article\" \/>\n<meta property=\"og:title\" content=\"Cae turismo internacional en M\u00e9xico 44.3% en 2020 por COVID-19: Inegi -\" \/>\n<meta property=\"og:description\" content=\"Cae turismo internacional en M\u00e9xico 44.3% en 2020 por COVID-19: Inegi Por Redacci\u00f3n QP A...\" \/>\n<meta property=\"og:url\" content=\"https:\/\/quehacerpolitico.mx\/?p=75027\" \/>\n<meta property=\"article:published_time\" content=\"2021-02-10T17:47:10+00:00\" \/>\n<meta property=\"og:image\" content=\"https:\/\/quehacerpolitico.mx\/wp-content\/uploads\/2021\/02\/B3E31876-1BE6-4683-BF03-E61010E7FBD1.jpeg\" \/>\n\t<meta property=\"og:image:width\" content=\"622\" \/>\n\t<meta property=\"og:image:height\" content=\"493\" \/>\n\t<meta property=\"og:image:type\" content=\"image\/jpeg\" \/>\n<meta name=\"author\" content=\"Redacci\u00f3n QP\" \/>\n<meta name=\"twitter:card\" content=\"summary_large_image\" \/>\n<meta name=\"twitter:label1\" content=\"Escrito por\" \/>\n\t<meta name=\"twitter:data1\" content=\"Redacci\u00f3n QP\" \/>\n\t<meta name=\"twitter:label2\" content=\"Tiempo de lectura\" \/>\n\t<meta name=\"twitter:data2\" content=\"2 minutos\" \/>\n<script type=\"application\/ld+json\" class=\"yoast-schema-graph\">{\"@context\":\"https:\\\/\\\/schema.org\",\"@graph\":[{\"@type\":\"Article\",\"@id\":\"https:\\\/\\\/quehacerpolitico.mx\\\/?p=75027#article\",\"isPartOf\":{\"@id\":\"https:\\\/\\\/quehacerpolitico.mx\\\/?p=75027\"},\"author\":{\"name\":\"Redacci\u00f3n QP\",\"@id\":\"https:\\\/\\\/quehacerpolitico.mx\\\/#\\\/schema\\\/person\\\/496d8ad2d1d3f8036101dca7ee39e585\"},\"headline\":\"Cae turismo internacional en M\u00e9xico 44.3% en 2020 por COVID-19: Inegi\",\"datePublished\":\"2021-02-10T17:47:10+00:00\",\"mainEntityOfPage\":{\"@id\":\"https:\\\/\\\/quehacerpolitico.mx\\\/?p=75027\"},\"wordCount\":505,\"commentCount\":0,\"image\":{\"@id\":\"https:\\\/\\\/quehacerpolitico.mx\\\/?p=75027#primaryimage\"},\"thumbnailUrl\":\"https:\\\/\\\/quehacerpolitico.mx\\\/wp-content\\\/uploads\\\/2021\\\/02\\\/B3E31876-1BE6-4683-BF03-E61010E7FBD1.jpeg\",\"articleSection\":[\"Econom\u00eda\"],\"inLanguage\":\"es\",\"potentialAction\":[{\"@type\":\"CommentAction\",\"name\":\"Comment\",\"target\":[\"https:\\\/\\\/quehacerpolitico.mx\\\/?p=75027#respond\"]}]},{\"@type\":\"WebPage\",\"@id\":\"https:\\\/\\\/quehacerpolitico.mx\\\/?p=75027\",\"url\":\"https:\\\/\\\/quehacerpolitico.mx\\\/?p=75027\",\"name\":\"Cae turismo internacional en M\u00e9xico 44.3% en 2020 por COVID-19: Inegi -\",\"isPartOf\":{\"@id\":\"https:\\\/\\\/quehacerpolitico.mx\\\/#website\"},\"primaryImageOfPage\":{\"@id\":\"https:\\\/\\\/quehacerpolitico.mx\\\/?p=75027#primaryimage\"},\"image\":{\"@id\":\"https:\\\/\\\/quehacerpolitico.mx\\\/?p=75027#primaryimage\"},\"thumbnailUrl\":\"https:\\\/\\\/quehacerpolitico.mx\\\/wp-content\\\/uploads\\\/2021\\\/02\\\/B3E31876-1BE6-4683-BF03-E61010E7FBD1.jpeg\",\"datePublished\":\"2021-02-10T17:47:10+00:00\",\"author\":{\"@id\":\"https:\\\/\\\/quehacerpolitico.mx\\\/#\\\/schema\\\/person\\\/496d8ad2d1d3f8036101dca7ee39e585\"},\"breadcrumb\":{\"@id\":\"https:\\\/\\\/quehacerpolitico.mx\\\/?p=75027#breadcrumb\"},\"inLanguage\":\"es\",\"potentialAction\":[{\"@type\":\"ReadAction\",\"target\":[\"https:\\\/\\\/quehacerpolitico.mx\\\/?p=75027\"]}]},{\"@type\":\"ImageObject\",\"inLanguage\":\"es\",\"@id\":\"https:\\\/\\\/quehacerpolitico.mx\\\/?p=75027#primaryimage\",\"url\":\"https:\\\/\\\/quehacerpolitico.mx\\\/wp-content\\\/uploads\\\/2021\\\/02\\\/B3E31876-1BE6-4683-BF03-E61010E7FBD1.jpeg\",\"contentUrl\":\"https:\\\/\\\/quehacerpolitico.mx\\\/wp-content\\\/uploads\\\/2021\\\/02\\\/B3E31876-1BE6-4683-BF03-E61010E7FBD1.jpeg\",\"width\":622,\"height\":493},{\"@type\":\"BreadcrumbList\",\"@id\":\"https:\\\/\\\/quehacerpolitico.mx\\\/?p=75027#breadcrumb\",\"itemListElement\":[{\"@type\":\"ListItem\",\"position\":1,\"name\":\"Inicio\",\"item\":\"https:\\\/\\\/quehacerpolitico.mx\\\/\"},{\"@type\":\"ListItem\",\"position\":2,\"name\":\"Cae turismo internacional en M\u00e9xico 44.3% en 2020 por COVID-19: Inegi\"}]},{\"@type\":\"WebSite\",\"@id\":\"https:\\\/\\\/quehacerpolitico.mx\\\/#website\",\"url\":\"https:\\\/\\\/quehacerpolitico.mx\\\/\",\"name\":\"\",\"description\":\"\",\"potentialAction\":[{\"@type\":\"SearchAction\",\"target\":{\"@type\":\"EntryPoint\",\"urlTemplate\":\"https:\\\/\\\/quehacerpolitico.mx\\\/?s={search_term_string}\"},\"query-input\":{\"@type\":\"PropertyValueSpecification\",\"valueRequired\":true,\"valueName\":\"search_term_string\"}}],\"inLanguage\":\"es\"},{\"@type\":\"Person\",\"@id\":\"https:\\\/\\\/quehacerpolitico.mx\\\/#\\\/schema\\\/person\\\/496d8ad2d1d3f8036101dca7ee39e585\",\"name\":\"Redacci\u00f3n QP\",\"image\":{\"@type\":\"ImageObject\",\"inLanguage\":\"es\",\"@id\":\"https:\\\/\\\/secure.gravatar.com\\\/avatar\\\/c7164ed6fdec453195284ad24a5ae5b6e1eed2b848477fa2a4787ba9adf39a41?s=96&d=mm&r=g\",\"url\":\"https:\\\/\\\/secure.gravatar.com\\\/avatar\\\/c7164ed6fdec453195284ad24a5ae5b6e1eed2b848477fa2a4787ba9adf39a41?s=96&d=mm&r=g\",\"contentUrl\":\"https:\\\/\\\/secure.gravatar.com\\\/avatar\\\/c7164ed6fdec453195284ad24a5ae5b6e1eed2b848477fa2a4787ba9adf39a41?s=96&d=mm&r=g\",\"caption\":\"Redacci\u00f3n QP\"},\"url\":\"https:\\\/\\\/quehacerpolitico.mx\\\/?author=2\"}]}<\/script>\n<!-- \/ Yoast SEO plugin. -->","yoast_head_json":{"title":"Cae turismo internacional en M\u00e9xico 44.3% en 2020 por COVID-19: Inegi -","robots":{"index":"index","follow":"follow","max-snippet":"max-snippet:-1","max-image-preview":"max-image-preview:large","max-video-preview":"max-video-preview:-1"},"canonical":"https:\/\/quehacerpolitico.mx\/?p=75027","og_locale":"es_MX","og_type":"article","og_title":"Cae turismo internacional en M\u00e9xico 44.3% en 2020 por COVID-19: Inegi -","og_description":"Cae turismo internacional en M\u00e9xico 44.3% en 2020 por COVID-19: Inegi Por Redacci\u00f3n QP A...","og_url":"https:\/\/quehacerpolitico.mx\/?p=75027","article_published_time":"2021-02-10T17:47:10+00:00","og_image":[{"width":622,"height":493,"url":"https:\/\/quehacerpolitico.mx\/wp-content\/uploads\/2021\/02\/B3E31876-1BE6-4683-BF03-E61010E7FBD1.jpeg","type":"image\/jpeg"}],"author":"Redacci\u00f3n QP","twitter_card":"summary_large_image","twitter_misc":{"Escrito por":"Redacci\u00f3n QP","Tiempo de lectura":"2 minutos"},"schema":{"@context":"https:\/\/schema.org","@graph":[{"@type":"Article","@id":"https:\/\/quehacerpolitico.mx\/?p=75027#article","isPartOf":{"@id":"https:\/\/quehacerpolitico.mx\/?p=75027"},"author":{"name":"Redacci\u00f3n QP","@id":"https:\/\/quehacerpolitico.mx\/#\/schema\/person\/496d8ad2d1d3f8036101dca7ee39e585"},"headline":"Cae turismo internacional en M\u00e9xico 44.3% en 2020 por COVID-19: Inegi","datePublished":"2021-02-10T17:47:10+00:00","mainEntityOfPage":{"@id":"https:\/\/quehacerpolitico.mx\/?p=75027"},"wordCount":505,"commentCount":0,"image":{"@id":"https:\/\/quehacerpolitico.mx\/?p=75027#primaryimage"},"thumbnailUrl":"https:\/\/quehacerpolitico.mx\/wp-content\/uploads\/2021\/02\/B3E31876-1BE6-4683-BF03-E61010E7FBD1.jpeg","articleSection":["Econom\u00eda"],"inLanguage":"es","potentialAction":[{"@type":"CommentAction","name":"Comment","target":["https:\/\/quehacerpolitico.mx\/?p=75027#respond"]}]},{"@type":"WebPage","@id":"https:\/\/quehacerpolitico.mx\/?p=75027","url":"https:\/\/quehacerpolitico.mx\/?p=75027","name":"Cae turismo internacional en M\u00e9xico 44.3% en 2020 por COVID-19: Inegi -","isPartOf":{"@id":"https:\/\/quehacerpolitico.mx\/#website"},"primaryImageOfPage":{"@id":"https:\/\/quehacerpolitico.mx\/?p=75027#primaryimage"},"image":{"@id":"https:\/\/quehacerpolitico.mx\/?p=75027#primaryimage"},"thumbnailUrl":"https:\/\/quehacerpolitico.mx\/wp-content\/uploads\/2021\/02\/B3E31876-1BE6-4683-BF03-E61010E7FBD1.jpeg","datePublished":"2021-02-10T17:47:10+00:00","author":{"@id":"https:\/\/quehacerpolitico.mx\/#\/schema\/person\/496d8ad2d1d3f8036101dca7ee39e585"},"breadcrumb":{"@id":"https:\/\/quehacerpolitico.mx\/?p=75027#breadcrumb"},"inLanguage":"es","potentialAction":[{"@type":"ReadAction","target":["https:\/\/quehacerpolitico.mx\/?p=75027"]}]},{"@type":"ImageObject","inLanguage":"es","@id":"https:\/\/quehacerpolitico.mx\/?p=75027#primaryimage","url":"https:\/\/quehacerpolitico.mx\/wp-content\/uploads\/2021\/02\/B3E31876-1BE6-4683-BF03-E61010E7FBD1.jpeg","contentUrl":"https:\/\/quehacerpolitico.mx\/wp-content\/uploads\/2021\/02\/B3E31876-1BE6-4683-BF03-E61010E7FBD1.jpeg","width":622,"height":493},{"@type":"BreadcrumbList","@id":"https:\/\/quehacerpolitico.mx\/?p=75027#breadcrumb","itemListElement":[{"@type":"ListItem","position":1,"name":"Inicio","item":"https:\/\/quehacerpolitico.mx\/"},{"@type":"ListItem","position":2,"name":"Cae turismo internacional en M\u00e9xico 44.3% en 2020 por COVID-19: Inegi"}]},{"@type":"WebSite","@id":"https:\/\/quehacerpolitico.mx\/#website","url":"https:\/\/quehacerpolitico.mx\/","name":"","description":"","potentialAction":[{"@type":"SearchAction","target":{"@type":"EntryPoint","urlTemplate":"https:\/\/quehacerpolitico.mx\/?s={search_term_string}"},"query-input":{"@type":"PropertyValueSpecification","valueRequired":true,"valueName":"search_term_string"}}],"inLanguage":"es"},{"@type":"Person","@id":"https:\/\/quehacerpolitico.mx\/#\/schema\/person\/496d8ad2d1d3f8036101dca7ee39e585","name":"Redacci\u00f3n QP","image":{"@type":"ImageObject","inLanguage":"es","@id":"https:\/\/secure.gravatar.com\/avatar\/c7164ed6fdec453195284ad24a5ae5b6e1eed2b848477fa2a4787ba9adf39a41?s=96&d=mm&r=g","url":"https:\/\/secure.gravatar.com\/avatar\/c7164ed6fdec453195284ad24a5ae5b6e1eed2b848477fa2a4787ba9adf39a41?s=96&d=mm&r=g","contentUrl":"https:\/\/secure.gravatar.com\/avatar\/c7164ed6fdec453195284ad24a5ae5b6e1eed2b848477fa2a4787ba9adf39a41?s=96&d=mm&r=g","caption":"Redacci\u00f3n QP"},"url":"https:\/\/quehacerpolitico.mx\/?author=2"}]}},"featured_image_urls":{"full":["https:\/\/quehacerpolitico.mx\/wp-content\/uploads\/2021\/02\/B3E31876-1BE6-4683-BF03-E61010E7FBD1.jpeg",622,493,false],"thumbnail":["https:\/\/quehacerpolitico.mx\/wp-content\/uploads\/2021\/02\/B3E31876-1BE6-4683-BF03-E61010E7FBD1-150x150.jpeg",150,150,true],"medium":["https:\/\/quehacerpolitico.mx\/wp-content\/uploads\/2021\/02\/B3E31876-1BE6-4683-BF03-E61010E7FBD1-300x238.jpeg",300,238,true],"medium_large":["https:\/\/quehacerpolitico.mx\/wp-content\/uploads\/2021\/02\/B3E31876-1BE6-4683-BF03-E61010E7FBD1.jpeg",622,493,false],"large":["https:\/\/quehacerpolitico.mx\/wp-content\/uploads\/2021\/02\/B3E31876-1BE6-4683-BF03-E61010E7FBD1.jpeg",622,493,false],"1536x1536":["https:\/\/quehacerpolitico.mx\/wp-content\/uploads\/2021\/02\/B3E31876-1BE6-4683-BF03-E61010E7FBD1.jpeg",622,493,false],"2048x2048":["https:\/\/quehacerpolitico.mx\/wp-content\/uploads\/2021\/02\/B3E31876-1BE6-4683-BF03-E61010E7FBD1.jpeg",622,493,false],"covernews-featured":["https:\/\/quehacerpolitico.mx\/wp-content\/uploads\/2021\/02\/B3E31876-1BE6-4683-BF03-E61010E7FBD1.jpeg",622,493,false],"covernews-medium":["https:\/\/quehacerpolitico.mx\/wp-content\/uploads\/2021\/02\/B3E31876-1BE6-4683-BF03-E61010E7FBD1.jpeg",429,340,false]},"author_info":{"display_name":"Redacci\u00f3n QP","author_link":"https:\/\/quehacerpolitico.mx\/?author=2"},"category_info":"<a href=\"https:\/\/quehacerpolitico.mx\/?cat=56\" rel=\"category\">Econom\u00eda<\/a>","tag_info":"Econom\u00eda","comment_count":"0","_links":{"self":[{"href":"https:\/\/quehacerpolitico.mx\/index.php?rest_route=\/wp\/v2\/posts\/75027","targetHints":{"allow":["GET"]}}],"collection":[{"href":"https:\/\/quehacerpolitico.mx\/index.php?rest_route=\/wp\/v2\/posts"}],"about":[{"href":"https:\/\/quehacerpolitico.mx\/index.php?rest_route=\/wp\/v2\/types\/post"}],"author":[{"embeddable":true,"href":"https:\/\/quehacerpolitico.mx\/index.php?rest_route=\/wp\/v2\/users\/2"}],"replies":[{"embeddable":true,"href":"https:\/\/quehacerpolitico.mx\/index.php?rest_route=%2Fwp%2Fv2%2Fcomments&post=75027"}],"version-history":[{"count":0,"href":"https:\/\/quehacerpolitico.mx\/index.php?rest_route=\/wp\/v2\/posts\/75027\/revisions"}],"wp:featuredmedia":[{"embeddable":true,"href":"https:\/\/quehacerpolitico.mx\/index.php?rest_route=\/wp\/v2\/media\/75031"}],"wp:attachment":[{"href":"https:\/\/quehacerpolitico.mx\/index.php?rest_route=%2Fwp%2Fv2%2Fmedia&parent=75027"}],"wp:term":[{"taxonomy":"category","embeddable":true,"href":"https:\/\/quehacerpolitico.mx\/index.php?rest_route=%2Fwp%2Fv2%2Fcategories&post=75027"},{"taxonomy":"post_tag","embeddable":true,"href":"https:\/\/quehacerpolitico.mx\/index.php?rest_route=%2Fwp%2Fv2%2Ftags&post=75027"}],"curies":[{"name":"wp","href":"https:\/\/api.w.org\/{rel}","templated":true}]}}