{"id":75018,"date":"2021-02-10T17:28:45","date_gmt":"2021-02-10T17:28:45","guid":{"rendered":"https:\/\/quehacerpolitico.mx\/?p=75018"},"modified":"2021-02-10T17:28:45","modified_gmt":"2021-02-10T17:28:45","slug":"voces-del-periodista-desde-filomeno-mata-8-mouris-salloum-george-la-republica-de-los-favoritos-la-ausencia-de-la-ley-y-del-estado","status":"publish","type":"post","link":"https:\/\/quehacerpolitico.mx\/?p=75018","title":{"rendered":"Voces del Periodista Desde Filomeno Mata 8\/\/\/Mouris Salloum George\/\/\/La Rep\u00fablica de los favoritos. La ausencia de la ley y del Estado."},"content":{"rendered":"<h1 class=\"entry-title penci-entry-title penci-title-\">La Rep\u00fablica de los favoritos. La ausencia de la ley y del Estado.<br \/>\nPor Mouris Salloum George<\/h1>\n<p>Director General del Club de Periodistas de Mexico AC<\/p>\n<p>S\u00ed fuese forzoso quedarse en la definici\u00f3n de la pol\u00edtica con un solo atributo, yo no vacilar\u00eda en preferir este: pol\u00edtica es tener una idea clara de lo que se debe hacer desde el Estado con una Naci\u00f3n, algo surgido desde que se inici\u00f3 el debate p\u00fablico sobre el origen y los fines del Estado.<\/p>\n<p>El gran pol\u00edtico ve siempre los problemas del Estado a trav\u00e9s y en funci\u00f3n de los problemas nacionales. Sabe que aqu\u00e9l, es decir el Estado, es s\u00f3lo un instrumento para la vida en convivencia, para establecer los mejores procedimientos para lograr el desarrollo.\u00a0Inversamente, el peque\u00f1o pol\u00edtico, como se encuentra de repente con el Estado entre las manos, tiende a tomarlo demasiado en serio, a darle un valor absoluto, a desconocer su sentido puramente instrumental.<\/p>\n<p>Un Estado es equitativo cuando, concedi\u00e9ndose a s\u00ed mismo el m\u00ednimum de ventajas imprescindibles, contribuye a aumentar la vitalidad de los ciudadanos; si lo abstraemos de esto \u00faltimo, si nos ponemos a dibujar un Estado perfecto en s\u00ed mismo, como un puro y abstracto sistema de instituciones, llegaremos a construir una m\u00e1quina que detendr\u00e1 toda la vida nacional.<\/p>\n<p>En la historia triunfa la vitalidad de las naciones, no la perfecci\u00f3n formal de los Estados. Ese ser\u00eda un error desde la \u00f3ptica de cualquier pensamiento pol\u00edtico que tienda a ser trascendente.\u00a0La pregunta entonces se reduce a la imprescindible organizaci\u00f3n del Estado. Si este es una m\u00e1quina situada al interior de la Naci\u00f3n para servir a esta, la pregunta b\u00e1sica sigue siendo: \u00bfc\u00f3mo organizarla?<\/p>\n<p>Durante nuestro largo interregno hemos sido testigos de la astenia y de la desaparici\u00f3n estatal, sucesiva y sincr\u00f3nicamente. Hemos visto c\u00f3mo se detiene a s\u00ed mismo, esperando la acci\u00f3n salv\u00edfica y en autom\u00e1tico de las grandes decisiones, cada vez m\u00e1s ausentes del escenario nacional. Hemos visto c\u00f3mo tomaron posesi\u00f3n de sus diversas carteras y poderes personas sin oficio ni beneficio, que han pasado absolutamente desapercibidas por los cargos y las encomiendas, siempre ajenas a las funciones fundamentales.<\/p>\n<p>Hemos sido testigos de c\u00f3mo son sustra\u00eddos o sustituidos sus recursos presupuestales, despu\u00e9s de ser destinados obligatoriamente por el Congreso, en espera de los momentos adecuados para canalizarlos a los fines del resultado del programa de que se trate.<\/p>\n<p>Un ejemplo cumbre ha sido el de la compra de las vacunas, o de la previsi\u00f3n para adelantarse a los acondicionados que se ve\u00edan venir que forzosamente iban a obstaculizar su adquisici\u00f3n. Este ha sido un error fundamental, por b\u00e1sico. Hemos visto c\u00f3mo todo se vale para que el Estado no opere.<\/p>\n<p>Un Estado no se cura con menos atribuciones estatales. Se alejan de \u00e9l las instituciones y tambi\u00e9n las soluciones. Los operadores garantizan la eficacia de los programas siempre y cuando la soluci\u00f3n no dependa del aparato p\u00fablico.<\/p>\n<p>As\u00ed se va el Estado, se ausenta la ley. En cambio, s\u00f3lo un pu\u00f1ado de inexpertos toma las decisiones mayores. Y la poblaci\u00f3n se pregunta: \u00bfde qu\u00e9 depende que funcione el Estado? Una pregunta lastimera, una sentencia en s\u00ed misma.<\/p>\n","protected":false},"excerpt":{"rendered":"<p>La Rep\u00fablica de los favoritos. La ausencia de la ley y del Estado. Por Mouris&#8230;<\/p>\n","protected":false},"author":2,"featured_media":75020,"comment_status":"open","ping_status":"open","sticky":false,"template":"","format":"standard","meta":{"_monsterinsights_skip_tracking":false,"_monsterinsights_sitenote_active":false,"_monsterinsights_sitenote_note":"","_monsterinsights_sitenote_category":0,"footnotes":""},"categories":[2],"tags":[],"class_list":["post-75018","post","type-post","status-publish","format-standard","has-post-thumbnail","hentry","category-noticias"],"yoast_head":"<!-- This site is optimized with the Yoast SEO plugin v27.3 - https:\/\/yoast.com\/product\/yoast-seo-wordpress\/ -->\n<title>Voces del Periodista Desde Filomeno Mata 8\/\/\/Mouris Salloum George\/\/\/La Rep\u00fablica de los favoritos. La ausencia de la ley y del Estado. -<\/title>\n<meta name=\"robots\" content=\"index, follow, max-snippet:-1, max-image-preview:large, max-video-preview:-1\" \/>\n<link rel=\"canonical\" href=\"https:\/\/quehacerpolitico.mx\/?p=75018\" \/>\n<meta property=\"og:locale\" content=\"es_MX\" \/>\n<meta property=\"og:type\" content=\"article\" \/>\n<meta property=\"og:title\" content=\"Voces del Periodista Desde Filomeno Mata 8\/\/\/Mouris Salloum George\/\/\/La Rep\u00fablica de los favoritos. La ausencia de la ley y del Estado. -\" \/>\n<meta property=\"og:description\" content=\"La Rep\u00fablica de los favoritos. La ausencia de la ley y del Estado. Por Mouris...\" \/>\n<meta property=\"og:url\" content=\"https:\/\/quehacerpolitico.mx\/?p=75018\" \/>\n<meta property=\"article:published_time\" content=\"2021-02-10T17:28:45+00:00\" \/>\n<meta property=\"og:image\" content=\"https:\/\/quehacerpolitico.mx\/wp-content\/uploads\/2021\/02\/83B85564-E733-4DD5-A703-130F555219B9.jpeg\" \/>\n\t<meta property=\"og:image:width\" content=\"400\" \/>\n\t<meta property=\"og:image:height\" content=\"400\" \/>\n\t<meta property=\"og:image:type\" content=\"image\/jpeg\" \/>\n<meta name=\"author\" content=\"Redacci\u00f3n QP\" \/>\n<meta name=\"twitter:card\" content=\"summary_large_image\" \/>\n<meta name=\"twitter:label1\" content=\"Escrito por\" \/>\n\t<meta name=\"twitter:data1\" content=\"Redacci\u00f3n QP\" \/>\n\t<meta name=\"twitter:label2\" content=\"Tiempo de lectura\" \/>\n\t<meta name=\"twitter:data2\" content=\"3 minutos\" \/>\n<script type=\"application\/ld+json\" class=\"yoast-schema-graph\">{\"@context\":\"https:\\\/\\\/schema.org\",\"@graph\":[{\"@type\":\"Article\",\"@id\":\"https:\\\/\\\/quehacerpolitico.mx\\\/?p=75018#article\",\"isPartOf\":{\"@id\":\"https:\\\/\\\/quehacerpolitico.mx\\\/?p=75018\"},\"author\":{\"name\":\"Redacci\u00f3n QP\",\"@id\":\"https:\\\/\\\/quehacerpolitico.mx\\\/#\\\/schema\\\/person\\\/496d8ad2d1d3f8036101dca7ee39e585\"},\"headline\":\"Voces del Periodista Desde Filomeno Mata 8\\\/\\\/\\\/Mouris Salloum George\\\/\\\/\\\/La Rep\u00fablica de los favoritos. La ausencia de la ley y del Estado.\",\"datePublished\":\"2021-02-10T17:28:45+00:00\",\"mainEntityOfPage\":{\"@id\":\"https:\\\/\\\/quehacerpolitico.mx\\\/?p=75018\"},\"wordCount\":595,\"commentCount\":0,\"image\":{\"@id\":\"https:\\\/\\\/quehacerpolitico.mx\\\/?p=75018#primaryimage\"},\"thumbnailUrl\":\"https:\\\/\\\/quehacerpolitico.mx\\\/wp-content\\\/uploads\\\/2021\\\/02\\\/83B85564-E733-4DD5-A703-130F555219B9.jpeg\",\"articleSection\":[\"Noticias\"],\"inLanguage\":\"es\",\"potentialAction\":[{\"@type\":\"CommentAction\",\"name\":\"Comment\",\"target\":[\"https:\\\/\\\/quehacerpolitico.mx\\\/?p=75018#respond\"]}]},{\"@type\":\"WebPage\",\"@id\":\"https:\\\/\\\/quehacerpolitico.mx\\\/?p=75018\",\"url\":\"https:\\\/\\\/quehacerpolitico.mx\\\/?p=75018\",\"name\":\"Voces del Periodista Desde Filomeno Mata 8\\\/\\\/\\\/Mouris Salloum George\\\/\\\/\\\/La Rep\u00fablica de los favoritos. La ausencia de la ley y del Estado. -\",\"isPartOf\":{\"@id\":\"https:\\\/\\\/quehacerpolitico.mx\\\/#website\"},\"primaryImageOfPage\":{\"@id\":\"https:\\\/\\\/quehacerpolitico.mx\\\/?p=75018#primaryimage\"},\"image\":{\"@id\":\"https:\\\/\\\/quehacerpolitico.mx\\\/?p=75018#primaryimage\"},\"thumbnailUrl\":\"https:\\\/\\\/quehacerpolitico.mx\\\/wp-content\\\/uploads\\\/2021\\\/02\\\/83B85564-E733-4DD5-A703-130F555219B9.jpeg\",\"datePublished\":\"2021-02-10T17:28:45+00:00\",\"author\":{\"@id\":\"https:\\\/\\\/quehacerpolitico.mx\\\/#\\\/schema\\\/person\\\/496d8ad2d1d3f8036101dca7ee39e585\"},\"breadcrumb\":{\"@id\":\"https:\\\/\\\/quehacerpolitico.mx\\\/?p=75018#breadcrumb\"},\"inLanguage\":\"es\",\"potentialAction\":[{\"@type\":\"ReadAction\",\"target\":[\"https:\\\/\\\/quehacerpolitico.mx\\\/?p=75018\"]}]},{\"@type\":\"ImageObject\",\"inLanguage\":\"es\",\"@id\":\"https:\\\/\\\/quehacerpolitico.mx\\\/?p=75018#primaryimage\",\"url\":\"https:\\\/\\\/quehacerpolitico.mx\\\/wp-content\\\/uploads\\\/2021\\\/02\\\/83B85564-E733-4DD5-A703-130F555219B9.jpeg\",\"contentUrl\":\"https:\\\/\\\/quehacerpolitico.mx\\\/wp-content\\\/uploads\\\/2021\\\/02\\\/83B85564-E733-4DD5-A703-130F555219B9.jpeg\",\"width\":400,\"height\":400},{\"@type\":\"BreadcrumbList\",\"@id\":\"https:\\\/\\\/quehacerpolitico.mx\\\/?p=75018#breadcrumb\",\"itemListElement\":[{\"@type\":\"ListItem\",\"position\":1,\"name\":\"Inicio\",\"item\":\"https:\\\/\\\/quehacerpolitico.mx\\\/\"},{\"@type\":\"ListItem\",\"position\":2,\"name\":\"Voces del Periodista Desde Filomeno Mata 8\\\/\\\/\\\/Mouris Salloum George\\\/\\\/\\\/La Rep\u00fablica de los favoritos. La ausencia de la ley y del Estado.\"}]},{\"@type\":\"WebSite\",\"@id\":\"https:\\\/\\\/quehacerpolitico.mx\\\/#website\",\"url\":\"https:\\\/\\\/quehacerpolitico.mx\\\/\",\"name\":\"\",\"description\":\"\",\"potentialAction\":[{\"@type\":\"SearchAction\",\"target\":{\"@type\":\"EntryPoint\",\"urlTemplate\":\"https:\\\/\\\/quehacerpolitico.mx\\\/?s={search_term_string}\"},\"query-input\":{\"@type\":\"PropertyValueSpecification\",\"valueRequired\":true,\"valueName\":\"search_term_string\"}}],\"inLanguage\":\"es\"},{\"@type\":\"Person\",\"@id\":\"https:\\\/\\\/quehacerpolitico.mx\\\/#\\\/schema\\\/person\\\/496d8ad2d1d3f8036101dca7ee39e585\",\"name\":\"Redacci\u00f3n QP\",\"image\":{\"@type\":\"ImageObject\",\"inLanguage\":\"es\",\"@id\":\"https:\\\/\\\/secure.gravatar.com\\\/avatar\\\/c7164ed6fdec453195284ad24a5ae5b6e1eed2b848477fa2a4787ba9adf39a41?s=96&d=mm&r=g\",\"url\":\"https:\\\/\\\/secure.gravatar.com\\\/avatar\\\/c7164ed6fdec453195284ad24a5ae5b6e1eed2b848477fa2a4787ba9adf39a41?s=96&d=mm&r=g\",\"contentUrl\":\"https:\\\/\\\/secure.gravatar.com\\\/avatar\\\/c7164ed6fdec453195284ad24a5ae5b6e1eed2b848477fa2a4787ba9adf39a41?s=96&d=mm&r=g\",\"caption\":\"Redacci\u00f3n QP\"},\"url\":\"https:\\\/\\\/quehacerpolitico.mx\\\/?author=2\"}]}<\/script>\n<!-- \/ Yoast SEO plugin. -->","yoast_head_json":{"title":"Voces del Periodista Desde Filomeno Mata 8\/\/\/Mouris Salloum George\/\/\/La Rep\u00fablica de los favoritos. La ausencia de la ley y del Estado. -","robots":{"index":"index","follow":"follow","max-snippet":"max-snippet:-1","max-image-preview":"max-image-preview:large","max-video-preview":"max-video-preview:-1"},"canonical":"https:\/\/quehacerpolitico.mx\/?p=75018","og_locale":"es_MX","og_type":"article","og_title":"Voces del Periodista Desde Filomeno Mata 8\/\/\/Mouris Salloum George\/\/\/La Rep\u00fablica de los favoritos. La ausencia de la ley y del Estado. -","og_description":"La Rep\u00fablica de los favoritos. La ausencia de la ley y del Estado. Por Mouris...","og_url":"https:\/\/quehacerpolitico.mx\/?p=75018","article_published_time":"2021-02-10T17:28:45+00:00","og_image":[{"width":400,"height":400,"url":"https:\/\/quehacerpolitico.mx\/wp-content\/uploads\/2021\/02\/83B85564-E733-4DD5-A703-130F555219B9.jpeg","type":"image\/jpeg"}],"author":"Redacci\u00f3n QP","twitter_card":"summary_large_image","twitter_misc":{"Escrito por":"Redacci\u00f3n QP","Tiempo de lectura":"3 minutos"},"schema":{"@context":"https:\/\/schema.org","@graph":[{"@type":"Article","@id":"https:\/\/quehacerpolitico.mx\/?p=75018#article","isPartOf":{"@id":"https:\/\/quehacerpolitico.mx\/?p=75018"},"author":{"name":"Redacci\u00f3n QP","@id":"https:\/\/quehacerpolitico.mx\/#\/schema\/person\/496d8ad2d1d3f8036101dca7ee39e585"},"headline":"Voces del Periodista Desde Filomeno Mata 8\/\/\/Mouris Salloum George\/\/\/La Rep\u00fablica de los favoritos. La ausencia de la ley y del Estado.","datePublished":"2021-02-10T17:28:45+00:00","mainEntityOfPage":{"@id":"https:\/\/quehacerpolitico.mx\/?p=75018"},"wordCount":595,"commentCount":0,"image":{"@id":"https:\/\/quehacerpolitico.mx\/?p=75018#primaryimage"},"thumbnailUrl":"https:\/\/quehacerpolitico.mx\/wp-content\/uploads\/2021\/02\/83B85564-E733-4DD5-A703-130F555219B9.jpeg","articleSection":["Noticias"],"inLanguage":"es","potentialAction":[{"@type":"CommentAction","name":"Comment","target":["https:\/\/quehacerpolitico.mx\/?p=75018#respond"]}]},{"@type":"WebPage","@id":"https:\/\/quehacerpolitico.mx\/?p=75018","url":"https:\/\/quehacerpolitico.mx\/?p=75018","name":"Voces del Periodista Desde Filomeno Mata 8\/\/\/Mouris Salloum George\/\/\/La Rep\u00fablica de los favoritos. La ausencia de la ley y del Estado. -","isPartOf":{"@id":"https:\/\/quehacerpolitico.mx\/#website"},"primaryImageOfPage":{"@id":"https:\/\/quehacerpolitico.mx\/?p=75018#primaryimage"},"image":{"@id":"https:\/\/quehacerpolitico.mx\/?p=75018#primaryimage"},"thumbnailUrl":"https:\/\/quehacerpolitico.mx\/wp-content\/uploads\/2021\/02\/83B85564-E733-4DD5-A703-130F555219B9.jpeg","datePublished":"2021-02-10T17:28:45+00:00","author":{"@id":"https:\/\/quehacerpolitico.mx\/#\/schema\/person\/496d8ad2d1d3f8036101dca7ee39e585"},"breadcrumb":{"@id":"https:\/\/quehacerpolitico.mx\/?p=75018#breadcrumb"},"inLanguage":"es","potentialAction":[{"@type":"ReadAction","target":["https:\/\/quehacerpolitico.mx\/?p=75018"]}]},{"@type":"ImageObject","inLanguage":"es","@id":"https:\/\/quehacerpolitico.mx\/?p=75018#primaryimage","url":"https:\/\/quehacerpolitico.mx\/wp-content\/uploads\/2021\/02\/83B85564-E733-4DD5-A703-130F555219B9.jpeg","contentUrl":"https:\/\/quehacerpolitico.mx\/wp-content\/uploads\/2021\/02\/83B85564-E733-4DD5-A703-130F555219B9.jpeg","width":400,"height":400},{"@type":"BreadcrumbList","@id":"https:\/\/quehacerpolitico.mx\/?p=75018#breadcrumb","itemListElement":[{"@type":"ListItem","position":1,"name":"Inicio","item":"https:\/\/quehacerpolitico.mx\/"},{"@type":"ListItem","position":2,"name":"Voces del Periodista Desde Filomeno Mata 8\/\/\/Mouris Salloum George\/\/\/La Rep\u00fablica de los favoritos. La ausencia de la ley y del Estado."}]},{"@type":"WebSite","@id":"https:\/\/quehacerpolitico.mx\/#website","url":"https:\/\/quehacerpolitico.mx\/","name":"","description":"","potentialAction":[{"@type":"SearchAction","target":{"@type":"EntryPoint","urlTemplate":"https:\/\/quehacerpolitico.mx\/?s={search_term_string}"},"query-input":{"@type":"PropertyValueSpecification","valueRequired":true,"valueName":"search_term_string"}}],"inLanguage":"es"},{"@type":"Person","@id":"https:\/\/quehacerpolitico.mx\/#\/schema\/person\/496d8ad2d1d3f8036101dca7ee39e585","name":"Redacci\u00f3n QP","image":{"@type":"ImageObject","inLanguage":"es","@id":"https:\/\/secure.gravatar.com\/avatar\/c7164ed6fdec453195284ad24a5ae5b6e1eed2b848477fa2a4787ba9adf39a41?s=96&d=mm&r=g","url":"https:\/\/secure.gravatar.com\/avatar\/c7164ed6fdec453195284ad24a5ae5b6e1eed2b848477fa2a4787ba9adf39a41?s=96&d=mm&r=g","contentUrl":"https:\/\/secure.gravatar.com\/avatar\/c7164ed6fdec453195284ad24a5ae5b6e1eed2b848477fa2a4787ba9adf39a41?s=96&d=mm&r=g","caption":"Redacci\u00f3n QP"},"url":"https:\/\/quehacerpolitico.mx\/?author=2"}]}},"featured_image_urls":{"full":["https:\/\/quehacerpolitico.mx\/wp-content\/uploads\/2021\/02\/83B85564-E733-4DD5-A703-130F555219B9.jpeg",400,400,false],"thumbnail":["https:\/\/quehacerpolitico.mx\/wp-content\/uploads\/2021\/02\/83B85564-E733-4DD5-A703-130F555219B9-150x150.jpeg",150,150,true],"medium":["https:\/\/quehacerpolitico.mx\/wp-content\/uploads\/2021\/02\/83B85564-E733-4DD5-A703-130F555219B9-300x300.jpeg",300,300,true],"medium_large":["https:\/\/quehacerpolitico.mx\/wp-content\/uploads\/2021\/02\/83B85564-E733-4DD5-A703-130F555219B9.jpeg",400,400,false],"large":["https:\/\/quehacerpolitico.mx\/wp-content\/uploads\/2021\/02\/83B85564-E733-4DD5-A703-130F555219B9.jpeg",400,400,false],"1536x1536":["https:\/\/quehacerpolitico.mx\/wp-content\/uploads\/2021\/02\/83B85564-E733-4DD5-A703-130F555219B9.jpeg",400,400,false],"2048x2048":["https:\/\/quehacerpolitico.mx\/wp-content\/uploads\/2021\/02\/83B85564-E733-4DD5-A703-130F555219B9.jpeg",400,400,false],"covernews-featured":["https:\/\/quehacerpolitico.mx\/wp-content\/uploads\/2021\/02\/83B85564-E733-4DD5-A703-130F555219B9.jpeg",400,400,false],"covernews-medium":["https:\/\/quehacerpolitico.mx\/wp-content\/uploads\/2021\/02\/83B85564-E733-4DD5-A703-130F555219B9.jpeg",340,340,false]},"author_info":{"display_name":"Redacci\u00f3n QP","author_link":"https:\/\/quehacerpolitico.mx\/?author=2"},"category_info":"<a href=\"https:\/\/quehacerpolitico.mx\/?cat=2\" rel=\"category\">Noticias<\/a>","tag_info":"Noticias","comment_count":"0","_links":{"self":[{"href":"https:\/\/quehacerpolitico.mx\/index.php?rest_route=\/wp\/v2\/posts\/75018","targetHints":{"allow":["GET"]}}],"collection":[{"href":"https:\/\/quehacerpolitico.mx\/index.php?rest_route=\/wp\/v2\/posts"}],"about":[{"href":"https:\/\/quehacerpolitico.mx\/index.php?rest_route=\/wp\/v2\/types\/post"}],"author":[{"embeddable":true,"href":"https:\/\/quehacerpolitico.mx\/index.php?rest_route=\/wp\/v2\/users\/2"}],"replies":[{"embeddable":true,"href":"https:\/\/quehacerpolitico.mx\/index.php?rest_route=%2Fwp%2Fv2%2Fcomments&post=75018"}],"version-history":[{"count":0,"href":"https:\/\/quehacerpolitico.mx\/index.php?rest_route=\/wp\/v2\/posts\/75018\/revisions"}],"wp:featuredmedia":[{"embeddable":true,"href":"https:\/\/quehacerpolitico.mx\/index.php?rest_route=\/wp\/v2\/media\/75020"}],"wp:attachment":[{"href":"https:\/\/quehacerpolitico.mx\/index.php?rest_route=%2Fwp%2Fv2%2Fmedia&parent=75018"}],"wp:term":[{"taxonomy":"category","embeddable":true,"href":"https:\/\/quehacerpolitico.mx\/index.php?rest_route=%2Fwp%2Fv2%2Fcategories&post=75018"},{"taxonomy":"post_tag","embeddable":true,"href":"https:\/\/quehacerpolitico.mx\/index.php?rest_route=%2Fwp%2Fv2%2Ftags&post=75018"}],"curies":[{"name":"wp","href":"https:\/\/api.w.org\/{rel}","templated":true}]}}