{"id":75009,"date":"2021-02-10T17:07:28","date_gmt":"2021-02-10T17:07:28","guid":{"rendered":"https:\/\/quehacerpolitico.mx\/?p=75009"},"modified":"2021-02-10T17:07:28","modified_gmt":"2021-02-10T17:07:28","slug":"internacionales-carolina-alonso-romei-sismo-de-magnitud-7-7-sacude-el-pacifico-sur-con-alerta-de-tsunami","status":"publish","type":"post","link":"https:\/\/quehacerpolitico.mx\/?p=75009","title":{"rendered":"Internacionales\/\/\/Carolina Alonso Romei\/\/\/Sismo de magnitud 7.7 sacude el Pac\u00edfico Sur con alerta de tsunami"},"content":{"rendered":"<h1>Sismo de magnitud 7.7 sacude el Pac\u00edfico Sur con alerta de tsunami<br \/>\nPor Carolina Alonso Romei<\/h1>\n<p>Internacionalista<\/p>\n<p>El sismo se registr\u00f3 en las Islas de la Lealtad, un archipi\u00e9lago del territorio franc\u00e9s de Nueva Caledonia<\/p>\n<p>Un <strong>sismo<\/strong> de magnitud 7.7 sacudi\u00f3 este mi\u00e9rcoles 10 de febrero de 2021 las Islas de la Lealtad, un archipi\u00e9lago del territorio franc\u00e9s de Nueva Caledonia, en el <strong>Pac\u00edfico Sur<\/strong>, y las autoridades activaron el aviso de <strong>tsunami<\/strong>.<\/p>\n<p>El Servicio Geol\u00f3gico de Estados Unidos (USGS, siglas en ingl\u00e9s), que vigila la actividad s\u00edsmica mundial, situ\u00f3 el hipocentro a 10 kil\u00f3metros de profundidad bajo el lecho marino.<\/p>\n<blockquote class=\"twitter-tweet\" data-width=\"550\" data-dnt=\"true\">\n<p lang=\"es\" dir=\"ltr\">Por el sismo de 7.7, en la regi\u00f3n de Nueva Caledonia, se han observado peque\u00f1as variaciones en el nivel del mar (tsunami instrumental). En Vanuatu la altura m\u00e1xima observada fue de 64 cm.<\/p>\n<p>Amenaza de tsunami es \u00fanicamente local. No se espera efecto alguno en el resto del Pac\u00edfico <a href=\"https:\/\/t.co\/WipgseguyQ\">pic.twitter.com\/WipgseguyQ<\/a><\/p>\n<p>&mdash; SkyAlert (@SkyAlertMx) <a href=\"https:\/\/twitter.com\/SkyAlertMx\/status\/1359520506635038722?ref_src=twsrc%5Etfw\">February 10, 2021<\/a><\/p><\/blockquote>\n<p><script async src=\"https:\/\/platform.twitter.com\/widgets.js\" charset=\"utf-8\"><\/script><\/p>\n<p>El mismo organismo localiz\u00f3 el sismo a unos 413 kil\u00f3metros al oeste de Vao, en Nueva Caledonia y a 417 al noreste de Tafao, en Vanuatu.<\/p>\n<p>El Sistema de Alertas por <strong>Tsunami<\/strong> del Pac\u00edfico, por su parte, inform\u00f3 de potenciales olas de entre 30 cent\u00edmetros y 1 metro en las costas de Nueva Caledonia y Vanuatu, y Fiji.<\/p>\n<p>Nueva Caledonia se encuentra cerca del llamado Anillo de Fuego del <strong>Pac\u00edfic<\/strong>o y de los volcanes submarinos de la Cuenca de Lau, por lo que registra habitualmente sacudidas de origen s\u00edsmico.<\/p>\n<p><em>Con informaci\u00f3n de EFE<\/em><\/p>\n","protected":false},"excerpt":{"rendered":"<p>Sismo de magnitud 7.7 sacude el Pac\u00edfico Sur con alerta de tsunami Por Carolina Alonso&#8230;<\/p>\n","protected":false},"author":2,"featured_media":75013,"comment_status":"open","ping_status":"open","sticky":false,"template":"","format":"standard","meta":{"_monsterinsights_skip_tracking":false,"_monsterinsights_sitenote_active":false,"_monsterinsights_sitenote_note":"","_monsterinsights_sitenote_category":0,"footnotes":""},"categories":[1],"tags":[],"class_list":["post-75009","post","type-post","status-publish","format-standard","has-post-thumbnail","hentry","category-sin-categoria"],"yoast_head":"<!-- This site is optimized with the Yoast SEO plugin v27.3 - https:\/\/yoast.com\/product\/yoast-seo-wordpress\/ -->\n<title>Internacionales\/\/\/Carolina Alonso Romei\/\/\/Sismo de magnitud 7.7 sacude el Pac\u00edfico Sur con alerta de tsunami -<\/title>\n<meta name=\"robots\" content=\"index, follow, max-snippet:-1, max-image-preview:large, max-video-preview:-1\" \/>\n<link rel=\"canonical\" href=\"https:\/\/quehacerpolitico.mx\/?p=75009\" \/>\n<meta property=\"og:locale\" content=\"es_MX\" \/>\n<meta property=\"og:type\" content=\"article\" \/>\n<meta property=\"og:title\" content=\"Internacionales\/\/\/Carolina Alonso Romei\/\/\/Sismo de magnitud 7.7 sacude el Pac\u00edfico Sur con alerta de tsunami -\" \/>\n<meta property=\"og:description\" content=\"Sismo de magnitud 7.7 sacude el Pac\u00edfico Sur con alerta de tsunami Por Carolina Alonso...\" \/>\n<meta property=\"og:url\" content=\"https:\/\/quehacerpolitico.mx\/?p=75009\" \/>\n<meta property=\"article:published_time\" content=\"2021-02-10T17:07:28+00:00\" \/>\n<meta property=\"og:image\" content=\"https:\/\/quehacerpolitico.mx\/wp-content\/uploads\/2021\/02\/54CCA0D6-F292-4F30-814A-8F87692D12C3.jpeg\" \/>\n\t<meta property=\"og:image:width\" content=\"600\" \/>\n\t<meta property=\"og:image:height\" content=\"400\" \/>\n\t<meta property=\"og:image:type\" content=\"image\/jpeg\" \/>\n<meta name=\"author\" content=\"Redacci\u00f3n QP\" \/>\n<meta name=\"twitter:card\" content=\"summary_large_image\" \/>\n<meta name=\"twitter:label1\" content=\"Escrito por\" \/>\n\t<meta name=\"twitter:data1\" content=\"Redacci\u00f3n QP\" \/>\n\t<meta name=\"twitter:label2\" content=\"Tiempo de lectura\" \/>\n\t<meta name=\"twitter:data2\" content=\"1 minuto\" \/>\n<script type=\"application\/ld+json\" class=\"yoast-schema-graph\">{\"@context\":\"https:\\\/\\\/schema.org\",\"@graph\":[{\"@type\":\"Article\",\"@id\":\"https:\\\/\\\/quehacerpolitico.mx\\\/?p=75009#article\",\"isPartOf\":{\"@id\":\"https:\\\/\\\/quehacerpolitico.mx\\\/?p=75009\"},\"author\":{\"name\":\"Redacci\u00f3n QP\",\"@id\":\"https:\\\/\\\/quehacerpolitico.mx\\\/#\\\/schema\\\/person\\\/496d8ad2d1d3f8036101dca7ee39e585\"},\"headline\":\"Internacionales\\\/\\\/\\\/Carolina Alonso Romei\\\/\\\/\\\/Sismo de magnitud 7.7 sacude el Pac\u00edfico Sur con alerta de tsunami\",\"datePublished\":\"2021-02-10T17:07:28+00:00\",\"mainEntityOfPage\":{\"@id\":\"https:\\\/\\\/quehacerpolitico.mx\\\/?p=75009\"},\"wordCount\":224,\"commentCount\":0,\"image\":{\"@id\":\"https:\\\/\\\/quehacerpolitico.mx\\\/?p=75009#primaryimage\"},\"thumbnailUrl\":\"https:\\\/\\\/quehacerpolitico.mx\\\/wp-content\\\/uploads\\\/2021\\\/02\\\/54CCA0D6-F292-4F30-814A-8F87692D12C3.jpeg\",\"articleSection\":[\"Internacionales\"],\"inLanguage\":\"es\",\"potentialAction\":[{\"@type\":\"CommentAction\",\"name\":\"Comment\",\"target\":[\"https:\\\/\\\/quehacerpolitico.mx\\\/?p=75009#respond\"]}]},{\"@type\":\"WebPage\",\"@id\":\"https:\\\/\\\/quehacerpolitico.mx\\\/?p=75009\",\"url\":\"https:\\\/\\\/quehacerpolitico.mx\\\/?p=75009\",\"name\":\"Internacionales\\\/\\\/\\\/Carolina Alonso Romei\\\/\\\/\\\/Sismo de magnitud 7.7 sacude el Pac\u00edfico Sur con alerta de tsunami -\",\"isPartOf\":{\"@id\":\"https:\\\/\\\/quehacerpolitico.mx\\\/#website\"},\"primaryImageOfPage\":{\"@id\":\"https:\\\/\\\/quehacerpolitico.mx\\\/?p=75009#primaryimage\"},\"image\":{\"@id\":\"https:\\\/\\\/quehacerpolitico.mx\\\/?p=75009#primaryimage\"},\"thumbnailUrl\":\"https:\\\/\\\/quehacerpolitico.mx\\\/wp-content\\\/uploads\\\/2021\\\/02\\\/54CCA0D6-F292-4F30-814A-8F87692D12C3.jpeg\",\"datePublished\":\"2021-02-10T17:07:28+00:00\",\"author\":{\"@id\":\"https:\\\/\\\/quehacerpolitico.mx\\\/#\\\/schema\\\/person\\\/496d8ad2d1d3f8036101dca7ee39e585\"},\"breadcrumb\":{\"@id\":\"https:\\\/\\\/quehacerpolitico.mx\\\/?p=75009#breadcrumb\"},\"inLanguage\":\"es\",\"potentialAction\":[{\"@type\":\"ReadAction\",\"target\":[\"https:\\\/\\\/quehacerpolitico.mx\\\/?p=75009\"]}]},{\"@type\":\"ImageObject\",\"inLanguage\":\"es\",\"@id\":\"https:\\\/\\\/quehacerpolitico.mx\\\/?p=75009#primaryimage\",\"url\":\"https:\\\/\\\/quehacerpolitico.mx\\\/wp-content\\\/uploads\\\/2021\\\/02\\\/54CCA0D6-F292-4F30-814A-8F87692D12C3.jpeg\",\"contentUrl\":\"https:\\\/\\\/quehacerpolitico.mx\\\/wp-content\\\/uploads\\\/2021\\\/02\\\/54CCA0D6-F292-4F30-814A-8F87692D12C3.jpeg\",\"width\":600,\"height\":400},{\"@type\":\"BreadcrumbList\",\"@id\":\"https:\\\/\\\/quehacerpolitico.mx\\\/?p=75009#breadcrumb\",\"itemListElement\":[{\"@type\":\"ListItem\",\"position\":1,\"name\":\"Inicio\",\"item\":\"https:\\\/\\\/quehacerpolitico.mx\\\/\"},{\"@type\":\"ListItem\",\"position\":2,\"name\":\"Internacionales\\\/\\\/\\\/Carolina Alonso Romei\\\/\\\/\\\/Sismo de magnitud 7.7 sacude el Pac\u00edfico Sur con alerta de tsunami\"}]},{\"@type\":\"WebSite\",\"@id\":\"https:\\\/\\\/quehacerpolitico.mx\\\/#website\",\"url\":\"https:\\\/\\\/quehacerpolitico.mx\\\/\",\"name\":\"\",\"description\":\"\",\"potentialAction\":[{\"@type\":\"SearchAction\",\"target\":{\"@type\":\"EntryPoint\",\"urlTemplate\":\"https:\\\/\\\/quehacerpolitico.mx\\\/?s={search_term_string}\"},\"query-input\":{\"@type\":\"PropertyValueSpecification\",\"valueRequired\":true,\"valueName\":\"search_term_string\"}}],\"inLanguage\":\"es\"},{\"@type\":\"Person\",\"@id\":\"https:\\\/\\\/quehacerpolitico.mx\\\/#\\\/schema\\\/person\\\/496d8ad2d1d3f8036101dca7ee39e585\",\"name\":\"Redacci\u00f3n QP\",\"image\":{\"@type\":\"ImageObject\",\"inLanguage\":\"es\",\"@id\":\"https:\\\/\\\/secure.gravatar.com\\\/avatar\\\/c7164ed6fdec453195284ad24a5ae5b6e1eed2b848477fa2a4787ba9adf39a41?s=96&d=mm&r=g\",\"url\":\"https:\\\/\\\/secure.gravatar.com\\\/avatar\\\/c7164ed6fdec453195284ad24a5ae5b6e1eed2b848477fa2a4787ba9adf39a41?s=96&d=mm&r=g\",\"contentUrl\":\"https:\\\/\\\/secure.gravatar.com\\\/avatar\\\/c7164ed6fdec453195284ad24a5ae5b6e1eed2b848477fa2a4787ba9adf39a41?s=96&d=mm&r=g\",\"caption\":\"Redacci\u00f3n QP\"},\"url\":\"https:\\\/\\\/quehacerpolitico.mx\\\/?author=2\"}]}<\/script>\n<!-- \/ Yoast SEO plugin. -->","yoast_head_json":{"title":"Internacionales\/\/\/Carolina Alonso Romei\/\/\/Sismo de magnitud 7.7 sacude el Pac\u00edfico Sur con alerta de tsunami -","robots":{"index":"index","follow":"follow","max-snippet":"max-snippet:-1","max-image-preview":"max-image-preview:large","max-video-preview":"max-video-preview:-1"},"canonical":"https:\/\/quehacerpolitico.mx\/?p=75009","og_locale":"es_MX","og_type":"article","og_title":"Internacionales\/\/\/Carolina Alonso Romei\/\/\/Sismo de magnitud 7.7 sacude el Pac\u00edfico Sur con alerta de tsunami -","og_description":"Sismo de magnitud 7.7 sacude el Pac\u00edfico Sur con alerta de tsunami Por Carolina Alonso...","og_url":"https:\/\/quehacerpolitico.mx\/?p=75009","article_published_time":"2021-02-10T17:07:28+00:00","og_image":[{"width":600,"height":400,"url":"https:\/\/quehacerpolitico.mx\/wp-content\/uploads\/2021\/02\/54CCA0D6-F292-4F30-814A-8F87692D12C3.jpeg","type":"image\/jpeg"}],"author":"Redacci\u00f3n QP","twitter_card":"summary_large_image","twitter_misc":{"Escrito por":"Redacci\u00f3n QP","Tiempo de lectura":"1 minuto"},"schema":{"@context":"https:\/\/schema.org","@graph":[{"@type":"Article","@id":"https:\/\/quehacerpolitico.mx\/?p=75009#article","isPartOf":{"@id":"https:\/\/quehacerpolitico.mx\/?p=75009"},"author":{"name":"Redacci\u00f3n QP","@id":"https:\/\/quehacerpolitico.mx\/#\/schema\/person\/496d8ad2d1d3f8036101dca7ee39e585"},"headline":"Internacionales\/\/\/Carolina Alonso Romei\/\/\/Sismo de magnitud 7.7 sacude el Pac\u00edfico Sur con alerta de tsunami","datePublished":"2021-02-10T17:07:28+00:00","mainEntityOfPage":{"@id":"https:\/\/quehacerpolitico.mx\/?p=75009"},"wordCount":224,"commentCount":0,"image":{"@id":"https:\/\/quehacerpolitico.mx\/?p=75009#primaryimage"},"thumbnailUrl":"https:\/\/quehacerpolitico.mx\/wp-content\/uploads\/2021\/02\/54CCA0D6-F292-4F30-814A-8F87692D12C3.jpeg","articleSection":["Internacionales"],"inLanguage":"es","potentialAction":[{"@type":"CommentAction","name":"Comment","target":["https:\/\/quehacerpolitico.mx\/?p=75009#respond"]}]},{"@type":"WebPage","@id":"https:\/\/quehacerpolitico.mx\/?p=75009","url":"https:\/\/quehacerpolitico.mx\/?p=75009","name":"Internacionales\/\/\/Carolina Alonso Romei\/\/\/Sismo de magnitud 7.7 sacude el Pac\u00edfico Sur con alerta de tsunami -","isPartOf":{"@id":"https:\/\/quehacerpolitico.mx\/#website"},"primaryImageOfPage":{"@id":"https:\/\/quehacerpolitico.mx\/?p=75009#primaryimage"},"image":{"@id":"https:\/\/quehacerpolitico.mx\/?p=75009#primaryimage"},"thumbnailUrl":"https:\/\/quehacerpolitico.mx\/wp-content\/uploads\/2021\/02\/54CCA0D6-F292-4F30-814A-8F87692D12C3.jpeg","datePublished":"2021-02-10T17:07:28+00:00","author":{"@id":"https:\/\/quehacerpolitico.mx\/#\/schema\/person\/496d8ad2d1d3f8036101dca7ee39e585"},"breadcrumb":{"@id":"https:\/\/quehacerpolitico.mx\/?p=75009#breadcrumb"},"inLanguage":"es","potentialAction":[{"@type":"ReadAction","target":["https:\/\/quehacerpolitico.mx\/?p=75009"]}]},{"@type":"ImageObject","inLanguage":"es","@id":"https:\/\/quehacerpolitico.mx\/?p=75009#primaryimage","url":"https:\/\/quehacerpolitico.mx\/wp-content\/uploads\/2021\/02\/54CCA0D6-F292-4F30-814A-8F87692D12C3.jpeg","contentUrl":"https:\/\/quehacerpolitico.mx\/wp-content\/uploads\/2021\/02\/54CCA0D6-F292-4F30-814A-8F87692D12C3.jpeg","width":600,"height":400},{"@type":"BreadcrumbList","@id":"https:\/\/quehacerpolitico.mx\/?p=75009#breadcrumb","itemListElement":[{"@type":"ListItem","position":1,"name":"Inicio","item":"https:\/\/quehacerpolitico.mx\/"},{"@type":"ListItem","position":2,"name":"Internacionales\/\/\/Carolina Alonso Romei\/\/\/Sismo de magnitud 7.7 sacude el Pac\u00edfico Sur con alerta de tsunami"}]},{"@type":"WebSite","@id":"https:\/\/quehacerpolitico.mx\/#website","url":"https:\/\/quehacerpolitico.mx\/","name":"","description":"","potentialAction":[{"@type":"SearchAction","target":{"@type":"EntryPoint","urlTemplate":"https:\/\/quehacerpolitico.mx\/?s={search_term_string}"},"query-input":{"@type":"PropertyValueSpecification","valueRequired":true,"valueName":"search_term_string"}}],"inLanguage":"es"},{"@type":"Person","@id":"https:\/\/quehacerpolitico.mx\/#\/schema\/person\/496d8ad2d1d3f8036101dca7ee39e585","name":"Redacci\u00f3n QP","image":{"@type":"ImageObject","inLanguage":"es","@id":"https:\/\/secure.gravatar.com\/avatar\/c7164ed6fdec453195284ad24a5ae5b6e1eed2b848477fa2a4787ba9adf39a41?s=96&d=mm&r=g","url":"https:\/\/secure.gravatar.com\/avatar\/c7164ed6fdec453195284ad24a5ae5b6e1eed2b848477fa2a4787ba9adf39a41?s=96&d=mm&r=g","contentUrl":"https:\/\/secure.gravatar.com\/avatar\/c7164ed6fdec453195284ad24a5ae5b6e1eed2b848477fa2a4787ba9adf39a41?s=96&d=mm&r=g","caption":"Redacci\u00f3n QP"},"url":"https:\/\/quehacerpolitico.mx\/?author=2"}]}},"featured_image_urls":{"full":["https:\/\/quehacerpolitico.mx\/wp-content\/uploads\/2021\/02\/54CCA0D6-F292-4F30-814A-8F87692D12C3.jpeg",600,400,false],"thumbnail":["https:\/\/quehacerpolitico.mx\/wp-content\/uploads\/2021\/02\/54CCA0D6-F292-4F30-814A-8F87692D12C3-150x150.jpeg",150,150,true],"medium":["https:\/\/quehacerpolitico.mx\/wp-content\/uploads\/2021\/02\/54CCA0D6-F292-4F30-814A-8F87692D12C3-300x200.jpeg",300,200,true],"medium_large":["https:\/\/quehacerpolitico.mx\/wp-content\/uploads\/2021\/02\/54CCA0D6-F292-4F30-814A-8F87692D12C3.jpeg",600,400,false],"large":["https:\/\/quehacerpolitico.mx\/wp-content\/uploads\/2021\/02\/54CCA0D6-F292-4F30-814A-8F87692D12C3.jpeg",600,400,false],"1536x1536":["https:\/\/quehacerpolitico.mx\/wp-content\/uploads\/2021\/02\/54CCA0D6-F292-4F30-814A-8F87692D12C3.jpeg",600,400,false],"2048x2048":["https:\/\/quehacerpolitico.mx\/wp-content\/uploads\/2021\/02\/54CCA0D6-F292-4F30-814A-8F87692D12C3.jpeg",600,400,false],"covernews-featured":["https:\/\/quehacerpolitico.mx\/wp-content\/uploads\/2021\/02\/54CCA0D6-F292-4F30-814A-8F87692D12C3.jpeg",600,400,false],"covernews-medium":["https:\/\/quehacerpolitico.mx\/wp-content\/uploads\/2021\/02\/54CCA0D6-F292-4F30-814A-8F87692D12C3.jpeg",510,340,false]},"author_info":{"display_name":"Redacci\u00f3n QP","author_link":"https:\/\/quehacerpolitico.mx\/?author=2"},"category_info":"<a href=\"https:\/\/quehacerpolitico.mx\/?cat=1\" rel=\"category\">Internacionales<\/a>","tag_info":"Internacionales","comment_count":"0","_links":{"self":[{"href":"https:\/\/quehacerpolitico.mx\/index.php?rest_route=\/wp\/v2\/posts\/75009","targetHints":{"allow":["GET"]}}],"collection":[{"href":"https:\/\/quehacerpolitico.mx\/index.php?rest_route=\/wp\/v2\/posts"}],"about":[{"href":"https:\/\/quehacerpolitico.mx\/index.php?rest_route=\/wp\/v2\/types\/post"}],"author":[{"embeddable":true,"href":"https:\/\/quehacerpolitico.mx\/index.php?rest_route=\/wp\/v2\/users\/2"}],"replies":[{"embeddable":true,"href":"https:\/\/quehacerpolitico.mx\/index.php?rest_route=%2Fwp%2Fv2%2Fcomments&post=75009"}],"version-history":[{"count":0,"href":"https:\/\/quehacerpolitico.mx\/index.php?rest_route=\/wp\/v2\/posts\/75009\/revisions"}],"wp:featuredmedia":[{"embeddable":true,"href":"https:\/\/quehacerpolitico.mx\/index.php?rest_route=\/wp\/v2\/media\/75013"}],"wp:attachment":[{"href":"https:\/\/quehacerpolitico.mx\/index.php?rest_route=%2Fwp%2Fv2%2Fmedia&parent=75009"}],"wp:term":[{"taxonomy":"category","embeddable":true,"href":"https:\/\/quehacerpolitico.mx\/index.php?rest_route=%2Fwp%2Fv2%2Fcategories&post=75009"},{"taxonomy":"post_tag","embeddable":true,"href":"https:\/\/quehacerpolitico.mx\/index.php?rest_route=%2Fwp%2Fv2%2Ftags&post=75009"}],"curies":[{"name":"wp","href":"https:\/\/api.w.org\/{rel}","templated":true}]}}