{"id":7493,"date":"2018-10-22T22:45:59","date_gmt":"2018-10-22T22:45:59","guid":{"rendered":"http:\/\/quehacerpolitico.mx\/presentan-iniciativa-para-despenalizar-el-aborto-en-todo-el-pais\/"},"modified":"2018-10-22T22:45:59","modified_gmt":"2018-10-22T22:45:59","slug":"presentan-iniciativa-para-despenalizar-el-aborto-en-todo-el-pais","status":"publish","type":"post","link":"https:\/\/quehacerpolitico.mx\/?p=7493","title":{"rendered":"Presentan iniciativa para despenalizar el aborto en todo el pa\u00eds"},"content":{"rendered":"<h2 class=\"genTitle\">Presentan iniciativa para despenalizar el aborto en todo el pa\u00eds<\/h2>\n<p>Por Redacci\u00f3n QP<\/p>\n<p>La legisladora del <strong>Movimiento de Regeneraci\u00f3n Nacional (Morena)<\/strong>, <strong>Lorena Villavicencio<\/strong>, present\u00f3 una <strong>iniciativa<\/strong> para armonizar legislaciones estatales en materia del derecho a la <strong>interrupci\u00f3n libre del embarazo<\/strong>.<\/p>\n<p>El objetivo de la iniciativa es despenalizar la interrupci\u00f3n del embarazo antes de las 12 semanas de gestaci\u00f3n en el pa\u00eds.<\/p>\n<p>El documento propone cuatro puntos entre los cuales se otorga facultad al <strong>Congreso<\/strong> para legislar en la materia:<\/p>\n<ul>\n<li>Reconocer la tipificaci\u00f3n penal del aborto como una \u201cforma de violencia\u201d contra las mujeres, por lo que debe ser prevenir y erradicar de nuestra legislaci\u00f3n.<\/li>\n<li>Proponer en acuerdo con la decisi\u00f3n ya tomada por la Suprema Corte en 2007 respecto a la legalidad de la misma medida en la <strong>CDMX<\/strong>, se ampli\u00e9 para todo el pa\u00eds, de la misma forma en la que ya sucede en dicho territorio.<\/li>\n<li>Si este derecho ya est\u00e1 reconocido en la<strong> CDMX<\/strong> y adem\u00e1s su implementaci\u00f3n conduce a una vida libre de violencia por parte de las mujeres, el hecho de negarlo en el territorio nacional es una contradicci\u00f3n del principio de universalidad de los derechos humanos.<\/li>\n<li>Se propone que la penalizaci\u00f3n del aborto despu\u00e9s de las 12 semanas de gestaci\u00f3n, no sea causal para la privaci\u00f3n de la libertad como sentencia penal, sino que se sancione con otras formas alternativas como puede ser el trabajo a favor de la comunidad.<\/li>\n<\/ul>\n<p>En cualquier medida, esta iniciativa previene que las mujeres sean encarceladas por ejercer este derecho.<\/p>\n<h3>Reforma en materia de vida libre de violencia<\/h3>\n<p>De igual forma, Villavicencio Ayala propone que se reconocen como <strong>otras formas de violen<\/strong>cia contra las mujeres:<\/p>\n<ul>\n<li>la esterilizaci\u00f3n forzada<\/li>\n<li>el aborto forzado<\/li>\n<li>el embarazo forzado<\/li>\n<li>la denegaci\u00f3n o la postergaci\u00f3n del aborto sin riesgo y la atenci\u00f3n posterior al aborto<\/li>\n<li>la continuaci\u00f3n forzada del embarazo<\/li>\n<li>el abuso y el maltrato de las<strong> mujeres y las ni\u00f1as<\/strong>que buscan informaci\u00f3n sobre salud, bienes y servicios sexuales y reproductivos.<\/li>\n<\/ul>\n<p>Finalmente, la diputada de Morena inst\u00f3 a las autoridades para prevenir, identificar y erradicar estas formas de violencia a trav\u00e9s de acciones en materia de salud, educaci\u00f3n, acceso a la justicia y otros derechos humanos relacionados.<\/p>\n","protected":false},"excerpt":{"rendered":"<p>Presentan iniciativa para despenalizar el aborto en todo el pa\u00eds<br \/>\nPor Redacci\u00f3n QP<\/p>\n","protected":false},"author":2,"featured_media":7492,"comment_status":"open","ping_status":"open","sticky":false,"template":"","format":"standard","meta":{"_monsterinsights_skip_tracking":false,"_monsterinsights_sitenote_active":false,"_monsterinsights_sitenote_note":"","_monsterinsights_sitenote_category":0,"footnotes":""},"categories":[2],"tags":[],"class_list":["post-7493","post","type-post","status-publish","format-standard","has-post-thumbnail","hentry","category-noticias"],"yoast_head":"<!-- This site is optimized with the Yoast SEO plugin v27.3 - https:\/\/yoast.com\/product\/yoast-seo-wordpress\/ -->\n<title>Presentan iniciativa para despenalizar el aborto en todo el pa\u00eds -<\/title>\n<meta name=\"robots\" content=\"index, follow, max-snippet:-1, max-image-preview:large, max-video-preview:-1\" \/>\n<link rel=\"canonical\" href=\"https:\/\/quehacerpolitico.mx\/?p=7493\" \/>\n<meta property=\"og:locale\" content=\"es_MX\" \/>\n<meta property=\"og:type\" content=\"article\" \/>\n<meta property=\"og:title\" content=\"Presentan iniciativa para despenalizar el aborto en todo el pa\u00eds -\" \/>\n<meta property=\"og:description\" content=\"Presentan iniciativa para despenalizar el aborto en todo el pa\u00eds Por Redacci\u00f3n QP\" \/>\n<meta property=\"og:url\" content=\"https:\/\/quehacerpolitico.mx\/?p=7493\" \/>\n<meta property=\"article:published_time\" content=\"2018-10-22T22:45:59+00:00\" \/>\n<meta name=\"author\" content=\"Redacci\u00f3n QP\" \/>\n<meta name=\"twitter:card\" content=\"summary_large_image\" \/>\n<meta name=\"twitter:label1\" content=\"Escrito por\" \/>\n\t<meta name=\"twitter:data1\" content=\"Redacci\u00f3n QP\" \/>\n\t<meta name=\"twitter:label2\" content=\"Tiempo de lectura\" \/>\n\t<meta name=\"twitter:data2\" content=\"2 minutos\" \/>\n<script type=\"application\/ld+json\" class=\"yoast-schema-graph\">{\"@context\":\"https:\\\/\\\/schema.org\",\"@graph\":[{\"@type\":\"Article\",\"@id\":\"https:\\\/\\\/quehacerpolitico.mx\\\/?p=7493#article\",\"isPartOf\":{\"@id\":\"https:\\\/\\\/quehacerpolitico.mx\\\/?p=7493\"},\"author\":{\"name\":\"Redacci\u00f3n QP\",\"@id\":\"https:\\\/\\\/quehacerpolitico.mx\\\/#\\\/schema\\\/person\\\/496d8ad2d1d3f8036101dca7ee39e585\"},\"headline\":\"Presentan iniciativa para despenalizar el aborto en todo el pa\u00eds\",\"datePublished\":\"2018-10-22T22:45:59+00:00\",\"mainEntityOfPage\":{\"@id\":\"https:\\\/\\\/quehacerpolitico.mx\\\/?p=7493\"},\"wordCount\":396,\"commentCount\":0,\"image\":{\"@id\":\"https:\\\/\\\/quehacerpolitico.mx\\\/?p=7493#primaryimage\"},\"thumbnailUrl\":\"\",\"articleSection\":[\"Noticias\"],\"inLanguage\":\"es\",\"potentialAction\":[{\"@type\":\"CommentAction\",\"name\":\"Comment\",\"target\":[\"https:\\\/\\\/quehacerpolitico.mx\\\/?p=7493#respond\"]}]},{\"@type\":\"WebPage\",\"@id\":\"https:\\\/\\\/quehacerpolitico.mx\\\/?p=7493\",\"url\":\"https:\\\/\\\/quehacerpolitico.mx\\\/?p=7493\",\"name\":\"Presentan iniciativa para despenalizar el aborto en todo el pa\u00eds -\",\"isPartOf\":{\"@id\":\"https:\\\/\\\/quehacerpolitico.mx\\\/#website\"},\"primaryImageOfPage\":{\"@id\":\"https:\\\/\\\/quehacerpolitico.mx\\\/?p=7493#primaryimage\"},\"image\":{\"@id\":\"https:\\\/\\\/quehacerpolitico.mx\\\/?p=7493#primaryimage\"},\"thumbnailUrl\":\"\",\"datePublished\":\"2018-10-22T22:45:59+00:00\",\"author\":{\"@id\":\"https:\\\/\\\/quehacerpolitico.mx\\\/#\\\/schema\\\/person\\\/496d8ad2d1d3f8036101dca7ee39e585\"},\"breadcrumb\":{\"@id\":\"https:\\\/\\\/quehacerpolitico.mx\\\/?p=7493#breadcrumb\"},\"inLanguage\":\"es\",\"potentialAction\":[{\"@type\":\"ReadAction\",\"target\":[\"https:\\\/\\\/quehacerpolitico.mx\\\/?p=7493\"]}]},{\"@type\":\"ImageObject\",\"inLanguage\":\"es\",\"@id\":\"https:\\\/\\\/quehacerpolitico.mx\\\/?p=7493#primaryimage\",\"url\":\"\",\"contentUrl\":\"\"},{\"@type\":\"BreadcrumbList\",\"@id\":\"https:\\\/\\\/quehacerpolitico.mx\\\/?p=7493#breadcrumb\",\"itemListElement\":[{\"@type\":\"ListItem\",\"position\":1,\"name\":\"Inicio\",\"item\":\"https:\\\/\\\/quehacerpolitico.mx\\\/\"},{\"@type\":\"ListItem\",\"position\":2,\"name\":\"Presentan iniciativa para despenalizar el aborto en todo el pa\u00eds\"}]},{\"@type\":\"WebSite\",\"@id\":\"https:\\\/\\\/quehacerpolitico.mx\\\/#website\",\"url\":\"https:\\\/\\\/quehacerpolitico.mx\\\/\",\"name\":\"\",\"description\":\"\",\"potentialAction\":[{\"@type\":\"SearchAction\",\"target\":{\"@type\":\"EntryPoint\",\"urlTemplate\":\"https:\\\/\\\/quehacerpolitico.mx\\\/?s={search_term_string}\"},\"query-input\":{\"@type\":\"PropertyValueSpecification\",\"valueRequired\":true,\"valueName\":\"search_term_string\"}}],\"inLanguage\":\"es\"},{\"@type\":\"Person\",\"@id\":\"https:\\\/\\\/quehacerpolitico.mx\\\/#\\\/schema\\\/person\\\/496d8ad2d1d3f8036101dca7ee39e585\",\"name\":\"Redacci\u00f3n QP\",\"image\":{\"@type\":\"ImageObject\",\"inLanguage\":\"es\",\"@id\":\"https:\\\/\\\/secure.gravatar.com\\\/avatar\\\/c7164ed6fdec453195284ad24a5ae5b6e1eed2b848477fa2a4787ba9adf39a41?s=96&d=mm&r=g\",\"url\":\"https:\\\/\\\/secure.gravatar.com\\\/avatar\\\/c7164ed6fdec453195284ad24a5ae5b6e1eed2b848477fa2a4787ba9adf39a41?s=96&d=mm&r=g\",\"contentUrl\":\"https:\\\/\\\/secure.gravatar.com\\\/avatar\\\/c7164ed6fdec453195284ad24a5ae5b6e1eed2b848477fa2a4787ba9adf39a41?s=96&d=mm&r=g\",\"caption\":\"Redacci\u00f3n QP\"},\"url\":\"https:\\\/\\\/quehacerpolitico.mx\\\/?author=2\"}]}<\/script>\n<!-- \/ Yoast SEO plugin. -->","yoast_head_json":{"title":"Presentan iniciativa para despenalizar el aborto en todo el pa\u00eds -","robots":{"index":"index","follow":"follow","max-snippet":"max-snippet:-1","max-image-preview":"max-image-preview:large","max-video-preview":"max-video-preview:-1"},"canonical":"https:\/\/quehacerpolitico.mx\/?p=7493","og_locale":"es_MX","og_type":"article","og_title":"Presentan iniciativa para despenalizar el aborto en todo el pa\u00eds -","og_description":"Presentan iniciativa para despenalizar el aborto en todo el pa\u00eds Por Redacci\u00f3n QP","og_url":"https:\/\/quehacerpolitico.mx\/?p=7493","article_published_time":"2018-10-22T22:45:59+00:00","author":"Redacci\u00f3n QP","twitter_card":"summary_large_image","twitter_misc":{"Escrito por":"Redacci\u00f3n QP","Tiempo de lectura":"2 minutos"},"schema":{"@context":"https:\/\/schema.org","@graph":[{"@type":"Article","@id":"https:\/\/quehacerpolitico.mx\/?p=7493#article","isPartOf":{"@id":"https:\/\/quehacerpolitico.mx\/?p=7493"},"author":{"name":"Redacci\u00f3n QP","@id":"https:\/\/quehacerpolitico.mx\/#\/schema\/person\/496d8ad2d1d3f8036101dca7ee39e585"},"headline":"Presentan iniciativa para despenalizar el aborto en todo el pa\u00eds","datePublished":"2018-10-22T22:45:59+00:00","mainEntityOfPage":{"@id":"https:\/\/quehacerpolitico.mx\/?p=7493"},"wordCount":396,"commentCount":0,"image":{"@id":"https:\/\/quehacerpolitico.mx\/?p=7493#primaryimage"},"thumbnailUrl":"","articleSection":["Noticias"],"inLanguage":"es","potentialAction":[{"@type":"CommentAction","name":"Comment","target":["https:\/\/quehacerpolitico.mx\/?p=7493#respond"]}]},{"@type":"WebPage","@id":"https:\/\/quehacerpolitico.mx\/?p=7493","url":"https:\/\/quehacerpolitico.mx\/?p=7493","name":"Presentan iniciativa para despenalizar el aborto en todo el pa\u00eds -","isPartOf":{"@id":"https:\/\/quehacerpolitico.mx\/#website"},"primaryImageOfPage":{"@id":"https:\/\/quehacerpolitico.mx\/?p=7493#primaryimage"},"image":{"@id":"https:\/\/quehacerpolitico.mx\/?p=7493#primaryimage"},"thumbnailUrl":"","datePublished":"2018-10-22T22:45:59+00:00","author":{"@id":"https:\/\/quehacerpolitico.mx\/#\/schema\/person\/496d8ad2d1d3f8036101dca7ee39e585"},"breadcrumb":{"@id":"https:\/\/quehacerpolitico.mx\/?p=7493#breadcrumb"},"inLanguage":"es","potentialAction":[{"@type":"ReadAction","target":["https:\/\/quehacerpolitico.mx\/?p=7493"]}]},{"@type":"ImageObject","inLanguage":"es","@id":"https:\/\/quehacerpolitico.mx\/?p=7493#primaryimage","url":"","contentUrl":""},{"@type":"BreadcrumbList","@id":"https:\/\/quehacerpolitico.mx\/?p=7493#breadcrumb","itemListElement":[{"@type":"ListItem","position":1,"name":"Inicio","item":"https:\/\/quehacerpolitico.mx\/"},{"@type":"ListItem","position":2,"name":"Presentan iniciativa para despenalizar el aborto en todo el pa\u00eds"}]},{"@type":"WebSite","@id":"https:\/\/quehacerpolitico.mx\/#website","url":"https:\/\/quehacerpolitico.mx\/","name":"","description":"","potentialAction":[{"@type":"SearchAction","target":{"@type":"EntryPoint","urlTemplate":"https:\/\/quehacerpolitico.mx\/?s={search_term_string}"},"query-input":{"@type":"PropertyValueSpecification","valueRequired":true,"valueName":"search_term_string"}}],"inLanguage":"es"},{"@type":"Person","@id":"https:\/\/quehacerpolitico.mx\/#\/schema\/person\/496d8ad2d1d3f8036101dca7ee39e585","name":"Redacci\u00f3n QP","image":{"@type":"ImageObject","inLanguage":"es","@id":"https:\/\/secure.gravatar.com\/avatar\/c7164ed6fdec453195284ad24a5ae5b6e1eed2b848477fa2a4787ba9adf39a41?s=96&d=mm&r=g","url":"https:\/\/secure.gravatar.com\/avatar\/c7164ed6fdec453195284ad24a5ae5b6e1eed2b848477fa2a4787ba9adf39a41?s=96&d=mm&r=g","contentUrl":"https:\/\/secure.gravatar.com\/avatar\/c7164ed6fdec453195284ad24a5ae5b6e1eed2b848477fa2a4787ba9adf39a41?s=96&d=mm&r=g","caption":"Redacci\u00f3n QP"},"url":"https:\/\/quehacerpolitico.mx\/?author=2"}]}},"featured_image_urls":{"full":"","thumbnail":"","medium":"","medium_large":"","large":"","1536x1536":"","2048x2048":"","covernews-featured":"","covernews-medium":""},"author_info":{"display_name":"Redacci\u00f3n QP","author_link":"https:\/\/quehacerpolitico.mx\/?author=2"},"category_info":"<a href=\"https:\/\/quehacerpolitico.mx\/?cat=2\" rel=\"category\">Noticias<\/a>","tag_info":"Noticias","comment_count":"0","_links":{"self":[{"href":"https:\/\/quehacerpolitico.mx\/index.php?rest_route=\/wp\/v2\/posts\/7493","targetHints":{"allow":["GET"]}}],"collection":[{"href":"https:\/\/quehacerpolitico.mx\/index.php?rest_route=\/wp\/v2\/posts"}],"about":[{"href":"https:\/\/quehacerpolitico.mx\/index.php?rest_route=\/wp\/v2\/types\/post"}],"author":[{"embeddable":true,"href":"https:\/\/quehacerpolitico.mx\/index.php?rest_route=\/wp\/v2\/users\/2"}],"replies":[{"embeddable":true,"href":"https:\/\/quehacerpolitico.mx\/index.php?rest_route=%2Fwp%2Fv2%2Fcomments&post=7493"}],"version-history":[{"count":0,"href":"https:\/\/quehacerpolitico.mx\/index.php?rest_route=\/wp\/v2\/posts\/7493\/revisions"}],"wp:featuredmedia":[{"embeddable":true,"href":"https:\/\/quehacerpolitico.mx\/index.php?rest_route=\/"}],"wp:attachment":[{"href":"https:\/\/quehacerpolitico.mx\/index.php?rest_route=%2Fwp%2Fv2%2Fmedia&parent=7493"}],"wp:term":[{"taxonomy":"category","embeddable":true,"href":"https:\/\/quehacerpolitico.mx\/index.php?rest_route=%2Fwp%2Fv2%2Fcategories&post=7493"},{"taxonomy":"post_tag","embeddable":true,"href":"https:\/\/quehacerpolitico.mx\/index.php?rest_route=%2Fwp%2Fv2%2Ftags&post=7493"}],"curies":[{"name":"wp","href":"https:\/\/api.w.org\/{rel}","templated":true}]}}