{"id":7491,"date":"2018-10-22T22:04:42","date_gmt":"2018-10-22T22:04:42","guid":{"rendered":"http:\/\/quehacerpolitico.mx\/internacionales-carolina-alonso-romei-periodistas-que-viajan-con-la-caravana-desmienten-a-trump-no-hay-migrantes-de-medio-oriente\/"},"modified":"2018-10-22T22:04:42","modified_gmt":"2018-10-22T22:04:42","slug":"internacionales-carolina-alonso-romei-periodistas-que-viajan-con-la-caravana-desmienten-a-trump-no-hay-migrantes-de-medio-oriente","status":"publish","type":"post","link":"https:\/\/quehacerpolitico.mx\/?p=7491","title":{"rendered":"Internacionales\/\/\/Carolina Alonso Romei\/\/\/Periodistas que viajan con la caravana desmienten a Trump: no hay \u201cmigrantes de Medio Oriente\u201d"},"content":{"rendered":"<h1>Periodistas que viajan con la caravana desmienten a Trump: no hay \u201cmigrantes de Medio Oriente\u201d<\/h1>\n<p>Por Carolina Alonso Romei<\/p>\n<p>Internacionalista<\/p>\n<p>Miles de <strong>migrantes centroamericanos<\/strong> que esperan llegar a Estados Unidos decid\u00edan el lunes si descansar en esta ciudad del<strong> sur de M\u00e9xico<\/strong> o reanudar su ardua <strong>caminata<\/strong> mientras el Presidente <strong>Donald Trump<\/strong> lanz\u00f3 m\u00e1s amenazas a sus gobiernos.<\/p>\n<p>Despu\u00e9s de culpar a los dem\u00f3cratas por las \u201cleyes d\u00e9biles\u201d de inmigraci\u00f3n d\u00edas atr\u00e1s, Trump dijo en Twitter el lunes: \u201cCada vez que vean una caravana, o personas que vienen ilegalmente o intentan ingresar a nuestro pa\u00eds ilegalmente, piensen y culpen a los dem\u00f3cratas por no darnos los votos para cambiar nuestras pat\u00e9ticas leyes de inmigraci\u00f3n\u201d. Aparentemente la caravana se ha vuelto un tema central para los republicanos un poco m\u00e1s de dos semanas antes de las elecciones de medio t\u00e9rmino.<\/p>\n<p>En otro tuit el mandatario estadounidense culp\u00f3 a Guatemala, Honduras y El Salvador por no impedir que la gente salga de sus pa\u00edses. \u201cAhora comenzaremos a cortar, o reducir sustancialmente, la ayuda externa masiva que se les da habitualmente\u201d.<\/p>\n<div id=\"attachment_3487699\" class=\"wp-caption alignnone\"><img loading=\"lazy\" decoding=\"async\" class=\"size-full wp-image-3487699\" src=\"http:\/\/www.sinembargo.mx\/wp-content\/uploads\/2018\/10\/caravana4.jpeg\" sizes=\"auto, (max-width: 700px) 100vw, 700px\" srcset=\"http:\/\/www.sinembargo.mx\/wp-content\/uploads\/2018\/10\/caravana4.jpeg 700w, http:\/\/www.sinembargo.mx\/wp-content\/uploads\/2018\/10\/caravana4-300x225.jpeg 300w\" alt=\"\" width=\"700\" height=\"525\" \/><\/p>\n<p class=\"wp-caption-text\">La caravana, que parti\u00f3 hace m\u00e1s de una semana con menos de 200 migrantes, atrajo m\u00e1s personas a su paso. Foto: Isaac Esquivel, Cuartoscuro<\/p>\n<\/div>\n<div id=\"attachment_3487727\" class=\"wp-caption alignnone\"><img loading=\"lazy\" decoding=\"async\" class=\"size-full wp-image-3487727\" src=\"http:\/\/www.sinembargo.mx\/wp-content\/uploads\/2018\/10\/caravana5.jpg\" sizes=\"auto, (max-width: 700px) 100vw, 700px\" srcset=\"http:\/\/www.sinembargo.mx\/wp-content\/uploads\/2018\/10\/caravana5.jpg 700w, http:\/\/www.sinembargo.mx\/wp-content\/uploads\/2018\/10\/caravana5-300x200.jpg 300w\" alt=\"\" width=\"700\" height=\"467\" \/><\/p>\n<p class=\"wp-caption-text\">Menores tambi\u00e9n descasaron en el suelo ayer en Tapachula. Foto: Cuartoscuro<\/p>\n<\/div>\n<p>Un equipo de periodistas de<em> The Associated Press<\/em> que ha viajado con la caravana durante m\u00e1s de una semana ha hablado con hondure\u00f1os, guatemaltecos y salvadore\u00f1os, pero no ha visto a ning\u00fan migrante de Medio Oriente como Trump sostuvo al decir que van mezclados con los centroamericanos.<\/p>\n<p>La caravana, que parti\u00f3 hace m\u00e1s de una semana con menos de 200 migrantes, atrajo m\u00e1s personas a su paso y se increment\u00f3 hasta un estimado de 5 mil integrantes el domingo despu\u00e9s de que muchos encontraron la forma de cruzar de Guatemala al sur de M\u00e9xico.<\/p>\n<p>M\u00e1s tarde las autoridades de Guatemala dijeron que otro grupo de aproximadamente 1 mil migrantes hab\u00eda ingresado a ese pa\u00eds desde Honduras.<\/p>\n<div id=\"attachment_3487698\" class=\"wp-caption alignnone\"><img loading=\"lazy\" decoding=\"async\" class=\"size-full wp-image-3487698\" src=\"http:\/\/www.sinembargo.mx\/wp-content\/uploads\/2018\/10\/caravana7-1.jpg\" sizes=\"auto, (max-width: 700px) 100vw, 700px\" srcset=\"http:\/\/www.sinembargo.mx\/wp-content\/uploads\/2018\/10\/caravana7-1.jpg 700w, http:\/\/www.sinembargo.mx\/wp-content\/uploads\/2018\/10\/caravana7-1-300x200.jpg 300w\" alt=\"\" width=\"700\" height=\"467\" \/><\/p>\n<p class=\"wp-caption-text\">El domingo, miles de migrantes se tendieron en las aceras, bancos y plazas p\u00fablicas en Tapachula desgastados por otro d\u00eda de marcha bajo un sol abrasador. Foto: Moises Castillo, AP<\/p>\n<\/div>\n<p>El hondure\u00f1o Jos\u00e9 An\u00edbal Rivera, un guardia de seguridad desempleado de San Pedro Sula de 52 a\u00f1os, cruz\u00f3 a M\u00e9xico en balsa el domingo y camin\u00f3 hasta Tapachula desde Ciudad Hidalgo para unirse a la caravana. \u201cVienen como 500 personas m\u00e1s atr\u00e1s de m\u00ed\u201d, dijo.<\/p>\n<blockquote>\n<p>El hombre busca llegar a la frontera de Estados Unidos, a m\u00e1s de 3 mil 200 kil\u00f3metros de distancia en su punto m\u00e1s cercano. \u201cCualquier cosa que nos pase, aunque me maten, es mejor que regresar a Honduras\u201d, dijo.<\/p>\n<p>Ana Luisa Espa\u00f1a, una lavadora y planchadora de ropa de Chiquimula, Guatemala, se uni\u00f3 a la caravana al verla pasar. \u201cLa meta es cruzar la frontera (de Estados Unidos)\u201d, dijo. \u201cS\u00f3lo queremos trabajar y, si me saliera un trabajo en M\u00e9xico, lo har\u00eda\u201d.<\/p>\n<p>El Presidente electo de M\u00e9xico, Andr\u00e9s Manuel L\u00f3pez Obrador, sugiri\u00f3 el domingo que Estados Unidos, Canad\u00e1 y su pa\u00eds elaboren un plan conjunto para financiar el desarrollo en las \u00e1reas pobres de Am\u00e9rica Central y el sur de M\u00e9xico.<\/p>\n<blockquote>\n<p>\u201cNo queremos acciones temporales porque si no se atiende el problema de fondo, la gente siempre va a buscar la posibilidad de mejorar. La gente no abandona sus pueblos por gusto, lo hace por necesidad\u201d, dijo L\u00f3pez Obrador, quien asumir\u00e1 el cargo el 1 de diciembre.<\/p>\n<\/blockquote>\n<p>Isis Ram\u00edrez, de 32 a\u00f1os y madre de tres de Tegucigalpa, Honduras, se despert\u00f3 el lunes por la ma\u00f1ana sobre un cart\u00f3n empapado en la plaza de Tapachula, con los pies hinchados envueltos en vendas aplicadas por param\u00e9dicos. Las sandalias de pl\u00e1stico que usa le llenaron los pies de ampollas. \u201cHay m\u00e1s personas enfermas. Es mejor que descansemos hoy\u201d, dijo.<\/p>\n<div id=\"attachment_3487703\" class=\"wp-caption alignnone\"><img loading=\"lazy\" decoding=\"async\" class=\"size-full wp-image-3487703\" src=\"http:\/\/www.sinembargo.mx\/wp-content\/uploads\/2018\/10\/caravana10-1.jpg\" sizes=\"auto, (max-width: 700px) 100vw, 700px\" srcset=\"http:\/\/www.sinembargo.mx\/wp-content\/uploads\/2018\/10\/caravana10-1.jpg 700w, http:\/\/www.sinembargo.mx\/wp-content\/uploads\/2018\/10\/caravana10-1-300x200.jpg 300w\" alt=\"\" width=\"700\" height=\"467\" \/><\/p>\n<p class=\"wp-caption-text\">Migrantes hondure\u00f1os descansan en su campamento en el jard\u00edn Hidalgo de Tapachula. Foto: Jos\u00e9 M\u00e9ndez, EFE<\/p>\n<\/div>\n<div id=\"attachment_3487701\" class=\"wp-caption alignnone\"><img loading=\"lazy\" decoding=\"async\" class=\"size-full wp-image-3487701\" src=\"http:\/\/www.sinembargo.mx\/wp-content\/uploads\/2018\/10\/caravana6.jpg\" sizes=\"auto, (max-width: 700px) 100vw, 700px\" srcset=\"http:\/\/www.sinembargo.mx\/wp-content\/uploads\/2018\/10\/caravana6.jpg 700w, http:\/\/www.sinembargo.mx\/wp-content\/uploads\/2018\/10\/caravana6-300x200.jpg 300w\" alt=\"\" width=\"700\" height=\"467\" \/><\/p>\n<p class=\"wp-caption-text\">En entrevistas a lo largo del viaje los migrantes han dicho que huyen de la violencia, la pobreza y la corrupci\u00f3n generalizadas en Honduras. Foto: AP<\/p>\n<\/div>\n<p>Cerca de all\u00ed, Julio Asturias, de 27 a\u00f1os, un migrante de San Juan, El Salvador, cargaba su celular. \u201cQuiero regresar a Arizona y cuando o\u00ed que pasaba la caravana me junt\u00e9\u201d a ella, dijo. El joven fue deportado hace un par de meses despu\u00e9s de que la polic\u00eda lo detuvo porque su autom\u00f3vil ten\u00eda una luz trasera quemada.<\/p>\n<p>El domingo, miles de migrantes se tendieron en las aceras, bancos y plazas p\u00fablicas en Tapachula desgastados por otro d\u00eda de marcha bajo un sol abrasador.<\/p>\n<p>Algunos se acurrucaron bajo un techo de chapa en la plaza principal de la ciudad. Otros se recostaron al aire libre y se cubrieron con l\u00e1minas delgadas de pl\u00e1stico para protegerse del suelo empapado por la intensa lluvia. Algunos ni siquiera ten\u00edan pl\u00e1stico para taparse.<\/p>\n<blockquote>\n<p>\u201cVamos a dormir aqu\u00ed en la calle porque no tenemos nada m\u00e1s\u201d, dijo Jos\u00e9 Mej\u00eda, de 42 a\u00f1os, padre de cuatro de San Pedro Sula. \u201cTenemos que dormir en la acera y ma\u00f1ana nos levantamos y seguimos caminando. Tendremos un pedazo de pl\u00e1stico para cubrirnos si llueve nuevamente\u201d.<\/p>\n<\/blockquote>\n<p>En entrevistas a lo largo del viaje los migrantes han dicho que huyen de la violencia, la pobreza y la corrupci\u00f3n generalizadas en Honduras. La caravana es diferente a las migraciones en masa anteriores por su gran n\u00famero y porque en gran parte comenz\u00f3 espont\u00e1neamente a trav\u00e9s de un boca en boca.<\/p>\n<div id=\"attachment_3487693\" class=\"wp-caption alignnone\"><img loading=\"lazy\" decoding=\"async\" class=\"size-full wp-image-3487693\" src=\"http:\/\/www.sinembargo.mx\/wp-content\/uploads\/2018\/10\/caravana2-1.jpg\" sizes=\"auto, (max-width: 700px) 100vw, 700px\" srcset=\"http:\/\/www.sinembargo.mx\/wp-content\/uploads\/2018\/10\/caravana2-1.jpg 700w, http:\/\/www.sinembargo.mx\/wp-content\/uploads\/2018\/10\/caravana2-1-300x200.jpg 300w\" alt=\"\" width=\"700\" height=\"467\" \/><\/p>\n<p class=\"wp-caption-text\">En la Caravana van hondure\u00f1os, guatemaltecos y salvadore\u00f1os. Foto: Moises Castillo, AP<\/p>\n<\/div>\n<p>Los migrantes recibieron ayuda el domingo de mexicanos que les ofrecieron comida, agua y ropa. Cientos de lugare\u00f1os que conduc\u00edan camionetas, furgonetas y camiones de carga se detuvieron para permitirles subir a bordo.<\/p>\n<p>Funcionarios de Defensa Civil del estado de Chiapas, en el sur de M\u00e9xico, dijeron que hab\u00edan ofrecido llevar a los migrantes en autob\u00fas a un refugio establecido por funcionarios de migraci\u00f3n a unos siete kil\u00f3metros a las afueras de Tapachula, pero los migrantes se negaron a ir temiendo que una vez que abordaran los autobuses ser\u00edan deportados.<\/p>\n<p><iframe loading=\"lazy\" title=\"Unos 200 migrantes pasan la noche en el puente que une Guatemala y M\u00e9xico\" width=\"640\" height=\"360\" src=\"https:\/\/www.youtube.com\/embed\/6brpKbQTOZU?feature=oembed\" frameborder=\"0\" allow=\"accelerometer; autoplay; clipboard-write; encrypted-media; gyroscope; picture-in-picture; web-share\" referrerpolicy=\"strict-origin-when-cross-origin\" allowfullscreen><\/iframe><\/p>\n<p>Ulises Garc\u00eda, un funcionario de la Cruz Roja, dijo que algunos migrantes heridos se negaron a ser llevados a cl\u00ednicas u hospitales porque no quer\u00edan abandonar la caravana.<\/p>\n<blockquote>\n<p>\u201cHemos tenido personas que sufrieron lesiones en el tobillo o en el hombro por ca\u00eddas durante el viaje y aunque nos hemos ofrecido a llevarlos a un lugar donde puedan recibir mejor atenci\u00f3n, se han negado porque temen ser detenidos y deportados\u201d, dijo Garc\u00eda.<\/p>\n<\/blockquote>\n<p>Jes\u00fas Valdivia, de Tuxtla Chico, M\u00e9xico, fue uno de los muchos que detuvieron su camioneta para permitir que se suban 10 o incluso 20 migrantes.<\/p>\n<div id=\"attachment_3487692\" class=\"wp-caption alignnone\"><img loading=\"lazy\" decoding=\"async\" class=\"size-full wp-image-3487692\" src=\"http:\/\/www.sinembargo.mx\/wp-content\/uploads\/2018\/10\/caravana-1-1.jpg\" sizes=\"auto, (max-width: 700px) 100vw, 700px\" srcset=\"http:\/\/www.sinembargo.mx\/wp-content\/uploads\/2018\/10\/caravana-1-1.jpg 700w, http:\/\/www.sinembargo.mx\/wp-content\/uploads\/2018\/10\/caravana-1-1-300x200.jpg 300w\" alt=\"\" width=\"700\" height=\"467\" \/><\/p>\n<p class=\"wp-caption-text\">En Tapachula los migrantes desgastados por otro d\u00eda de marcha bajo un sol abrasador descansaron sobre el suelo. Foto: Mois\u00e9s Castillo, AP<\/p>\n<\/div>\n<p>\u201cHay que ayudar al pr\u00f3jimo. Hoy es para ellos, ma\u00f1ana para nosotros \u201c, dijo Valdivia, y agreg\u00f3 que recibi\u00f3 un valioso regalo de quienes ayud\u00f3: \u201cDe ellos aprendemos a valorar lo que ellos no tienen\u201d.<\/p>\n<p>Brenda S\u00e1nchez, de San Pedro Sula, que viajaba en el cami\u00f3n de Valdivia con tres sobrinos de 10, 11 y 19 a\u00f1os, expres\u00f3 su gratitud a \u201cDios y a los mexicanos que nos han ayudado\u201d.<\/p>\n<p>Las autoridades federales y del estado de Chiapas ofrecieron apoyo a los migrantes -incluida asesor\u00eda legal para quienes solicitaban asilo-, indic\u00f3 la Secretar\u00eda de Gobernaci\u00f3n de M\u00e9xico en un comunicado. Tambi\u00e9n difundi\u00f3 un video en el que se ve a empleados repartiendo comida y medicamentos y proporcionando atenci\u00f3n m\u00e9dica.<\/p>\n<p>Con Informaci\u00f3n de AP<\/p>\n<\/blockquote>\n","protected":false},"excerpt":{"rendered":"<p>Periodistas que viajan con la caravana desmienten a Trump: no hay \u201cmigrantes de Medio Oriente\u201d<br \/>\nPor Carolina Alonso Romei<br \/>\nInternacionalista<\/p>\n","protected":false},"author":2,"featured_media":7490,"comment_status":"open","ping_status":"open","sticky":false,"template":"","format":"standard","meta":{"_monsterinsights_skip_tracking":false,"_monsterinsights_sitenote_active":false,"_monsterinsights_sitenote_note":"","_monsterinsights_sitenote_category":0,"footnotes":""},"categories":[1],"tags":[],"class_list":["post-7491","post","type-post","status-publish","format-standard","has-post-thumbnail","hentry","category-sin-categoria"],"yoast_head":"<!-- This site is optimized with the Yoast SEO plugin v27.3 - https:\/\/yoast.com\/product\/yoast-seo-wordpress\/ -->\n<title>Internacionales\/\/\/Carolina Alonso Romei\/\/\/Periodistas que viajan con la caravana desmienten a Trump: no hay \u201cmigrantes de Medio Oriente\u201d -<\/title>\n<meta name=\"robots\" content=\"index, follow, max-snippet:-1, max-image-preview:large, max-video-preview:-1\" \/>\n<link rel=\"canonical\" href=\"https:\/\/quehacerpolitico.mx\/?p=7491\" \/>\n<meta property=\"og:locale\" content=\"es_MX\" \/>\n<meta property=\"og:type\" content=\"article\" \/>\n<meta property=\"og:title\" content=\"Internacionales\/\/\/Carolina Alonso Romei\/\/\/Periodistas que viajan con la caravana desmienten a Trump: no hay \u201cmigrantes de Medio Oriente\u201d -\" \/>\n<meta property=\"og:description\" content=\"Periodistas que viajan con la caravana desmienten a Trump: no hay \u201cmigrantes de Medio Oriente\u201d Por Carolina Alonso Romei Internacionalista\" \/>\n<meta property=\"og:url\" content=\"https:\/\/quehacerpolitico.mx\/?p=7491\" \/>\n<meta property=\"article:published_time\" content=\"2018-10-22T22:04:42+00:00\" \/>\n<meta name=\"author\" content=\"Redacci\u00f3n QP\" \/>\n<meta name=\"twitter:card\" content=\"summary_large_image\" \/>\n<meta name=\"twitter:label1\" content=\"Escrito por\" \/>\n\t<meta name=\"twitter:data1\" content=\"Redacci\u00f3n QP\" \/>\n\t<meta name=\"twitter:label2\" content=\"Tiempo de lectura\" \/>\n\t<meta name=\"twitter:data2\" content=\"7 minutos\" \/>\n<script type=\"application\/ld+json\" class=\"yoast-schema-graph\">{\"@context\":\"https:\\\/\\\/schema.org\",\"@graph\":[{\"@type\":\"Article\",\"@id\":\"https:\\\/\\\/quehacerpolitico.mx\\\/?p=7491#article\",\"isPartOf\":{\"@id\":\"https:\\\/\\\/quehacerpolitico.mx\\\/?p=7491\"},\"author\":{\"name\":\"Redacci\u00f3n QP\",\"@id\":\"https:\\\/\\\/quehacerpolitico.mx\\\/#\\\/schema\\\/person\\\/496d8ad2d1d3f8036101dca7ee39e585\"},\"headline\":\"Internacionales\\\/\\\/\\\/Carolina Alonso Romei\\\/\\\/\\\/Periodistas que viajan con la caravana desmienten a Trump: no hay \u201cmigrantes de Medio Oriente\u201d\",\"datePublished\":\"2018-10-22T22:04:42+00:00\",\"mainEntityOfPage\":{\"@id\":\"https:\\\/\\\/quehacerpolitico.mx\\\/?p=7491\"},\"wordCount\":1367,\"commentCount\":0,\"image\":{\"@id\":\"https:\\\/\\\/quehacerpolitico.mx\\\/?p=7491#primaryimage\"},\"thumbnailUrl\":\"\",\"articleSection\":[\"Internacionales\"],\"inLanguage\":\"es\",\"potentialAction\":[{\"@type\":\"CommentAction\",\"name\":\"Comment\",\"target\":[\"https:\\\/\\\/quehacerpolitico.mx\\\/?p=7491#respond\"]}]},{\"@type\":\"WebPage\",\"@id\":\"https:\\\/\\\/quehacerpolitico.mx\\\/?p=7491\",\"url\":\"https:\\\/\\\/quehacerpolitico.mx\\\/?p=7491\",\"name\":\"Internacionales\\\/\\\/\\\/Carolina Alonso Romei\\\/\\\/\\\/Periodistas que viajan con la caravana desmienten a Trump: no hay \u201cmigrantes de Medio Oriente\u201d -\",\"isPartOf\":{\"@id\":\"https:\\\/\\\/quehacerpolitico.mx\\\/#website\"},\"primaryImageOfPage\":{\"@id\":\"https:\\\/\\\/quehacerpolitico.mx\\\/?p=7491#primaryimage\"},\"image\":{\"@id\":\"https:\\\/\\\/quehacerpolitico.mx\\\/?p=7491#primaryimage\"},\"thumbnailUrl\":\"\",\"datePublished\":\"2018-10-22T22:04:42+00:00\",\"author\":{\"@id\":\"https:\\\/\\\/quehacerpolitico.mx\\\/#\\\/schema\\\/person\\\/496d8ad2d1d3f8036101dca7ee39e585\"},\"breadcrumb\":{\"@id\":\"https:\\\/\\\/quehacerpolitico.mx\\\/?p=7491#breadcrumb\"},\"inLanguage\":\"es\",\"potentialAction\":[{\"@type\":\"ReadAction\",\"target\":[\"https:\\\/\\\/quehacerpolitico.mx\\\/?p=7491\"]}]},{\"@type\":\"ImageObject\",\"inLanguage\":\"es\",\"@id\":\"https:\\\/\\\/quehacerpolitico.mx\\\/?p=7491#primaryimage\",\"url\":\"\",\"contentUrl\":\"\"},{\"@type\":\"BreadcrumbList\",\"@id\":\"https:\\\/\\\/quehacerpolitico.mx\\\/?p=7491#breadcrumb\",\"itemListElement\":[{\"@type\":\"ListItem\",\"position\":1,\"name\":\"Inicio\",\"item\":\"https:\\\/\\\/quehacerpolitico.mx\\\/\"},{\"@type\":\"ListItem\",\"position\":2,\"name\":\"Internacionales\\\/\\\/\\\/Carolina Alonso Romei\\\/\\\/\\\/Periodistas que viajan con la caravana desmienten a Trump: no hay \u201cmigrantes de Medio Oriente\u201d\"}]},{\"@type\":\"WebSite\",\"@id\":\"https:\\\/\\\/quehacerpolitico.mx\\\/#website\",\"url\":\"https:\\\/\\\/quehacerpolitico.mx\\\/\",\"name\":\"\",\"description\":\"\",\"potentialAction\":[{\"@type\":\"SearchAction\",\"target\":{\"@type\":\"EntryPoint\",\"urlTemplate\":\"https:\\\/\\\/quehacerpolitico.mx\\\/?s={search_term_string}\"},\"query-input\":{\"@type\":\"PropertyValueSpecification\",\"valueRequired\":true,\"valueName\":\"search_term_string\"}}],\"inLanguage\":\"es\"},{\"@type\":\"Person\",\"@id\":\"https:\\\/\\\/quehacerpolitico.mx\\\/#\\\/schema\\\/person\\\/496d8ad2d1d3f8036101dca7ee39e585\",\"name\":\"Redacci\u00f3n QP\",\"image\":{\"@type\":\"ImageObject\",\"inLanguage\":\"es\",\"@id\":\"https:\\\/\\\/secure.gravatar.com\\\/avatar\\\/c7164ed6fdec453195284ad24a5ae5b6e1eed2b848477fa2a4787ba9adf39a41?s=96&d=mm&r=g\",\"url\":\"https:\\\/\\\/secure.gravatar.com\\\/avatar\\\/c7164ed6fdec453195284ad24a5ae5b6e1eed2b848477fa2a4787ba9adf39a41?s=96&d=mm&r=g\",\"contentUrl\":\"https:\\\/\\\/secure.gravatar.com\\\/avatar\\\/c7164ed6fdec453195284ad24a5ae5b6e1eed2b848477fa2a4787ba9adf39a41?s=96&d=mm&r=g\",\"caption\":\"Redacci\u00f3n QP\"},\"url\":\"https:\\\/\\\/quehacerpolitico.mx\\\/?author=2\"}]}<\/script>\n<!-- \/ Yoast SEO plugin. -->","yoast_head_json":{"title":"Internacionales\/\/\/Carolina Alonso Romei\/\/\/Periodistas que viajan con la caravana desmienten a Trump: no hay \u201cmigrantes de Medio Oriente\u201d -","robots":{"index":"index","follow":"follow","max-snippet":"max-snippet:-1","max-image-preview":"max-image-preview:large","max-video-preview":"max-video-preview:-1"},"canonical":"https:\/\/quehacerpolitico.mx\/?p=7491","og_locale":"es_MX","og_type":"article","og_title":"Internacionales\/\/\/Carolina Alonso Romei\/\/\/Periodistas que viajan con la caravana desmienten a Trump: no hay \u201cmigrantes de Medio Oriente\u201d -","og_description":"Periodistas que viajan con la caravana desmienten a Trump: no hay \u201cmigrantes de Medio Oriente\u201d Por Carolina Alonso Romei Internacionalista","og_url":"https:\/\/quehacerpolitico.mx\/?p=7491","article_published_time":"2018-10-22T22:04:42+00:00","author":"Redacci\u00f3n QP","twitter_card":"summary_large_image","twitter_misc":{"Escrito por":"Redacci\u00f3n QP","Tiempo de lectura":"7 minutos"},"schema":{"@context":"https:\/\/schema.org","@graph":[{"@type":"Article","@id":"https:\/\/quehacerpolitico.mx\/?p=7491#article","isPartOf":{"@id":"https:\/\/quehacerpolitico.mx\/?p=7491"},"author":{"name":"Redacci\u00f3n QP","@id":"https:\/\/quehacerpolitico.mx\/#\/schema\/person\/496d8ad2d1d3f8036101dca7ee39e585"},"headline":"Internacionales\/\/\/Carolina Alonso Romei\/\/\/Periodistas que viajan con la caravana desmienten a Trump: no hay \u201cmigrantes de Medio Oriente\u201d","datePublished":"2018-10-22T22:04:42+00:00","mainEntityOfPage":{"@id":"https:\/\/quehacerpolitico.mx\/?p=7491"},"wordCount":1367,"commentCount":0,"image":{"@id":"https:\/\/quehacerpolitico.mx\/?p=7491#primaryimage"},"thumbnailUrl":"","articleSection":["Internacionales"],"inLanguage":"es","potentialAction":[{"@type":"CommentAction","name":"Comment","target":["https:\/\/quehacerpolitico.mx\/?p=7491#respond"]}]},{"@type":"WebPage","@id":"https:\/\/quehacerpolitico.mx\/?p=7491","url":"https:\/\/quehacerpolitico.mx\/?p=7491","name":"Internacionales\/\/\/Carolina Alonso Romei\/\/\/Periodistas que viajan con la caravana desmienten a Trump: no hay \u201cmigrantes de Medio Oriente\u201d -","isPartOf":{"@id":"https:\/\/quehacerpolitico.mx\/#website"},"primaryImageOfPage":{"@id":"https:\/\/quehacerpolitico.mx\/?p=7491#primaryimage"},"image":{"@id":"https:\/\/quehacerpolitico.mx\/?p=7491#primaryimage"},"thumbnailUrl":"","datePublished":"2018-10-22T22:04:42+00:00","author":{"@id":"https:\/\/quehacerpolitico.mx\/#\/schema\/person\/496d8ad2d1d3f8036101dca7ee39e585"},"breadcrumb":{"@id":"https:\/\/quehacerpolitico.mx\/?p=7491#breadcrumb"},"inLanguage":"es","potentialAction":[{"@type":"ReadAction","target":["https:\/\/quehacerpolitico.mx\/?p=7491"]}]},{"@type":"ImageObject","inLanguage":"es","@id":"https:\/\/quehacerpolitico.mx\/?p=7491#primaryimage","url":"","contentUrl":""},{"@type":"BreadcrumbList","@id":"https:\/\/quehacerpolitico.mx\/?p=7491#breadcrumb","itemListElement":[{"@type":"ListItem","position":1,"name":"Inicio","item":"https:\/\/quehacerpolitico.mx\/"},{"@type":"ListItem","position":2,"name":"Internacionales\/\/\/Carolina Alonso Romei\/\/\/Periodistas que viajan con la caravana desmienten a Trump: no hay \u201cmigrantes de Medio Oriente\u201d"}]},{"@type":"WebSite","@id":"https:\/\/quehacerpolitico.mx\/#website","url":"https:\/\/quehacerpolitico.mx\/","name":"","description":"","potentialAction":[{"@type":"SearchAction","target":{"@type":"EntryPoint","urlTemplate":"https:\/\/quehacerpolitico.mx\/?s={search_term_string}"},"query-input":{"@type":"PropertyValueSpecification","valueRequired":true,"valueName":"search_term_string"}}],"inLanguage":"es"},{"@type":"Person","@id":"https:\/\/quehacerpolitico.mx\/#\/schema\/person\/496d8ad2d1d3f8036101dca7ee39e585","name":"Redacci\u00f3n QP","image":{"@type":"ImageObject","inLanguage":"es","@id":"https:\/\/secure.gravatar.com\/avatar\/c7164ed6fdec453195284ad24a5ae5b6e1eed2b848477fa2a4787ba9adf39a41?s=96&d=mm&r=g","url":"https:\/\/secure.gravatar.com\/avatar\/c7164ed6fdec453195284ad24a5ae5b6e1eed2b848477fa2a4787ba9adf39a41?s=96&d=mm&r=g","contentUrl":"https:\/\/secure.gravatar.com\/avatar\/c7164ed6fdec453195284ad24a5ae5b6e1eed2b848477fa2a4787ba9adf39a41?s=96&d=mm&r=g","caption":"Redacci\u00f3n QP"},"url":"https:\/\/quehacerpolitico.mx\/?author=2"}]}},"featured_image_urls":{"full":"","thumbnail":"","medium":"","medium_large":"","large":"","1536x1536":"","2048x2048":"","covernews-featured":"","covernews-medium":""},"author_info":{"display_name":"Redacci\u00f3n QP","author_link":"https:\/\/quehacerpolitico.mx\/?author=2"},"category_info":"<a href=\"https:\/\/quehacerpolitico.mx\/?cat=1\" rel=\"category\">Internacionales<\/a>","tag_info":"Internacionales","comment_count":"0","_links":{"self":[{"href":"https:\/\/quehacerpolitico.mx\/index.php?rest_route=\/wp\/v2\/posts\/7491","targetHints":{"allow":["GET"]}}],"collection":[{"href":"https:\/\/quehacerpolitico.mx\/index.php?rest_route=\/wp\/v2\/posts"}],"about":[{"href":"https:\/\/quehacerpolitico.mx\/index.php?rest_route=\/wp\/v2\/types\/post"}],"author":[{"embeddable":true,"href":"https:\/\/quehacerpolitico.mx\/index.php?rest_route=\/wp\/v2\/users\/2"}],"replies":[{"embeddable":true,"href":"https:\/\/quehacerpolitico.mx\/index.php?rest_route=%2Fwp%2Fv2%2Fcomments&post=7491"}],"version-history":[{"count":0,"href":"https:\/\/quehacerpolitico.mx\/index.php?rest_route=\/wp\/v2\/posts\/7491\/revisions"}],"wp:featuredmedia":[{"embeddable":true,"href":"https:\/\/quehacerpolitico.mx\/index.php?rest_route=\/"}],"wp:attachment":[{"href":"https:\/\/quehacerpolitico.mx\/index.php?rest_route=%2Fwp%2Fv2%2Fmedia&parent=7491"}],"wp:term":[{"taxonomy":"category","embeddable":true,"href":"https:\/\/quehacerpolitico.mx\/index.php?rest_route=%2Fwp%2Fv2%2Fcategories&post=7491"},{"taxonomy":"post_tag","embeddable":true,"href":"https:\/\/quehacerpolitico.mx\/index.php?rest_route=%2Fwp%2Fv2%2Ftags&post=7491"}],"curies":[{"name":"wp","href":"https:\/\/api.w.org\/{rel}","templated":true}]}}