{"id":7484,"date":"2018-10-22T14:42:31","date_gmt":"2018-10-22T14:42:31","guid":{"rendered":"http:\/\/quehacerpolitico.mx\/ebrio-dirigente-juvenil-del-pri-mata-a-su-novia-en-accidente-vial-y-se-fuga\/"},"modified":"2018-10-22T14:42:31","modified_gmt":"2018-10-22T14:42:31","slug":"ebrio-dirigente-juvenil-del-pri-mata-a-su-novia-en-accidente-vial-y-se-fuga","status":"publish","type":"post","link":"https:\/\/quehacerpolitico.mx\/?p=7484","title":{"rendered":"Ebrio, dirigente juvenil del PRI mata a su novia en accidente vial y se fuga"},"content":{"rendered":"<h3 class=\"post-title entry-title\">Ebrio, dirigente juvenil del PRI mata a su novia en accidente vial y se fuga<\/h3>\n<p>Por Redacci\u00f3n QP<\/p>\n<p class=\"mobile-photo\"><a href=\"https:\/\/1.bp.blogspot.com\/-kgQwGvOZERs\/W83b5BZx9EI\/AAAAAAAC9nk\/RTuLaOMgsBIm-FfDu7-0E8fKidd-w0U3gCK4BGAYYCw\/s1600\/28056299_10156176335427436_3244253998222889377_n-725327.jpg\" data-src=\"https:\/\/1.bp.blogspot.com\/-kgQwGvOZERs\/W83b5BZx9EI\/AAAAAAAC9nk\/RTuLaOMgsBIm-FfDu7-0E8fKidd-w0U3gCK4BGAYYCw\/s1600\/28056299_10156176335427436_3244253998222889377_n-725327.jpg\" data-thumb=\"https:\/\/1.bp.blogspot.com\/-kgQwGvOZERs\/W83b5BZx9EI\/AAAAAAAC9nk\/RTuLaOMgsBIm-FfDu7-0E8fKidd-w0U3gCK4BGAYYCw\/s320\/28056299_10156176335427436_3244253998222889377_n-725327.jpg\" class=\"ml-lightbox-enabled\"><img decoding=\"async\" id=\"BLOGGER_PHOTO_ID_6615185200352719938\" src=\"https:\/\/1.bp.blogspot.com\/-kgQwGvOZERs\/W83b5BZx9EI\/AAAAAAAC9nk\/RTuLaOMgsBIm-FfDu7-0E8fKidd-w0U3gCK4BGAYYCw\/s320\/28056299_10156176335427436_3244253998222889377_n-725327.jpg\" alt=\"\" border=\"0\" \/><\/a><\/p>\n<p class=\"mobile-photo\"><a href=\"https:\/\/2.bp.blogspot.com\/-azHRTq6QDW8\/W83b6fspb9I\/AAAAAAAC9ns\/r1mBnNoatr0CmiBUXLURWspBI9AxWE0hQCK4BGAYYCw\/s1600\/18835767_10155361038082436_2498601647168052181_n-730597.jpg\" data-src=\"https:\/\/2.bp.blogspot.com\/-azHRTq6QDW8\/W83b6fspb9I\/AAAAAAAC9ns\/r1mBnNoatr0CmiBUXLURWspBI9AxWE0hQCK4BGAYYCw\/s1600\/18835767_10155361038082436_2498601647168052181_n-730597.jpg\" data-thumb=\"https:\/\/2.bp.blogspot.com\/-azHRTq6QDW8\/W83b6fspb9I\/AAAAAAAC9ns\/r1mBnNoatr0CmiBUXLURWspBI9AxWE0hQCK4BGAYYCw\/s320\/18835767_10155361038082436_2498601647168052181_n-730597.jpg\" class=\"ml-lightbox-enabled\"><img decoding=\"async\" id=\"BLOGGER_PHOTO_ID_6615185225664786386\" src=\"https:\/\/2.bp.blogspot.com\/-azHRTq6QDW8\/W83b6fspb9I\/AAAAAAAC9ns\/r1mBnNoatr0CmiBUXLURWspBI9AxWE0hQCK4BGAYYCw\/s320\/18835767_10155361038082436_2498601647168052181_n-730597.jpg\" alt=\"\" border=\"0\" \/><\/a><\/p>\n<div dir=\"ltr\">\n<div dir=\"ltr\">\n<div>Ebrio, dirigente juvenil del PRI mata a su novia en accidente vial y se fuga<\/div>\n<div>Alfredo Delgado Cervantes abandon\u00f3 el cuerpo de la joven afuera de un hospital; hasta el momento se desconoce su paradero<\/div>\n<div>\u00a0<\/div>\n<div>Oaxaca.- En estado de ebriedad, Alfredo Delgado Cervantes, coordinador juvenil de @RaulBCCue y delegado de la Red de J\u00f3venes por M\u00e9xico, mat\u00f3 en accidente vial a su novia Silvia Ivana, despu\u00e9s la abandon\u00f3 en el Hospital Civil, para luego darse a la fuga.<\/div>\n<div>De acuerdo a los informes de la polic\u00eda y del H. Cuerpo de Bomberos, despu\u00e9s de una noche de parranda, Delgado Cervantes perdi\u00f3 el control del autom\u00f3vil en que viajaba con su novia y choc\u00f3 en contra de un \u00e1rbol en la avenida de las Etnias en la colonia Reforma, ocasionando que la joven de 24 a\u00f1os perdiera la vida al sufrir traumatismo de cr\u00e1neo, pero el tripulante decidi\u00f3 llevarla al hospital civil donde la abandon\u00f3 ya sin vida.<\/div>\n<div>El reporte indica que a las 07:00 horas de este domingo, al hospital general Aurelio Valdivieso arrib\u00f3 una camioneta Jeep Rubic\u00f3n de color negra y con huellas de un percance automovil\u00edstico.<\/div>\n<div>Los cuerpos de socorro, as\u00ed como de la Polic\u00eda descubrieron que en la unidad de motor estaba el cuerpo de la joven por lo cual personal m\u00e9dico decidi\u00f3 acudir a valorarla, pero confirmaron que el deceso fue desde el momento del impacto al sufrir traumatismo profundo de cr\u00e1neo, adem\u00e1s que tenia expuesta la masa encef\u00e1lica.<\/div>\n<div>La zona fue acordonada por la polic\u00eda y dieron intervenci\u00f3n a la Fiscal\u00eda General del Estado para tomar conocimiento del caso.<\/div>\n<div>Fue precisamente el cuerpo de Bomberos quien realizaron el rescate del cuerpo, alrededor de las 08:22 horas lograron rescatar los restos, al sacarla por donde estaba el toldo, el cual fue desprendido en el choque.<\/div>\n<div>Los elementos de la Agencia Estatal de Investigaciones (AEI) arribaron al lugar, donde realizaron diligencias y ordenaron que el cuerpo sin vida fuera trasladado al anfiteatro del Instituto de Servicios Periciales en San Bartolo Coyotepec.<\/div>\n<div>La unidad de motor tambi\u00e9n fue asegurada y se espera que en las pr\u00f3ximas horas la joven sea reclamada legalmente, ya que en el lugar arribaron familiares lejanos.<\/div>\n<div>La polic\u00eda, al realizar un recorrido por la zona, en la avenida de las Etnias, en la colonia Reforma, localiz\u00f3 partes de la unidad de motor y el \u00e1rbol con el cual ocurri\u00f3 el percance.<\/div>\n<div>Hasta el momento se desconoce el paradero de Alfredo Delgado Cervantes.<\/div>\n<\/div>\n<\/div>\n","protected":false},"excerpt":{"rendered":"<p>Ebrio, dirigente juvenil del PRI mata a su novia en accidente vial y se fuga<br \/>\nPor Redacci\u00f3n QP<\/p>\n","protected":false},"author":2,"featured_media":7483,"comment_status":"open","ping_status":"open","sticky":false,"template":"","format":"standard","meta":{"_monsterinsights_skip_tracking":false,"_monsterinsights_sitenote_active":false,"_monsterinsights_sitenote_note":"","_monsterinsights_sitenote_category":0,"footnotes":""},"categories":[55],"tags":[],"class_list":["post-7484","post","type-post","status-publish","format-standard","has-post-thumbnail","hentry","category-cdmx"],"yoast_head":"<!-- This site is optimized with the Yoast SEO plugin v27.3 - https:\/\/yoast.com\/product\/yoast-seo-wordpress\/ -->\n<title>Ebrio, dirigente juvenil del PRI mata a su novia en accidente vial y se fuga -<\/title>\n<meta name=\"robots\" content=\"index, follow, max-snippet:-1, max-image-preview:large, max-video-preview:-1\" \/>\n<link rel=\"canonical\" href=\"https:\/\/quehacerpolitico.mx\/?p=7484\" \/>\n<meta property=\"og:locale\" content=\"es_MX\" \/>\n<meta property=\"og:type\" content=\"article\" \/>\n<meta property=\"og:title\" content=\"Ebrio, dirigente juvenil del PRI mata a su novia en accidente vial y se fuga -\" \/>\n<meta property=\"og:description\" content=\"Ebrio, dirigente juvenil del PRI mata a su novia en accidente vial y se fuga Por Redacci\u00f3n QP\" \/>\n<meta property=\"og:url\" content=\"https:\/\/quehacerpolitico.mx\/?p=7484\" \/>\n<meta property=\"article:published_time\" content=\"2018-10-22T14:42:31+00:00\" \/>\n<meta name=\"author\" content=\"Redacci\u00f3n QP\" \/>\n<meta name=\"twitter:card\" content=\"summary_large_image\" \/>\n<meta name=\"twitter:label1\" content=\"Escrito por\" \/>\n\t<meta name=\"twitter:data1\" content=\"Redacci\u00f3n QP\" \/>\n\t<meta name=\"twitter:label2\" content=\"Tiempo de lectura\" \/>\n\t<meta name=\"twitter:data2\" content=\"2 minutos\" \/>\n<script type=\"application\/ld+json\" class=\"yoast-schema-graph\">{\"@context\":\"https:\\\/\\\/schema.org\",\"@graph\":[{\"@type\":\"Article\",\"@id\":\"https:\\\/\\\/quehacerpolitico.mx\\\/?p=7484#article\",\"isPartOf\":{\"@id\":\"https:\\\/\\\/quehacerpolitico.mx\\\/?p=7484\"},\"author\":{\"name\":\"Redacci\u00f3n QP\",\"@id\":\"https:\\\/\\\/quehacerpolitico.mx\\\/#\\\/schema\\\/person\\\/496d8ad2d1d3f8036101dca7ee39e585\"},\"headline\":\"Ebrio, dirigente juvenil del PRI mata a su novia en accidente vial y se fuga\",\"datePublished\":\"2018-10-22T14:42:31+00:00\",\"mainEntityOfPage\":{\"@id\":\"https:\\\/\\\/quehacerpolitico.mx\\\/?p=7484\"},\"wordCount\":461,\"commentCount\":0,\"image\":{\"@id\":\"https:\\\/\\\/quehacerpolitico.mx\\\/?p=7484#primaryimage\"},\"thumbnailUrl\":\"\",\"articleSection\":[\"CDMX\"],\"inLanguage\":\"es\",\"potentialAction\":[{\"@type\":\"CommentAction\",\"name\":\"Comment\",\"target\":[\"https:\\\/\\\/quehacerpolitico.mx\\\/?p=7484#respond\"]}]},{\"@type\":\"WebPage\",\"@id\":\"https:\\\/\\\/quehacerpolitico.mx\\\/?p=7484\",\"url\":\"https:\\\/\\\/quehacerpolitico.mx\\\/?p=7484\",\"name\":\"Ebrio, dirigente juvenil del PRI mata a su novia en accidente vial y se fuga -\",\"isPartOf\":{\"@id\":\"https:\\\/\\\/quehacerpolitico.mx\\\/#website\"},\"primaryImageOfPage\":{\"@id\":\"https:\\\/\\\/quehacerpolitico.mx\\\/?p=7484#primaryimage\"},\"image\":{\"@id\":\"https:\\\/\\\/quehacerpolitico.mx\\\/?p=7484#primaryimage\"},\"thumbnailUrl\":\"\",\"datePublished\":\"2018-10-22T14:42:31+00:00\",\"author\":{\"@id\":\"https:\\\/\\\/quehacerpolitico.mx\\\/#\\\/schema\\\/person\\\/496d8ad2d1d3f8036101dca7ee39e585\"},\"breadcrumb\":{\"@id\":\"https:\\\/\\\/quehacerpolitico.mx\\\/?p=7484#breadcrumb\"},\"inLanguage\":\"es\",\"potentialAction\":[{\"@type\":\"ReadAction\",\"target\":[\"https:\\\/\\\/quehacerpolitico.mx\\\/?p=7484\"]}]},{\"@type\":\"ImageObject\",\"inLanguage\":\"es\",\"@id\":\"https:\\\/\\\/quehacerpolitico.mx\\\/?p=7484#primaryimage\",\"url\":\"\",\"contentUrl\":\"\"},{\"@type\":\"BreadcrumbList\",\"@id\":\"https:\\\/\\\/quehacerpolitico.mx\\\/?p=7484#breadcrumb\",\"itemListElement\":[{\"@type\":\"ListItem\",\"position\":1,\"name\":\"Inicio\",\"item\":\"https:\\\/\\\/quehacerpolitico.mx\\\/\"},{\"@type\":\"ListItem\",\"position\":2,\"name\":\"Ebrio, dirigente juvenil del PRI mata a su novia en accidente vial y se fuga\"}]},{\"@type\":\"WebSite\",\"@id\":\"https:\\\/\\\/quehacerpolitico.mx\\\/#website\",\"url\":\"https:\\\/\\\/quehacerpolitico.mx\\\/\",\"name\":\"\",\"description\":\"\",\"potentialAction\":[{\"@type\":\"SearchAction\",\"target\":{\"@type\":\"EntryPoint\",\"urlTemplate\":\"https:\\\/\\\/quehacerpolitico.mx\\\/?s={search_term_string}\"},\"query-input\":{\"@type\":\"PropertyValueSpecification\",\"valueRequired\":true,\"valueName\":\"search_term_string\"}}],\"inLanguage\":\"es\"},{\"@type\":\"Person\",\"@id\":\"https:\\\/\\\/quehacerpolitico.mx\\\/#\\\/schema\\\/person\\\/496d8ad2d1d3f8036101dca7ee39e585\",\"name\":\"Redacci\u00f3n QP\",\"image\":{\"@type\":\"ImageObject\",\"inLanguage\":\"es\",\"@id\":\"https:\\\/\\\/secure.gravatar.com\\\/avatar\\\/c7164ed6fdec453195284ad24a5ae5b6e1eed2b848477fa2a4787ba9adf39a41?s=96&d=mm&r=g\",\"url\":\"https:\\\/\\\/secure.gravatar.com\\\/avatar\\\/c7164ed6fdec453195284ad24a5ae5b6e1eed2b848477fa2a4787ba9adf39a41?s=96&d=mm&r=g\",\"contentUrl\":\"https:\\\/\\\/secure.gravatar.com\\\/avatar\\\/c7164ed6fdec453195284ad24a5ae5b6e1eed2b848477fa2a4787ba9adf39a41?s=96&d=mm&r=g\",\"caption\":\"Redacci\u00f3n QP\"},\"url\":\"https:\\\/\\\/quehacerpolitico.mx\\\/?author=2\"}]}<\/script>\n<!-- \/ Yoast SEO plugin. -->","yoast_head_json":{"title":"Ebrio, dirigente juvenil del PRI mata a su novia en accidente vial y se fuga -","robots":{"index":"index","follow":"follow","max-snippet":"max-snippet:-1","max-image-preview":"max-image-preview:large","max-video-preview":"max-video-preview:-1"},"canonical":"https:\/\/quehacerpolitico.mx\/?p=7484","og_locale":"es_MX","og_type":"article","og_title":"Ebrio, dirigente juvenil del PRI mata a su novia en accidente vial y se fuga -","og_description":"Ebrio, dirigente juvenil del PRI mata a su novia en accidente vial y se fuga Por Redacci\u00f3n QP","og_url":"https:\/\/quehacerpolitico.mx\/?p=7484","article_published_time":"2018-10-22T14:42:31+00:00","author":"Redacci\u00f3n QP","twitter_card":"summary_large_image","twitter_misc":{"Escrito por":"Redacci\u00f3n QP","Tiempo de lectura":"2 minutos"},"schema":{"@context":"https:\/\/schema.org","@graph":[{"@type":"Article","@id":"https:\/\/quehacerpolitico.mx\/?p=7484#article","isPartOf":{"@id":"https:\/\/quehacerpolitico.mx\/?p=7484"},"author":{"name":"Redacci\u00f3n QP","@id":"https:\/\/quehacerpolitico.mx\/#\/schema\/person\/496d8ad2d1d3f8036101dca7ee39e585"},"headline":"Ebrio, dirigente juvenil del PRI mata a su novia en accidente vial y se fuga","datePublished":"2018-10-22T14:42:31+00:00","mainEntityOfPage":{"@id":"https:\/\/quehacerpolitico.mx\/?p=7484"},"wordCount":461,"commentCount":0,"image":{"@id":"https:\/\/quehacerpolitico.mx\/?p=7484#primaryimage"},"thumbnailUrl":"","articleSection":["CDMX"],"inLanguage":"es","potentialAction":[{"@type":"CommentAction","name":"Comment","target":["https:\/\/quehacerpolitico.mx\/?p=7484#respond"]}]},{"@type":"WebPage","@id":"https:\/\/quehacerpolitico.mx\/?p=7484","url":"https:\/\/quehacerpolitico.mx\/?p=7484","name":"Ebrio, dirigente juvenil del PRI mata a su novia en accidente vial y se fuga -","isPartOf":{"@id":"https:\/\/quehacerpolitico.mx\/#website"},"primaryImageOfPage":{"@id":"https:\/\/quehacerpolitico.mx\/?p=7484#primaryimage"},"image":{"@id":"https:\/\/quehacerpolitico.mx\/?p=7484#primaryimage"},"thumbnailUrl":"","datePublished":"2018-10-22T14:42:31+00:00","author":{"@id":"https:\/\/quehacerpolitico.mx\/#\/schema\/person\/496d8ad2d1d3f8036101dca7ee39e585"},"breadcrumb":{"@id":"https:\/\/quehacerpolitico.mx\/?p=7484#breadcrumb"},"inLanguage":"es","potentialAction":[{"@type":"ReadAction","target":["https:\/\/quehacerpolitico.mx\/?p=7484"]}]},{"@type":"ImageObject","inLanguage":"es","@id":"https:\/\/quehacerpolitico.mx\/?p=7484#primaryimage","url":"","contentUrl":""},{"@type":"BreadcrumbList","@id":"https:\/\/quehacerpolitico.mx\/?p=7484#breadcrumb","itemListElement":[{"@type":"ListItem","position":1,"name":"Inicio","item":"https:\/\/quehacerpolitico.mx\/"},{"@type":"ListItem","position":2,"name":"Ebrio, dirigente juvenil del PRI mata a su novia en accidente vial y se fuga"}]},{"@type":"WebSite","@id":"https:\/\/quehacerpolitico.mx\/#website","url":"https:\/\/quehacerpolitico.mx\/","name":"","description":"","potentialAction":[{"@type":"SearchAction","target":{"@type":"EntryPoint","urlTemplate":"https:\/\/quehacerpolitico.mx\/?s={search_term_string}"},"query-input":{"@type":"PropertyValueSpecification","valueRequired":true,"valueName":"search_term_string"}}],"inLanguage":"es"},{"@type":"Person","@id":"https:\/\/quehacerpolitico.mx\/#\/schema\/person\/496d8ad2d1d3f8036101dca7ee39e585","name":"Redacci\u00f3n QP","image":{"@type":"ImageObject","inLanguage":"es","@id":"https:\/\/secure.gravatar.com\/avatar\/c7164ed6fdec453195284ad24a5ae5b6e1eed2b848477fa2a4787ba9adf39a41?s=96&d=mm&r=g","url":"https:\/\/secure.gravatar.com\/avatar\/c7164ed6fdec453195284ad24a5ae5b6e1eed2b848477fa2a4787ba9adf39a41?s=96&d=mm&r=g","contentUrl":"https:\/\/secure.gravatar.com\/avatar\/c7164ed6fdec453195284ad24a5ae5b6e1eed2b848477fa2a4787ba9adf39a41?s=96&d=mm&r=g","caption":"Redacci\u00f3n QP"},"url":"https:\/\/quehacerpolitico.mx\/?author=2"}]}},"featured_image_urls":{"full":"","thumbnail":"","medium":"","medium_large":"","large":"","1536x1536":"","2048x2048":"","covernews-featured":"","covernews-medium":""},"author_info":{"display_name":"Redacci\u00f3n QP","author_link":"https:\/\/quehacerpolitico.mx\/?author=2"},"category_info":"<a href=\"https:\/\/quehacerpolitico.mx\/?cat=55\" rel=\"category\">CDMX<\/a>","tag_info":"CDMX","comment_count":"0","_links":{"self":[{"href":"https:\/\/quehacerpolitico.mx\/index.php?rest_route=\/wp\/v2\/posts\/7484","targetHints":{"allow":["GET"]}}],"collection":[{"href":"https:\/\/quehacerpolitico.mx\/index.php?rest_route=\/wp\/v2\/posts"}],"about":[{"href":"https:\/\/quehacerpolitico.mx\/index.php?rest_route=\/wp\/v2\/types\/post"}],"author":[{"embeddable":true,"href":"https:\/\/quehacerpolitico.mx\/index.php?rest_route=\/wp\/v2\/users\/2"}],"replies":[{"embeddable":true,"href":"https:\/\/quehacerpolitico.mx\/index.php?rest_route=%2Fwp%2Fv2%2Fcomments&post=7484"}],"version-history":[{"count":0,"href":"https:\/\/quehacerpolitico.mx\/index.php?rest_route=\/wp\/v2\/posts\/7484\/revisions"}],"wp:featuredmedia":[{"embeddable":true,"href":"https:\/\/quehacerpolitico.mx\/index.php?rest_route=\/"}],"wp:attachment":[{"href":"https:\/\/quehacerpolitico.mx\/index.php?rest_route=%2Fwp%2Fv2%2Fmedia&parent=7484"}],"wp:term":[{"taxonomy":"category","embeddable":true,"href":"https:\/\/quehacerpolitico.mx\/index.php?rest_route=%2Fwp%2Fv2%2Fcategories&post=7484"},{"taxonomy":"post_tag","embeddable":true,"href":"https:\/\/quehacerpolitico.mx\/index.php?rest_route=%2Fwp%2Fv2%2Ftags&post=7484"}],"curies":[{"name":"wp","href":"https:\/\/api.w.org\/{rel}","templated":true}]}}