{"id":7476,"date":"2018-10-22T14:15:44","date_gmt":"2018-10-22T14:15:44","guid":{"rendered":"http:\/\/quehacerpolitico.mx\/willa-casi-alcanza-categoria-5-es-extremamente-peligroso-pegara-entre-mazatlan-y-puerto-vallarta\/"},"modified":"2018-10-22T14:15:44","modified_gmt":"2018-10-22T14:15:44","slug":"willa-casi-alcanza-categoria-5-es-extremamente-peligroso-pegara-entre-mazatlan-y-puerto-vallarta","status":"publish","type":"post","link":"https:\/\/quehacerpolitico.mx\/?p=7476","title":{"rendered":"\u201cWilla\u201d casi alcanza categor\u00eda 5. Es \u201cextremamente peligroso\u201d. Pegar\u00e1 entre Mazatl\u00e1n y Puerto Vallarta"},"content":{"rendered":"<h1>\u201cWilla\u201d casi alcanza categor\u00eda 5. Es \u201cextremamente peligroso\u201d. Pegar\u00e1 entre Mazatl\u00e1n y Puerto Vallarta<\/h1>\n<p>Por Redacci\u00f3n QP<\/p>\n<p>El<strong>hurac\u00e1n \u201cWilla\u201d<\/strong> se convirti\u00f3 en una tormenta \u201cextremamente peligrosa\u201d cerca de la<strong>categor\u00eda 5<\/strong> en el <em>o<\/em>c\u00e9ano Pac\u00edfico y prev\u00e9 un rumbo que pudiera llevarle a tocar tierra en un tramo de la costa entre <strong>Mazatl\u00e1n<\/strong> y <strong>Puerto Vallarta<\/strong> en los pr\u00f3ximos d\u00edas.<\/p>\n<p>El Centro Nacional de Huracanes, con sede en Miami, dijo el lunes por la ma\u00f1ana que \u201cWilla\u201d podr\u00eda \u201cprovocar una marejada cicl\u00f3nica, vientos y tormentas letales en algunas partes del suroeste y centro-oeste de M\u00e9xico a partir del martes\u201d. Pronostic\u00f3 que \u201cWilla\u201d se convertir\u00eda en un hurac\u00e1n de categor\u00eda 5 el lunes por la tarde, generando condiciones de marea peligrosas.<\/p>\n<p>Una advertencia de hurac\u00e1n estaba en vigor para la costa mexicana, entre San Blas y Mazatl\u00e1n, incluidas las islas Mar\u00edas. Advertencias de tormenta tropical fueron emitidas desde Playa Perula hasta San Blas y desde Mazatl\u00e1n hasta Bah\u00eda Tempehuaya.<\/p>\n<div id=\"attachment_3487590\" class=\"wp-caption alignnone\"><img loading=\"lazy\" decoding=\"async\" class=\"size-full wp-image-3487590\" src=\"http:\/\/www.sinembargo.mx\/wp-content\/uploads\/2018\/10\/willa-3.jpg\" sizes=\"auto, (max-width: 700px) 100vw, 700px\" srcset=\"http:\/\/www.sinembargo.mx\/wp-content\/uploads\/2018\/10\/willa-3.jpg 700w, http:\/\/www.sinembargo.mx\/wp-content\/uploads\/2018\/10\/willa-3-300x247.jpg 300w\" alt=\"\" width=\"700\" height=\"576\" \/><\/p>\n<p class=\"wp-caption-text\">\u201cWilla\u201d ten\u00eda vientos m\u00e1ximos sostenidos de 249 kil\u00f3metros por hora (155 mph) el lunes por la ma\u00f1ana. Foto: Centro Nacional de Huracanes de EU<\/p>\n<\/div>\n<p>El centro inform\u00f3 que se prev\u00e9 que \u201cWilla\u201d toque tierra el martes por la noche o el mi\u00e9rcoles por la ma\u00f1ana.<\/p>\n<p>\u201cWilla\u201d ten\u00eda vientos m\u00e1ximos sostenidos de 249 kil\u00f3metros por hora (155 mph) el lunes por la ma\u00f1ana. Se ubicaba a unos 370 kil\u00f3metros al sur de las islas Mar\u00edas y a 280 kil\u00f3metros al sur-suroeste de Cabo Corrientes. Se mov\u00eda al norte a 11 km\/h (7 mph).<\/p>\n<p>Sus vientos con fuerza de hurac\u00e1n se extend\u00edan 48 kil\u00f3metros desde su ojo y los de tormenta tropical se alargaban hasta 145 kil\u00f3metros.<\/p>\n<p>El Centro de Huracanes indic\u00f3 que es probable que \u201cWilla\u201d arroje de 15 a 30 cent\u00edmetros de lluvia en el oeste de los estados de Jalisco y Nayarit y el sur del de Sinaloa. Agreg\u00f3 que algunos lugares podr\u00edan recibir hasta 46 cent\u00edmetros. Tambi\u00e9n advirti\u00f3 del peligro de las inundaciones repentinas y aludes en las zonas monta\u00f1osas.<\/p>\n<p>M\u00e1s al sur en el oc\u00e9ano Pac\u00edfico, la tormenta tropical Vicente se debilit\u00f3, pero se pronosticaba que provocara fuertes lluvias e inundaciones en algunas partes del sur y suroeste de M\u00e9xico.<\/p>\n<p>Con Informaci\u00f3n de AP<\/p>\n","protected":false},"excerpt":{"rendered":"<p>\u201cWilla\u201d casi alcanza categor\u00eda 5. Es \u201cextremamente peligroso\u201d. Pegar\u00e1 entre Mazatl\u00e1n y Puerto Vallarta<br \/>\nPor Redacci\u00f3n QP<\/p>\n","protected":false},"author":2,"featured_media":7475,"comment_status":"open","ping_status":"open","sticky":false,"template":"","format":"standard","meta":{"_monsterinsights_skip_tracking":false,"_monsterinsights_sitenote_active":false,"_monsterinsights_sitenote_note":"","_monsterinsights_sitenote_category":0,"footnotes":""},"categories":[2],"tags":[],"class_list":["post-7476","post","type-post","status-publish","format-standard","has-post-thumbnail","hentry","category-noticias"],"yoast_head":"<!-- This site is optimized with the Yoast SEO plugin v27.3 - https:\/\/yoast.com\/product\/yoast-seo-wordpress\/ -->\n<title>\u201cWilla\u201d casi alcanza categor\u00eda 5. Es \u201cextremamente peligroso\u201d. Pegar\u00e1 entre Mazatl\u00e1n y Puerto Vallarta -<\/title>\n<meta name=\"robots\" content=\"index, follow, max-snippet:-1, max-image-preview:large, max-video-preview:-1\" \/>\n<link rel=\"canonical\" href=\"https:\/\/quehacerpolitico.mx\/?p=7476\" \/>\n<meta property=\"og:locale\" content=\"es_MX\" \/>\n<meta property=\"og:type\" content=\"article\" \/>\n<meta property=\"og:title\" content=\"\u201cWilla\u201d casi alcanza categor\u00eda 5. Es \u201cextremamente peligroso\u201d. Pegar\u00e1 entre Mazatl\u00e1n y Puerto Vallarta -\" \/>\n<meta property=\"og:description\" content=\"\u201cWilla\u201d casi alcanza categor\u00eda 5. Es \u201cextremamente peligroso\u201d. Pegar\u00e1 entre Mazatl\u00e1n y Puerto Vallarta Por Redacci\u00f3n QP\" \/>\n<meta property=\"og:url\" content=\"https:\/\/quehacerpolitico.mx\/?p=7476\" \/>\n<meta property=\"article:published_time\" content=\"2018-10-22T14:15:44+00:00\" \/>\n<meta name=\"author\" content=\"Redacci\u00f3n QP\" \/>\n<meta name=\"twitter:card\" content=\"summary_large_image\" \/>\n<meta name=\"twitter:label1\" content=\"Escrito por\" \/>\n\t<meta name=\"twitter:data1\" content=\"Redacci\u00f3n QP\" \/>\n\t<meta name=\"twitter:label2\" content=\"Tiempo de lectura\" \/>\n\t<meta name=\"twitter:data2\" content=\"2 minutos\" \/>\n<script type=\"application\/ld+json\" class=\"yoast-schema-graph\">{\"@context\":\"https:\\\/\\\/schema.org\",\"@graph\":[{\"@type\":\"Article\",\"@id\":\"https:\\\/\\\/quehacerpolitico.mx\\\/?p=7476#article\",\"isPartOf\":{\"@id\":\"https:\\\/\\\/quehacerpolitico.mx\\\/?p=7476\"},\"author\":{\"name\":\"Redacci\u00f3n QP\",\"@id\":\"https:\\\/\\\/quehacerpolitico.mx\\\/#\\\/schema\\\/person\\\/496d8ad2d1d3f8036101dca7ee39e585\"},\"headline\":\"\u201cWilla\u201d casi alcanza categor\u00eda 5. Es \u201cextremamente peligroso\u201d. Pegar\u00e1 entre Mazatl\u00e1n y Puerto Vallarta\",\"datePublished\":\"2018-10-22T14:15:44+00:00\",\"mainEntityOfPage\":{\"@id\":\"https:\\\/\\\/quehacerpolitico.mx\\\/?p=7476\"},\"wordCount\":414,\"commentCount\":0,\"image\":{\"@id\":\"https:\\\/\\\/quehacerpolitico.mx\\\/?p=7476#primaryimage\"},\"thumbnailUrl\":\"\",\"articleSection\":[\"Noticias\"],\"inLanguage\":\"es\",\"potentialAction\":[{\"@type\":\"CommentAction\",\"name\":\"Comment\",\"target\":[\"https:\\\/\\\/quehacerpolitico.mx\\\/?p=7476#respond\"]}]},{\"@type\":\"WebPage\",\"@id\":\"https:\\\/\\\/quehacerpolitico.mx\\\/?p=7476\",\"url\":\"https:\\\/\\\/quehacerpolitico.mx\\\/?p=7476\",\"name\":\"\u201cWilla\u201d casi alcanza categor\u00eda 5. Es \u201cextremamente peligroso\u201d. Pegar\u00e1 entre Mazatl\u00e1n y Puerto Vallarta -\",\"isPartOf\":{\"@id\":\"https:\\\/\\\/quehacerpolitico.mx\\\/#website\"},\"primaryImageOfPage\":{\"@id\":\"https:\\\/\\\/quehacerpolitico.mx\\\/?p=7476#primaryimage\"},\"image\":{\"@id\":\"https:\\\/\\\/quehacerpolitico.mx\\\/?p=7476#primaryimage\"},\"thumbnailUrl\":\"\",\"datePublished\":\"2018-10-22T14:15:44+00:00\",\"author\":{\"@id\":\"https:\\\/\\\/quehacerpolitico.mx\\\/#\\\/schema\\\/person\\\/496d8ad2d1d3f8036101dca7ee39e585\"},\"breadcrumb\":{\"@id\":\"https:\\\/\\\/quehacerpolitico.mx\\\/?p=7476#breadcrumb\"},\"inLanguage\":\"es\",\"potentialAction\":[{\"@type\":\"ReadAction\",\"target\":[\"https:\\\/\\\/quehacerpolitico.mx\\\/?p=7476\"]}]},{\"@type\":\"ImageObject\",\"inLanguage\":\"es\",\"@id\":\"https:\\\/\\\/quehacerpolitico.mx\\\/?p=7476#primaryimage\",\"url\":\"\",\"contentUrl\":\"\"},{\"@type\":\"BreadcrumbList\",\"@id\":\"https:\\\/\\\/quehacerpolitico.mx\\\/?p=7476#breadcrumb\",\"itemListElement\":[{\"@type\":\"ListItem\",\"position\":1,\"name\":\"Inicio\",\"item\":\"https:\\\/\\\/quehacerpolitico.mx\\\/\"},{\"@type\":\"ListItem\",\"position\":2,\"name\":\"\u201cWilla\u201d casi alcanza categor\u00eda 5. Es \u201cextremamente peligroso\u201d. Pegar\u00e1 entre Mazatl\u00e1n y Puerto Vallarta\"}]},{\"@type\":\"WebSite\",\"@id\":\"https:\\\/\\\/quehacerpolitico.mx\\\/#website\",\"url\":\"https:\\\/\\\/quehacerpolitico.mx\\\/\",\"name\":\"\",\"description\":\"\",\"potentialAction\":[{\"@type\":\"SearchAction\",\"target\":{\"@type\":\"EntryPoint\",\"urlTemplate\":\"https:\\\/\\\/quehacerpolitico.mx\\\/?s={search_term_string}\"},\"query-input\":{\"@type\":\"PropertyValueSpecification\",\"valueRequired\":true,\"valueName\":\"search_term_string\"}}],\"inLanguage\":\"es\"},{\"@type\":\"Person\",\"@id\":\"https:\\\/\\\/quehacerpolitico.mx\\\/#\\\/schema\\\/person\\\/496d8ad2d1d3f8036101dca7ee39e585\",\"name\":\"Redacci\u00f3n QP\",\"image\":{\"@type\":\"ImageObject\",\"inLanguage\":\"es\",\"@id\":\"https:\\\/\\\/secure.gravatar.com\\\/avatar\\\/c7164ed6fdec453195284ad24a5ae5b6e1eed2b848477fa2a4787ba9adf39a41?s=96&d=mm&r=g\",\"url\":\"https:\\\/\\\/secure.gravatar.com\\\/avatar\\\/c7164ed6fdec453195284ad24a5ae5b6e1eed2b848477fa2a4787ba9adf39a41?s=96&d=mm&r=g\",\"contentUrl\":\"https:\\\/\\\/secure.gravatar.com\\\/avatar\\\/c7164ed6fdec453195284ad24a5ae5b6e1eed2b848477fa2a4787ba9adf39a41?s=96&d=mm&r=g\",\"caption\":\"Redacci\u00f3n QP\"},\"url\":\"https:\\\/\\\/quehacerpolitico.mx\\\/?author=2\"}]}<\/script>\n<!-- \/ Yoast SEO plugin. -->","yoast_head_json":{"title":"\u201cWilla\u201d casi alcanza categor\u00eda 5. Es \u201cextremamente peligroso\u201d. Pegar\u00e1 entre Mazatl\u00e1n y Puerto Vallarta -","robots":{"index":"index","follow":"follow","max-snippet":"max-snippet:-1","max-image-preview":"max-image-preview:large","max-video-preview":"max-video-preview:-1"},"canonical":"https:\/\/quehacerpolitico.mx\/?p=7476","og_locale":"es_MX","og_type":"article","og_title":"\u201cWilla\u201d casi alcanza categor\u00eda 5. Es \u201cextremamente peligroso\u201d. Pegar\u00e1 entre Mazatl\u00e1n y Puerto Vallarta -","og_description":"\u201cWilla\u201d casi alcanza categor\u00eda 5. Es \u201cextremamente peligroso\u201d. Pegar\u00e1 entre Mazatl\u00e1n y Puerto Vallarta Por Redacci\u00f3n QP","og_url":"https:\/\/quehacerpolitico.mx\/?p=7476","article_published_time":"2018-10-22T14:15:44+00:00","author":"Redacci\u00f3n QP","twitter_card":"summary_large_image","twitter_misc":{"Escrito por":"Redacci\u00f3n QP","Tiempo de lectura":"2 minutos"},"schema":{"@context":"https:\/\/schema.org","@graph":[{"@type":"Article","@id":"https:\/\/quehacerpolitico.mx\/?p=7476#article","isPartOf":{"@id":"https:\/\/quehacerpolitico.mx\/?p=7476"},"author":{"name":"Redacci\u00f3n QP","@id":"https:\/\/quehacerpolitico.mx\/#\/schema\/person\/496d8ad2d1d3f8036101dca7ee39e585"},"headline":"\u201cWilla\u201d casi alcanza categor\u00eda 5. Es \u201cextremamente peligroso\u201d. Pegar\u00e1 entre Mazatl\u00e1n y Puerto Vallarta","datePublished":"2018-10-22T14:15:44+00:00","mainEntityOfPage":{"@id":"https:\/\/quehacerpolitico.mx\/?p=7476"},"wordCount":414,"commentCount":0,"image":{"@id":"https:\/\/quehacerpolitico.mx\/?p=7476#primaryimage"},"thumbnailUrl":"","articleSection":["Noticias"],"inLanguage":"es","potentialAction":[{"@type":"CommentAction","name":"Comment","target":["https:\/\/quehacerpolitico.mx\/?p=7476#respond"]}]},{"@type":"WebPage","@id":"https:\/\/quehacerpolitico.mx\/?p=7476","url":"https:\/\/quehacerpolitico.mx\/?p=7476","name":"\u201cWilla\u201d casi alcanza categor\u00eda 5. Es \u201cextremamente peligroso\u201d. Pegar\u00e1 entre Mazatl\u00e1n y Puerto Vallarta -","isPartOf":{"@id":"https:\/\/quehacerpolitico.mx\/#website"},"primaryImageOfPage":{"@id":"https:\/\/quehacerpolitico.mx\/?p=7476#primaryimage"},"image":{"@id":"https:\/\/quehacerpolitico.mx\/?p=7476#primaryimage"},"thumbnailUrl":"","datePublished":"2018-10-22T14:15:44+00:00","author":{"@id":"https:\/\/quehacerpolitico.mx\/#\/schema\/person\/496d8ad2d1d3f8036101dca7ee39e585"},"breadcrumb":{"@id":"https:\/\/quehacerpolitico.mx\/?p=7476#breadcrumb"},"inLanguage":"es","potentialAction":[{"@type":"ReadAction","target":["https:\/\/quehacerpolitico.mx\/?p=7476"]}]},{"@type":"ImageObject","inLanguage":"es","@id":"https:\/\/quehacerpolitico.mx\/?p=7476#primaryimage","url":"","contentUrl":""},{"@type":"BreadcrumbList","@id":"https:\/\/quehacerpolitico.mx\/?p=7476#breadcrumb","itemListElement":[{"@type":"ListItem","position":1,"name":"Inicio","item":"https:\/\/quehacerpolitico.mx\/"},{"@type":"ListItem","position":2,"name":"\u201cWilla\u201d casi alcanza categor\u00eda 5. Es \u201cextremamente peligroso\u201d. Pegar\u00e1 entre Mazatl\u00e1n y Puerto Vallarta"}]},{"@type":"WebSite","@id":"https:\/\/quehacerpolitico.mx\/#website","url":"https:\/\/quehacerpolitico.mx\/","name":"","description":"","potentialAction":[{"@type":"SearchAction","target":{"@type":"EntryPoint","urlTemplate":"https:\/\/quehacerpolitico.mx\/?s={search_term_string}"},"query-input":{"@type":"PropertyValueSpecification","valueRequired":true,"valueName":"search_term_string"}}],"inLanguage":"es"},{"@type":"Person","@id":"https:\/\/quehacerpolitico.mx\/#\/schema\/person\/496d8ad2d1d3f8036101dca7ee39e585","name":"Redacci\u00f3n QP","image":{"@type":"ImageObject","inLanguage":"es","@id":"https:\/\/secure.gravatar.com\/avatar\/c7164ed6fdec453195284ad24a5ae5b6e1eed2b848477fa2a4787ba9adf39a41?s=96&d=mm&r=g","url":"https:\/\/secure.gravatar.com\/avatar\/c7164ed6fdec453195284ad24a5ae5b6e1eed2b848477fa2a4787ba9adf39a41?s=96&d=mm&r=g","contentUrl":"https:\/\/secure.gravatar.com\/avatar\/c7164ed6fdec453195284ad24a5ae5b6e1eed2b848477fa2a4787ba9adf39a41?s=96&d=mm&r=g","caption":"Redacci\u00f3n QP"},"url":"https:\/\/quehacerpolitico.mx\/?author=2"}]}},"featured_image_urls":{"full":"","thumbnail":"","medium":"","medium_large":"","large":"","1536x1536":"","2048x2048":"","covernews-featured":"","covernews-medium":""},"author_info":{"display_name":"Redacci\u00f3n QP","author_link":"https:\/\/quehacerpolitico.mx\/?author=2"},"category_info":"<a href=\"https:\/\/quehacerpolitico.mx\/?cat=2\" rel=\"category\">Noticias<\/a>","tag_info":"Noticias","comment_count":"0","_links":{"self":[{"href":"https:\/\/quehacerpolitico.mx\/index.php?rest_route=\/wp\/v2\/posts\/7476","targetHints":{"allow":["GET"]}}],"collection":[{"href":"https:\/\/quehacerpolitico.mx\/index.php?rest_route=\/wp\/v2\/posts"}],"about":[{"href":"https:\/\/quehacerpolitico.mx\/index.php?rest_route=\/wp\/v2\/types\/post"}],"author":[{"embeddable":true,"href":"https:\/\/quehacerpolitico.mx\/index.php?rest_route=\/wp\/v2\/users\/2"}],"replies":[{"embeddable":true,"href":"https:\/\/quehacerpolitico.mx\/index.php?rest_route=%2Fwp%2Fv2%2Fcomments&post=7476"}],"version-history":[{"count":0,"href":"https:\/\/quehacerpolitico.mx\/index.php?rest_route=\/wp\/v2\/posts\/7476\/revisions"}],"wp:featuredmedia":[{"embeddable":true,"href":"https:\/\/quehacerpolitico.mx\/index.php?rest_route=\/"}],"wp:attachment":[{"href":"https:\/\/quehacerpolitico.mx\/index.php?rest_route=%2Fwp%2Fv2%2Fmedia&parent=7476"}],"wp:term":[{"taxonomy":"category","embeddable":true,"href":"https:\/\/quehacerpolitico.mx\/index.php?rest_route=%2Fwp%2Fv2%2Fcategories&post=7476"},{"taxonomy":"post_tag","embeddable":true,"href":"https:\/\/quehacerpolitico.mx\/index.php?rest_route=%2Fwp%2Fv2%2Ftags&post=7476"}],"curies":[{"name":"wp","href":"https:\/\/api.w.org\/{rel}","templated":true}]}}