{"id":7474,"date":"2018-10-22T14:07:34","date_gmt":"2018-10-22T14:07:34","guid":{"rendered":"http:\/\/quehacerpolitico.mx\/manuel-granados-renuncia-a-la-dirigencia-nacional-del-prd-fui-bateador-de-emergente-dice\/"},"modified":"2018-10-22T14:07:34","modified_gmt":"2018-10-22T14:07:34","slug":"manuel-granados-renuncia-a-la-dirigencia-nacional-del-prd-fui-bateador-de-emergente-dice","status":"publish","type":"post","link":"https:\/\/quehacerpolitico.mx\/?p=7474","title":{"rendered":"Manuel Granados renuncia a la dirigencia nacional del PRD; fui \u201cbateador de emergente\u201d, dice"},"content":{"rendered":"<h1>Manuel Granados renuncia a la dirigencia nacional del PRD; fui \u201cbateador de emergente\u201d, dice<\/h1>\n<p>Por Redacci\u00f3n QP<\/p>\n<p><strong>Manuel Granados<\/strong>Covarrubias anunci\u00f3 esta ma\u00f1ana su <strong>renuncia<\/strong>como <strong>dirigente<\/strong> del Partido de la Revoluci\u00f3n Democr\u00e1tica (<strong>PRD<\/strong>). Entre varias razones, destac\u00f3 que su salida del cargo se debe a que busca cumplir los plazos del encargo y no \u201chacer maquinaciones\u201d para retenerlo.<\/p>\n<p>En una carta que el propio Granados difundi\u00f3 en sus redes sociales escribi\u00f3:<\/p>\n<blockquote>\n<p>\u201cEl d\u00eda de hoy he notificado tanto al Consejo Nacional del PRD a trav\u00e9s del presidente de la Mesa Directiva, como al Tribunal electoral del Poder Judicial de la Federaci\u00f3n, mi separaci\u00f3n al cargo como presidente del Comit\u00e9 Ejecutivo Nacional\u201d.<\/p>\n<p>En la misiva, Manuel Granada tambi\u00e9n desea \u201cel mayor de los \u00e9xitos\u201d al nuevo Gobierno.<\/p>\n<blockquote>\n<p>\u201cEstoy convencido de que vivimos en una nueva etapa en la historia nacional. Le deseo al nuevo Gobierno, que va a encabezar el Lic. Andr\u00e9s Manuel L\u00f3pez Obrador, el mayor de los \u00e9xitos\u201d, dijo.<\/p>\n<\/blockquote>\n<p>Granados record\u00f3 que el per\u00edodo para la renovaci\u00f3n de la dirigencia del Sol Azteca inici\u00f3 como consecuencia del cumplimiento de una sentencia de la Sala Superior del Tribunal Electoral del Poder Judicial de la Federaci\u00f3n.<\/p>\n<blockquote class=\"twitter-tweet\" data-width=\"550\" data-dnt=\"true\">\n<p lang=\"es\" dir=\"ltr\">Comparto a ustedes las razones por las que he decidido separarme del cargo de Presidente del Comit\u00e9 Ejecutivo Nacional de <a href=\"https:\/\/twitter.com\/PRDMexico?ref_src=twsrc%5Etfw\">@PRDMexico<\/a> <a href=\"https:\/\/t.co\/5V1idmgDMr\">pic.twitter.com\/5V1idmgDMr<\/a><\/p>\n<p>&mdash; Manuel Granados Covarrubias (@ManuelGranados_) <a href=\"https:\/\/twitter.com\/ManuelGranados_\/status\/1054359127516794881?ref_src=twsrc%5Etfw\">October 22, 2018<\/a><\/p><\/blockquote>\n<p><script async src=\"https:\/\/platform.twitter.com\/widgets.js\" charset=\"utf-8\"><\/script><\/p>\n<p>En este contexto, dijo, \u201cme toc\u00f3 entrar como se dice en el argot beisbolero como \u2018bateador de emergente\u2019\u201d.<\/p>\n<p>Una de las principales razones que dio sobre su renuncia es \u201ccumplir los plazos del encargo originalmente otorgados y no, como en muchos partidos, hacer maquinaciones para ampliar y permanecer en el cargo p\u00fablico\u201d.<\/p>\n<p>Tambi\u00e9n anunci\u00f3 que participar\u00e1 \u201ccomo militante del PRD en este proceso\u201d de renovaci\u00f3n de dirigencia.<\/p>\n<p>\u201cSeguro de que como Partido llegaremos a buen puerto; y que, al mismo tiempo los miles de mexicanos comprometidos con el PRD, seremos con nuestros valores un factor de uni\u00f3n nacional, pero tambi\u00e9n de oposici\u00f3n responsable\u201d, dijo.<\/p>\n<\/blockquote>\n","protected":false},"excerpt":{"rendered":"<p>Manuel Granados renuncia a la dirigencia nacional del PRD; fui \u201cbateador de emergente\u201d, dice<br \/>\nPor Redacci\u00f3n QP<\/p>\n","protected":false},"author":2,"featured_media":7473,"comment_status":"open","ping_status":"open","sticky":false,"template":"","format":"standard","meta":{"_monsterinsights_skip_tracking":false,"_monsterinsights_sitenote_active":false,"_monsterinsights_sitenote_note":"","_monsterinsights_sitenote_category":0,"footnotes":""},"categories":[2],"tags":[],"class_list":["post-7474","post","type-post","status-publish","format-standard","has-post-thumbnail","hentry","category-noticias"],"yoast_head":"<!-- This site is optimized with the Yoast SEO plugin v27.3 - https:\/\/yoast.com\/product\/yoast-seo-wordpress\/ -->\n<title>Manuel Granados renuncia a la dirigencia nacional del PRD; fui \u201cbateador de emergente\u201d, dice -<\/title>\n<meta name=\"robots\" content=\"index, follow, max-snippet:-1, max-image-preview:large, max-video-preview:-1\" \/>\n<link rel=\"canonical\" href=\"https:\/\/quehacerpolitico.mx\/?p=7474\" \/>\n<meta property=\"og:locale\" content=\"es_MX\" \/>\n<meta property=\"og:type\" content=\"article\" \/>\n<meta property=\"og:title\" content=\"Manuel Granados renuncia a la dirigencia nacional del PRD; fui \u201cbateador de emergente\u201d, dice -\" \/>\n<meta property=\"og:description\" content=\"Manuel Granados renuncia a la dirigencia nacional del PRD; fui \u201cbateador de emergente\u201d, dice Por Redacci\u00f3n QP\" \/>\n<meta property=\"og:url\" content=\"https:\/\/quehacerpolitico.mx\/?p=7474\" \/>\n<meta property=\"article:published_time\" content=\"2018-10-22T14:07:34+00:00\" \/>\n<meta name=\"author\" content=\"Redacci\u00f3n QP\" \/>\n<meta name=\"twitter:card\" content=\"summary_large_image\" \/>\n<meta name=\"twitter:label1\" content=\"Escrito por\" \/>\n\t<meta name=\"twitter:data1\" content=\"Redacci\u00f3n QP\" \/>\n\t<meta name=\"twitter:label2\" content=\"Tiempo de lectura\" \/>\n\t<meta name=\"twitter:data2\" content=\"2 minutos\" \/>\n<script type=\"application\/ld+json\" class=\"yoast-schema-graph\">{\"@context\":\"https:\\\/\\\/schema.org\",\"@graph\":[{\"@type\":\"Article\",\"@id\":\"https:\\\/\\\/quehacerpolitico.mx\\\/?p=7474#article\",\"isPartOf\":{\"@id\":\"https:\\\/\\\/quehacerpolitico.mx\\\/?p=7474\"},\"author\":{\"name\":\"Redacci\u00f3n QP\",\"@id\":\"https:\\\/\\\/quehacerpolitico.mx\\\/#\\\/schema\\\/person\\\/496d8ad2d1d3f8036101dca7ee39e585\"},\"headline\":\"Manuel Granados renuncia a la dirigencia nacional del PRD; fui \u201cbateador de emergente\u201d, dice\",\"datePublished\":\"2018-10-22T14:07:34+00:00\",\"mainEntityOfPage\":{\"@id\":\"https:\\\/\\\/quehacerpolitico.mx\\\/?p=7474\"},\"wordCount\":338,\"commentCount\":0,\"image\":{\"@id\":\"https:\\\/\\\/quehacerpolitico.mx\\\/?p=7474#primaryimage\"},\"thumbnailUrl\":\"\",\"articleSection\":[\"Noticias\"],\"inLanguage\":\"es\",\"potentialAction\":[{\"@type\":\"CommentAction\",\"name\":\"Comment\",\"target\":[\"https:\\\/\\\/quehacerpolitico.mx\\\/?p=7474#respond\"]}]},{\"@type\":\"WebPage\",\"@id\":\"https:\\\/\\\/quehacerpolitico.mx\\\/?p=7474\",\"url\":\"https:\\\/\\\/quehacerpolitico.mx\\\/?p=7474\",\"name\":\"Manuel Granados renuncia a la dirigencia nacional del PRD; fui \u201cbateador de emergente\u201d, dice -\",\"isPartOf\":{\"@id\":\"https:\\\/\\\/quehacerpolitico.mx\\\/#website\"},\"primaryImageOfPage\":{\"@id\":\"https:\\\/\\\/quehacerpolitico.mx\\\/?p=7474#primaryimage\"},\"image\":{\"@id\":\"https:\\\/\\\/quehacerpolitico.mx\\\/?p=7474#primaryimage\"},\"thumbnailUrl\":\"\",\"datePublished\":\"2018-10-22T14:07:34+00:00\",\"author\":{\"@id\":\"https:\\\/\\\/quehacerpolitico.mx\\\/#\\\/schema\\\/person\\\/496d8ad2d1d3f8036101dca7ee39e585\"},\"breadcrumb\":{\"@id\":\"https:\\\/\\\/quehacerpolitico.mx\\\/?p=7474#breadcrumb\"},\"inLanguage\":\"es\",\"potentialAction\":[{\"@type\":\"ReadAction\",\"target\":[\"https:\\\/\\\/quehacerpolitico.mx\\\/?p=7474\"]}]},{\"@type\":\"ImageObject\",\"inLanguage\":\"es\",\"@id\":\"https:\\\/\\\/quehacerpolitico.mx\\\/?p=7474#primaryimage\",\"url\":\"\",\"contentUrl\":\"\"},{\"@type\":\"BreadcrumbList\",\"@id\":\"https:\\\/\\\/quehacerpolitico.mx\\\/?p=7474#breadcrumb\",\"itemListElement\":[{\"@type\":\"ListItem\",\"position\":1,\"name\":\"Inicio\",\"item\":\"https:\\\/\\\/quehacerpolitico.mx\\\/\"},{\"@type\":\"ListItem\",\"position\":2,\"name\":\"Manuel Granados renuncia a la dirigencia nacional del PRD; fui \u201cbateador de emergente\u201d, dice\"}]},{\"@type\":\"WebSite\",\"@id\":\"https:\\\/\\\/quehacerpolitico.mx\\\/#website\",\"url\":\"https:\\\/\\\/quehacerpolitico.mx\\\/\",\"name\":\"\",\"description\":\"\",\"potentialAction\":[{\"@type\":\"SearchAction\",\"target\":{\"@type\":\"EntryPoint\",\"urlTemplate\":\"https:\\\/\\\/quehacerpolitico.mx\\\/?s={search_term_string}\"},\"query-input\":{\"@type\":\"PropertyValueSpecification\",\"valueRequired\":true,\"valueName\":\"search_term_string\"}}],\"inLanguage\":\"es\"},{\"@type\":\"Person\",\"@id\":\"https:\\\/\\\/quehacerpolitico.mx\\\/#\\\/schema\\\/person\\\/496d8ad2d1d3f8036101dca7ee39e585\",\"name\":\"Redacci\u00f3n QP\",\"image\":{\"@type\":\"ImageObject\",\"inLanguage\":\"es\",\"@id\":\"https:\\\/\\\/secure.gravatar.com\\\/avatar\\\/c7164ed6fdec453195284ad24a5ae5b6e1eed2b848477fa2a4787ba9adf39a41?s=96&d=mm&r=g\",\"url\":\"https:\\\/\\\/secure.gravatar.com\\\/avatar\\\/c7164ed6fdec453195284ad24a5ae5b6e1eed2b848477fa2a4787ba9adf39a41?s=96&d=mm&r=g\",\"contentUrl\":\"https:\\\/\\\/secure.gravatar.com\\\/avatar\\\/c7164ed6fdec453195284ad24a5ae5b6e1eed2b848477fa2a4787ba9adf39a41?s=96&d=mm&r=g\",\"caption\":\"Redacci\u00f3n QP\"},\"url\":\"https:\\\/\\\/quehacerpolitico.mx\\\/?author=2\"}]}<\/script>\n<!-- \/ Yoast SEO plugin. -->","yoast_head_json":{"title":"Manuel Granados renuncia a la dirigencia nacional del PRD; fui \u201cbateador de emergente\u201d, dice -","robots":{"index":"index","follow":"follow","max-snippet":"max-snippet:-1","max-image-preview":"max-image-preview:large","max-video-preview":"max-video-preview:-1"},"canonical":"https:\/\/quehacerpolitico.mx\/?p=7474","og_locale":"es_MX","og_type":"article","og_title":"Manuel Granados renuncia a la dirigencia nacional del PRD; fui \u201cbateador de emergente\u201d, dice -","og_description":"Manuel Granados renuncia a la dirigencia nacional del PRD; fui \u201cbateador de emergente\u201d, dice Por Redacci\u00f3n QP","og_url":"https:\/\/quehacerpolitico.mx\/?p=7474","article_published_time":"2018-10-22T14:07:34+00:00","author":"Redacci\u00f3n QP","twitter_card":"summary_large_image","twitter_misc":{"Escrito por":"Redacci\u00f3n QP","Tiempo de lectura":"2 minutos"},"schema":{"@context":"https:\/\/schema.org","@graph":[{"@type":"Article","@id":"https:\/\/quehacerpolitico.mx\/?p=7474#article","isPartOf":{"@id":"https:\/\/quehacerpolitico.mx\/?p=7474"},"author":{"name":"Redacci\u00f3n QP","@id":"https:\/\/quehacerpolitico.mx\/#\/schema\/person\/496d8ad2d1d3f8036101dca7ee39e585"},"headline":"Manuel Granados renuncia a la dirigencia nacional del PRD; fui \u201cbateador de emergente\u201d, dice","datePublished":"2018-10-22T14:07:34+00:00","mainEntityOfPage":{"@id":"https:\/\/quehacerpolitico.mx\/?p=7474"},"wordCount":338,"commentCount":0,"image":{"@id":"https:\/\/quehacerpolitico.mx\/?p=7474#primaryimage"},"thumbnailUrl":"","articleSection":["Noticias"],"inLanguage":"es","potentialAction":[{"@type":"CommentAction","name":"Comment","target":["https:\/\/quehacerpolitico.mx\/?p=7474#respond"]}]},{"@type":"WebPage","@id":"https:\/\/quehacerpolitico.mx\/?p=7474","url":"https:\/\/quehacerpolitico.mx\/?p=7474","name":"Manuel Granados renuncia a la dirigencia nacional del PRD; fui \u201cbateador de emergente\u201d, dice -","isPartOf":{"@id":"https:\/\/quehacerpolitico.mx\/#website"},"primaryImageOfPage":{"@id":"https:\/\/quehacerpolitico.mx\/?p=7474#primaryimage"},"image":{"@id":"https:\/\/quehacerpolitico.mx\/?p=7474#primaryimage"},"thumbnailUrl":"","datePublished":"2018-10-22T14:07:34+00:00","author":{"@id":"https:\/\/quehacerpolitico.mx\/#\/schema\/person\/496d8ad2d1d3f8036101dca7ee39e585"},"breadcrumb":{"@id":"https:\/\/quehacerpolitico.mx\/?p=7474#breadcrumb"},"inLanguage":"es","potentialAction":[{"@type":"ReadAction","target":["https:\/\/quehacerpolitico.mx\/?p=7474"]}]},{"@type":"ImageObject","inLanguage":"es","@id":"https:\/\/quehacerpolitico.mx\/?p=7474#primaryimage","url":"","contentUrl":""},{"@type":"BreadcrumbList","@id":"https:\/\/quehacerpolitico.mx\/?p=7474#breadcrumb","itemListElement":[{"@type":"ListItem","position":1,"name":"Inicio","item":"https:\/\/quehacerpolitico.mx\/"},{"@type":"ListItem","position":2,"name":"Manuel Granados renuncia a la dirigencia nacional del PRD; fui \u201cbateador de emergente\u201d, dice"}]},{"@type":"WebSite","@id":"https:\/\/quehacerpolitico.mx\/#website","url":"https:\/\/quehacerpolitico.mx\/","name":"","description":"","potentialAction":[{"@type":"SearchAction","target":{"@type":"EntryPoint","urlTemplate":"https:\/\/quehacerpolitico.mx\/?s={search_term_string}"},"query-input":{"@type":"PropertyValueSpecification","valueRequired":true,"valueName":"search_term_string"}}],"inLanguage":"es"},{"@type":"Person","@id":"https:\/\/quehacerpolitico.mx\/#\/schema\/person\/496d8ad2d1d3f8036101dca7ee39e585","name":"Redacci\u00f3n QP","image":{"@type":"ImageObject","inLanguage":"es","@id":"https:\/\/secure.gravatar.com\/avatar\/c7164ed6fdec453195284ad24a5ae5b6e1eed2b848477fa2a4787ba9adf39a41?s=96&d=mm&r=g","url":"https:\/\/secure.gravatar.com\/avatar\/c7164ed6fdec453195284ad24a5ae5b6e1eed2b848477fa2a4787ba9adf39a41?s=96&d=mm&r=g","contentUrl":"https:\/\/secure.gravatar.com\/avatar\/c7164ed6fdec453195284ad24a5ae5b6e1eed2b848477fa2a4787ba9adf39a41?s=96&d=mm&r=g","caption":"Redacci\u00f3n QP"},"url":"https:\/\/quehacerpolitico.mx\/?author=2"}]}},"featured_image_urls":{"full":"","thumbnail":"","medium":"","medium_large":"","large":"","1536x1536":"","2048x2048":"","covernews-featured":"","covernews-medium":""},"author_info":{"display_name":"Redacci\u00f3n QP","author_link":"https:\/\/quehacerpolitico.mx\/?author=2"},"category_info":"<a href=\"https:\/\/quehacerpolitico.mx\/?cat=2\" rel=\"category\">Noticias<\/a>","tag_info":"Noticias","comment_count":"0","_links":{"self":[{"href":"https:\/\/quehacerpolitico.mx\/index.php?rest_route=\/wp\/v2\/posts\/7474","targetHints":{"allow":["GET"]}}],"collection":[{"href":"https:\/\/quehacerpolitico.mx\/index.php?rest_route=\/wp\/v2\/posts"}],"about":[{"href":"https:\/\/quehacerpolitico.mx\/index.php?rest_route=\/wp\/v2\/types\/post"}],"author":[{"embeddable":true,"href":"https:\/\/quehacerpolitico.mx\/index.php?rest_route=\/wp\/v2\/users\/2"}],"replies":[{"embeddable":true,"href":"https:\/\/quehacerpolitico.mx\/index.php?rest_route=%2Fwp%2Fv2%2Fcomments&post=7474"}],"version-history":[{"count":0,"href":"https:\/\/quehacerpolitico.mx\/index.php?rest_route=\/wp\/v2\/posts\/7474\/revisions"}],"wp:featuredmedia":[{"embeddable":true,"href":"https:\/\/quehacerpolitico.mx\/index.php?rest_route=\/"}],"wp:attachment":[{"href":"https:\/\/quehacerpolitico.mx\/index.php?rest_route=%2Fwp%2Fv2%2Fmedia&parent=7474"}],"wp:term":[{"taxonomy":"category","embeddable":true,"href":"https:\/\/quehacerpolitico.mx\/index.php?rest_route=%2Fwp%2Fv2%2Fcategories&post=7474"},{"taxonomy":"post_tag","embeddable":true,"href":"https:\/\/quehacerpolitico.mx\/index.php?rest_route=%2Fwp%2Fv2%2Ftags&post=7474"}],"curies":[{"name":"wp","href":"https:\/\/api.w.org\/{rel}","templated":true}]}}