{"id":7450,"date":"2018-10-22T03:15:56","date_gmt":"2018-10-22T03:15:56","guid":{"rendered":"http:\/\/quehacerpolitico.mx\/el-chapo-guzman-no-la-tiene-facil-gente-muy-cercana-sus-ex-amigos-testificaran-contra-el\/"},"modified":"2018-10-22T03:15:56","modified_gmt":"2018-10-22T03:15:56","slug":"el-chapo-guzman-no-la-tiene-facil-gente-muy-cercana-sus-ex-amigos-testificaran-contra-el","status":"publish","type":"post","link":"https:\/\/quehacerpolitico.mx\/?p=7450","title":{"rendered":"\u201cEl Chapo\u201d Guzm\u00e1n no la tiene f\u00e1cil: gente muy cercana, sus ex amigos, testificar\u00e1n contra \u00e9l"},"content":{"rendered":"<h1>\u201cEl Chapo\u201d Guzm\u00e1n no la tiene f\u00e1cil: gente muy cercana, sus ex amigos, testificar\u00e1n contra \u00e9l<\/h1>\n<p>Por Redacci\u00f3n QP<\/p>\n<p>En medio de un <strong>rompecabezas indescifrable<\/strong> donde la meta es refundir a <strong>Joaqu\u00edn \u201cEl Chapo\u201d Guzm\u00e1n<\/strong> en prisi\u00f3n por el resto de sus d\u00edas, la Fiscal\u00eda estadounidense mostr\u00f3 finalmente un hilo de luz sobre los <strong>posibles testigos protegidos<\/strong> que se carear\u00e1n contra el otrora poderoso capo sinaloense.<\/p>\n<blockquote>\n<p>Esta lista la encabezan los hermanos <strong>Pedro y Margarito Flores<\/strong>, dos narcotraficantes mexicoamericanos que compraban toneladas de droga a la facciones de \u201cEl Chapo\u201d e Ismael el Mayo Zambada, para luego distribuirlas en varias ciudades de Estados Unidos.<\/p>\n<p>Luego de los gemelos, aparece el nombre de Vicente Zambada Niebla, hijo del Mayo Zambada, quien aparentemente habr\u00eda negociado con el Gobierno de Estados Unidos a cambio de una pena menor, y ello lo habr\u00eda comprometido a testificar contra miembros de alto rango del C\u00e1rtel de Sinaloa, seg\u00fan revel\u00f3 el diario <em>New York Times<\/em>, en su edici\u00f3n del 9 de octubre pasado.<\/p>\n<div id=\"attachment_3486577\" class=\"wp-caption alignnone\"><img loading=\"lazy\" decoding=\"async\" class=\"wp-image-3486577 size-full\" src=\"http:\/\/www.sinembargo.mx\/wp-content\/uploads\/2018\/10\/vicente-zambada-vicentillo-768x515-1.jpg\" sizes=\"auto, (max-width: 700px) 100vw, 700px\" srcset=\"http:\/\/www.sinembargo.mx\/wp-content\/uploads\/2018\/10\/vicente-zambada-vicentillo-768x515-1.jpg 700w, http:\/\/www.sinembargo.mx\/wp-content\/uploads\/2018\/10\/vicente-zambada-vicentillo-768x515-1-300x201.jpg 300w\" alt=\"\" width=\"700\" height=\"469\" \/><\/p>\n<p class=\"wp-caption-text\">\u201cEl Licenciado\u201d, Vicente Zambada y los hermanos Flores ser\u00edan testigos en juicio contra \u201cEl Chapo\u201d. Foto: Especial<\/p>\n<\/div>\n<blockquote>\n<p>Este careo podr\u00eda ocurrir a\u00fan cuando Zambada Niebla afirmara que \u00e9l y otros integrantes del C\u00e1rtel de Sinaloa, entre ellos \u201cEl Chapo\u201d Guzm\u00e1n, se prestaron como informantes y colaboradores de la DEA, seg\u00fan consta en el expediente 1:09-cr-00383, y donde la misma agencia antidrogas reconoci\u00f3 que manten\u00eda relaci\u00f3n con el \u201cVicentillo\u201d y otros capos sinaloenses, pues entonces estaban enfocados en desmantelar a otros c\u00e1rteles \u201cpues era m\u00e1s f\u00e1cil lidiar con uno, que con varios\u201d.<\/p>\n<p>Este argumento pudo haber dado inmunidad a algunos de \u00e9stos narcotraficantes bajo el argumento legal conocido como \u201cAutoridad P\u00fablica\u201d, que permite a individuos civiles o policiales, a cometer actos ilegales cuando trabajan o colaboran con la anuencia de una autoridad p\u00fablica.<\/p>\n<p>Otro de los capos que el diario neoyorquino identifica son D\u00e1maso L\u00f3pez N\u00fa\u00f1ez \u201cEl Licenciado\u201d, y su hijo, D\u00e1maso L\u00f3pez Serrano el \u201cMini Lic\u201d, quienes habr\u00edan negociado con la Fiscal\u00eda estadounidense su entrega, y su eventual extradici\u00f3n a cambio de protecci\u00f3n, y de colaborar con la DEA.<\/p>\n<p><strong>LOS GEMELOS PEDRO Y MARGARITO FLORES<\/strong><\/p>\n<p>Nacidos en el barrio latino de Chicago conocido como Southwest, los hermanos gemelos Pedro y Margarito Flores, se iniciaron en el negocio del tr\u00e1fico de drogas desde los 17 a\u00f1os.<\/p>\n<div id=\"attachment_3486587\" class=\"wp-caption alignnone\"><img loading=\"lazy\" decoding=\"async\" class=\"size-full wp-image-3486587\" src=\"http:\/\/www.sinembargo.mx\/wp-content\/uploads\/2018\/10\/chapo-extradicion.jpg\" sizes=\"auto, (max-width: 700px) 100vw, 700px\" srcset=\"http:\/\/www.sinembargo.mx\/wp-content\/uploads\/2018\/10\/chapo-extradicion.jpg 700w, http:\/\/www.sinembargo.mx\/wp-content\/uploads\/2018\/10\/chapo-extradicion-300x159.jpg 300w\" alt=\"\" width=\"700\" height=\"370\" \/><\/p>\n<p class=\"wp-caption-text\">Joaqu\u00edn Guzm\u00e1n Loera \u201cEl Chapo\u201d fue trasladado del penal del aeropuerto de esta ciudad a Nueva York, Estados Unidos, en cumplimiento de una orden de expedici\u00f3n para responder ante autoridades del pa\u00eds del norte por delitos relacionados con el narcotr\u00e1fico. Foto: PGR, Cuartoscuro<\/p>\n<\/div>\n<p>H\u00e1biles en los negocios, pronto se ganaron la confianza de sus jefes y terminaron asumiendo el control de la distribuci\u00f3n de droga, que compraban a diferentes c\u00e1rteles, incluyendo las facciones del \u201cChapo\u201d y el Mayo.<\/p>\n<blockquote>\n<p>A pesar de que las autoridades y los medios de comunicaci\u00f3n siempre los se\u00f1alaron como lugartenientes del C\u00e1rtel de Sinaloa en Estados Unidos, la realidad es que ellos s\u00f3lo compraban la droga que necesitaban a quien le ofreciera la mejor calidad, pero era un c\u00e1rtel que no depend\u00eda en lo absoluto del C\u00e1rtel de Sinaloa.<\/p>\n<p>En 2004, sin embargo, los hermanos ya eran muy seguidos por la DEA, y en su af\u00e1n por no ir a prisi\u00f3n, huyeron al pueblo de su padre, cerca de Guadalajara Jalisco, donde construyeron una gran hacienda, y se llevaron a vivir con ellos a sus esposas, M\u00eda y Olivia, seg\u00fan se explica en el libro <em>Las Esposas de los C\u00e1rteles<\/em>, una biograf\u00eda de los gemelos contada por sus mujeres M\u00eda y Olivia.<\/p>\n<p>Durante su estad\u00eda en M\u00e9xico, mantuvieron contacto con \u201cEl Chapo\u201d, y la DEA, al darse cuenta, les propuso entregar al \u201cChapo\u201d a cambio de una fuerte reducci\u00f3n en su condena.<\/p>\n<p>As\u00ed fue como la DEA termin\u00f3 escuchando conversaciones entre los gemelos y \u201cEl Chapo\u201d Guzm\u00e1n, lo cual son elementos de prueba que la Fiscal\u00eda estadounidense utilizar\u00e1 en contra del narcotraficante badiraguatense.<\/p>\n<blockquote>\n<p>\u201cPero adem\u00e1s, los gemelos han dicho que van a testificar, y es algo que puede hundir a \u201cEl Chapo\u201d de por vida\u201d, consideraron fuentes familiarizadas con el caso.<\/p>\n<\/blockquote>\n<div id=\"attachment_3486589\" class=\"wp-caption alignnone\"><img loading=\"lazy\" decoding=\"async\" class=\"size-full wp-image-3486589\" src=\"http:\/\/www.sinembargo.mx\/wp-content\/uploads\/2018\/10\/zambada-niebla-vicentillo.jpg\" sizes=\"auto, (max-width: 700px) 100vw, 700px\" srcset=\"http:\/\/www.sinembargo.mx\/wp-content\/uploads\/2018\/10\/zambada-niebla-vicentillo.jpg 700w, http:\/\/www.sinembargo.mx\/wp-content\/uploads\/2018\/10\/zambada-niebla-vicentillo-300x159.jpg 300w\" alt=\"\" width=\"700\" height=\"370\" \/><\/p>\n<p class=\"wp-caption-text\">Vicente Zambada Niebla, alias el \u201cVicentillo\u201d, fue extraditado a los Estados Unidos de Am\u00e9rica por sus presuntos v\u00ednculos con el narcotr\u00e1fico. Lo anterior sucedi\u00f3 el 18 de febrero del 2010. Foto: PGR, Cuartoscuro<\/p>\n<\/div>\n<p><strong>ZAMBADA NIEBLA: LA OTRA CARA\u00a0<\/strong><\/p>\n<p>Si bien Zambada Niebla, el \u201cVicentillo\u201d, es otro elemento que la Fiscal\u00eda estadounidense podr\u00eda usar en contra de Guzm\u00e1n Loera, las autoridades no cuentan con grabaciones, ni fotos, ni videos a favor que puedan soportar las acusaciones que pueda presentar el hijo del Mayo Zambada.<\/p>\n<blockquote>\n<p>\u201cLo que va a aportar es los testimonios que aporte bajo juramento, pero no ser\u00e1 soportado por nada\u201d, dijo la misma fuente a <em>R\u00edodoce.<\/em><\/p>\n<p>Eduardo Balarezo, abogado de Guzm\u00e1n Loera, dijo que entiende que muchos de los testigos que presentar\u00e1 la Fiscal\u00eda dir\u00e1n lo que puedan, con tal de reducir sus condenas y lograr la libertad lo m\u00e1s pronto que puedan, pero la realidad es que se tendr\u00e1 que fundamentar todas y cada una de las acusaciones que hagan en contra de su defendido.<\/p>\n<blockquote>\n<p>\u201cEl se\u00f1or Guzm\u00e1n por lo pronto est\u00e1 tranquilo, y est\u00e1 dispuesto a no negociar con la Fiscal\u00eda estadounidense, quienes deber\u00e1n probar los se\u00f1alamientos que hace, y los cuales no se podr\u00e1n basar en s\u00f3lo testimonios de criminales\u201d, dijo el abogado.<\/p>\n<\/blockquote>\n<p><strong>LUGARTENIENTES\u00a0<\/strong><\/p>\n<p>No obstante, el as bajo la manga que guarda el Gobierno de Estados Unidos son los testimonios, grabaciones y fotos que guarda \u201cEl Licenciado\u201d y el \u201cMini Lic\u201d, para presentar ante un jurado que permitir\u00e1 demostrar c\u00f3mo \u201cEl Chapo\u201d le orden\u00f3 operar, y lo cual ser\u00eda la m\u00e1s seria desventaja que tendr\u00eda Guzm\u00e1n Loera una vez estando frente al juez y ante un jurado.<\/p>\n<div id=\"attachment_3486592\" class=\"wp-caption alignnone\"><img loading=\"lazy\" decoding=\"async\" class=\"size-full wp-image-3486592\" src=\"http:\/\/www.sinembargo.mx\/wp-content\/uploads\/2018\/10\/damaso-lopez-extradicion.jpg\" sizes=\"auto, (max-width: 700px) 100vw, 700px\" srcset=\"http:\/\/www.sinembargo.mx\/wp-content\/uploads\/2018\/10\/damaso-lopez-extradicion.jpg 700w, http:\/\/www.sinembargo.mx\/wp-content\/uploads\/2018\/10\/damaso-lopez-extradicion-300x159.jpg 300w\" alt=\"\" width=\"700\" height=\"370\" \/><\/p>\n<p class=\"wp-caption-text\">El 3 de mayo de 2017, miembros de la PGR trasladaron al presunto miembro del C\u00e1rtel de Sinaloa, D\u00e1maso L\u00f3pez N\u00fa\u00f1ez, del hangar de la SEIDO rumbo a un penal de alta seguridad. Foto: PGR, Cuartoscuro<\/p>\n<\/div>\n<p>Aunque es imposible que \u201cEl Licenciado\u201d pueda testificar sobre hechos que ocurrieron cuando ni siquiera conoc\u00eda al \u201cChapo\u201d, s\u00ed podr\u00e1 testificar sobre homicidios que \u00e9l pudo haber estado enterado, aunque el testimonio m\u00e1s fuerte tiene que ver con la relaci\u00f3n que manten\u00eda con Guzm\u00e1n Loera.<\/p>\n<blockquote>\n<p>\u201c\u2019El Licenciado\u2019 supervisaba el financiamiento de enormes cargamentos de coca\u00edna que llegaban a M\u00e9xico desde Centro y Sudam\u00e9rica\u201d, explican documentos judiciales en poder de la Fiscal\u00eda.<\/p>\n<p>Esa relaci\u00f3n laboral y de subordinaci\u00f3n la mantuvo L\u00f3pez N\u00fa\u00f1ez con Guzm\u00e1n Loera hasta el arresto del \u201cChapo\u201d, y mantuvo toda esa informaci\u00f3n hasta el momento de su arresto, en 2017, en Ciudad de M\u00e9xico.<\/p>\n<p>Su hijo, D\u00e1maso L\u00f3pez Serrano, el \u201cMini Lic\u201d, termin\u00f3 entreg\u00e1ndose en la garita de Calexico, en California, en julio de 2017, luego que los hijos de Guzm\u00e1n Loera, lo estuvieran cazando durante semanas, pero no fue sino hasta enero, que se declar\u00f3 culpable por cargos de importaci\u00f3n de coca\u00edna, hero\u00edna y metanfetaminas a Estados Unidos.<\/p>\n<p>El \u201cMini Lic\u201d, es otro de los testigos clave que pudieran hundir al \u201cChapo\u201d.<\/p>\n<p>ConInformaci\u00f3n deR\u00ed oDoce<\/p>\n<\/blockquote>\n<\/blockquote>\n<\/blockquote>\n<\/blockquote>\n<\/blockquote>\n","protected":false},"excerpt":{"rendered":"<p>\u201cEl Chapo\u201d Guzm\u00e1n no la tiene f\u00e1cil: gente muy cercana, sus ex amigos, testificar\u00e1n contra \u00e9l<br \/>\nPor Redacci\u00f3n QP<\/p>\n","protected":false},"author":2,"featured_media":7449,"comment_status":"open","ping_status":"open","sticky":false,"template":"","format":"standard","meta":{"_monsterinsights_skip_tracking":false,"_monsterinsights_sitenote_active":false,"_monsterinsights_sitenote_note":"","_monsterinsights_sitenote_category":0,"footnotes":""},"categories":[2],"tags":[],"class_list":["post-7450","post","type-post","status-publish","format-standard","has-post-thumbnail","hentry","category-noticias"],"yoast_head":"<!-- This site is optimized with the Yoast SEO plugin v27.3 - https:\/\/yoast.com\/product\/yoast-seo-wordpress\/ -->\n<title>\u201cEl Chapo\u201d Guzm\u00e1n no la tiene f\u00e1cil: gente muy cercana, sus ex amigos, testificar\u00e1n contra \u00e9l -<\/title>\n<meta name=\"robots\" content=\"index, follow, max-snippet:-1, max-image-preview:large, max-video-preview:-1\" \/>\n<link rel=\"canonical\" href=\"https:\/\/quehacerpolitico.mx\/?p=7450\" \/>\n<meta property=\"og:locale\" content=\"es_MX\" \/>\n<meta property=\"og:type\" content=\"article\" \/>\n<meta property=\"og:title\" content=\"\u201cEl Chapo\u201d Guzm\u00e1n no la tiene f\u00e1cil: gente muy cercana, sus ex amigos, testificar\u00e1n contra \u00e9l -\" \/>\n<meta property=\"og:description\" content=\"\u201cEl Chapo\u201d Guzm\u00e1n no la tiene f\u00e1cil: gente muy cercana, sus ex amigos, testificar\u00e1n contra \u00e9l Por Redacci\u00f3n QP\" \/>\n<meta property=\"og:url\" content=\"https:\/\/quehacerpolitico.mx\/?p=7450\" \/>\n<meta property=\"article:published_time\" content=\"2018-10-22T03:15:56+00:00\" \/>\n<meta name=\"author\" content=\"Redacci\u00f3n QP\" \/>\n<meta name=\"twitter:card\" content=\"summary_large_image\" \/>\n<meta name=\"twitter:label1\" content=\"Escrito por\" \/>\n\t<meta name=\"twitter:data1\" content=\"Redacci\u00f3n QP\" \/>\n\t<meta name=\"twitter:label2\" content=\"Tiempo de lectura\" \/>\n\t<meta name=\"twitter:data2\" content=\"6 minutos\" \/>\n<script type=\"application\/ld+json\" class=\"yoast-schema-graph\">{\"@context\":\"https:\\\/\\\/schema.org\",\"@graph\":[{\"@type\":\"Article\",\"@id\":\"https:\\\/\\\/quehacerpolitico.mx\\\/?p=7450#article\",\"isPartOf\":{\"@id\":\"https:\\\/\\\/quehacerpolitico.mx\\\/?p=7450\"},\"author\":{\"name\":\"Redacci\u00f3n QP\",\"@id\":\"https:\\\/\\\/quehacerpolitico.mx\\\/#\\\/schema\\\/person\\\/496d8ad2d1d3f8036101dca7ee39e585\"},\"headline\":\"\u201cEl Chapo\u201d Guzm\u00e1n no la tiene f\u00e1cil: gente muy cercana, sus ex amigos, testificar\u00e1n contra \u00e9l\",\"datePublished\":\"2018-10-22T03:15:56+00:00\",\"mainEntityOfPage\":{\"@id\":\"https:\\\/\\\/quehacerpolitico.mx\\\/?p=7450\"},\"wordCount\":1290,\"commentCount\":0,\"image\":{\"@id\":\"https:\\\/\\\/quehacerpolitico.mx\\\/?p=7450#primaryimage\"},\"thumbnailUrl\":\"\",\"articleSection\":[\"Noticias\"],\"inLanguage\":\"es\",\"potentialAction\":[{\"@type\":\"CommentAction\",\"name\":\"Comment\",\"target\":[\"https:\\\/\\\/quehacerpolitico.mx\\\/?p=7450#respond\"]}]},{\"@type\":\"WebPage\",\"@id\":\"https:\\\/\\\/quehacerpolitico.mx\\\/?p=7450\",\"url\":\"https:\\\/\\\/quehacerpolitico.mx\\\/?p=7450\",\"name\":\"\u201cEl Chapo\u201d Guzm\u00e1n no la tiene f\u00e1cil: gente muy cercana, sus ex amigos, testificar\u00e1n contra \u00e9l -\",\"isPartOf\":{\"@id\":\"https:\\\/\\\/quehacerpolitico.mx\\\/#website\"},\"primaryImageOfPage\":{\"@id\":\"https:\\\/\\\/quehacerpolitico.mx\\\/?p=7450#primaryimage\"},\"image\":{\"@id\":\"https:\\\/\\\/quehacerpolitico.mx\\\/?p=7450#primaryimage\"},\"thumbnailUrl\":\"\",\"datePublished\":\"2018-10-22T03:15:56+00:00\",\"author\":{\"@id\":\"https:\\\/\\\/quehacerpolitico.mx\\\/#\\\/schema\\\/person\\\/496d8ad2d1d3f8036101dca7ee39e585\"},\"breadcrumb\":{\"@id\":\"https:\\\/\\\/quehacerpolitico.mx\\\/?p=7450#breadcrumb\"},\"inLanguage\":\"es\",\"potentialAction\":[{\"@type\":\"ReadAction\",\"target\":[\"https:\\\/\\\/quehacerpolitico.mx\\\/?p=7450\"]}]},{\"@type\":\"ImageObject\",\"inLanguage\":\"es\",\"@id\":\"https:\\\/\\\/quehacerpolitico.mx\\\/?p=7450#primaryimage\",\"url\":\"\",\"contentUrl\":\"\"},{\"@type\":\"BreadcrumbList\",\"@id\":\"https:\\\/\\\/quehacerpolitico.mx\\\/?p=7450#breadcrumb\",\"itemListElement\":[{\"@type\":\"ListItem\",\"position\":1,\"name\":\"Inicio\",\"item\":\"https:\\\/\\\/quehacerpolitico.mx\\\/\"},{\"@type\":\"ListItem\",\"position\":2,\"name\":\"\u201cEl Chapo\u201d Guzm\u00e1n no la tiene f\u00e1cil: gente muy cercana, sus ex amigos, testificar\u00e1n contra \u00e9l\"}]},{\"@type\":\"WebSite\",\"@id\":\"https:\\\/\\\/quehacerpolitico.mx\\\/#website\",\"url\":\"https:\\\/\\\/quehacerpolitico.mx\\\/\",\"name\":\"\",\"description\":\"\",\"potentialAction\":[{\"@type\":\"SearchAction\",\"target\":{\"@type\":\"EntryPoint\",\"urlTemplate\":\"https:\\\/\\\/quehacerpolitico.mx\\\/?s={search_term_string}\"},\"query-input\":{\"@type\":\"PropertyValueSpecification\",\"valueRequired\":true,\"valueName\":\"search_term_string\"}}],\"inLanguage\":\"es\"},{\"@type\":\"Person\",\"@id\":\"https:\\\/\\\/quehacerpolitico.mx\\\/#\\\/schema\\\/person\\\/496d8ad2d1d3f8036101dca7ee39e585\",\"name\":\"Redacci\u00f3n QP\",\"image\":{\"@type\":\"ImageObject\",\"inLanguage\":\"es\",\"@id\":\"https:\\\/\\\/secure.gravatar.com\\\/avatar\\\/c7164ed6fdec453195284ad24a5ae5b6e1eed2b848477fa2a4787ba9adf39a41?s=96&d=mm&r=g\",\"url\":\"https:\\\/\\\/secure.gravatar.com\\\/avatar\\\/c7164ed6fdec453195284ad24a5ae5b6e1eed2b848477fa2a4787ba9adf39a41?s=96&d=mm&r=g\",\"contentUrl\":\"https:\\\/\\\/secure.gravatar.com\\\/avatar\\\/c7164ed6fdec453195284ad24a5ae5b6e1eed2b848477fa2a4787ba9adf39a41?s=96&d=mm&r=g\",\"caption\":\"Redacci\u00f3n QP\"},\"url\":\"https:\\\/\\\/quehacerpolitico.mx\\\/?author=2\"}]}<\/script>\n<!-- \/ Yoast SEO plugin. -->","yoast_head_json":{"title":"\u201cEl Chapo\u201d Guzm\u00e1n no la tiene f\u00e1cil: gente muy cercana, sus ex amigos, testificar\u00e1n contra \u00e9l -","robots":{"index":"index","follow":"follow","max-snippet":"max-snippet:-1","max-image-preview":"max-image-preview:large","max-video-preview":"max-video-preview:-1"},"canonical":"https:\/\/quehacerpolitico.mx\/?p=7450","og_locale":"es_MX","og_type":"article","og_title":"\u201cEl Chapo\u201d Guzm\u00e1n no la tiene f\u00e1cil: gente muy cercana, sus ex amigos, testificar\u00e1n contra \u00e9l -","og_description":"\u201cEl Chapo\u201d Guzm\u00e1n no la tiene f\u00e1cil: gente muy cercana, sus ex amigos, testificar\u00e1n contra \u00e9l Por Redacci\u00f3n QP","og_url":"https:\/\/quehacerpolitico.mx\/?p=7450","article_published_time":"2018-10-22T03:15:56+00:00","author":"Redacci\u00f3n QP","twitter_card":"summary_large_image","twitter_misc":{"Escrito por":"Redacci\u00f3n QP","Tiempo de lectura":"6 minutos"},"schema":{"@context":"https:\/\/schema.org","@graph":[{"@type":"Article","@id":"https:\/\/quehacerpolitico.mx\/?p=7450#article","isPartOf":{"@id":"https:\/\/quehacerpolitico.mx\/?p=7450"},"author":{"name":"Redacci\u00f3n QP","@id":"https:\/\/quehacerpolitico.mx\/#\/schema\/person\/496d8ad2d1d3f8036101dca7ee39e585"},"headline":"\u201cEl Chapo\u201d Guzm\u00e1n no la tiene f\u00e1cil: gente muy cercana, sus ex amigos, testificar\u00e1n contra \u00e9l","datePublished":"2018-10-22T03:15:56+00:00","mainEntityOfPage":{"@id":"https:\/\/quehacerpolitico.mx\/?p=7450"},"wordCount":1290,"commentCount":0,"image":{"@id":"https:\/\/quehacerpolitico.mx\/?p=7450#primaryimage"},"thumbnailUrl":"","articleSection":["Noticias"],"inLanguage":"es","potentialAction":[{"@type":"CommentAction","name":"Comment","target":["https:\/\/quehacerpolitico.mx\/?p=7450#respond"]}]},{"@type":"WebPage","@id":"https:\/\/quehacerpolitico.mx\/?p=7450","url":"https:\/\/quehacerpolitico.mx\/?p=7450","name":"\u201cEl Chapo\u201d Guzm\u00e1n no la tiene f\u00e1cil: gente muy cercana, sus ex amigos, testificar\u00e1n contra \u00e9l -","isPartOf":{"@id":"https:\/\/quehacerpolitico.mx\/#website"},"primaryImageOfPage":{"@id":"https:\/\/quehacerpolitico.mx\/?p=7450#primaryimage"},"image":{"@id":"https:\/\/quehacerpolitico.mx\/?p=7450#primaryimage"},"thumbnailUrl":"","datePublished":"2018-10-22T03:15:56+00:00","author":{"@id":"https:\/\/quehacerpolitico.mx\/#\/schema\/person\/496d8ad2d1d3f8036101dca7ee39e585"},"breadcrumb":{"@id":"https:\/\/quehacerpolitico.mx\/?p=7450#breadcrumb"},"inLanguage":"es","potentialAction":[{"@type":"ReadAction","target":["https:\/\/quehacerpolitico.mx\/?p=7450"]}]},{"@type":"ImageObject","inLanguage":"es","@id":"https:\/\/quehacerpolitico.mx\/?p=7450#primaryimage","url":"","contentUrl":""},{"@type":"BreadcrumbList","@id":"https:\/\/quehacerpolitico.mx\/?p=7450#breadcrumb","itemListElement":[{"@type":"ListItem","position":1,"name":"Inicio","item":"https:\/\/quehacerpolitico.mx\/"},{"@type":"ListItem","position":2,"name":"\u201cEl Chapo\u201d Guzm\u00e1n no la tiene f\u00e1cil: gente muy cercana, sus ex amigos, testificar\u00e1n contra \u00e9l"}]},{"@type":"WebSite","@id":"https:\/\/quehacerpolitico.mx\/#website","url":"https:\/\/quehacerpolitico.mx\/","name":"","description":"","potentialAction":[{"@type":"SearchAction","target":{"@type":"EntryPoint","urlTemplate":"https:\/\/quehacerpolitico.mx\/?s={search_term_string}"},"query-input":{"@type":"PropertyValueSpecification","valueRequired":true,"valueName":"search_term_string"}}],"inLanguage":"es"},{"@type":"Person","@id":"https:\/\/quehacerpolitico.mx\/#\/schema\/person\/496d8ad2d1d3f8036101dca7ee39e585","name":"Redacci\u00f3n QP","image":{"@type":"ImageObject","inLanguage":"es","@id":"https:\/\/secure.gravatar.com\/avatar\/c7164ed6fdec453195284ad24a5ae5b6e1eed2b848477fa2a4787ba9adf39a41?s=96&d=mm&r=g","url":"https:\/\/secure.gravatar.com\/avatar\/c7164ed6fdec453195284ad24a5ae5b6e1eed2b848477fa2a4787ba9adf39a41?s=96&d=mm&r=g","contentUrl":"https:\/\/secure.gravatar.com\/avatar\/c7164ed6fdec453195284ad24a5ae5b6e1eed2b848477fa2a4787ba9adf39a41?s=96&d=mm&r=g","caption":"Redacci\u00f3n QP"},"url":"https:\/\/quehacerpolitico.mx\/?author=2"}]}},"featured_image_urls":{"full":"","thumbnail":"","medium":"","medium_large":"","large":"","1536x1536":"","2048x2048":"","covernews-featured":"","covernews-medium":""},"author_info":{"display_name":"Redacci\u00f3n QP","author_link":"https:\/\/quehacerpolitico.mx\/?author=2"},"category_info":"<a href=\"https:\/\/quehacerpolitico.mx\/?cat=2\" rel=\"category\">Noticias<\/a>","tag_info":"Noticias","comment_count":"0","_links":{"self":[{"href":"https:\/\/quehacerpolitico.mx\/index.php?rest_route=\/wp\/v2\/posts\/7450","targetHints":{"allow":["GET"]}}],"collection":[{"href":"https:\/\/quehacerpolitico.mx\/index.php?rest_route=\/wp\/v2\/posts"}],"about":[{"href":"https:\/\/quehacerpolitico.mx\/index.php?rest_route=\/wp\/v2\/types\/post"}],"author":[{"embeddable":true,"href":"https:\/\/quehacerpolitico.mx\/index.php?rest_route=\/wp\/v2\/users\/2"}],"replies":[{"embeddable":true,"href":"https:\/\/quehacerpolitico.mx\/index.php?rest_route=%2Fwp%2Fv2%2Fcomments&post=7450"}],"version-history":[{"count":0,"href":"https:\/\/quehacerpolitico.mx\/index.php?rest_route=\/wp\/v2\/posts\/7450\/revisions"}],"wp:featuredmedia":[{"embeddable":true,"href":"https:\/\/quehacerpolitico.mx\/index.php?rest_route=\/"}],"wp:attachment":[{"href":"https:\/\/quehacerpolitico.mx\/index.php?rest_route=%2Fwp%2Fv2%2Fmedia&parent=7450"}],"wp:term":[{"taxonomy":"category","embeddable":true,"href":"https:\/\/quehacerpolitico.mx\/index.php?rest_route=%2Fwp%2Fv2%2Fcategories&post=7450"},{"taxonomy":"post_tag","embeddable":true,"href":"https:\/\/quehacerpolitico.mx\/index.php?rest_route=%2Fwp%2Fv2%2Ftags&post=7450"}],"curies":[{"name":"wp","href":"https:\/\/api.w.org\/{rel}","templated":true}]}}