{"id":7448,"date":"2018-10-22T03:08:06","date_gmt":"2018-10-22T03:08:06","guid":{"rendered":"http:\/\/quehacerpolitico.mx\/el-huracan-willa-sube-a-categoria-4-se-acercaria-a-la-costa-mexicana-la-noche-del-martes\/"},"modified":"2018-10-22T03:08:06","modified_gmt":"2018-10-22T03:08:06","slug":"el-huracan-willa-sube-a-categoria-4-se-acercaria-a-la-costa-mexicana-la-noche-del-martes","status":"publish","type":"post","link":"https:\/\/quehacerpolitico.mx\/?p=7448","title":{"rendered":"El hurac\u00e1n \u201cWilla\u201d sube a categor\u00eda 4; se acercar\u00eda a la costa mexicana la noche del martes"},"content":{"rendered":"<h1>El hurac\u00e1n \u201cWilla\u201d sube a categor\u00eda 4; se acercar\u00eda a la costa mexicana la noche del martes<\/h1>\n<p>Por Redacci\u00f3n QP<\/p>\n<p>El reci\u00e9n formado <strong>hurac\u00e1n \u201cWilla\u201d<\/strong> alcanz\u00f3 r\u00e1pidamente la<strong> categor\u00eda 4<\/strong>\u00a0hoy\u00a0 frente a la <strong>costa de M\u00e9xico<\/strong> en el Pac\u00edfico, mientras que la tormenta tropical \u201cVicente\u201dcontin\u00faa en su paso por el Oc\u00e9ano #Pac\u00edfico, inform\u00f3 el Servicio Meteorol\u00f3gico Nacional.<\/p>\n<p>Se emiti\u00f3 una alerta de <strong>hurac\u00e1n<\/strong> para una franja de tierra entre San Blas,\u00a0Nayarit, y en Mazatl\u00e1n, Sinaloa, mientras que ya hab\u00eda una advertencia de<strong> tormenta tropical<\/strong> desde Playa P\u00e9rula a San Blas.<\/p>\n<p>A media tarde<strong> \u201cWilla\u201d<\/strong> se ubicaba a unos 400 kil\u00f3metros al sur-suroeste de Cabo Corrientes con vientos sostenidos m\u00e1ximos de 185 kil\u00f3metros por hora . Se desplazaba en direcci\u00f3n norte-noroeste a 9 kil\u00f3metros por hora, pero es probable que gire hacia el norte durante la noche o el lunes.<\/p>\n<p><strong>\u201cWilla<\/strong>\u201d podr\u00eda convertirse en un <strong>hurac\u00e1n<\/strong> de categor\u00eda 4 para el lunes por la ma\u00f1ana y se acercar\u00eda a la costa mexicana para la noche del martes, indic\u00f3 el Centro Nacional de Huracanes con sede en Miami. El fen\u00f3meno natural podr\u00eda provocar un oleaje peligroso y arrojar entre 127 y 250 mil\u00edmetro de lluvia en el oeste de los estados de Jalisco y Nayarit y el sur de Sinaloa.<\/p>\n<p>En tanto, la <strong>tormenta tropical \u201cVicente\u201d<\/strong>parece representar una amenaza menor m\u00e1s hacia el sur. Los meteor\u00f3logos han informado que durante la noche podr\u00eda debilitarse hasta convertirse en depresi\u00f3n tropical y que se mantendr\u00eda en el mar o cerca de la costa mexicana del Pac\u00edfico hasta el martes por la noche.<\/p>\n<p>Se ubicaba a unos 370 kil\u00f3metros al sureste del puerto de Acapulco, con vientos sostenidos m\u00e1ximos de 65 kil\u00f3metros por hora. Podr\u00eda generar de 76 a 150 mil\u00edmetro de lluvia en partes de los estados Guerrero, Michoac\u00e1n, Colima y Jalisco, indic\u00f3 el Centro de Huracanes.<\/p>\n<p>Con Informaci\u00f3n de AP<\/p>\n","protected":false},"excerpt":{"rendered":"<p>El hurac\u00e1n \u201cWilla\u201d sube a categor\u00eda 4; se acercar\u00eda a la costa mexicana la noche del martes<br \/>\nPor Redacci\u00f3n QP<\/p>\n","protected":false},"author":2,"featured_media":7447,"comment_status":"open","ping_status":"open","sticky":false,"template":"","format":"standard","meta":{"_monsterinsights_skip_tracking":false,"_monsterinsights_sitenote_active":false,"_monsterinsights_sitenote_note":"","_monsterinsights_sitenote_category":0,"footnotes":""},"categories":[2],"tags":[],"class_list":["post-7448","post","type-post","status-publish","format-standard","has-post-thumbnail","hentry","category-noticias"],"yoast_head":"<!-- This site is optimized with the Yoast SEO plugin v27.3 - https:\/\/yoast.com\/product\/yoast-seo-wordpress\/ -->\n<title>El hurac\u00e1n \u201cWilla\u201d sube a categor\u00eda 4; se acercar\u00eda a la costa mexicana la noche del martes -<\/title>\n<meta name=\"robots\" content=\"index, follow, max-snippet:-1, max-image-preview:large, max-video-preview:-1\" \/>\n<link rel=\"canonical\" href=\"https:\/\/quehacerpolitico.mx\/?p=7448\" \/>\n<meta property=\"og:locale\" content=\"es_MX\" \/>\n<meta property=\"og:type\" content=\"article\" \/>\n<meta property=\"og:title\" content=\"El hurac\u00e1n \u201cWilla\u201d sube a categor\u00eda 4; se acercar\u00eda a la costa mexicana la noche del martes -\" \/>\n<meta property=\"og:description\" content=\"El hurac\u00e1n \u201cWilla\u201d sube a categor\u00eda 4; se acercar\u00eda a la costa mexicana la noche del martes Por Redacci\u00f3n QP\" \/>\n<meta property=\"og:url\" content=\"https:\/\/quehacerpolitico.mx\/?p=7448\" \/>\n<meta property=\"article:published_time\" content=\"2018-10-22T03:08:06+00:00\" \/>\n<meta name=\"author\" content=\"Redacci\u00f3n QP\" \/>\n<meta name=\"twitter:card\" content=\"summary_large_image\" \/>\n<meta name=\"twitter:label1\" content=\"Escrito por\" \/>\n\t<meta name=\"twitter:data1\" content=\"Redacci\u00f3n QP\" \/>\n\t<meta name=\"twitter:label2\" content=\"Tiempo de lectura\" \/>\n\t<meta name=\"twitter:data2\" content=\"2 minutos\" \/>\n<script type=\"application\/ld+json\" class=\"yoast-schema-graph\">{\"@context\":\"https:\\\/\\\/schema.org\",\"@graph\":[{\"@type\":\"Article\",\"@id\":\"https:\\\/\\\/quehacerpolitico.mx\\\/?p=7448#article\",\"isPartOf\":{\"@id\":\"https:\\\/\\\/quehacerpolitico.mx\\\/?p=7448\"},\"author\":{\"name\":\"Redacci\u00f3n QP\",\"@id\":\"https:\\\/\\\/quehacerpolitico.mx\\\/#\\\/schema\\\/person\\\/496d8ad2d1d3f8036101dca7ee39e585\"},\"headline\":\"El hurac\u00e1n \u201cWilla\u201d sube a categor\u00eda 4; se acercar\u00eda a la costa mexicana la noche del martes\",\"datePublished\":\"2018-10-22T03:08:06+00:00\",\"mainEntityOfPage\":{\"@id\":\"https:\\\/\\\/quehacerpolitico.mx\\\/?p=7448\"},\"wordCount\":361,\"commentCount\":0,\"image\":{\"@id\":\"https:\\\/\\\/quehacerpolitico.mx\\\/?p=7448#primaryimage\"},\"thumbnailUrl\":\"\",\"articleSection\":[\"Noticias\"],\"inLanguage\":\"es\",\"potentialAction\":[{\"@type\":\"CommentAction\",\"name\":\"Comment\",\"target\":[\"https:\\\/\\\/quehacerpolitico.mx\\\/?p=7448#respond\"]}]},{\"@type\":\"WebPage\",\"@id\":\"https:\\\/\\\/quehacerpolitico.mx\\\/?p=7448\",\"url\":\"https:\\\/\\\/quehacerpolitico.mx\\\/?p=7448\",\"name\":\"El hurac\u00e1n \u201cWilla\u201d sube a categor\u00eda 4; se acercar\u00eda a la costa mexicana la noche del martes -\",\"isPartOf\":{\"@id\":\"https:\\\/\\\/quehacerpolitico.mx\\\/#website\"},\"primaryImageOfPage\":{\"@id\":\"https:\\\/\\\/quehacerpolitico.mx\\\/?p=7448#primaryimage\"},\"image\":{\"@id\":\"https:\\\/\\\/quehacerpolitico.mx\\\/?p=7448#primaryimage\"},\"thumbnailUrl\":\"\",\"datePublished\":\"2018-10-22T03:08:06+00:00\",\"author\":{\"@id\":\"https:\\\/\\\/quehacerpolitico.mx\\\/#\\\/schema\\\/person\\\/496d8ad2d1d3f8036101dca7ee39e585\"},\"breadcrumb\":{\"@id\":\"https:\\\/\\\/quehacerpolitico.mx\\\/?p=7448#breadcrumb\"},\"inLanguage\":\"es\",\"potentialAction\":[{\"@type\":\"ReadAction\",\"target\":[\"https:\\\/\\\/quehacerpolitico.mx\\\/?p=7448\"]}]},{\"@type\":\"ImageObject\",\"inLanguage\":\"es\",\"@id\":\"https:\\\/\\\/quehacerpolitico.mx\\\/?p=7448#primaryimage\",\"url\":\"\",\"contentUrl\":\"\"},{\"@type\":\"BreadcrumbList\",\"@id\":\"https:\\\/\\\/quehacerpolitico.mx\\\/?p=7448#breadcrumb\",\"itemListElement\":[{\"@type\":\"ListItem\",\"position\":1,\"name\":\"Inicio\",\"item\":\"https:\\\/\\\/quehacerpolitico.mx\\\/\"},{\"@type\":\"ListItem\",\"position\":2,\"name\":\"El hurac\u00e1n \u201cWilla\u201d sube a categor\u00eda 4; se acercar\u00eda a la costa mexicana la noche del martes\"}]},{\"@type\":\"WebSite\",\"@id\":\"https:\\\/\\\/quehacerpolitico.mx\\\/#website\",\"url\":\"https:\\\/\\\/quehacerpolitico.mx\\\/\",\"name\":\"\",\"description\":\"\",\"potentialAction\":[{\"@type\":\"SearchAction\",\"target\":{\"@type\":\"EntryPoint\",\"urlTemplate\":\"https:\\\/\\\/quehacerpolitico.mx\\\/?s={search_term_string}\"},\"query-input\":{\"@type\":\"PropertyValueSpecification\",\"valueRequired\":true,\"valueName\":\"search_term_string\"}}],\"inLanguage\":\"es\"},{\"@type\":\"Person\",\"@id\":\"https:\\\/\\\/quehacerpolitico.mx\\\/#\\\/schema\\\/person\\\/496d8ad2d1d3f8036101dca7ee39e585\",\"name\":\"Redacci\u00f3n QP\",\"image\":{\"@type\":\"ImageObject\",\"inLanguage\":\"es\",\"@id\":\"https:\\\/\\\/secure.gravatar.com\\\/avatar\\\/c7164ed6fdec453195284ad24a5ae5b6e1eed2b848477fa2a4787ba9adf39a41?s=96&d=mm&r=g\",\"url\":\"https:\\\/\\\/secure.gravatar.com\\\/avatar\\\/c7164ed6fdec453195284ad24a5ae5b6e1eed2b848477fa2a4787ba9adf39a41?s=96&d=mm&r=g\",\"contentUrl\":\"https:\\\/\\\/secure.gravatar.com\\\/avatar\\\/c7164ed6fdec453195284ad24a5ae5b6e1eed2b848477fa2a4787ba9adf39a41?s=96&d=mm&r=g\",\"caption\":\"Redacci\u00f3n QP\"},\"url\":\"https:\\\/\\\/quehacerpolitico.mx\\\/?author=2\"}]}<\/script>\n<!-- \/ Yoast SEO plugin. -->","yoast_head_json":{"title":"El hurac\u00e1n \u201cWilla\u201d sube a categor\u00eda 4; se acercar\u00eda a la costa mexicana la noche del martes -","robots":{"index":"index","follow":"follow","max-snippet":"max-snippet:-1","max-image-preview":"max-image-preview:large","max-video-preview":"max-video-preview:-1"},"canonical":"https:\/\/quehacerpolitico.mx\/?p=7448","og_locale":"es_MX","og_type":"article","og_title":"El hurac\u00e1n \u201cWilla\u201d sube a categor\u00eda 4; se acercar\u00eda a la costa mexicana la noche del martes -","og_description":"El hurac\u00e1n \u201cWilla\u201d sube a categor\u00eda 4; se acercar\u00eda a la costa mexicana la noche del martes Por Redacci\u00f3n QP","og_url":"https:\/\/quehacerpolitico.mx\/?p=7448","article_published_time":"2018-10-22T03:08:06+00:00","author":"Redacci\u00f3n QP","twitter_card":"summary_large_image","twitter_misc":{"Escrito por":"Redacci\u00f3n QP","Tiempo de lectura":"2 minutos"},"schema":{"@context":"https:\/\/schema.org","@graph":[{"@type":"Article","@id":"https:\/\/quehacerpolitico.mx\/?p=7448#article","isPartOf":{"@id":"https:\/\/quehacerpolitico.mx\/?p=7448"},"author":{"name":"Redacci\u00f3n QP","@id":"https:\/\/quehacerpolitico.mx\/#\/schema\/person\/496d8ad2d1d3f8036101dca7ee39e585"},"headline":"El hurac\u00e1n \u201cWilla\u201d sube a categor\u00eda 4; se acercar\u00eda a la costa mexicana la noche del martes","datePublished":"2018-10-22T03:08:06+00:00","mainEntityOfPage":{"@id":"https:\/\/quehacerpolitico.mx\/?p=7448"},"wordCount":361,"commentCount":0,"image":{"@id":"https:\/\/quehacerpolitico.mx\/?p=7448#primaryimage"},"thumbnailUrl":"","articleSection":["Noticias"],"inLanguage":"es","potentialAction":[{"@type":"CommentAction","name":"Comment","target":["https:\/\/quehacerpolitico.mx\/?p=7448#respond"]}]},{"@type":"WebPage","@id":"https:\/\/quehacerpolitico.mx\/?p=7448","url":"https:\/\/quehacerpolitico.mx\/?p=7448","name":"El hurac\u00e1n \u201cWilla\u201d sube a categor\u00eda 4; se acercar\u00eda a la costa mexicana la noche del martes -","isPartOf":{"@id":"https:\/\/quehacerpolitico.mx\/#website"},"primaryImageOfPage":{"@id":"https:\/\/quehacerpolitico.mx\/?p=7448#primaryimage"},"image":{"@id":"https:\/\/quehacerpolitico.mx\/?p=7448#primaryimage"},"thumbnailUrl":"","datePublished":"2018-10-22T03:08:06+00:00","author":{"@id":"https:\/\/quehacerpolitico.mx\/#\/schema\/person\/496d8ad2d1d3f8036101dca7ee39e585"},"breadcrumb":{"@id":"https:\/\/quehacerpolitico.mx\/?p=7448#breadcrumb"},"inLanguage":"es","potentialAction":[{"@type":"ReadAction","target":["https:\/\/quehacerpolitico.mx\/?p=7448"]}]},{"@type":"ImageObject","inLanguage":"es","@id":"https:\/\/quehacerpolitico.mx\/?p=7448#primaryimage","url":"","contentUrl":""},{"@type":"BreadcrumbList","@id":"https:\/\/quehacerpolitico.mx\/?p=7448#breadcrumb","itemListElement":[{"@type":"ListItem","position":1,"name":"Inicio","item":"https:\/\/quehacerpolitico.mx\/"},{"@type":"ListItem","position":2,"name":"El hurac\u00e1n \u201cWilla\u201d sube a categor\u00eda 4; se acercar\u00eda a la costa mexicana la noche del martes"}]},{"@type":"WebSite","@id":"https:\/\/quehacerpolitico.mx\/#website","url":"https:\/\/quehacerpolitico.mx\/","name":"","description":"","potentialAction":[{"@type":"SearchAction","target":{"@type":"EntryPoint","urlTemplate":"https:\/\/quehacerpolitico.mx\/?s={search_term_string}"},"query-input":{"@type":"PropertyValueSpecification","valueRequired":true,"valueName":"search_term_string"}}],"inLanguage":"es"},{"@type":"Person","@id":"https:\/\/quehacerpolitico.mx\/#\/schema\/person\/496d8ad2d1d3f8036101dca7ee39e585","name":"Redacci\u00f3n QP","image":{"@type":"ImageObject","inLanguage":"es","@id":"https:\/\/secure.gravatar.com\/avatar\/c7164ed6fdec453195284ad24a5ae5b6e1eed2b848477fa2a4787ba9adf39a41?s=96&d=mm&r=g","url":"https:\/\/secure.gravatar.com\/avatar\/c7164ed6fdec453195284ad24a5ae5b6e1eed2b848477fa2a4787ba9adf39a41?s=96&d=mm&r=g","contentUrl":"https:\/\/secure.gravatar.com\/avatar\/c7164ed6fdec453195284ad24a5ae5b6e1eed2b848477fa2a4787ba9adf39a41?s=96&d=mm&r=g","caption":"Redacci\u00f3n QP"},"url":"https:\/\/quehacerpolitico.mx\/?author=2"}]}},"featured_image_urls":{"full":"","thumbnail":"","medium":"","medium_large":"","large":"","1536x1536":"","2048x2048":"","covernews-featured":"","covernews-medium":""},"author_info":{"display_name":"Redacci\u00f3n QP","author_link":"https:\/\/quehacerpolitico.mx\/?author=2"},"category_info":"<a href=\"https:\/\/quehacerpolitico.mx\/?cat=2\" rel=\"category\">Noticias<\/a>","tag_info":"Noticias","comment_count":"0","_links":{"self":[{"href":"https:\/\/quehacerpolitico.mx\/index.php?rest_route=\/wp\/v2\/posts\/7448","targetHints":{"allow":["GET"]}}],"collection":[{"href":"https:\/\/quehacerpolitico.mx\/index.php?rest_route=\/wp\/v2\/posts"}],"about":[{"href":"https:\/\/quehacerpolitico.mx\/index.php?rest_route=\/wp\/v2\/types\/post"}],"author":[{"embeddable":true,"href":"https:\/\/quehacerpolitico.mx\/index.php?rest_route=\/wp\/v2\/users\/2"}],"replies":[{"embeddable":true,"href":"https:\/\/quehacerpolitico.mx\/index.php?rest_route=%2Fwp%2Fv2%2Fcomments&post=7448"}],"version-history":[{"count":0,"href":"https:\/\/quehacerpolitico.mx\/index.php?rest_route=\/wp\/v2\/posts\/7448\/revisions"}],"wp:featuredmedia":[{"embeddable":true,"href":"https:\/\/quehacerpolitico.mx\/index.php?rest_route=\/"}],"wp:attachment":[{"href":"https:\/\/quehacerpolitico.mx\/index.php?rest_route=%2Fwp%2Fv2%2Fmedia&parent=7448"}],"wp:term":[{"taxonomy":"category","embeddable":true,"href":"https:\/\/quehacerpolitico.mx\/index.php?rest_route=%2Fwp%2Fv2%2Fcategories&post=7448"},{"taxonomy":"post_tag","embeddable":true,"href":"https:\/\/quehacerpolitico.mx\/index.php?rest_route=%2Fwp%2Fv2%2Ftags&post=7448"}],"curies":[{"name":"wp","href":"https:\/\/api.w.org\/{rel}","templated":true}]}}