{"id":7446,"date":"2018-10-22T03:03:46","date_gmt":"2018-10-22T03:03:46","guid":{"rendered":"http:\/\/quehacerpolitico.mx\/migrantes-hacen-parada-en-tamachula-su-siguiente-objetivo-es-huixtla-en-chiapas-para-luego-ir-a-oaxaca\/"},"modified":"2018-10-22T03:03:46","modified_gmt":"2018-10-22T03:03:46","slug":"migrantes-hacen-parada-en-tamachula-su-siguiente-objetivo-es-huixtla-en-chiapas-para-luego-ir-a-oaxaca","status":"publish","type":"post","link":"https:\/\/quehacerpolitico.mx\/?p=7446","title":{"rendered":"Migrantes hacen parada en Tamachula; su siguiente objetivo es Huixtla, en Chiapas, para luego ir a Oaxaca"},"content":{"rendered":"<h1>Migrantes hacen parada en Tamachula; su siguiente objetivo es Huixtla, en Chiapas, para luego ir a Oaxaca<\/h1>\n<p>Por Redacci\u00f3n QP<\/p>\n<p>La ciudad de <strong>Tapachula<\/strong>, en\u00a0<strong>Chiapas<\/strong>, recibi\u00f3 hoy con comercios cerrados a miles de <strong>migrantes hondure\u00f1os<\/strong> que llegaron de la frontera con Guatemala en su camino rumbo a Estados Unidos.<\/p>\n<p>Los viajeros entraron a la ciudad tras una larga jornada de cerca de siete horas en las que recorrieron los 40 kil\u00f3metros que separan a <strong>Tapachula<\/strong> de Ciudad Hidalgo, en la frontera con la guatemalteca Tec\u00fan Um\u00e1n.<\/p>\n<p>Durante su recorrido hasta parar en el parque central de Tapachula, pudieron observarse comercios cerrados, as\u00ed como personas y organismos civiles que les acercaron agua y alimento a los migrantes de Honduras.<\/p>\n<div id=\"attachment_3487464\" class=\"wp-caption alignnone\"><img loading=\"lazy\" decoding=\"async\" class=\"wp-image-3487464 size-full\" src=\"http:\/\/www.sinembargo.mx\/wp-content\/uploads\/2018\/10\/caravana-migrantes-honduras-mexico-2.jpg\" sizes=\"auto, (max-width: 700px) 100vw, 700px\" srcset=\"http:\/\/www.sinembargo.mx\/wp-content\/uploads\/2018\/10\/caravana-migrantes-honduras-mexico-2.jpg 700w, http:\/\/www.sinembargo.mx\/wp-content\/uploads\/2018\/10\/caravana-migrantes-honduras-mexico-2-300x200.jpg 300w\" alt=\"\" width=\"700\" height=\"467\" \/><\/p>\n<p class=\"wp-caption-text\">En su camino, las y los\u00a0centroamericanos\u00a0han recibido muestras de solidaridad de chiapanecos que han prestado sus autos. Foto: Isaac Esquivel, Cuartoscuro.<\/p>\n<\/div>\n<p>Fuentes de los organizadores de la caravana confirmaron a <em>Efe<\/em> que la <strong>caravana<\/strong> pasar\u00e1 la noche en Tapachula para salir a las 04:00 horas con destino a<strong> Huixtan, Chiapas<\/strong>, para marchar poco a poco al estado de Oaxaca en los pr\u00f3ximos d\u00edas.<\/p>\n<p>En el parque central de Tapachula, las y los migrantes tomaron una zona rodeada de \u00e1rboles con un domo de aproximadamente 20 x 20 metros, donde llegaron a descansar y otros m\u00e1s se detuvieron bajo unos portales en el mismo lugar.<\/p>\n<div id=\"attachment_3487465\" class=\"wp-caption alignnone\"><img loading=\"lazy\" decoding=\"async\" class=\"wp-image-3487465 size-full\" src=\"http:\/\/www.sinembargo.mx\/wp-content\/uploads\/2018\/10\/caravana-migrante-tapachula-1.jpg\" sizes=\"auto, (max-width: 700px) 100vw, 700px\" srcset=\"http:\/\/www.sinembargo.mx\/wp-content\/uploads\/2018\/10\/caravana-migrante-tapachula-1.jpg 700w, http:\/\/www.sinembargo.mx\/wp-content\/uploads\/2018\/10\/caravana-migrante-tapachula-1-300x225.jpg 300w\" alt=\"\" width=\"700\" height=\"525\" \/><\/p>\n<p class=\"wp-caption-text\">En el parque central de Tapachula, los migrantes tomaron una zona rodeada de \u00e1rboles con un domo,, a donde llegaron a descansar. Foto: Isaac Esquivel, Cuartoscuro.<\/p>\n<\/div>\n<div id=\"attachment_3487466\" class=\"wp-caption alignnone\"><img loading=\"lazy\" decoding=\"async\" class=\"wp-image-3487466 size-full\" src=\"http:\/\/www.sinembargo.mx\/wp-content\/uploads\/2018\/10\/caravana-migrante-tapachula-22.jpg\" sizes=\"auto, (max-width: 700px) 100vw, 700px\" srcset=\"http:\/\/www.sinembargo.mx\/wp-content\/uploads\/2018\/10\/caravana-migrante-tapachula-22.jpg 700w, http:\/\/www.sinembargo.mx\/wp-content\/uploads\/2018\/10\/caravana-migrante-tapachula-22-300x225.jpg 300w\" alt=\"\" width=\"700\" height=\"525\" \/><\/p>\n<p class=\"wp-caption-text\">Migrantes se detuvieron a descansar bajo unos portales antes de seguir rumbo a EU. Foto: Isaac Esquivel, Cuartoscuro.<\/p>\n<\/div>\n<p>En Tuxtla Guti\u00e9rrez, capital de Chiapas, el Presidente electo de M\u00e9xico, Andr\u00e9s Manuel L\u00f3pez Obrador, le solicit\u00f3 al gobierno del estado protecci\u00f3n para la caravana de <strong>migrantes hondure\u00f1os<\/strong>.<\/p>\n<blockquote>\n<p>\u201cNada de mal trato a los migrantes centroamericanos\u201d, dijo L\u00f3pez Obrador en un mensaje al Gobernador de Chiapas, Manuel Velasco, y al Gobernador electo, Rutio Escand\u00f3n.<\/p>\n<\/blockquote>\n<p>Durante su recorrido entre Ciudad Hidalgo y Tapachula, los migrantes fueron vigilados en todo momento por agentes de la Polic\u00eda Federal mexicana y por personal de migraci\u00f3n, mismo que al menos en una ocasi\u00f3n, les pidi\u00f3 regularizar su estad\u00eda ilegal en este pa\u00eds.<\/p>\n<p>El Delegado del Instituto de Migraci\u00f3n, Francisco Echavarria, dirigi\u00f3 un mensaje a las personas migrantes a que regularicen su estad\u00eda en M\u00e9xico y les reiter\u00f3 que este pa\u00eds les ofrece la posibilidad de solicitar la condici\u00f3n de refugiados.<\/p>\n<div id=\"attachment_3487468\" class=\"wp-caption alignnone\"><img loading=\"lazy\" decoding=\"async\" class=\"wp-image-3487468 size-full\" src=\"http:\/\/www.sinembargo.mx\/wp-content\/uploads\/2018\/10\/caravana-migrante-tapachula.jpeg\" sizes=\"auto, (max-width: 700px) 100vw, 700px\" srcset=\"http:\/\/www.sinembargo.mx\/wp-content\/uploads\/2018\/10\/caravana-migrante-tapachula.jpeg 700w, http:\/\/www.sinembargo.mx\/wp-content\/uploads\/2018\/10\/caravana-migrante-tapachula-300x221.jpeg 300w\" alt=\"\" width=\"700\" height=\"515\" \/><\/p>\n<p class=\"wp-caption-text\">La caravana pasar\u00e1 la noche en Tapachula para salir a las 04:00 horas con destino a Huixtan, Chiapas. Foto: Isaac Esquivel, Cuartoscuro.<\/p>\n<\/div>\n<div id=\"attachment_3487469\" class=\"wp-caption alignnone\"><img loading=\"lazy\" decoding=\"async\" class=\"wp-image-3487469 size-full\" src=\"http:\/\/www.sinembargo.mx\/wp-content\/uploads\/2018\/10\/caravana-migrantes-honduras.jpeg\" sizes=\"auto, (max-width: 700px) 100vw, 700px\" srcset=\"http:\/\/www.sinembargo.mx\/wp-content\/uploads\/2018\/10\/caravana-migrantes-honduras.jpeg 700w, http:\/\/www.sinembargo.mx\/wp-content\/uploads\/2018\/10\/caravana-migrantes-honduras-200x300.jpeg 200w\" alt=\"\" width=\"700\" height=\"1050\" \/><\/p>\n<p class=\"wp-caption-text\">Miles de migrantes partieron desde las cinco de la ma\u00f1ana para recorrer la carretera Panamericana en su viaje hacia la frontera con Estados Unidos. Foto: Isaac Esquivel, Cuartoscuro.<\/p>\n<\/div>\n<p>\u201cNo pueden continuar en territorio mexicano de manera irregular\u201d, se\u00f1al\u00f3 Echavarr\u00eda al pedirles que respeten los canales legales para regular su estad\u00eda y ofrecerles un sitio en los albergues que el Gobierno ha establecido para esta ocasi\u00f3n.<\/p>\n<p>La caravana migrante, con unas 5 mil 500 personas, sali\u00f3 el pasado 13 de octubre de San Pedro Sula, Honduras, con el objetivo de llegar a Estados Unidos.<\/p>\n<p>Con Informaci\u00f3n de EFE<\/p>\n","protected":false},"excerpt":{"rendered":"<p>Migrantes hacen parada en Tamachula; su siguiente objetivo es Huixtla, en Chiapas, para luego ir a Oaxaca<br \/>\nPor Redacci\u00f3n QP<\/p>\n","protected":false},"author":2,"featured_media":7445,"comment_status":"open","ping_status":"open","sticky":false,"template":"","format":"standard","meta":{"_monsterinsights_skip_tracking":false,"_monsterinsights_sitenote_active":false,"_monsterinsights_sitenote_note":"","_monsterinsights_sitenote_category":0,"footnotes":""},"categories":[2],"tags":[],"class_list":["post-7446","post","type-post","status-publish","format-standard","has-post-thumbnail","hentry","category-noticias"],"yoast_head":"<!-- This site is optimized with the Yoast SEO plugin v27.3 - https:\/\/yoast.com\/product\/yoast-seo-wordpress\/ -->\n<title>Migrantes hacen parada en Tamachula; su siguiente objetivo es Huixtla, en Chiapas, para luego ir a Oaxaca -<\/title>\n<meta name=\"robots\" content=\"index, follow, max-snippet:-1, max-image-preview:large, max-video-preview:-1\" \/>\n<link rel=\"canonical\" href=\"https:\/\/quehacerpolitico.mx\/?p=7446\" \/>\n<meta property=\"og:locale\" content=\"es_MX\" \/>\n<meta property=\"og:type\" content=\"article\" \/>\n<meta property=\"og:title\" content=\"Migrantes hacen parada en Tamachula; su siguiente objetivo es Huixtla, en Chiapas, para luego ir a Oaxaca -\" \/>\n<meta property=\"og:description\" content=\"Migrantes hacen parada en Tamachula; su siguiente objetivo es Huixtla, en Chiapas, para luego ir a Oaxaca Por Redacci\u00f3n QP\" \/>\n<meta property=\"og:url\" content=\"https:\/\/quehacerpolitico.mx\/?p=7446\" \/>\n<meta property=\"article:published_time\" content=\"2018-10-22T03:03:46+00:00\" \/>\n<meta name=\"author\" content=\"Redacci\u00f3n QP\" \/>\n<meta name=\"twitter:card\" content=\"summary_large_image\" \/>\n<meta name=\"twitter:label1\" content=\"Escrito por\" \/>\n\t<meta name=\"twitter:data1\" content=\"Redacci\u00f3n QP\" \/>\n\t<meta name=\"twitter:label2\" content=\"Tiempo de lectura\" \/>\n\t<meta name=\"twitter:data2\" content=\"3 minutos\" \/>\n<script type=\"application\/ld+json\" class=\"yoast-schema-graph\">{\"@context\":\"https:\\\/\\\/schema.org\",\"@graph\":[{\"@type\":\"Article\",\"@id\":\"https:\\\/\\\/quehacerpolitico.mx\\\/?p=7446#article\",\"isPartOf\":{\"@id\":\"https:\\\/\\\/quehacerpolitico.mx\\\/?p=7446\"},\"author\":{\"name\":\"Redacci\u00f3n QP\",\"@id\":\"https:\\\/\\\/quehacerpolitico.mx\\\/#\\\/schema\\\/person\\\/496d8ad2d1d3f8036101dca7ee39e585\"},\"headline\":\"Migrantes hacen parada en Tamachula; su siguiente objetivo es Huixtla, en Chiapas, para luego ir a Oaxaca\",\"datePublished\":\"2018-10-22T03:03:46+00:00\",\"mainEntityOfPage\":{\"@id\":\"https:\\\/\\\/quehacerpolitico.mx\\\/?p=7446\"},\"wordCount\":564,\"commentCount\":0,\"image\":{\"@id\":\"https:\\\/\\\/quehacerpolitico.mx\\\/?p=7446#primaryimage\"},\"thumbnailUrl\":\"\",\"articleSection\":[\"Noticias\"],\"inLanguage\":\"es\",\"potentialAction\":[{\"@type\":\"CommentAction\",\"name\":\"Comment\",\"target\":[\"https:\\\/\\\/quehacerpolitico.mx\\\/?p=7446#respond\"]}]},{\"@type\":\"WebPage\",\"@id\":\"https:\\\/\\\/quehacerpolitico.mx\\\/?p=7446\",\"url\":\"https:\\\/\\\/quehacerpolitico.mx\\\/?p=7446\",\"name\":\"Migrantes hacen parada en Tamachula; su siguiente objetivo es Huixtla, en Chiapas, para luego ir a Oaxaca -\",\"isPartOf\":{\"@id\":\"https:\\\/\\\/quehacerpolitico.mx\\\/#website\"},\"primaryImageOfPage\":{\"@id\":\"https:\\\/\\\/quehacerpolitico.mx\\\/?p=7446#primaryimage\"},\"image\":{\"@id\":\"https:\\\/\\\/quehacerpolitico.mx\\\/?p=7446#primaryimage\"},\"thumbnailUrl\":\"\",\"datePublished\":\"2018-10-22T03:03:46+00:00\",\"author\":{\"@id\":\"https:\\\/\\\/quehacerpolitico.mx\\\/#\\\/schema\\\/person\\\/496d8ad2d1d3f8036101dca7ee39e585\"},\"breadcrumb\":{\"@id\":\"https:\\\/\\\/quehacerpolitico.mx\\\/?p=7446#breadcrumb\"},\"inLanguage\":\"es\",\"potentialAction\":[{\"@type\":\"ReadAction\",\"target\":[\"https:\\\/\\\/quehacerpolitico.mx\\\/?p=7446\"]}]},{\"@type\":\"ImageObject\",\"inLanguage\":\"es\",\"@id\":\"https:\\\/\\\/quehacerpolitico.mx\\\/?p=7446#primaryimage\",\"url\":\"\",\"contentUrl\":\"\"},{\"@type\":\"BreadcrumbList\",\"@id\":\"https:\\\/\\\/quehacerpolitico.mx\\\/?p=7446#breadcrumb\",\"itemListElement\":[{\"@type\":\"ListItem\",\"position\":1,\"name\":\"Inicio\",\"item\":\"https:\\\/\\\/quehacerpolitico.mx\\\/\"},{\"@type\":\"ListItem\",\"position\":2,\"name\":\"Migrantes hacen parada en Tamachula; su siguiente objetivo es Huixtla, en Chiapas, para luego ir a Oaxaca\"}]},{\"@type\":\"WebSite\",\"@id\":\"https:\\\/\\\/quehacerpolitico.mx\\\/#website\",\"url\":\"https:\\\/\\\/quehacerpolitico.mx\\\/\",\"name\":\"\",\"description\":\"\",\"potentialAction\":[{\"@type\":\"SearchAction\",\"target\":{\"@type\":\"EntryPoint\",\"urlTemplate\":\"https:\\\/\\\/quehacerpolitico.mx\\\/?s={search_term_string}\"},\"query-input\":{\"@type\":\"PropertyValueSpecification\",\"valueRequired\":true,\"valueName\":\"search_term_string\"}}],\"inLanguage\":\"es\"},{\"@type\":\"Person\",\"@id\":\"https:\\\/\\\/quehacerpolitico.mx\\\/#\\\/schema\\\/person\\\/496d8ad2d1d3f8036101dca7ee39e585\",\"name\":\"Redacci\u00f3n QP\",\"image\":{\"@type\":\"ImageObject\",\"inLanguage\":\"es\",\"@id\":\"https:\\\/\\\/secure.gravatar.com\\\/avatar\\\/c7164ed6fdec453195284ad24a5ae5b6e1eed2b848477fa2a4787ba9adf39a41?s=96&d=mm&r=g\",\"url\":\"https:\\\/\\\/secure.gravatar.com\\\/avatar\\\/c7164ed6fdec453195284ad24a5ae5b6e1eed2b848477fa2a4787ba9adf39a41?s=96&d=mm&r=g\",\"contentUrl\":\"https:\\\/\\\/secure.gravatar.com\\\/avatar\\\/c7164ed6fdec453195284ad24a5ae5b6e1eed2b848477fa2a4787ba9adf39a41?s=96&d=mm&r=g\",\"caption\":\"Redacci\u00f3n QP\"},\"url\":\"https:\\\/\\\/quehacerpolitico.mx\\\/?author=2\"}]}<\/script>\n<!-- \/ Yoast SEO plugin. -->","yoast_head_json":{"title":"Migrantes hacen parada en Tamachula; su siguiente objetivo es Huixtla, en Chiapas, para luego ir a Oaxaca -","robots":{"index":"index","follow":"follow","max-snippet":"max-snippet:-1","max-image-preview":"max-image-preview:large","max-video-preview":"max-video-preview:-1"},"canonical":"https:\/\/quehacerpolitico.mx\/?p=7446","og_locale":"es_MX","og_type":"article","og_title":"Migrantes hacen parada en Tamachula; su siguiente objetivo es Huixtla, en Chiapas, para luego ir a Oaxaca -","og_description":"Migrantes hacen parada en Tamachula; su siguiente objetivo es Huixtla, en Chiapas, para luego ir a Oaxaca Por Redacci\u00f3n QP","og_url":"https:\/\/quehacerpolitico.mx\/?p=7446","article_published_time":"2018-10-22T03:03:46+00:00","author":"Redacci\u00f3n QP","twitter_card":"summary_large_image","twitter_misc":{"Escrito por":"Redacci\u00f3n QP","Tiempo de lectura":"3 minutos"},"schema":{"@context":"https:\/\/schema.org","@graph":[{"@type":"Article","@id":"https:\/\/quehacerpolitico.mx\/?p=7446#article","isPartOf":{"@id":"https:\/\/quehacerpolitico.mx\/?p=7446"},"author":{"name":"Redacci\u00f3n QP","@id":"https:\/\/quehacerpolitico.mx\/#\/schema\/person\/496d8ad2d1d3f8036101dca7ee39e585"},"headline":"Migrantes hacen parada en Tamachula; su siguiente objetivo es Huixtla, en Chiapas, para luego ir a Oaxaca","datePublished":"2018-10-22T03:03:46+00:00","mainEntityOfPage":{"@id":"https:\/\/quehacerpolitico.mx\/?p=7446"},"wordCount":564,"commentCount":0,"image":{"@id":"https:\/\/quehacerpolitico.mx\/?p=7446#primaryimage"},"thumbnailUrl":"","articleSection":["Noticias"],"inLanguage":"es","potentialAction":[{"@type":"CommentAction","name":"Comment","target":["https:\/\/quehacerpolitico.mx\/?p=7446#respond"]}]},{"@type":"WebPage","@id":"https:\/\/quehacerpolitico.mx\/?p=7446","url":"https:\/\/quehacerpolitico.mx\/?p=7446","name":"Migrantes hacen parada en Tamachula; su siguiente objetivo es Huixtla, en Chiapas, para luego ir a Oaxaca -","isPartOf":{"@id":"https:\/\/quehacerpolitico.mx\/#website"},"primaryImageOfPage":{"@id":"https:\/\/quehacerpolitico.mx\/?p=7446#primaryimage"},"image":{"@id":"https:\/\/quehacerpolitico.mx\/?p=7446#primaryimage"},"thumbnailUrl":"","datePublished":"2018-10-22T03:03:46+00:00","author":{"@id":"https:\/\/quehacerpolitico.mx\/#\/schema\/person\/496d8ad2d1d3f8036101dca7ee39e585"},"breadcrumb":{"@id":"https:\/\/quehacerpolitico.mx\/?p=7446#breadcrumb"},"inLanguage":"es","potentialAction":[{"@type":"ReadAction","target":["https:\/\/quehacerpolitico.mx\/?p=7446"]}]},{"@type":"ImageObject","inLanguage":"es","@id":"https:\/\/quehacerpolitico.mx\/?p=7446#primaryimage","url":"","contentUrl":""},{"@type":"BreadcrumbList","@id":"https:\/\/quehacerpolitico.mx\/?p=7446#breadcrumb","itemListElement":[{"@type":"ListItem","position":1,"name":"Inicio","item":"https:\/\/quehacerpolitico.mx\/"},{"@type":"ListItem","position":2,"name":"Migrantes hacen parada en Tamachula; su siguiente objetivo es Huixtla, en Chiapas, para luego ir a Oaxaca"}]},{"@type":"WebSite","@id":"https:\/\/quehacerpolitico.mx\/#website","url":"https:\/\/quehacerpolitico.mx\/","name":"","description":"","potentialAction":[{"@type":"SearchAction","target":{"@type":"EntryPoint","urlTemplate":"https:\/\/quehacerpolitico.mx\/?s={search_term_string}"},"query-input":{"@type":"PropertyValueSpecification","valueRequired":true,"valueName":"search_term_string"}}],"inLanguage":"es"},{"@type":"Person","@id":"https:\/\/quehacerpolitico.mx\/#\/schema\/person\/496d8ad2d1d3f8036101dca7ee39e585","name":"Redacci\u00f3n QP","image":{"@type":"ImageObject","inLanguage":"es","@id":"https:\/\/secure.gravatar.com\/avatar\/c7164ed6fdec453195284ad24a5ae5b6e1eed2b848477fa2a4787ba9adf39a41?s=96&d=mm&r=g","url":"https:\/\/secure.gravatar.com\/avatar\/c7164ed6fdec453195284ad24a5ae5b6e1eed2b848477fa2a4787ba9adf39a41?s=96&d=mm&r=g","contentUrl":"https:\/\/secure.gravatar.com\/avatar\/c7164ed6fdec453195284ad24a5ae5b6e1eed2b848477fa2a4787ba9adf39a41?s=96&d=mm&r=g","caption":"Redacci\u00f3n QP"},"url":"https:\/\/quehacerpolitico.mx\/?author=2"}]}},"featured_image_urls":{"full":"","thumbnail":"","medium":"","medium_large":"","large":"","1536x1536":"","2048x2048":"","covernews-featured":"","covernews-medium":""},"author_info":{"display_name":"Redacci\u00f3n QP","author_link":"https:\/\/quehacerpolitico.mx\/?author=2"},"category_info":"<a href=\"https:\/\/quehacerpolitico.mx\/?cat=2\" rel=\"category\">Noticias<\/a>","tag_info":"Noticias","comment_count":"0","_links":{"self":[{"href":"https:\/\/quehacerpolitico.mx\/index.php?rest_route=\/wp\/v2\/posts\/7446","targetHints":{"allow":["GET"]}}],"collection":[{"href":"https:\/\/quehacerpolitico.mx\/index.php?rest_route=\/wp\/v2\/posts"}],"about":[{"href":"https:\/\/quehacerpolitico.mx\/index.php?rest_route=\/wp\/v2\/types\/post"}],"author":[{"embeddable":true,"href":"https:\/\/quehacerpolitico.mx\/index.php?rest_route=\/wp\/v2\/users\/2"}],"replies":[{"embeddable":true,"href":"https:\/\/quehacerpolitico.mx\/index.php?rest_route=%2Fwp%2Fv2%2Fcomments&post=7446"}],"version-history":[{"count":0,"href":"https:\/\/quehacerpolitico.mx\/index.php?rest_route=\/wp\/v2\/posts\/7446\/revisions"}],"wp:featuredmedia":[{"embeddable":true,"href":"https:\/\/quehacerpolitico.mx\/index.php?rest_route=\/"}],"wp:attachment":[{"href":"https:\/\/quehacerpolitico.mx\/index.php?rest_route=%2Fwp%2Fv2%2Fmedia&parent=7446"}],"wp:term":[{"taxonomy":"category","embeddable":true,"href":"https:\/\/quehacerpolitico.mx\/index.php?rest_route=%2Fwp%2Fv2%2Fcategories&post=7446"},{"taxonomy":"post_tag","embeddable":true,"href":"https:\/\/quehacerpolitico.mx\/index.php?rest_route=%2Fwp%2Fv2%2Ftags&post=7446"}],"curies":[{"name":"wp","href":"https:\/\/api.w.org\/{rel}","templated":true}]}}