{"id":7444,"date":"2018-10-22T02:57:46","date_gmt":"2018-10-22T02:57:46","guid":{"rendered":"http:\/\/quehacerpolitico.mx\/la-sala-superior-del-tepjf-acepta-las-impugnaciones-de-barbosa-y-morena-para-anular-la-eleccion-en-puebla\/"},"modified":"2018-10-22T02:57:46","modified_gmt":"2018-10-22T02:57:46","slug":"la-sala-superior-del-tepjf-acepta-las-impugnaciones-de-barbosa-y-morena-para-anular-la-eleccion-en-puebla","status":"publish","type":"post","link":"https:\/\/quehacerpolitico.mx\/?p=7444","title":{"rendered":"La Sala Superior del TEPJF acepta las impugnaciones de Barbosa y Morena para anular la elecci\u00f3n en Puebla"},"content":{"rendered":"<h1>La Sala Superior del TEPJF acepta las impugnaciones de Barbosa y Morena para anular la elecci\u00f3n en Puebla<\/h1>\n<p>Por Redacci\u00f3n QP<\/p>\n<p>La Sala Superior del<strong> Tribunal Electoral del Poder Judicial de la Federaci\u00f3n (TEPJF)<\/strong> acept\u00f3 las <strong>impugnaciones<\/strong> presentadas por <strong>Miguel Barbosa Huerta<\/strong>, ex candidato a <strong>Gobernador de Puebla<\/strong>, y el partido <strong>Movimiento de Regeneraci\u00f3n Nacional (Morena)<\/strong>, en contra de la decisi\u00f3n del Tribunal Electoral de Puebla (TEEP) que ratific\u00f3 el triunfo de la panista Martha Erika Alonso y no anul\u00f3 la <strong>elecci\u00f3n<\/strong> del Gobierno estatal.<\/p>\n<p>Los juicios bajo los folios SUP-JDC-517\/2018 y SUP-JRC-204\/2018 fueron turnados al Magistrado Jos\u00e9 Luis Vargas Valdez para su an\u00e1lisis y aprobaci\u00f3n.<\/p>\n<p>El <strong>TEPJF<\/strong> tiene hasta el 14 de diciembre para resolver las <strong>impugnaciones<\/strong> y determinar si se ratifica el triunfo de <strong>Martha Erika Alonso<\/strong> o se<strong> anula la elecci\u00f3n<\/strong> por el <strong>presunto fraude<\/strong>que acus\u00f3 Barbosa Huerta. La fecha l\u00edmite es justo un d\u00eda antes de que la persona que ocupe el cargo de Gobernador tome protesta.<\/p>\n<p>Con estos recursos suman un total de tres inconformidades contra el resultado de la elecci\u00f3n, pues el activista Sergio Mastretta tambi\u00e9n present\u00f3 una impugnaci\u00f3n para que se anule la elecci\u00f3n a la gubernatura, bajo el argumento de que en su casilla se registraron actos violentos y por tal motivo no se pudo votar.<\/p>\n<p>Cabe recodar que el TEEP ratific\u00f3 a Martha Erika Alonso como Gobernadora electa luego de que desech\u00f3 la impugnaci\u00f3n presentada por Morena y su candidato Miguel Barbosa, en la que ped\u00edan la nulidad de la elecci\u00f3n.<\/p>\n<p>Tras esto, Martha Erika Alonso dej\u00f3 en claro que no le preocupaba la impugnaci\u00f3n que presentara Barbosa ante el TEPJF para anular la elecci\u00f3n a la Gubernatura de Puebla.<\/p>\n<p>Hasta el 14 de octubre el\u00a0TEPJF\u00a0hab\u00eda\u00a0 declarado la nulidad de la elecci\u00f3n\u00a0en\u00a0cinco municipios\u00a0de\u00a0Puebla.\u00a0Las sentencias fueron emitidas por los magistrados de la Sala Regional Ciudad de M\u00e9xico. Los\u00a0municipios\u00a0en donde se declar\u00f3 la nulidad son: Santa Clara Ocoyucan, Mazapiltepec de Ju\u00e1rez, Tepeojuma, Ca\u00f1ada Morelos y Ahuazotepec.<\/p>\n<p>Con Informaci\u00f3n de Peri\u00f3dico Central<\/p>\n","protected":false},"excerpt":{"rendered":"<p>La Sala Superior del TEPJF acepta las impugnaciones de Barbosa y Morena para anular la elecci\u00f3n en Puebla<br \/>\nPor Redacci\u00f3n QP<\/p>\n","protected":false},"author":2,"featured_media":7443,"comment_status":"open","ping_status":"open","sticky":false,"template":"","format":"standard","meta":{"_monsterinsights_skip_tracking":false,"_monsterinsights_sitenote_active":false,"_monsterinsights_sitenote_note":"","_monsterinsights_sitenote_category":0,"footnotes":""},"categories":[2],"tags":[],"class_list":["post-7444","post","type-post","status-publish","format-standard","has-post-thumbnail","hentry","category-noticias"],"yoast_head":"<!-- This site is optimized with the Yoast SEO plugin v27.3 - https:\/\/yoast.com\/product\/yoast-seo-wordpress\/ -->\n<title>La Sala Superior del TEPJF acepta las impugnaciones de Barbosa y Morena para anular la elecci\u00f3n en Puebla -<\/title>\n<meta name=\"robots\" content=\"index, follow, max-snippet:-1, max-image-preview:large, max-video-preview:-1\" \/>\n<link rel=\"canonical\" href=\"https:\/\/quehacerpolitico.mx\/?p=7444\" \/>\n<meta property=\"og:locale\" content=\"es_MX\" \/>\n<meta property=\"og:type\" content=\"article\" \/>\n<meta property=\"og:title\" content=\"La Sala Superior del TEPJF acepta las impugnaciones de Barbosa y Morena para anular la elecci\u00f3n en Puebla -\" \/>\n<meta property=\"og:description\" content=\"La Sala Superior del TEPJF acepta las impugnaciones de Barbosa y Morena para anular la elecci\u00f3n en Puebla Por Redacci\u00f3n QP\" \/>\n<meta property=\"og:url\" content=\"https:\/\/quehacerpolitico.mx\/?p=7444\" \/>\n<meta property=\"article:published_time\" content=\"2018-10-22T02:57:46+00:00\" \/>\n<meta name=\"author\" content=\"Redacci\u00f3n QP\" \/>\n<meta name=\"twitter:card\" content=\"summary_large_image\" \/>\n<meta name=\"twitter:label1\" content=\"Escrito por\" \/>\n\t<meta name=\"twitter:data1\" content=\"Redacci\u00f3n QP\" \/>\n\t<meta name=\"twitter:label2\" content=\"Tiempo de lectura\" \/>\n\t<meta name=\"twitter:data2\" content=\"2 minutos\" \/>\n<script type=\"application\/ld+json\" class=\"yoast-schema-graph\">{\"@context\":\"https:\\\/\\\/schema.org\",\"@graph\":[{\"@type\":\"Article\",\"@id\":\"https:\\\/\\\/quehacerpolitico.mx\\\/?p=7444#article\",\"isPartOf\":{\"@id\":\"https:\\\/\\\/quehacerpolitico.mx\\\/?p=7444\"},\"author\":{\"name\":\"Redacci\u00f3n QP\",\"@id\":\"https:\\\/\\\/quehacerpolitico.mx\\\/#\\\/schema\\\/person\\\/496d8ad2d1d3f8036101dca7ee39e585\"},\"headline\":\"La Sala Superior del TEPJF acepta las impugnaciones de Barbosa y Morena para anular la elecci\u00f3n en Puebla\",\"datePublished\":\"2018-10-22T02:57:46+00:00\",\"mainEntityOfPage\":{\"@id\":\"https:\\\/\\\/quehacerpolitico.mx\\\/?p=7444\"},\"wordCount\":381,\"commentCount\":0,\"image\":{\"@id\":\"https:\\\/\\\/quehacerpolitico.mx\\\/?p=7444#primaryimage\"},\"thumbnailUrl\":\"\",\"articleSection\":[\"Noticias\"],\"inLanguage\":\"es\",\"potentialAction\":[{\"@type\":\"CommentAction\",\"name\":\"Comment\",\"target\":[\"https:\\\/\\\/quehacerpolitico.mx\\\/?p=7444#respond\"]}]},{\"@type\":\"WebPage\",\"@id\":\"https:\\\/\\\/quehacerpolitico.mx\\\/?p=7444\",\"url\":\"https:\\\/\\\/quehacerpolitico.mx\\\/?p=7444\",\"name\":\"La Sala Superior del TEPJF acepta las impugnaciones de Barbosa y Morena para anular la elecci\u00f3n en Puebla -\",\"isPartOf\":{\"@id\":\"https:\\\/\\\/quehacerpolitico.mx\\\/#website\"},\"primaryImageOfPage\":{\"@id\":\"https:\\\/\\\/quehacerpolitico.mx\\\/?p=7444#primaryimage\"},\"image\":{\"@id\":\"https:\\\/\\\/quehacerpolitico.mx\\\/?p=7444#primaryimage\"},\"thumbnailUrl\":\"\",\"datePublished\":\"2018-10-22T02:57:46+00:00\",\"author\":{\"@id\":\"https:\\\/\\\/quehacerpolitico.mx\\\/#\\\/schema\\\/person\\\/496d8ad2d1d3f8036101dca7ee39e585\"},\"breadcrumb\":{\"@id\":\"https:\\\/\\\/quehacerpolitico.mx\\\/?p=7444#breadcrumb\"},\"inLanguage\":\"es\",\"potentialAction\":[{\"@type\":\"ReadAction\",\"target\":[\"https:\\\/\\\/quehacerpolitico.mx\\\/?p=7444\"]}]},{\"@type\":\"ImageObject\",\"inLanguage\":\"es\",\"@id\":\"https:\\\/\\\/quehacerpolitico.mx\\\/?p=7444#primaryimage\",\"url\":\"\",\"contentUrl\":\"\"},{\"@type\":\"BreadcrumbList\",\"@id\":\"https:\\\/\\\/quehacerpolitico.mx\\\/?p=7444#breadcrumb\",\"itemListElement\":[{\"@type\":\"ListItem\",\"position\":1,\"name\":\"Inicio\",\"item\":\"https:\\\/\\\/quehacerpolitico.mx\\\/\"},{\"@type\":\"ListItem\",\"position\":2,\"name\":\"La Sala Superior del TEPJF acepta las impugnaciones de Barbosa y Morena para anular la elecci\u00f3n en Puebla\"}]},{\"@type\":\"WebSite\",\"@id\":\"https:\\\/\\\/quehacerpolitico.mx\\\/#website\",\"url\":\"https:\\\/\\\/quehacerpolitico.mx\\\/\",\"name\":\"\",\"description\":\"\",\"potentialAction\":[{\"@type\":\"SearchAction\",\"target\":{\"@type\":\"EntryPoint\",\"urlTemplate\":\"https:\\\/\\\/quehacerpolitico.mx\\\/?s={search_term_string}\"},\"query-input\":{\"@type\":\"PropertyValueSpecification\",\"valueRequired\":true,\"valueName\":\"search_term_string\"}}],\"inLanguage\":\"es\"},{\"@type\":\"Person\",\"@id\":\"https:\\\/\\\/quehacerpolitico.mx\\\/#\\\/schema\\\/person\\\/496d8ad2d1d3f8036101dca7ee39e585\",\"name\":\"Redacci\u00f3n QP\",\"image\":{\"@type\":\"ImageObject\",\"inLanguage\":\"es\",\"@id\":\"https:\\\/\\\/secure.gravatar.com\\\/avatar\\\/c7164ed6fdec453195284ad24a5ae5b6e1eed2b848477fa2a4787ba9adf39a41?s=96&d=mm&r=g\",\"url\":\"https:\\\/\\\/secure.gravatar.com\\\/avatar\\\/c7164ed6fdec453195284ad24a5ae5b6e1eed2b848477fa2a4787ba9adf39a41?s=96&d=mm&r=g\",\"contentUrl\":\"https:\\\/\\\/secure.gravatar.com\\\/avatar\\\/c7164ed6fdec453195284ad24a5ae5b6e1eed2b848477fa2a4787ba9adf39a41?s=96&d=mm&r=g\",\"caption\":\"Redacci\u00f3n QP\"},\"url\":\"https:\\\/\\\/quehacerpolitico.mx\\\/?author=2\"}]}<\/script>\n<!-- \/ Yoast SEO plugin. -->","yoast_head_json":{"title":"La Sala Superior del TEPJF acepta las impugnaciones de Barbosa y Morena para anular la elecci\u00f3n en Puebla -","robots":{"index":"index","follow":"follow","max-snippet":"max-snippet:-1","max-image-preview":"max-image-preview:large","max-video-preview":"max-video-preview:-1"},"canonical":"https:\/\/quehacerpolitico.mx\/?p=7444","og_locale":"es_MX","og_type":"article","og_title":"La Sala Superior del TEPJF acepta las impugnaciones de Barbosa y Morena para anular la elecci\u00f3n en Puebla -","og_description":"La Sala Superior del TEPJF acepta las impugnaciones de Barbosa y Morena para anular la elecci\u00f3n en Puebla Por Redacci\u00f3n QP","og_url":"https:\/\/quehacerpolitico.mx\/?p=7444","article_published_time":"2018-10-22T02:57:46+00:00","author":"Redacci\u00f3n QP","twitter_card":"summary_large_image","twitter_misc":{"Escrito por":"Redacci\u00f3n QP","Tiempo de lectura":"2 minutos"},"schema":{"@context":"https:\/\/schema.org","@graph":[{"@type":"Article","@id":"https:\/\/quehacerpolitico.mx\/?p=7444#article","isPartOf":{"@id":"https:\/\/quehacerpolitico.mx\/?p=7444"},"author":{"name":"Redacci\u00f3n QP","@id":"https:\/\/quehacerpolitico.mx\/#\/schema\/person\/496d8ad2d1d3f8036101dca7ee39e585"},"headline":"La Sala Superior del TEPJF acepta las impugnaciones de Barbosa y Morena para anular la elecci\u00f3n en Puebla","datePublished":"2018-10-22T02:57:46+00:00","mainEntityOfPage":{"@id":"https:\/\/quehacerpolitico.mx\/?p=7444"},"wordCount":381,"commentCount":0,"image":{"@id":"https:\/\/quehacerpolitico.mx\/?p=7444#primaryimage"},"thumbnailUrl":"","articleSection":["Noticias"],"inLanguage":"es","potentialAction":[{"@type":"CommentAction","name":"Comment","target":["https:\/\/quehacerpolitico.mx\/?p=7444#respond"]}]},{"@type":"WebPage","@id":"https:\/\/quehacerpolitico.mx\/?p=7444","url":"https:\/\/quehacerpolitico.mx\/?p=7444","name":"La Sala Superior del TEPJF acepta las impugnaciones de Barbosa y Morena para anular la elecci\u00f3n en Puebla -","isPartOf":{"@id":"https:\/\/quehacerpolitico.mx\/#website"},"primaryImageOfPage":{"@id":"https:\/\/quehacerpolitico.mx\/?p=7444#primaryimage"},"image":{"@id":"https:\/\/quehacerpolitico.mx\/?p=7444#primaryimage"},"thumbnailUrl":"","datePublished":"2018-10-22T02:57:46+00:00","author":{"@id":"https:\/\/quehacerpolitico.mx\/#\/schema\/person\/496d8ad2d1d3f8036101dca7ee39e585"},"breadcrumb":{"@id":"https:\/\/quehacerpolitico.mx\/?p=7444#breadcrumb"},"inLanguage":"es","potentialAction":[{"@type":"ReadAction","target":["https:\/\/quehacerpolitico.mx\/?p=7444"]}]},{"@type":"ImageObject","inLanguage":"es","@id":"https:\/\/quehacerpolitico.mx\/?p=7444#primaryimage","url":"","contentUrl":""},{"@type":"BreadcrumbList","@id":"https:\/\/quehacerpolitico.mx\/?p=7444#breadcrumb","itemListElement":[{"@type":"ListItem","position":1,"name":"Inicio","item":"https:\/\/quehacerpolitico.mx\/"},{"@type":"ListItem","position":2,"name":"La Sala Superior del TEPJF acepta las impugnaciones de Barbosa y Morena para anular la elecci\u00f3n en Puebla"}]},{"@type":"WebSite","@id":"https:\/\/quehacerpolitico.mx\/#website","url":"https:\/\/quehacerpolitico.mx\/","name":"","description":"","potentialAction":[{"@type":"SearchAction","target":{"@type":"EntryPoint","urlTemplate":"https:\/\/quehacerpolitico.mx\/?s={search_term_string}"},"query-input":{"@type":"PropertyValueSpecification","valueRequired":true,"valueName":"search_term_string"}}],"inLanguage":"es"},{"@type":"Person","@id":"https:\/\/quehacerpolitico.mx\/#\/schema\/person\/496d8ad2d1d3f8036101dca7ee39e585","name":"Redacci\u00f3n QP","image":{"@type":"ImageObject","inLanguage":"es","@id":"https:\/\/secure.gravatar.com\/avatar\/c7164ed6fdec453195284ad24a5ae5b6e1eed2b848477fa2a4787ba9adf39a41?s=96&d=mm&r=g","url":"https:\/\/secure.gravatar.com\/avatar\/c7164ed6fdec453195284ad24a5ae5b6e1eed2b848477fa2a4787ba9adf39a41?s=96&d=mm&r=g","contentUrl":"https:\/\/secure.gravatar.com\/avatar\/c7164ed6fdec453195284ad24a5ae5b6e1eed2b848477fa2a4787ba9adf39a41?s=96&d=mm&r=g","caption":"Redacci\u00f3n QP"},"url":"https:\/\/quehacerpolitico.mx\/?author=2"}]}},"featured_image_urls":{"full":"","thumbnail":"","medium":"","medium_large":"","large":"","1536x1536":"","2048x2048":"","covernews-featured":"","covernews-medium":""},"author_info":{"display_name":"Redacci\u00f3n QP","author_link":"https:\/\/quehacerpolitico.mx\/?author=2"},"category_info":"<a href=\"https:\/\/quehacerpolitico.mx\/?cat=2\" rel=\"category\">Noticias<\/a>","tag_info":"Noticias","comment_count":"0","_links":{"self":[{"href":"https:\/\/quehacerpolitico.mx\/index.php?rest_route=\/wp\/v2\/posts\/7444","targetHints":{"allow":["GET"]}}],"collection":[{"href":"https:\/\/quehacerpolitico.mx\/index.php?rest_route=\/wp\/v2\/posts"}],"about":[{"href":"https:\/\/quehacerpolitico.mx\/index.php?rest_route=\/wp\/v2\/types\/post"}],"author":[{"embeddable":true,"href":"https:\/\/quehacerpolitico.mx\/index.php?rest_route=\/wp\/v2\/users\/2"}],"replies":[{"embeddable":true,"href":"https:\/\/quehacerpolitico.mx\/index.php?rest_route=%2Fwp%2Fv2%2Fcomments&post=7444"}],"version-history":[{"count":0,"href":"https:\/\/quehacerpolitico.mx\/index.php?rest_route=\/wp\/v2\/posts\/7444\/revisions"}],"wp:featuredmedia":[{"embeddable":true,"href":"https:\/\/quehacerpolitico.mx\/index.php?rest_route=\/"}],"wp:attachment":[{"href":"https:\/\/quehacerpolitico.mx\/index.php?rest_route=%2Fwp%2Fv2%2Fmedia&parent=7444"}],"wp:term":[{"taxonomy":"category","embeddable":true,"href":"https:\/\/quehacerpolitico.mx\/index.php?rest_route=%2Fwp%2Fv2%2Fcategories&post=7444"},{"taxonomy":"post_tag","embeddable":true,"href":"https:\/\/quehacerpolitico.mx\/index.php?rest_route=%2Fwp%2Fv2%2Ftags&post=7444"}],"curies":[{"name":"wp","href":"https:\/\/api.w.org\/{rel}","templated":true}]}}