{"id":7440,"date":"2018-10-22T02:44:05","date_gmt":"2018-10-22T02:44:05","guid":{"rendered":"http:\/\/quehacerpolitico.mx\/amlo-ofrece-empleos-al-sureste-y-centroamerica-e-insiste-a-eu-y-a-canada-los-necesitados-migran\/"},"modified":"2018-10-22T02:44:05","modified_gmt":"2018-10-22T02:44:05","slug":"amlo-ofrece-empleos-al-sureste-y-centroamerica-e-insiste-a-eu-y-a-canada-los-necesitados-migran","status":"publish","type":"post","link":"https:\/\/quehacerpolitico.mx\/?p=7440","title":{"rendered":"AMLO ofrece empleos al sureste y Centroam\u00e9rica e insiste a EU y a Canad\u00e1: los necesitados migran"},"content":{"rendered":"<h1>AMLO ofrece empleos al sureste y Centroam\u00e9rica e insiste a EU y a Canad\u00e1: los necesitados migran<\/h1>\n<p>Por Redacci\u00f3n QP<\/p>\n<p>El <strong>Presidente electo<\/strong> de M\u00e9xico, <strong>Andr\u00e9s Manuel L\u00f3pez Obrador<\/strong>, anunci\u00f3 que pidi\u00f3 al Gobernador de <strong>Chiapas<\/strong>, Manuel Velasco Coello, y al mandatario electo, Rutilio Escand\u00f3n, que est\u00e9n pendientes de que se garanticen los derechos humanos de la <strong>Caravana Hondure\u00f1a<\/strong>, que se les garantice d\u00f3nde dormir. Reiter\u00f3 que ofrecer\u00e1 visas de trabajo a los <strong>centroamericanos<\/strong> y destac\u00f3 que \u201cdonde comen uno, comen dos\u201d.<\/p>\n<blockquote>\n<p>\u201c[A los migrantes] Decirles que cuentan con nosotros. Yo ofrec\u00ed a los centroamericanos pobres que salen de su pa\u00eds porque no tienen opciones, ofrec\u00ed visas de trabajo. \u00bfPor qu\u00e9 ofrezco eso?, porque va a haber trabajo para los mexicanos y para los centroamericanos en nuestra patria, en nuestro pa\u00eds\u201d, dijo el Presidente electo durante un mitin en Tuxtla Guti\u00e9rrez, mientras la Caravana avanza en otro punto de Chiapas con rumbo a Tapachula.<\/p>\n<\/blockquote>\n<p>El Presidente electo recalc\u00f3 que \u201cva a haber trabajo para nosotros y para los que necesiten de nosotros que vengan de otras partes\u201d.<\/p>\n<p>\u201c\u00bfQu\u00e9 decimos en las familias? Que donde comen uno, comen dos. Eso es lo que vamos a llevar a cabo, esa solidaridad\u201d, dijo ante sus simpatizantes.<\/p>\n<p>Andr\u00e9s Manuel asegur\u00f3 que continuar\u00e1 insistiendo con el Gobierno de Estados Unidos para que apoyo el programa de desarrollo para el sureste de M\u00e9xico y los pa\u00edses de Centroam\u00e9rica.<\/p>\n<blockquote>\n<p>\u201cTambi\u00e9n estoy planteando a Trump que se pueda llevar a cabo un acuerdo para que Canad\u00e1, EU y M\u00e9xico inviertan en el desarrollo del sureste y de los pa\u00edses centroamericanos. Estamos dispuestos a destinar recursos a ese plan, que hagan lo mismo los estadounidenses y los canadienses\u201d, dijo.<\/p>\n<p>\u201cEso es lo que ya estamos planteando al Gobierno de EU. Voy a seguir insistiendo en este tema. Porque si hay crecimiento econ\u00f3mico en Guatemala, Hondura, El Salvador, en Chiapas, en Tabasco, en Oaxaca, no va a haber fen\u00f3meno migratorio. No se puede estar enfrentado este problema s\u00f3lo con el uso de la fuerza, hay que garantizar los derechos humanos. El principal derecho es el derecho a la vida, de salir a buscar a mitigar el hambre\u201d, a\u00f1adi\u00f3.<\/p>\n<\/blockquote>\n<p>Recalc\u00f3 que \u201cel que sale de su pueblo no sale por gusto, sale por necesidad y si hay producci\u00f3n y trabajo en los pueblos se va a aminorar el fen\u00f3meno migratorio\u201d.<\/p>\n<div class=\"ad_center ad-in-content\">\u00a0<\/div>\n<p>El Presidente electo dijo que es un derecho salir a buscar ganarse la vida.<\/p>\n<div id=\"attachment_3487251\" class=\"wp-caption alignnone\"><img loading=\"lazy\" decoding=\"async\" class=\"size-full wp-image-3487251\" src=\"http:\/\/www.sinembargo.mx\/wp-content\/uploads\/2018\/10\/caravana8.jpg\" sizes=\"auto, (max-width: 700px) 100vw, 700px\" srcset=\"http:\/\/www.sinembargo.mx\/wp-content\/uploads\/2018\/10\/caravana8.jpg 700w, http:\/\/www.sinembargo.mx\/wp-content\/uploads\/2018\/10\/caravana8-300x182.jpg 300w\" alt=\"\" width=\"700\" height=\"424\" \/><\/p>\n<p class=\"wp-caption-text\">Los migrantes se dirigen a Tapachula donde han anunciado que pasar\u00e1n la noche. Foto: AP<\/p>\n<\/div>\n<p>\u201cEstoy pidiendo al Gobernador constitucional y al Gobernador electo que est\u00e9n muy pendientes para que se proteja a los migrantes, que se les garantice que van a tener d\u00f3nde dormir, sobre todo que van a tener protecci\u00f3n las familias, las mujeres, los ni\u00f1os\u201d, inform\u00f3.<\/p>\n<p>Pidi\u00f3 que no se maltrate a los migrantes a su paso por M\u00e9xico pues dijo que no quiere que pasen lo que algunos mexicanos sufren en su intento por llegar a Estados Unidos.<\/p>\n<blockquote>\n<p>\u201cNada de mal trato con los migrantes centroamericanos, no queremos que ellos sufran lo que padecen nuestros compatriotas cuando se ven en la necesidad de ir a EU\u201d, dijo.<\/p>\n<\/blockquote>\n<p>Horas antes, en su vuelo de la Ciudad de M\u00e9xico a esa entidad, L\u00f3pez Obrador reiter\u00f3 su llamado a respetar los derechos humanos de los migrantes que integran la <strong>Caravana Hondure\u00f1a<\/strong>. Tambi\u00e9n alert\u00f3 que entre m\u00e1s tiempo se pase sin atender el problema de fondo en los pa\u00edses centroamericanos \u201cm\u00e1s se van a complicar las cosas\u201d.<\/p>\n<p>Cuestionado sobre el actuar del Presidente Enrique Pe\u00f1a Nieto ante la llegada de miles de migrantes a M\u00e9xico, L\u00f3pez Obrador dijo que no lo criticar\u00eda pero insisti\u00f3 en que se deben respetar los derechos humanos, sobre todo de los ni\u00f1os.<\/p>\n<blockquote>\n<p>\u201cNo voy a juzgarlo, yo lo \u00fanico que creo es que como est\u00e1n las cosas tiene que haber protecci\u00f3n a los derechos humanos, sobre todo a las familias, a los ni\u00f1os, a todos\u201d, destac\u00f3.<\/p>\n<p>\u201cEl principal de los derechos humanos es el derecho a la vida, est\u00e1 por encima de cualquier consideraci\u00f3n legal, jur\u00eddica, esto va a m\u00e1s all\u00e1 de las fronteras\u201d, indic\u00f3.<\/p>\n<\/blockquote>\n<p>Los miles de migrantes hondure\u00f1os que aguardaban desde el pasado viernes en la frontera de M\u00e9xico reanudaron durante las primeras horas de la ma\u00f1ana de este domingo su camino hacia Estados Unidos despu\u00e9s de ingresar, la mayor\u00eda, a trav\u00e9s del r\u00edo Suchiate en balsas o nadando.<\/p>\n<p>Desde la noche de este s\u00e1bado, la mayor\u00eda de los migrantes\u00a0ya pernoctaba en territorio mexicano en el parque de Ciudad Hidalgo, en Chiapas.<\/p>\n<p><strong>REUNI\u00d3N CON LA SEDENA<\/strong><\/p>\n<p>El Presidente electo tambi\u00e9n anunci\u00f3 que se reunir\u00e1 ma\u00f1ana con el titular de la Secretar\u00eda de la Defensa Nacional (<strong>Sedena<\/strong>), <strong>Salvador Cienfuegos<\/strong> Zepeda. No dio m\u00e1s detalles sobre el encuentro pues detall\u00f3 que ser\u00e1 privado.<\/p>\n<blockquote class=\"twitter-tweet\" data-width=\"550\" data-dnt=\"true\">\n<p lang=\"es\" dir=\"ltr\">\ud83d\udcf9 <a href=\"https:\/\/twitter.com\/lopezobrador_?ref_src=twsrc%5Etfw\">@lopezobrador_<\/a> a\u00f1adi\u00f3 que esta misma semana tambi\u00e9n se reunir\u00e1 con el secretario de Marina, Armada de M\u00e9xico, Vidal Sober\u00f3n Saenz <a href=\"https:\/\/t.co\/gekZWrwZO8\">pic.twitter.com\/gekZWrwZO8<\/a><\/p>\n<p>&mdash; Once Noticias (@OnceNoticiasTV) <a href=\"https:\/\/twitter.com\/OnceNoticiasTV\/status\/1054041115815485442?ref_src=twsrc%5Etfw\">October 21, 2018<\/a><\/p><\/blockquote>\n<p><script async src=\"https:\/\/platform.twitter.com\/widgets.js\" charset=\"utf-8\"><\/script><\/p>\n<p>Tambi\u00e9n dijo que esta semana sostendr\u00e1 una reuni\u00f3n con el titular de la Marina, Vidal Sober\u00f3n.<\/p>\n<p>Reiter\u00f3 que al terminar este mes dar\u00e1 a conocer los nombramientos de\u00a0 los pr\u00f3ximos titulares de las secretar\u00edas de Marina y de la Defensa\u00a0 Nacional, as\u00ed como el Plan de Seguridad que implementar\u00e1 a nivel\u00a0 nacional.<\/p>\n<div id=\"attachment_3487330\" class=\"wp-caption alignnone\"><img loading=\"lazy\" decoding=\"async\" class=\"size-full wp-image-3487330\" src=\"http:\/\/www.sinembargo.mx\/wp-content\/uploads\/2018\/10\/amlo-chiapas1.jpeg\" sizes=\"auto, (max-width: 700px) 100vw, 700px\" srcset=\"http:\/\/www.sinembargo.mx\/wp-content\/uploads\/2018\/10\/amlo-chiapas1.jpeg 700w, http:\/\/www.sinembargo.mx\/wp-content\/uploads\/2018\/10\/amlo-chiapas1-300x214.jpeg 300w\" alt=\"\" width=\"700\" height=\"500\" \/><\/p>\n<p class=\"wp-caption-text\">AMLO se reuni\u00f3 esta ma\u00f1ana con el Gobernador de Chiapas, Manuel Velasco; y el mandatario electo,<\/p>\n<\/div>\n<p><strong>ANUNCIA INVERSI\u00d3N PARA CHIAPAS<\/strong><\/p>\n<p>El Presidente electo Andr\u00e9s Manuel L\u00f3pez Obrador anunci\u00f3 este d\u00eda una inversi\u00f3n de 32 mil millones de pesos para el estado de Chiapas.<\/p>\n<blockquote>\n<p>\u201cDesde el inicio del pr\u00f3ximo gobierno vamos a llevar a cabo un programa por el bienestar de los chiapanecos\u201d.<\/p>\n<\/blockquote>\n<p>L\u00f3pez Obrador dijo que 183 mil j\u00f3venes van a ser contratados, van a trabajar como aprendices y se les va a pagar un sueldo. Adem\u00e1s, se van a crear seis universidades p\u00fablicas, en seis municipios.<\/p>\n<p>\u201cQuien se quiera ir del estado, que se vaya por gusto, no por necesidad\u201d.<\/p>\n<p>El Presidente tambi\u00e9n se refiri\u00f3 a los damnificados por los sismos de septiembre de 2017 que dejaron a cientos de personas sin hogar y a miles de damnificados\u201d.<\/p>\n<p>\u201cHay quienes todav\u00eda est\u00e1n viviendo a la intemperie o con familiares. Vamos a apoyar a los damnificados vamos a invertir 2 mil millones de pesos para apoyar a los damnificados.<\/p>\n<p>En tanto, el Gobernador Manuel Velasco indic\u00f3 que el Tren Maya es el proyecto de infraestructura m\u00e1s importante del sureste del pa\u00eds pues beneficiar\u00e1 a toda la regi\u00f3n.<\/p>\n<p>En un encuentro realizado con empresarios y representantes de la sociedad, el Gobernador indic\u00f3 que m\u00e1s del 80 por ciento de los chiapanecos apoyan al Tren Maya, pues generar\u00e1 empleo en el estado.<\/p>\n<p>Velasco dijo que su gobierno ha respetado los derechos humanos de los migrantes que llegan a Chiapas y asegur\u00f3 que todos los mexicanos debemos entender que debemos procurar el respeto los derechos humanos de los migrantes para as\u00ed poder exigir respeto por los connacionales que se encuentran en Estados Unidos.<\/p>\n","protected":false},"excerpt":{"rendered":"<p>AMLO ofrece empleos al sureste y Centroam\u00e9rica e insiste a EU y a Canad\u00e1: los necesitados migran<br \/>\nPor Redacci\u00f3n QP<\/p>\n","protected":false},"author":2,"featured_media":7439,"comment_status":"open","ping_status":"open","sticky":false,"template":"","format":"standard","meta":{"_monsterinsights_skip_tracking":false,"_monsterinsights_sitenote_active":false,"_monsterinsights_sitenote_note":"","_monsterinsights_sitenote_category":0,"footnotes":""},"categories":[2],"tags":[],"class_list":["post-7440","post","type-post","status-publish","format-standard","has-post-thumbnail","hentry","category-noticias"],"yoast_head":"<!-- This site is optimized with the Yoast SEO plugin v27.3 - https:\/\/yoast.com\/product\/yoast-seo-wordpress\/ -->\n<title>AMLO ofrece empleos al sureste y Centroam\u00e9rica e insiste a EU y a Canad\u00e1: los necesitados migran -<\/title>\n<meta name=\"robots\" content=\"index, follow, max-snippet:-1, max-image-preview:large, max-video-preview:-1\" \/>\n<link rel=\"canonical\" href=\"https:\/\/quehacerpolitico.mx\/?p=7440\" \/>\n<meta property=\"og:locale\" content=\"es_MX\" \/>\n<meta property=\"og:type\" content=\"article\" \/>\n<meta property=\"og:title\" content=\"AMLO ofrece empleos al sureste y Centroam\u00e9rica e insiste a EU y a Canad\u00e1: los necesitados migran -\" \/>\n<meta property=\"og:description\" content=\"AMLO ofrece empleos al sureste y Centroam\u00e9rica e insiste a EU y a Canad\u00e1: los necesitados migran Por Redacci\u00f3n QP\" \/>\n<meta property=\"og:url\" content=\"https:\/\/quehacerpolitico.mx\/?p=7440\" \/>\n<meta property=\"article:published_time\" content=\"2018-10-22T02:44:05+00:00\" \/>\n<meta name=\"author\" content=\"Redacci\u00f3n QP\" \/>\n<meta name=\"twitter:card\" content=\"summary_large_image\" \/>\n<meta name=\"twitter:label1\" content=\"Escrito por\" \/>\n\t<meta name=\"twitter:data1\" content=\"Redacci\u00f3n QP\" \/>\n\t<meta name=\"twitter:label2\" content=\"Tiempo de lectura\" \/>\n\t<meta name=\"twitter:data2\" content=\"6 minutos\" \/>\n<script type=\"application\/ld+json\" class=\"yoast-schema-graph\">{\"@context\":\"https:\\\/\\\/schema.org\",\"@graph\":[{\"@type\":\"Article\",\"@id\":\"https:\\\/\\\/quehacerpolitico.mx\\\/?p=7440#article\",\"isPartOf\":{\"@id\":\"https:\\\/\\\/quehacerpolitico.mx\\\/?p=7440\"},\"author\":{\"name\":\"Redacci\u00f3n QP\",\"@id\":\"https:\\\/\\\/quehacerpolitico.mx\\\/#\\\/schema\\\/person\\\/496d8ad2d1d3f8036101dca7ee39e585\"},\"headline\":\"AMLO ofrece empleos al sureste y Centroam\u00e9rica e insiste a EU y a Canad\u00e1: los necesitados migran\",\"datePublished\":\"2018-10-22T02:44:05+00:00\",\"mainEntityOfPage\":{\"@id\":\"https:\\\/\\\/quehacerpolitico.mx\\\/?p=7440\"},\"wordCount\":1229,\"commentCount\":0,\"image\":{\"@id\":\"https:\\\/\\\/quehacerpolitico.mx\\\/?p=7440#primaryimage\"},\"thumbnailUrl\":\"\",\"articleSection\":[\"Noticias\"],\"inLanguage\":\"es\",\"potentialAction\":[{\"@type\":\"CommentAction\",\"name\":\"Comment\",\"target\":[\"https:\\\/\\\/quehacerpolitico.mx\\\/?p=7440#respond\"]}]},{\"@type\":\"WebPage\",\"@id\":\"https:\\\/\\\/quehacerpolitico.mx\\\/?p=7440\",\"url\":\"https:\\\/\\\/quehacerpolitico.mx\\\/?p=7440\",\"name\":\"AMLO ofrece empleos al sureste y Centroam\u00e9rica e insiste a EU y a Canad\u00e1: los necesitados migran -\",\"isPartOf\":{\"@id\":\"https:\\\/\\\/quehacerpolitico.mx\\\/#website\"},\"primaryImageOfPage\":{\"@id\":\"https:\\\/\\\/quehacerpolitico.mx\\\/?p=7440#primaryimage\"},\"image\":{\"@id\":\"https:\\\/\\\/quehacerpolitico.mx\\\/?p=7440#primaryimage\"},\"thumbnailUrl\":\"\",\"datePublished\":\"2018-10-22T02:44:05+00:00\",\"author\":{\"@id\":\"https:\\\/\\\/quehacerpolitico.mx\\\/#\\\/schema\\\/person\\\/496d8ad2d1d3f8036101dca7ee39e585\"},\"breadcrumb\":{\"@id\":\"https:\\\/\\\/quehacerpolitico.mx\\\/?p=7440#breadcrumb\"},\"inLanguage\":\"es\",\"potentialAction\":[{\"@type\":\"ReadAction\",\"target\":[\"https:\\\/\\\/quehacerpolitico.mx\\\/?p=7440\"]}]},{\"@type\":\"ImageObject\",\"inLanguage\":\"es\",\"@id\":\"https:\\\/\\\/quehacerpolitico.mx\\\/?p=7440#primaryimage\",\"url\":\"\",\"contentUrl\":\"\"},{\"@type\":\"BreadcrumbList\",\"@id\":\"https:\\\/\\\/quehacerpolitico.mx\\\/?p=7440#breadcrumb\",\"itemListElement\":[{\"@type\":\"ListItem\",\"position\":1,\"name\":\"Inicio\",\"item\":\"https:\\\/\\\/quehacerpolitico.mx\\\/\"},{\"@type\":\"ListItem\",\"position\":2,\"name\":\"AMLO ofrece empleos al sureste y Centroam\u00e9rica e insiste a EU y a Canad\u00e1: los necesitados migran\"}]},{\"@type\":\"WebSite\",\"@id\":\"https:\\\/\\\/quehacerpolitico.mx\\\/#website\",\"url\":\"https:\\\/\\\/quehacerpolitico.mx\\\/\",\"name\":\"\",\"description\":\"\",\"potentialAction\":[{\"@type\":\"SearchAction\",\"target\":{\"@type\":\"EntryPoint\",\"urlTemplate\":\"https:\\\/\\\/quehacerpolitico.mx\\\/?s={search_term_string}\"},\"query-input\":{\"@type\":\"PropertyValueSpecification\",\"valueRequired\":true,\"valueName\":\"search_term_string\"}}],\"inLanguage\":\"es\"},{\"@type\":\"Person\",\"@id\":\"https:\\\/\\\/quehacerpolitico.mx\\\/#\\\/schema\\\/person\\\/496d8ad2d1d3f8036101dca7ee39e585\",\"name\":\"Redacci\u00f3n QP\",\"image\":{\"@type\":\"ImageObject\",\"inLanguage\":\"es\",\"@id\":\"https:\\\/\\\/secure.gravatar.com\\\/avatar\\\/c7164ed6fdec453195284ad24a5ae5b6e1eed2b848477fa2a4787ba9adf39a41?s=96&d=mm&r=g\",\"url\":\"https:\\\/\\\/secure.gravatar.com\\\/avatar\\\/c7164ed6fdec453195284ad24a5ae5b6e1eed2b848477fa2a4787ba9adf39a41?s=96&d=mm&r=g\",\"contentUrl\":\"https:\\\/\\\/secure.gravatar.com\\\/avatar\\\/c7164ed6fdec453195284ad24a5ae5b6e1eed2b848477fa2a4787ba9adf39a41?s=96&d=mm&r=g\",\"caption\":\"Redacci\u00f3n QP\"},\"url\":\"https:\\\/\\\/quehacerpolitico.mx\\\/?author=2\"}]}<\/script>\n<!-- \/ Yoast SEO plugin. -->","yoast_head_json":{"title":"AMLO ofrece empleos al sureste y Centroam\u00e9rica e insiste a EU y a Canad\u00e1: los necesitados migran -","robots":{"index":"index","follow":"follow","max-snippet":"max-snippet:-1","max-image-preview":"max-image-preview:large","max-video-preview":"max-video-preview:-1"},"canonical":"https:\/\/quehacerpolitico.mx\/?p=7440","og_locale":"es_MX","og_type":"article","og_title":"AMLO ofrece empleos al sureste y Centroam\u00e9rica e insiste a EU y a Canad\u00e1: los necesitados migran -","og_description":"AMLO ofrece empleos al sureste y Centroam\u00e9rica e insiste a EU y a Canad\u00e1: los necesitados migran Por Redacci\u00f3n QP","og_url":"https:\/\/quehacerpolitico.mx\/?p=7440","article_published_time":"2018-10-22T02:44:05+00:00","author":"Redacci\u00f3n QP","twitter_card":"summary_large_image","twitter_misc":{"Escrito por":"Redacci\u00f3n QP","Tiempo de lectura":"6 minutos"},"schema":{"@context":"https:\/\/schema.org","@graph":[{"@type":"Article","@id":"https:\/\/quehacerpolitico.mx\/?p=7440#article","isPartOf":{"@id":"https:\/\/quehacerpolitico.mx\/?p=7440"},"author":{"name":"Redacci\u00f3n QP","@id":"https:\/\/quehacerpolitico.mx\/#\/schema\/person\/496d8ad2d1d3f8036101dca7ee39e585"},"headline":"AMLO ofrece empleos al sureste y Centroam\u00e9rica e insiste a EU y a Canad\u00e1: los necesitados migran","datePublished":"2018-10-22T02:44:05+00:00","mainEntityOfPage":{"@id":"https:\/\/quehacerpolitico.mx\/?p=7440"},"wordCount":1229,"commentCount":0,"image":{"@id":"https:\/\/quehacerpolitico.mx\/?p=7440#primaryimage"},"thumbnailUrl":"","articleSection":["Noticias"],"inLanguage":"es","potentialAction":[{"@type":"CommentAction","name":"Comment","target":["https:\/\/quehacerpolitico.mx\/?p=7440#respond"]}]},{"@type":"WebPage","@id":"https:\/\/quehacerpolitico.mx\/?p=7440","url":"https:\/\/quehacerpolitico.mx\/?p=7440","name":"AMLO ofrece empleos al sureste y Centroam\u00e9rica e insiste a EU y a Canad\u00e1: los necesitados migran -","isPartOf":{"@id":"https:\/\/quehacerpolitico.mx\/#website"},"primaryImageOfPage":{"@id":"https:\/\/quehacerpolitico.mx\/?p=7440#primaryimage"},"image":{"@id":"https:\/\/quehacerpolitico.mx\/?p=7440#primaryimage"},"thumbnailUrl":"","datePublished":"2018-10-22T02:44:05+00:00","author":{"@id":"https:\/\/quehacerpolitico.mx\/#\/schema\/person\/496d8ad2d1d3f8036101dca7ee39e585"},"breadcrumb":{"@id":"https:\/\/quehacerpolitico.mx\/?p=7440#breadcrumb"},"inLanguage":"es","potentialAction":[{"@type":"ReadAction","target":["https:\/\/quehacerpolitico.mx\/?p=7440"]}]},{"@type":"ImageObject","inLanguage":"es","@id":"https:\/\/quehacerpolitico.mx\/?p=7440#primaryimage","url":"","contentUrl":""},{"@type":"BreadcrumbList","@id":"https:\/\/quehacerpolitico.mx\/?p=7440#breadcrumb","itemListElement":[{"@type":"ListItem","position":1,"name":"Inicio","item":"https:\/\/quehacerpolitico.mx\/"},{"@type":"ListItem","position":2,"name":"AMLO ofrece empleos al sureste y Centroam\u00e9rica e insiste a EU y a Canad\u00e1: los necesitados migran"}]},{"@type":"WebSite","@id":"https:\/\/quehacerpolitico.mx\/#website","url":"https:\/\/quehacerpolitico.mx\/","name":"","description":"","potentialAction":[{"@type":"SearchAction","target":{"@type":"EntryPoint","urlTemplate":"https:\/\/quehacerpolitico.mx\/?s={search_term_string}"},"query-input":{"@type":"PropertyValueSpecification","valueRequired":true,"valueName":"search_term_string"}}],"inLanguage":"es"},{"@type":"Person","@id":"https:\/\/quehacerpolitico.mx\/#\/schema\/person\/496d8ad2d1d3f8036101dca7ee39e585","name":"Redacci\u00f3n QP","image":{"@type":"ImageObject","inLanguage":"es","@id":"https:\/\/secure.gravatar.com\/avatar\/c7164ed6fdec453195284ad24a5ae5b6e1eed2b848477fa2a4787ba9adf39a41?s=96&d=mm&r=g","url":"https:\/\/secure.gravatar.com\/avatar\/c7164ed6fdec453195284ad24a5ae5b6e1eed2b848477fa2a4787ba9adf39a41?s=96&d=mm&r=g","contentUrl":"https:\/\/secure.gravatar.com\/avatar\/c7164ed6fdec453195284ad24a5ae5b6e1eed2b848477fa2a4787ba9adf39a41?s=96&d=mm&r=g","caption":"Redacci\u00f3n QP"},"url":"https:\/\/quehacerpolitico.mx\/?author=2"}]}},"featured_image_urls":{"full":"","thumbnail":"","medium":"","medium_large":"","large":"","1536x1536":"","2048x2048":"","covernews-featured":"","covernews-medium":""},"author_info":{"display_name":"Redacci\u00f3n QP","author_link":"https:\/\/quehacerpolitico.mx\/?author=2"},"category_info":"<a href=\"https:\/\/quehacerpolitico.mx\/?cat=2\" rel=\"category\">Noticias<\/a>","tag_info":"Noticias","comment_count":"0","_links":{"self":[{"href":"https:\/\/quehacerpolitico.mx\/index.php?rest_route=\/wp\/v2\/posts\/7440","targetHints":{"allow":["GET"]}}],"collection":[{"href":"https:\/\/quehacerpolitico.mx\/index.php?rest_route=\/wp\/v2\/posts"}],"about":[{"href":"https:\/\/quehacerpolitico.mx\/index.php?rest_route=\/wp\/v2\/types\/post"}],"author":[{"embeddable":true,"href":"https:\/\/quehacerpolitico.mx\/index.php?rest_route=\/wp\/v2\/users\/2"}],"replies":[{"embeddable":true,"href":"https:\/\/quehacerpolitico.mx\/index.php?rest_route=%2Fwp%2Fv2%2Fcomments&post=7440"}],"version-history":[{"count":0,"href":"https:\/\/quehacerpolitico.mx\/index.php?rest_route=\/wp\/v2\/posts\/7440\/revisions"}],"wp:featuredmedia":[{"embeddable":true,"href":"https:\/\/quehacerpolitico.mx\/index.php?rest_route=\/"}],"wp:attachment":[{"href":"https:\/\/quehacerpolitico.mx\/index.php?rest_route=%2Fwp%2Fv2%2Fmedia&parent=7440"}],"wp:term":[{"taxonomy":"category","embeddable":true,"href":"https:\/\/quehacerpolitico.mx\/index.php?rest_route=%2Fwp%2Fv2%2Fcategories&post=7440"},{"taxonomy":"post_tag","embeddable":true,"href":"https:\/\/quehacerpolitico.mx\/index.php?rest_route=%2Fwp%2Fv2%2Ftags&post=7440"}],"curies":[{"name":"wp","href":"https:\/\/api.w.org\/{rel}","templated":true}]}}