{"id":7430,"date":"2018-10-22T02:07:31","date_gmt":"2018-10-22T02:07:31","guid":{"rendered":"http:\/\/quehacerpolitico.mx\/los-primeros-contingentes-de-la-caravana-arriban-a-tapachula-chiapanecos-se-solidarizan-con-migrantes\/"},"modified":"2018-10-22T02:07:31","modified_gmt":"2018-10-22T02:07:31","slug":"los-primeros-contingentes-de-la-caravana-arriban-a-tapachula-chiapanecos-se-solidarizan-con-migrantes","status":"publish","type":"post","link":"https:\/\/quehacerpolitico.mx\/?p=7430","title":{"rendered":"Los primeros contingentes de la Caravana arriban a Tapachula; chiapanecos se solidarizan con migrantes"},"content":{"rendered":"<h1>Los primeros contingentes de la Caravana arriban a Tapachula; chiapanecos se solidarizan con migrantes<\/h1>\n<p>Por Redacci\u00f3n QP<\/p>\n<p>Los primeros integrantes de la <strong>Caravana<\/strong> de <strong>migrantes<\/strong> <strong>hondure\u00f1os<\/strong> que se dirige a la frontera con Estados Unidos, comenzaron a llegar a la ciudad de <strong>Tapachula<\/strong>, en Chiapas, entre exhortos de las autoridades de migraci\u00f3n para regularizar su estatus legal. En su camino, los miles de <strong>centroamericanos<\/strong> han recibido muestras de solidaridad de los chiapanecos que han salido a la carretera a entregar agua, a prestar sus autos para alivianar el paso de los migrantes, e incluso algunos han acompa\u00f1ado con m\u00fasica a la <strong>Caravana<\/strong>.<\/p>\n<p>La caminata de migrantes se extiende por varios cientos de metros por la carretera y a lo largo del camino, algunos pobladores se acercan a ofrecerles algo de beber, alimentos y otros enseres de higiene personal, como son los pa\u00f1ales desechables para los beb\u00e9s.<\/p>\n<blockquote class=\"twitter-tweet\" data-width=\"550\" data-dnt=\"true\">\n<p lang=\"es\" dir=\"ltr\"><a href=\"https:\/\/twitter.com\/hashtag\/EnEsteMomento?src=hash&amp;ref_src=twsrc%5Etfw\">#EnEsteMomento<\/a> as\u00ed se ve desde el aire la llegada de <a href=\"https:\/\/twitter.com\/hashtag\/RefugiadosHondure%C3%B1os?src=hash&amp;ref_src=twsrc%5Etfw\">#RefugiadosHondure\u00f1os<\/a> a la ciudad de Tapachula, en Chiapas. Sigan nuestra cobertura conjunta con <a href=\"https:\/\/twitter.com\/ChiapasParalelo?ref_src=twsrc%5Etfw\">@ChiapasParalelo<\/a> <a href=\"https:\/\/t.co\/ZyyA0ayUxN\">pic.twitter.com\/ZyyA0ayUxN<\/a><\/p>\n<p>&mdash; Pie de P\u00e1gina (@PdPagina) <a href=\"https:\/\/twitter.com\/PdPagina\/status\/1054094529400320002?ref_src=twsrc%5Etfw\">October 21, 2018<\/a><\/p><\/blockquote>\n<p><script async src=\"https:\/\/platform.twitter.com\/widgets.js\" charset=\"utf-8\"><\/script><\/p>\n<p>Los reporteros de <em>Pie de P\u00e1gina<\/em>, que acompa\u00f1an el camino de la Caravana, han reportado c\u00f3mo los primeros contingentes de la Caravana arribaron a Tapachula en camionetas de ciudadanos que les dieron \u201craite\u201d.<\/p>\n<p>Mientras, en Twitter, el activista Rub\u00e9n Figueroa document\u00f3 en video c\u00f3mo los centroamericanos fueron recibidos a su paso por el municipio de Metapa por un grupo de m\u00fasicos que al ritmo de banda ameniz\u00f3 su camino.<\/p>\n<blockquote class=\"twitter-tweet\" data-width=\"550\" data-dnt=\"true\">\n<p lang=\"es\" dir=\"ltr\">Pe\u00f1a Nieto recibio al <a href=\"https:\/\/twitter.com\/hashtag\/%C3%89xodoCentroamericano?src=hash&amp;ref_src=twsrc%5Etfw\">#\u00c9xodoCentroamericano<\/a> con Policias, el pueblo de <a href=\"https:\/\/twitter.com\/hashtag\/Metapa?src=hash&amp;ref_src=twsrc%5Etfw\">#Metapa<\/a>, <a href=\"https:\/\/twitter.com\/hashtag\/Chiapas?src=hash&amp;ref_src=twsrc%5Etfw\">#Chiapas<\/a> les dio la bienvenida con musica de banda.<a href=\"https:\/\/twitter.com\/hashtag\/CaravanaMigrante?src=hash&amp;ref_src=twsrc%5Etfw\">#CaravanaMigrante<\/a> <a href=\"https:\/\/t.co\/psOQ7ZXN2U\">pic.twitter.com\/psOQ7ZXN2U<\/a><\/p>\n<p>&mdash; Ruben Figueroa (@RubenFigueroaDH) <a href=\"https:\/\/twitter.com\/RubenFigueroaDH\/status\/1054076574805516288?ref_src=twsrc%5Etfw\">October 21, 2018<\/a><\/p><\/blockquote>\n<p><script async src=\"https:\/\/platform.twitter.com\/widgets.js\" charset=\"utf-8\"><\/script><\/p>\n<p>La agencia <em>AP<\/em> document\u00f3 que a su paso por comunidades mexicanas a las afueras de Ciudad Hidalgo, los migrantes fueron recibidos con aplausos, c\u00e1nticos solidarios y donaciones de comida y ropa por parte de los mexicanos.<\/p>\n<p>Mar\u00eda Teresa Orellana, residente del vecindario de Lorenzo, entregaba sandalias gratis a los migrantes conforme pasaban. \u201cEs solidaridad\u201d, coment\u00f3. \u201cSon nuestros hermanos\u201d.<\/p>\n<p>La Polic\u00eda Federal de M\u00e9xico, que fue trasladada en aviones a la frontera sur desde d\u00edas antes de que los migrantes tocaran las puertas de M\u00e9xico, tiene un puesto de vigilancia con cientos de agentes en la carretera que llega a Tapachula.<\/p>\n<div id=\"attachment_3487384\" class=\"wp-caption alignnone\"><img loading=\"lazy\" decoding=\"async\" class=\"size-full wp-image-3487384\" src=\"http:\/\/www.sinembargo.mx\/wp-content\/uploads\/2018\/10\/caravanahondurencc83a2.jpg\" sizes=\"auto, (max-width: 700px) 100vw, 700px\" srcset=\"http:\/\/www.sinembargo.mx\/wp-content\/uploads\/2018\/10\/caravanahondurencc83a2.jpg 700w, http:\/\/www.sinembargo.mx\/wp-content\/uploads\/2018\/10\/caravanahondurencc83a2-300x199.jpg 300w\" alt=\"\" width=\"700\" height=\"465\" \/><\/p>\n<p class=\"wp-caption-text\">En el puente fronterizo de M\u00e9xico y de Guatemala quedaron varios centenares de migrantes hondure\u00f1os a la espera de ser atendidos por la migraci\u00f3n mexicana. Foto: AP<\/p>\n<\/div>\n<p>A las afueras de ese municipio, unos 500 elementos de la Polic\u00eda Federal se reunieron a lo largo de la carretera a bordo de camiones y patrullas, pero las autoridades dijeron que hab\u00edan recibido instrucciones de mantener el tr\u00e1nsito en la carretera y no de detener a la caravana.<\/p>\n<p>Asimismo, se observa a personal del Instituto Nacional de Migraci\u00f3n as\u00ed como representantes de organismos civiles y de la Comisi\u00f3n Nacional de Derechos Humanos (CNDH) QUE han acompa\u00f1ado la marcha de los migrantes hasta llegar a Tapachula.<\/p>\n<p>Mientras, en el puente fronterizo de M\u00e9xico y de Guatemala quedaron varios centenares de migrantes hondure\u00f1os a la espera de ser atendidos por la migraci\u00f3n mexicana, o en su caso, intentar adentrarse en M\u00e9xico en cruces ilegales por el r\u00edo Suchiate, la frontera entre M\u00e9xico y Guatemala.<\/p>\n<p><strong>MILES EN LA CARAVANA<\/strong><\/p>\n<p>Las cifras de la Caravana siguen siendo inciertas. El Gobierno de M\u00e9xico, a trav\u00e9s de la Secretar\u00eda de Relaciones Exteriores, dijo que el total de migrantes llegados a su frontera sur del pa\u00eds ha sido de alrededor de 4 mil 500.<\/p>\n<p>De ellos, 640 hicieron oficial una petici\u00f3n de refugiado y por ellos fueron llevados a un albergue para completar los tr\u00e1mites.<\/p>\n<p>Alrededor de 900 buscaron entrar por cruces no formales por el r\u00edo Suchiate, los cuales despu\u00e9s de ser rescatados ser\u00e1n sometidos a los procedimientos legales correspondientes que incluyen la posibilidad de ser repatriados.<\/p>\n<div id=\"attachment_3487385\" class=\"wp-caption alignnone\"><img loading=\"lazy\" decoding=\"async\" class=\"size-full wp-image-3487385\" src=\"http:\/\/www.sinembargo.mx\/wp-content\/uploads\/2018\/10\/caravanahondurencc83a1.jpeg\" sizes=\"auto, (max-width: 700px) 100vw, 700px\" srcset=\"http:\/\/www.sinembargo.mx\/wp-content\/uploads\/2018\/10\/caravanahondurencc83a1.jpeg 700w, http:\/\/www.sinembargo.mx\/wp-content\/uploads\/2018\/10\/caravanahondurencc83a1-300x230.jpeg 300w\" alt=\"\" width=\"700\" height=\"536\" \/><\/p>\n<p class=\"wp-caption-text\">Los migrantes de la Caravana han comenzado a recibir muestras de solidaridad de los mexicanos a su paso por Chiapas. Foto: Cuartoscuro<\/p>\n<\/div>\n<p>El Gobierno mexicano tambi\u00e9n ha confirmado que poco m\u00e1s de 2 mil 200 migrantes contin\u00faan en el puente fronterizo entre Ciudad Hidalgo (M\u00e9xico) y Tec\u00fan Um\u00e1n (Guatemala) a la espera de que sean atendidos por las autoridades de migraci\u00f3n de M\u00e9xico.<\/p>\n<p>Sin embargo, el albergue Casa Migrante Saltillo detall\u00f3 que se trata en total de 7 mil 233 personas: mil 70 ni\u00f1os, mil 307 ni\u00f1as, 2 mil 234 mujeres y 2 mil 622 hombres.<\/p>\n<p>Hace unas horas, la agencia <em>AP<\/em> report\u00f3 que caminaban m\u00e1s de 5 mil personas.<\/p>\n<div id=\"attachment_3487250\" class=\"wp-caption alignnone\"><img loading=\"lazy\" decoding=\"async\" class=\"size-full wp-image-3487250\" src=\"http:\/\/www.sinembargo.mx\/wp-content\/uploads\/2018\/10\/caravana9.jpg\" sizes=\"auto, (max-width: 700px) 100vw, 700px\" srcset=\"http:\/\/www.sinembargo.mx\/wp-content\/uploads\/2018\/10\/caravana9.jpg 700w, http:\/\/www.sinembargo.mx\/wp-content\/uploads\/2018\/10\/caravana9-300x200.jpg 300w\" alt=\"\" width=\"700\" height=\"467\" \/><\/p>\n<p class=\"wp-caption-text\">La ma\u00f1ana de este domingo, miles de migrantes hondure\u00f1os retomaron su camino hacia EU. Foto: AP<\/p>\n<\/div>\n<p><strong>PIDEN QUE VAYAN A REFUGIOS<\/strong><\/p>\n<p>El Comisionado Nacional de Seguridad de M\u00e9xico, Manelich Castilla, declar\u00f3 a la prensa mexicana que el Gobierno mexicano decidi\u00f3 acompa\u00f1ar el andar de los migrantes a fin de que se mantenga el orden en la misma.<\/p>\n<p>El delegado del Instituto de Migraci\u00f3n, Francisco Echavarria, dirigi\u00f3 un mensaje a los caminantes a que regularicen su estad\u00eda en M\u00e9xico y les reiter\u00f3 que este pa\u00eds les ofrece la posibilidad de solicitar la condici\u00f3n de refugiados.<\/p>\n<p>\u201cNo pueden continuar en territorio mexicano de manera irregular\u201d, se\u00f1al\u00f3 Echavarr\u00eda a los migrantes al pedirles que respeten los canales legales para regular su estad\u00eda y ofrecerles un sitio en los albergues que el Gobierno ha establecido para esta ocasi\u00f3n.<\/p>\n<p>No obstante, la mayor\u00eda de los migrantes hondure\u00f1os se abstiene de aceptar la oferta por el temor a ser deportados, un destino que parece inexorable para los 900 de sus compatriotas que seg\u00fan el gobierno mexicano cruzaron de manera irregular por el r\u00edo Suchiate.<\/p>\n<p><strong>LAS VOCES DE LA CARAVANA<\/strong><\/p>\n<p>Mientras caminaban hacia M\u00e9xico gritaban frases como: \u201c\u00a1S\u00ed se pudo!\u201d.<\/p>\n<p>El hondure\u00f1o Miguel \u00c1ngel Molin, originario del departamento Comayagua, asegura que este es su tercer intento para llegar a la frontera de M\u00e9xico con Estados Unidos en busca de una vida mejor que no tiene en su pa\u00eds.<\/p>\n<p>\u201cVenimos honradamente a trabajar al pa\u00eds que nos toque ya sea Estados Unidos o Canad\u00e1 esa es la meta de nosotros\u201d, afirm\u00f3 este migrante.<\/p>\n<p>En el calor tropical, Besi Jaqueline L\u00f3pez de San Pedro Sula, Honduras, llevaba un oso de peluche, el juguete favorito \u2013y \u00fanico\u2013 de sus dos hijas, Victoria de 4 a\u00f1os y Elisabeth de 3, mientras caminaban a su lado cubiertas de sudor.<\/p>\n<div id=\"attachment_3487273\" class=\"wp-caption alignnone\"><img loading=\"lazy\" decoding=\"async\" class=\"size-full wp-image-3487273\" src=\"http:\/\/www.sinembargo.mx\/wp-content\/uploads\/2018\/10\/caravana11.jpeg\" sizes=\"auto, (max-width: 700px) 100vw, 700px\" srcset=\"http:\/\/www.sinembargo.mx\/wp-content\/uploads\/2018\/10\/caravana11.jpeg 700w, http:\/\/www.sinembargo.mx\/wp-content\/uploads\/2018\/10\/caravana11-300x200.jpeg 300w\" alt=\"\" width=\"700\" height=\"467\" \/><\/p>\n<p class=\"wp-caption-text\">La caravana avanza al grito de: \u201c\u00a1Vamos caminando todos juntos!\u201d. Foto: Cuartoscuro<\/p>\n<\/div>\n<p>Graduada en administraci\u00f3n de empresas, L\u00f3pez dijo que no encontraba trabajo en Honduras. Quiere llegar a Estados Unidos, pero se quedar\u00eda en M\u00e9xico si puede hallar un empleo. \u201cMi meta es encontrar trabajo para un mejor futuro para mis hijas\u201d, se\u00f1al\u00f3.<\/p>\n<p>Su esposo, David Mart\u00ednez, coment\u00f3 que estaban cansados, pero que ten\u00edan que seguir para alcanzar su meta de llegar a Estados Unidos.<\/p>\n<p>Olivin Castellanos, de 58 a\u00f1os y conductor de camiones de Villanueva, Honduras, dijo que atraves\u00f3 el r\u00edo sobre una balsa luego de que M\u00e9xico bloque\u00f3 el paso sobre el puente. \u201cNo nos para nadie, solo Dios\u201d, dijo y agreg\u00f3: \u201cDerribamos la puerta y seguimos caminando\u201d. Castellanos quiere llegar a Estados Unidos para buscar empleo. \u201cPuedo hacer esto\u201d, dijo se\u00f1alando el asfalto bajo sus pies. \u201cHe puesto carreteras\u201d.<\/p>\n<p>Con frecuencia los migrantes citan la pobreza generalizada y la violencia que generan las pandillas en Honduras, uno de los pa\u00edses m\u00e1s peligrosos del mundo en cuanto a la tasa de homicidios, como sus razones para integrarse a la caravana.<\/p>\n<p>Juan Carlos Mercado, de 20 a\u00f1os y oriundo de Santa B\u00e1rbara, Honduras, dijo que la corrupci\u00f3n y la falta de empleo en su tierra natal han hecho que est\u00e9 estancado. \u201cSolo queremos seguir adelante con nuestras vidas\u201d, coment\u00f3 el domingo. A\u00f1adi\u00f3 que trabajar\u00eda \u201cen lo que sea\u201d.<\/p>\n<p>Con Informaci\u00f3n de\u00a0EFE\/AP\/ChiapasParalelo<\/p>\n","protected":false},"excerpt":{"rendered":"<p>Los primeros contingentes de la Caravana arriban a Tapachula; chiapanecos se solidarizan con migrantes<br \/>\nPor Redacci\u00f3n QP<\/p>\n","protected":false},"author":2,"featured_media":7429,"comment_status":"open","ping_status":"open","sticky":false,"template":"","format":"standard","meta":{"_monsterinsights_skip_tracking":false,"_monsterinsights_sitenote_active":false,"_monsterinsights_sitenote_note":"","_monsterinsights_sitenote_category":0,"footnotes":""},"categories":[2],"tags":[],"class_list":["post-7430","post","type-post","status-publish","format-standard","has-post-thumbnail","hentry","category-noticias"],"yoast_head":"<!-- This site is optimized with the Yoast SEO plugin v27.3 - https:\/\/yoast.com\/product\/yoast-seo-wordpress\/ -->\n<title>Los primeros contingentes de la Caravana arriban a Tapachula; chiapanecos se solidarizan con migrantes -<\/title>\n<meta name=\"robots\" content=\"index, follow, max-snippet:-1, max-image-preview:large, max-video-preview:-1\" \/>\n<link rel=\"canonical\" href=\"https:\/\/quehacerpolitico.mx\/?p=7430\" \/>\n<meta property=\"og:locale\" content=\"es_MX\" \/>\n<meta property=\"og:type\" content=\"article\" \/>\n<meta property=\"og:title\" content=\"Los primeros contingentes de la Caravana arriban a Tapachula; chiapanecos se solidarizan con migrantes -\" \/>\n<meta property=\"og:description\" content=\"Los primeros contingentes de la Caravana arriban a Tapachula; chiapanecos se solidarizan con migrantes Por Redacci\u00f3n QP\" \/>\n<meta property=\"og:url\" content=\"https:\/\/quehacerpolitico.mx\/?p=7430\" \/>\n<meta property=\"article:published_time\" content=\"2018-10-22T02:07:31+00:00\" \/>\n<meta name=\"author\" content=\"Redacci\u00f3n QP\" \/>\n<meta name=\"twitter:card\" content=\"summary_large_image\" \/>\n<meta name=\"twitter:label1\" content=\"Escrito por\" \/>\n\t<meta name=\"twitter:data1\" content=\"Redacci\u00f3n QP\" \/>\n\t<meta name=\"twitter:label2\" content=\"Tiempo de lectura\" \/>\n\t<meta name=\"twitter:data2\" content=\"6 minutos\" \/>\n<script type=\"application\/ld+json\" class=\"yoast-schema-graph\">{\"@context\":\"https:\\\/\\\/schema.org\",\"@graph\":[{\"@type\":\"Article\",\"@id\":\"https:\\\/\\\/quehacerpolitico.mx\\\/?p=7430#article\",\"isPartOf\":{\"@id\":\"https:\\\/\\\/quehacerpolitico.mx\\\/?p=7430\"},\"author\":{\"name\":\"Redacci\u00f3n QP\",\"@id\":\"https:\\\/\\\/quehacerpolitico.mx\\\/#\\\/schema\\\/person\\\/496d8ad2d1d3f8036101dca7ee39e585\"},\"headline\":\"Los primeros contingentes de la Caravana arriban a Tapachula; chiapanecos se solidarizan con migrantes\",\"datePublished\":\"2018-10-22T02:07:31+00:00\",\"mainEntityOfPage\":{\"@id\":\"https:\\\/\\\/quehacerpolitico.mx\\\/?p=7430\"},\"wordCount\":1318,\"commentCount\":0,\"image\":{\"@id\":\"https:\\\/\\\/quehacerpolitico.mx\\\/?p=7430#primaryimage\"},\"thumbnailUrl\":\"\",\"articleSection\":[\"Noticias\"],\"inLanguage\":\"es\",\"potentialAction\":[{\"@type\":\"CommentAction\",\"name\":\"Comment\",\"target\":[\"https:\\\/\\\/quehacerpolitico.mx\\\/?p=7430#respond\"]}]},{\"@type\":\"WebPage\",\"@id\":\"https:\\\/\\\/quehacerpolitico.mx\\\/?p=7430\",\"url\":\"https:\\\/\\\/quehacerpolitico.mx\\\/?p=7430\",\"name\":\"Los primeros contingentes de la Caravana arriban a Tapachula; chiapanecos se solidarizan con migrantes -\",\"isPartOf\":{\"@id\":\"https:\\\/\\\/quehacerpolitico.mx\\\/#website\"},\"primaryImageOfPage\":{\"@id\":\"https:\\\/\\\/quehacerpolitico.mx\\\/?p=7430#primaryimage\"},\"image\":{\"@id\":\"https:\\\/\\\/quehacerpolitico.mx\\\/?p=7430#primaryimage\"},\"thumbnailUrl\":\"\",\"datePublished\":\"2018-10-22T02:07:31+00:00\",\"author\":{\"@id\":\"https:\\\/\\\/quehacerpolitico.mx\\\/#\\\/schema\\\/person\\\/496d8ad2d1d3f8036101dca7ee39e585\"},\"breadcrumb\":{\"@id\":\"https:\\\/\\\/quehacerpolitico.mx\\\/?p=7430#breadcrumb\"},\"inLanguage\":\"es\",\"potentialAction\":[{\"@type\":\"ReadAction\",\"target\":[\"https:\\\/\\\/quehacerpolitico.mx\\\/?p=7430\"]}]},{\"@type\":\"ImageObject\",\"inLanguage\":\"es\",\"@id\":\"https:\\\/\\\/quehacerpolitico.mx\\\/?p=7430#primaryimage\",\"url\":\"\",\"contentUrl\":\"\"},{\"@type\":\"BreadcrumbList\",\"@id\":\"https:\\\/\\\/quehacerpolitico.mx\\\/?p=7430#breadcrumb\",\"itemListElement\":[{\"@type\":\"ListItem\",\"position\":1,\"name\":\"Inicio\",\"item\":\"https:\\\/\\\/quehacerpolitico.mx\\\/\"},{\"@type\":\"ListItem\",\"position\":2,\"name\":\"Los primeros contingentes de la Caravana arriban a Tapachula; chiapanecos se solidarizan con migrantes\"}]},{\"@type\":\"WebSite\",\"@id\":\"https:\\\/\\\/quehacerpolitico.mx\\\/#website\",\"url\":\"https:\\\/\\\/quehacerpolitico.mx\\\/\",\"name\":\"\",\"description\":\"\",\"potentialAction\":[{\"@type\":\"SearchAction\",\"target\":{\"@type\":\"EntryPoint\",\"urlTemplate\":\"https:\\\/\\\/quehacerpolitico.mx\\\/?s={search_term_string}\"},\"query-input\":{\"@type\":\"PropertyValueSpecification\",\"valueRequired\":true,\"valueName\":\"search_term_string\"}}],\"inLanguage\":\"es\"},{\"@type\":\"Person\",\"@id\":\"https:\\\/\\\/quehacerpolitico.mx\\\/#\\\/schema\\\/person\\\/496d8ad2d1d3f8036101dca7ee39e585\",\"name\":\"Redacci\u00f3n QP\",\"image\":{\"@type\":\"ImageObject\",\"inLanguage\":\"es\",\"@id\":\"https:\\\/\\\/secure.gravatar.com\\\/avatar\\\/c7164ed6fdec453195284ad24a5ae5b6e1eed2b848477fa2a4787ba9adf39a41?s=96&d=mm&r=g\",\"url\":\"https:\\\/\\\/secure.gravatar.com\\\/avatar\\\/c7164ed6fdec453195284ad24a5ae5b6e1eed2b848477fa2a4787ba9adf39a41?s=96&d=mm&r=g\",\"contentUrl\":\"https:\\\/\\\/secure.gravatar.com\\\/avatar\\\/c7164ed6fdec453195284ad24a5ae5b6e1eed2b848477fa2a4787ba9adf39a41?s=96&d=mm&r=g\",\"caption\":\"Redacci\u00f3n QP\"},\"url\":\"https:\\\/\\\/quehacerpolitico.mx\\\/?author=2\"}]}<\/script>\n<!-- \/ Yoast SEO plugin. -->","yoast_head_json":{"title":"Los primeros contingentes de la Caravana arriban a Tapachula; chiapanecos se solidarizan con migrantes -","robots":{"index":"index","follow":"follow","max-snippet":"max-snippet:-1","max-image-preview":"max-image-preview:large","max-video-preview":"max-video-preview:-1"},"canonical":"https:\/\/quehacerpolitico.mx\/?p=7430","og_locale":"es_MX","og_type":"article","og_title":"Los primeros contingentes de la Caravana arriban a Tapachula; chiapanecos se solidarizan con migrantes -","og_description":"Los primeros contingentes de la Caravana arriban a Tapachula; chiapanecos se solidarizan con migrantes Por Redacci\u00f3n QP","og_url":"https:\/\/quehacerpolitico.mx\/?p=7430","article_published_time":"2018-10-22T02:07:31+00:00","author":"Redacci\u00f3n QP","twitter_card":"summary_large_image","twitter_misc":{"Escrito por":"Redacci\u00f3n QP","Tiempo de lectura":"6 minutos"},"schema":{"@context":"https:\/\/schema.org","@graph":[{"@type":"Article","@id":"https:\/\/quehacerpolitico.mx\/?p=7430#article","isPartOf":{"@id":"https:\/\/quehacerpolitico.mx\/?p=7430"},"author":{"name":"Redacci\u00f3n QP","@id":"https:\/\/quehacerpolitico.mx\/#\/schema\/person\/496d8ad2d1d3f8036101dca7ee39e585"},"headline":"Los primeros contingentes de la Caravana arriban a Tapachula; chiapanecos se solidarizan con migrantes","datePublished":"2018-10-22T02:07:31+00:00","mainEntityOfPage":{"@id":"https:\/\/quehacerpolitico.mx\/?p=7430"},"wordCount":1318,"commentCount":0,"image":{"@id":"https:\/\/quehacerpolitico.mx\/?p=7430#primaryimage"},"thumbnailUrl":"","articleSection":["Noticias"],"inLanguage":"es","potentialAction":[{"@type":"CommentAction","name":"Comment","target":["https:\/\/quehacerpolitico.mx\/?p=7430#respond"]}]},{"@type":"WebPage","@id":"https:\/\/quehacerpolitico.mx\/?p=7430","url":"https:\/\/quehacerpolitico.mx\/?p=7430","name":"Los primeros contingentes de la Caravana arriban a Tapachula; chiapanecos se solidarizan con migrantes -","isPartOf":{"@id":"https:\/\/quehacerpolitico.mx\/#website"},"primaryImageOfPage":{"@id":"https:\/\/quehacerpolitico.mx\/?p=7430#primaryimage"},"image":{"@id":"https:\/\/quehacerpolitico.mx\/?p=7430#primaryimage"},"thumbnailUrl":"","datePublished":"2018-10-22T02:07:31+00:00","author":{"@id":"https:\/\/quehacerpolitico.mx\/#\/schema\/person\/496d8ad2d1d3f8036101dca7ee39e585"},"breadcrumb":{"@id":"https:\/\/quehacerpolitico.mx\/?p=7430#breadcrumb"},"inLanguage":"es","potentialAction":[{"@type":"ReadAction","target":["https:\/\/quehacerpolitico.mx\/?p=7430"]}]},{"@type":"ImageObject","inLanguage":"es","@id":"https:\/\/quehacerpolitico.mx\/?p=7430#primaryimage","url":"","contentUrl":""},{"@type":"BreadcrumbList","@id":"https:\/\/quehacerpolitico.mx\/?p=7430#breadcrumb","itemListElement":[{"@type":"ListItem","position":1,"name":"Inicio","item":"https:\/\/quehacerpolitico.mx\/"},{"@type":"ListItem","position":2,"name":"Los primeros contingentes de la Caravana arriban a Tapachula; chiapanecos se solidarizan con migrantes"}]},{"@type":"WebSite","@id":"https:\/\/quehacerpolitico.mx\/#website","url":"https:\/\/quehacerpolitico.mx\/","name":"","description":"","potentialAction":[{"@type":"SearchAction","target":{"@type":"EntryPoint","urlTemplate":"https:\/\/quehacerpolitico.mx\/?s={search_term_string}"},"query-input":{"@type":"PropertyValueSpecification","valueRequired":true,"valueName":"search_term_string"}}],"inLanguage":"es"},{"@type":"Person","@id":"https:\/\/quehacerpolitico.mx\/#\/schema\/person\/496d8ad2d1d3f8036101dca7ee39e585","name":"Redacci\u00f3n QP","image":{"@type":"ImageObject","inLanguage":"es","@id":"https:\/\/secure.gravatar.com\/avatar\/c7164ed6fdec453195284ad24a5ae5b6e1eed2b848477fa2a4787ba9adf39a41?s=96&d=mm&r=g","url":"https:\/\/secure.gravatar.com\/avatar\/c7164ed6fdec453195284ad24a5ae5b6e1eed2b848477fa2a4787ba9adf39a41?s=96&d=mm&r=g","contentUrl":"https:\/\/secure.gravatar.com\/avatar\/c7164ed6fdec453195284ad24a5ae5b6e1eed2b848477fa2a4787ba9adf39a41?s=96&d=mm&r=g","caption":"Redacci\u00f3n QP"},"url":"https:\/\/quehacerpolitico.mx\/?author=2"}]}},"featured_image_urls":{"full":"","thumbnail":"","medium":"","medium_large":"","large":"","1536x1536":"","2048x2048":"","covernews-featured":"","covernews-medium":""},"author_info":{"display_name":"Redacci\u00f3n QP","author_link":"https:\/\/quehacerpolitico.mx\/?author=2"},"category_info":"<a href=\"https:\/\/quehacerpolitico.mx\/?cat=2\" rel=\"category\">Noticias<\/a>","tag_info":"Noticias","comment_count":"0","_links":{"self":[{"href":"https:\/\/quehacerpolitico.mx\/index.php?rest_route=\/wp\/v2\/posts\/7430","targetHints":{"allow":["GET"]}}],"collection":[{"href":"https:\/\/quehacerpolitico.mx\/index.php?rest_route=\/wp\/v2\/posts"}],"about":[{"href":"https:\/\/quehacerpolitico.mx\/index.php?rest_route=\/wp\/v2\/types\/post"}],"author":[{"embeddable":true,"href":"https:\/\/quehacerpolitico.mx\/index.php?rest_route=\/wp\/v2\/users\/2"}],"replies":[{"embeddable":true,"href":"https:\/\/quehacerpolitico.mx\/index.php?rest_route=%2Fwp%2Fv2%2Fcomments&post=7430"}],"version-history":[{"count":0,"href":"https:\/\/quehacerpolitico.mx\/index.php?rest_route=\/wp\/v2\/posts\/7430\/revisions"}],"wp:featuredmedia":[{"embeddable":true,"href":"https:\/\/quehacerpolitico.mx\/index.php?rest_route=\/"}],"wp:attachment":[{"href":"https:\/\/quehacerpolitico.mx\/index.php?rest_route=%2Fwp%2Fv2%2Fmedia&parent=7430"}],"wp:term":[{"taxonomy":"category","embeddable":true,"href":"https:\/\/quehacerpolitico.mx\/index.php?rest_route=%2Fwp%2Fv2%2Fcategories&post=7430"},{"taxonomy":"post_tag","embeddable":true,"href":"https:\/\/quehacerpolitico.mx\/index.php?rest_route=%2Fwp%2Fv2%2Ftags&post=7430"}],"curies":[{"name":"wp","href":"https:\/\/api.w.org\/{rel}","templated":true}]}}