{"id":7424,"date":"2018-10-21T17:55:28","date_gmt":"2018-10-21T17:55:28","guid":{"rendered":"http:\/\/quehacerpolitico.mx\/empresarios-consulta-del-naim-no-tiene-validez-ni-es-vinculante-el-gobierno-debe-decidir-dicen\/"},"modified":"2018-10-21T17:55:28","modified_gmt":"2018-10-21T17:55:28","slug":"empresarios-consulta-del-naim-no-tiene-validez-ni-es-vinculante-el-gobierno-debe-decidir-dicen","status":"publish","type":"post","link":"https:\/\/quehacerpolitico.mx\/?p=7424","title":{"rendered":"Empresarios: Consulta del NAIM no tiene validez ni es vinculante; \u201cel Gobierno debe decidir\u201d, dicen"},"content":{"rendered":"<h1>Empresarios: Consulta del NAIM no tiene validez ni es vinculante; \u201cel Gobierno debe decidir\u201d, dicen<\/h1>\n<p>Por Redacci\u00f3n QP<\/p>\n<p>El Consejo Coordinador Empresarial (<strong>CCE<\/strong>) critic\u00f3 esta ma\u00f1ana la <strong>consulta<\/strong> que alista el equipo del Presidente electo,<strong> Andr\u00e9s Manuel L\u00f3pez Obrador<\/strong>, para decidir el futuro del Nuevo Aeropuerto Internacional de M\u00e9xico (<strong>NAIM<\/strong>), pues consider\u00f3 que la decisi\u00f3n debe ser t\u00e9cnica y no pol\u00edtica, y que el sondeo no \u201cofrece garant\u00edas claras de imparcialidad, objetividad y seguridad\u201d.<\/p>\n<blockquote>\n<p>\u201cEl ejercicio propuesto por el equipo de transici\u00f3n para consultar a los ciudadanos acerca de la ubicaci\u00f3n y construcci\u00f3n del Aeropuerto Internacional de M\u00e9xico, adem\u00e1s de ser inadecuado como mecanismo para la toma de decisiones, no es jur\u00eddicamente v\u00e1lido ni tiene sustento legal. No se circunscribe a las condiciones establecidas en la fracci\u00f3n VIII del art\u00edculo 35 de la Constituci\u00f3n Pol\u00edtica de los Estados Unidos Mexicanos, ni en la Ley Federal de consulta Popular. En los t\u00e9rminos en que est\u00e1 planteada, la consulta no tiene ninguna validez ni consecuencia jur\u00eddica y por ende no puede ser considerada legalmente vinculante\u201d, dijo hoy en un comunicado el sector empresarial.<\/p>\n<\/blockquote>\n<p>El CCE ratific\u00f3 su posici\u00f3n de que la decisi\u00f3n \u201ceminentemente t\u00e9cnica, como es la ubicaci\u00f3n de un Aeropuerto, no debe ser sometida a consulta ciudadana\u201d.<\/p>\n<p>Consider\u00f3 que aunque la participaci\u00f3n ciudadana es fundamental para un desarrollo democr\u00e1tico robusto, sin embargo, \u201c las decisiones que conciernen al desarrollo econ\u00f3mico y de infraestructura, con un alto grado de complejidad, deben ser asumidas por los funcionarios e instituciones p\u00fablicas facultadas, quienes tienen la responsabilidad de procesar la informaci\u00f3n t\u00e9cnica, las consecuencias econ\u00f3micas y las preocupaciones ciudadanas, para concluir con la mejor opci\u00f3n\u201d.<\/p>\n<blockquote>\n<p>La c\u00fapula empresarial precis\u00f3 que como est\u00e1 planteada la consulta, que se prev\u00e9 se lleve a cabo durante cuatro d\u00eda a finales de este mes, del 25 al 28 de octubre, \u201cno ofrece garant\u00edas claras de imparcialidad, objetividad y seguridad\u201d.<\/p>\n<p>\u201cTiene un marcado sesgo en su formulaci\u00f3n y planteamiento de desarrollo hacia una de las opciones puestas a consideraci\u00f3n, lo que la deslegitima como instrumento neutral de consulta efectiva a la ciudadan\u00eda\u201d, destac\u00f3.<\/p>\n<\/blockquote>\n<p>El CCE tambi\u00e9n critic\u00f3 que a unos d\u00edas de que se lleve a cabo la consulta a\u00fan no se han detallado los criterios t\u00e9cnicos ni se ha sometido a revisi\u00f3n de especialistas. Se\u00f1alaron que no se sabe el criterio para la selecci\u00f3n de los municipios, ni la ubicaci\u00f3n de las mesas en cada uno de ellos, y c\u00f3mo esto generar\u00eda una muestra balanceada.<\/p>\n<p>Criticaron tambi\u00e9n que no se sabe qu\u00e9 medidas de seguridad se tomaran para evitar el acarreo, compra de votos, duplicidad en los votantes, as\u00ed como asegurar la transparencia e imparcialidad en el c\u00f3mputo de los votos; ni tampoco si existir\u00e1 una encuesta simult\u00e1neamente.<\/p>\n<blockquote>\n<p>\u201cLos actores a cargo de la consulta, y los mismos materiales informativos desarrollados por ellos, han demostrado un sesgo favorable hacia una de las opciones\u201d, dijo.<\/p>\n<\/blockquote>\n<div id=\"attachment_3487297\" class=\"wp-caption alignnone\"><img loading=\"lazy\" decoding=\"async\" class=\"size-full wp-image-3487297\" src=\"http:\/\/www.sinembargo.mx\/wp-content\/uploads\/2018\/10\/la-consulta-700-1.jpg\" sizes=\"auto, (max-width: 700px) 100vw, 700px\" srcset=\"http:\/\/www.sinembargo.mx\/wp-content\/uploads\/2018\/10\/la-consulta-700-1.jpg 700w, http:\/\/www.sinembargo.mx\/wp-content\/uploads\/2018\/10\/la-consulta-700-1-300x192.jpg 300w\" alt=\"\" width=\"700\" height=\"449\" \/><\/p>\n<p class=\"wp-caption-text\">La boleta de la consulta fue presentada el pasado 15 de octubre. Foto: Especial<\/p>\n<\/div>\n<p>En el comunicado detallan que la informaci\u00f3n que se ha presentando sobre el proyecto en Texcoco ha sido \u201cparcial e incompleta, no toma en cuenta los pronunciamientos y argumentos de organismos importantes como los Colegios de Ingenieros, la Asociaci\u00f3n de Pilotos, MITRE y otras instituciones igualmente prestigiadas\u201d.<\/p>\n<blockquote>\n<p>\u201cPor lo antes expresado, consideramos que no existen las condiciones m\u00ednimas necesarias para que esta consulta pueda considerarse un ejercicio imparcial y objetivo\u201d, dijo el CCE.<\/p>\n<p>\u201cReafirmamos nuestra posici\u00f3n en contra de que los resultados de la consulta sean la base para la toma de decisiones en un tema de gran complejidad t\u00e9cnica y cuyas consecuencias podr\u00edan generar altos costos para el patrimonio nacional, tanto en t\u00e9rminos monetarios como de oportunidades de desarrollo desperdiciadas\u201d, a\u00f1adi\u00f3.<\/p>\n<\/blockquote>\n<p>Los empresarios del CCE reafirmaron con ello su \u201cfirme posici\u00f3n de que debe continuarse la obra del Nuevo Aeropuerto Internacional de M\u00e9xico en Texcoco, dado que se ha demostrado por innumerables estudios t\u00e9cnicos durante m\u00e1s de 20 a\u00f1os, que resulta la opci\u00f3n m\u00e1s viable para resolver el problema de saturaci\u00f3n del actual Aeropuerto\u201d.<\/p>\n<p>\u201cLa demanda futura y actual de pasajeros y carga, y la imposibilidad de utilizar Santa Luc\u00eda a capacidades m\u00e1s amplias, lleva a esta clara conclusi\u00f3n. La obra en Texcoco, responder\u00e1 a las necesidades de M\u00e9xico en materia aeroportuaria durante los pr\u00f3ximos 40 o 50 a\u00f1os; Santa Luc\u00eda quedar\u00e1 sobrepasado en pocos a\u00f1os. La alternativa es clara: destinar menos recursos ahora, para tener que gastar nuevamente muy pronto; o hacer una inversi\u00f3n de largo plazo para nuestro desarrollo\u201d, a\u00f1adi\u00f3.<\/p>\n<p>Tambi\u00e9n reiteraron su recomendaci\u00f3n de continuar la obra del NAIM, \u201cindependientemente de poder revisar el esquema de costos, siempre y cuando no quede comprometida la funcionalidad del aeropuerto\u201d. Y destacaron que se pueden buscar alternativas de financiamiento mediante la bursatilizaci\u00f3n de deuda y la concesi\u00f3n parcial o total del proyecto.<\/p>\n<p>Finalmente alert\u00f3 que la cancelaci\u00f3n del NAIM \u201ctendr\u00eda implicaciones jur\u00eddicas y financieras con acreedores y contratistas, pero especialmente riesgos reputacionales y de confianza en perjuicio de M\u00e9xico y de futuros proyectos de gran envergadura, que requieren inversi\u00f3n nacional e internacional\u201d.<\/p>\n<blockquote>\n<p>\u201cPodr\u00eda incluso significar un alto costo para la econom\u00eda mexicana, que ya enfrenta se\u00f1ales negativas de algunas calificadoras ante pron\u00f3sticos alarmantes en algunas \u00e1reas. Una eventual cancelaci\u00f3n, adem\u00e1s, que sea fruto de una consulta que no cumple con requisitos legales m\u00ednimos, brinda una clara se\u00f1al de desconfianza\u201d, a\u00f1adi\u00f3.<\/p>\n<p><strong>PONE EN JUEGO SU CREDIBILIDAD: IGLESIA<\/strong><\/p>\n<p>La Arquidi\u00f3cesis Primada de M\u00e9xico consider\u00f3 que la consulta pondr\u00e1 en la mira al pr\u00f3ximo Gobierno y tambi\u00e9n pondr\u00e1 en juego su credibilidad, as\u00ed como a la poblaci\u00f3n que deber\u00e1 responder al compromiso de la participaci\u00f3n.<\/p>\n<p>\u201cEn los pr\u00f3ximos d\u00edas se realizar\u00e1 una consulta para conocer la opini\u00f3n de la sociedad en torno al Nuevo Aeropuerto Internacional de M\u00e9xico. Es un primer ejercicio que pondr\u00e1 a prueba a la poblaci\u00f3n, que deber\u00e1 responder al gran compromiso de tomar una decisi\u00f3n de manera responsable e informada\u201d, se lee en la editorial del Semanario Desde la Fe.<\/p>\n<p>\u201cTambi\u00e9n, colocar\u00e1 en la mira a quienes han convocado a participar en este ejercicio democr\u00e1tico, pues est\u00e1 en juego su credibilidad y la posibilidad de ir en la direcci\u00f3n correcta, una direcci\u00f3n que nos lleve a exorcizar de una vez por todas la simulaci\u00f3n que tanto desprestigio ha causado a la clase pol\u00edtica\u201d, agrega el editorial.<\/p>\n<p>La Arquidi\u00f3cesis aplaudi\u00f3 la apertura para hacer pol\u00edtica, pero alert\u00f3 que esto conlleva un gran compromiso.<\/p>\n<p>\u201cEstas nuevas formas, no obstante, deben responder a las cuestiones de fondo para no caer en la tentaci\u00f3n de la a\u00f1eja farsa pol\u00edtica\u201d, dijo.<\/p>\n<p><strong>LA CONSULTA<\/strong><\/p>\n<p>El pasado 15 de octubre, Jes\u00fas Ram\u00edrez Cuevas, pr\u00f3ximo Coordinador General de Comunicaci\u00f3n Social, present\u00f3 la Consulta Nacional que convoc\u00f3 y organiz\u00f3 Andr\u00e9s Manuel L\u00f3pez Obrador para solucionar las problem\u00e1ticas de la \u201cobra heredada\u201d y anunci\u00f3 que ya estaban listos tanto el material como el equipo que se instalar\u00e1 en 538 municipios del pa\u00eds, muestra que representa al 82 por ciento del total de electores del pa\u00eds.<\/p>\n<div id=\"attachment_3487300\" class=\"wp-caption alignnone\"><img loading=\"lazy\" decoding=\"async\" class=\"size-full wp-image-3487300\" src=\"http:\/\/www.sinembargo.mx\/wp-content\/uploads\/2018\/10\/consulta.jpg\" sizes=\"auto, (max-width: 700px) 100vw, 700px\" srcset=\"http:\/\/www.sinembargo.mx\/wp-content\/uploads\/2018\/10\/consulta.jpg 700w, http:\/\/www.sinembargo.mx\/wp-content\/uploads\/2018\/10\/consulta-300x208.jpg 300w\" alt=\"\" width=\"700\" height=\"486\" \/><\/p>\n<p class=\"wp-caption-text\">El pasado 15 de octubre, Jes\u00fas Ram\u00edrez Cuevas present\u00f3 la Consulta Nacional sobre el NAIM. Foto: Cuartoscuro<\/p>\n<\/div>\n<p>Tambi\u00e9n se dio a conocer que la pregunta ser\u00e1:<\/p>\n<p>\u201cDada la saturaci\u00f3n del actual Aeropuerto Internacional, \u00bfcu\u00e1l cree que es la soluci\u00f3n a esta problem\u00e1tica?:<\/p>\n<p>A) Invertir en la Base A\u00e9rea de Santa Luc\u00eda, en el actual Aeropuerto y el Aeropuerto de Toluca.<\/p>\n<p>B) Que se deje de utilizar el actual Aeropuerto y se contin\u00fae con la construcci\u00f3n del Nuevo Aeropuerto\u201d.<\/p>\n<p>Explic\u00f3 que las mesas se colocar\u00e1n en las plazas p\u00fablicas con mayor afluencia de las localidades. La fundaci\u00f3n Arturo Rosenblueth, presidida por Enrique Calder\u00f3n Alzati, se har\u00e1 cargo del conteo de los votos.<\/p>\n<p>El costo de la consulta ser\u00e1 de 1 mill\u00f3n y medio de pesos, que se financiar\u00e1 con aportaciones voluntarias de legisladores federales. Ram\u00edrez asegur\u00f3 que en su momento se har\u00e1n p\u00fablicos los dep\u00f3sitos.<\/p>\n<p>En la p\u00e1gina www.mexicodecide.com.mx vendr\u00e1 la informaci\u00f3n de la ubicaci\u00f3n de las casillas y la pregunta que habr\u00e1 en las boletas, as\u00ed como m\u00e1s informaci\u00f3n al respecto.<\/p>\n<\/blockquote>\n","protected":false},"excerpt":{"rendered":"<p>Empresarios: Consulta del NAIM no tiene validez ni es vinculante; \u201cel Gobierno debe decidir\u201d, dicen<br \/>\nPor Redacci\u00f3n QP<\/p>\n","protected":false},"author":2,"featured_media":7423,"comment_status":"open","ping_status":"open","sticky":false,"template":"","format":"standard","meta":{"_monsterinsights_skip_tracking":false,"_monsterinsights_sitenote_active":false,"_monsterinsights_sitenote_note":"","_monsterinsights_sitenote_category":0,"footnotes":""},"categories":[2],"tags":[],"class_list":["post-7424","post","type-post","status-publish","format-standard","has-post-thumbnail","hentry","category-noticias"],"yoast_head":"<!-- This site is optimized with the Yoast SEO plugin v27.3 - https:\/\/yoast.com\/product\/yoast-seo-wordpress\/ -->\n<title>Empresarios: Consulta del NAIM no tiene validez ni es vinculante; \u201cel Gobierno debe decidir\u201d, dicen -<\/title>\n<meta name=\"robots\" content=\"index, follow, max-snippet:-1, max-image-preview:large, max-video-preview:-1\" \/>\n<link rel=\"canonical\" href=\"https:\/\/quehacerpolitico.mx\/?p=7424\" \/>\n<meta property=\"og:locale\" content=\"es_MX\" \/>\n<meta property=\"og:type\" content=\"article\" \/>\n<meta property=\"og:title\" content=\"Empresarios: Consulta del NAIM no tiene validez ni es vinculante; \u201cel Gobierno debe decidir\u201d, dicen -\" \/>\n<meta property=\"og:description\" content=\"Empresarios: Consulta del NAIM no tiene validez ni es vinculante; \u201cel Gobierno debe decidir\u201d, dicen Por Redacci\u00f3n QP\" \/>\n<meta property=\"og:url\" content=\"https:\/\/quehacerpolitico.mx\/?p=7424\" \/>\n<meta property=\"article:published_time\" content=\"2018-10-21T17:55:28+00:00\" \/>\n<meta name=\"author\" content=\"Redacci\u00f3n QP\" \/>\n<meta name=\"twitter:card\" content=\"summary_large_image\" \/>\n<meta name=\"twitter:label1\" content=\"Escrito por\" \/>\n\t<meta name=\"twitter:data1\" content=\"Redacci\u00f3n QP\" \/>\n\t<meta name=\"twitter:label2\" content=\"Tiempo de lectura\" \/>\n\t<meta name=\"twitter:data2\" content=\"7 minutos\" \/>\n<script type=\"application\/ld+json\" class=\"yoast-schema-graph\">{\"@context\":\"https:\\\/\\\/schema.org\",\"@graph\":[{\"@type\":\"Article\",\"@id\":\"https:\\\/\\\/quehacerpolitico.mx\\\/?p=7424#article\",\"isPartOf\":{\"@id\":\"https:\\\/\\\/quehacerpolitico.mx\\\/?p=7424\"},\"author\":{\"name\":\"Redacci\u00f3n QP\",\"@id\":\"https:\\\/\\\/quehacerpolitico.mx\\\/#\\\/schema\\\/person\\\/496d8ad2d1d3f8036101dca7ee39e585\"},\"headline\":\"Empresarios: Consulta del NAIM no tiene validez ni es vinculante; \u201cel Gobierno debe decidir\u201d, dicen\",\"datePublished\":\"2018-10-21T17:55:28+00:00\",\"mainEntityOfPage\":{\"@id\":\"https:\\\/\\\/quehacerpolitico.mx\\\/?p=7424\"},\"wordCount\":1476,\"commentCount\":0,\"image\":{\"@id\":\"https:\\\/\\\/quehacerpolitico.mx\\\/?p=7424#primaryimage\"},\"thumbnailUrl\":\"\",\"articleSection\":[\"Noticias\"],\"inLanguage\":\"es\",\"potentialAction\":[{\"@type\":\"CommentAction\",\"name\":\"Comment\",\"target\":[\"https:\\\/\\\/quehacerpolitico.mx\\\/?p=7424#respond\"]}]},{\"@type\":\"WebPage\",\"@id\":\"https:\\\/\\\/quehacerpolitico.mx\\\/?p=7424\",\"url\":\"https:\\\/\\\/quehacerpolitico.mx\\\/?p=7424\",\"name\":\"Empresarios: Consulta del NAIM no tiene validez ni es vinculante; \u201cel Gobierno debe decidir\u201d, dicen -\",\"isPartOf\":{\"@id\":\"https:\\\/\\\/quehacerpolitico.mx\\\/#website\"},\"primaryImageOfPage\":{\"@id\":\"https:\\\/\\\/quehacerpolitico.mx\\\/?p=7424#primaryimage\"},\"image\":{\"@id\":\"https:\\\/\\\/quehacerpolitico.mx\\\/?p=7424#primaryimage\"},\"thumbnailUrl\":\"\",\"datePublished\":\"2018-10-21T17:55:28+00:00\",\"author\":{\"@id\":\"https:\\\/\\\/quehacerpolitico.mx\\\/#\\\/schema\\\/person\\\/496d8ad2d1d3f8036101dca7ee39e585\"},\"breadcrumb\":{\"@id\":\"https:\\\/\\\/quehacerpolitico.mx\\\/?p=7424#breadcrumb\"},\"inLanguage\":\"es\",\"potentialAction\":[{\"@type\":\"ReadAction\",\"target\":[\"https:\\\/\\\/quehacerpolitico.mx\\\/?p=7424\"]}]},{\"@type\":\"ImageObject\",\"inLanguage\":\"es\",\"@id\":\"https:\\\/\\\/quehacerpolitico.mx\\\/?p=7424#primaryimage\",\"url\":\"\",\"contentUrl\":\"\"},{\"@type\":\"BreadcrumbList\",\"@id\":\"https:\\\/\\\/quehacerpolitico.mx\\\/?p=7424#breadcrumb\",\"itemListElement\":[{\"@type\":\"ListItem\",\"position\":1,\"name\":\"Inicio\",\"item\":\"https:\\\/\\\/quehacerpolitico.mx\\\/\"},{\"@type\":\"ListItem\",\"position\":2,\"name\":\"Empresarios: Consulta del NAIM no tiene validez ni es vinculante; \u201cel Gobierno debe decidir\u201d, dicen\"}]},{\"@type\":\"WebSite\",\"@id\":\"https:\\\/\\\/quehacerpolitico.mx\\\/#website\",\"url\":\"https:\\\/\\\/quehacerpolitico.mx\\\/\",\"name\":\"\",\"description\":\"\",\"potentialAction\":[{\"@type\":\"SearchAction\",\"target\":{\"@type\":\"EntryPoint\",\"urlTemplate\":\"https:\\\/\\\/quehacerpolitico.mx\\\/?s={search_term_string}\"},\"query-input\":{\"@type\":\"PropertyValueSpecification\",\"valueRequired\":true,\"valueName\":\"search_term_string\"}}],\"inLanguage\":\"es\"},{\"@type\":\"Person\",\"@id\":\"https:\\\/\\\/quehacerpolitico.mx\\\/#\\\/schema\\\/person\\\/496d8ad2d1d3f8036101dca7ee39e585\",\"name\":\"Redacci\u00f3n QP\",\"image\":{\"@type\":\"ImageObject\",\"inLanguage\":\"es\",\"@id\":\"https:\\\/\\\/secure.gravatar.com\\\/avatar\\\/c7164ed6fdec453195284ad24a5ae5b6e1eed2b848477fa2a4787ba9adf39a41?s=96&d=mm&r=g\",\"url\":\"https:\\\/\\\/secure.gravatar.com\\\/avatar\\\/c7164ed6fdec453195284ad24a5ae5b6e1eed2b848477fa2a4787ba9adf39a41?s=96&d=mm&r=g\",\"contentUrl\":\"https:\\\/\\\/secure.gravatar.com\\\/avatar\\\/c7164ed6fdec453195284ad24a5ae5b6e1eed2b848477fa2a4787ba9adf39a41?s=96&d=mm&r=g\",\"caption\":\"Redacci\u00f3n QP\"},\"url\":\"https:\\\/\\\/quehacerpolitico.mx\\\/?author=2\"}]}<\/script>\n<!-- \/ Yoast SEO plugin. -->","yoast_head_json":{"title":"Empresarios: Consulta del NAIM no tiene validez ni es vinculante; \u201cel Gobierno debe decidir\u201d, dicen -","robots":{"index":"index","follow":"follow","max-snippet":"max-snippet:-1","max-image-preview":"max-image-preview:large","max-video-preview":"max-video-preview:-1"},"canonical":"https:\/\/quehacerpolitico.mx\/?p=7424","og_locale":"es_MX","og_type":"article","og_title":"Empresarios: Consulta del NAIM no tiene validez ni es vinculante; \u201cel Gobierno debe decidir\u201d, dicen -","og_description":"Empresarios: Consulta del NAIM no tiene validez ni es vinculante; \u201cel Gobierno debe decidir\u201d, dicen Por Redacci\u00f3n QP","og_url":"https:\/\/quehacerpolitico.mx\/?p=7424","article_published_time":"2018-10-21T17:55:28+00:00","author":"Redacci\u00f3n QP","twitter_card":"summary_large_image","twitter_misc":{"Escrito por":"Redacci\u00f3n QP","Tiempo de lectura":"7 minutos"},"schema":{"@context":"https:\/\/schema.org","@graph":[{"@type":"Article","@id":"https:\/\/quehacerpolitico.mx\/?p=7424#article","isPartOf":{"@id":"https:\/\/quehacerpolitico.mx\/?p=7424"},"author":{"name":"Redacci\u00f3n QP","@id":"https:\/\/quehacerpolitico.mx\/#\/schema\/person\/496d8ad2d1d3f8036101dca7ee39e585"},"headline":"Empresarios: Consulta del NAIM no tiene validez ni es vinculante; \u201cel Gobierno debe decidir\u201d, dicen","datePublished":"2018-10-21T17:55:28+00:00","mainEntityOfPage":{"@id":"https:\/\/quehacerpolitico.mx\/?p=7424"},"wordCount":1476,"commentCount":0,"image":{"@id":"https:\/\/quehacerpolitico.mx\/?p=7424#primaryimage"},"thumbnailUrl":"","articleSection":["Noticias"],"inLanguage":"es","potentialAction":[{"@type":"CommentAction","name":"Comment","target":["https:\/\/quehacerpolitico.mx\/?p=7424#respond"]}]},{"@type":"WebPage","@id":"https:\/\/quehacerpolitico.mx\/?p=7424","url":"https:\/\/quehacerpolitico.mx\/?p=7424","name":"Empresarios: Consulta del NAIM no tiene validez ni es vinculante; \u201cel Gobierno debe decidir\u201d, dicen -","isPartOf":{"@id":"https:\/\/quehacerpolitico.mx\/#website"},"primaryImageOfPage":{"@id":"https:\/\/quehacerpolitico.mx\/?p=7424#primaryimage"},"image":{"@id":"https:\/\/quehacerpolitico.mx\/?p=7424#primaryimage"},"thumbnailUrl":"","datePublished":"2018-10-21T17:55:28+00:00","author":{"@id":"https:\/\/quehacerpolitico.mx\/#\/schema\/person\/496d8ad2d1d3f8036101dca7ee39e585"},"breadcrumb":{"@id":"https:\/\/quehacerpolitico.mx\/?p=7424#breadcrumb"},"inLanguage":"es","potentialAction":[{"@type":"ReadAction","target":["https:\/\/quehacerpolitico.mx\/?p=7424"]}]},{"@type":"ImageObject","inLanguage":"es","@id":"https:\/\/quehacerpolitico.mx\/?p=7424#primaryimage","url":"","contentUrl":""},{"@type":"BreadcrumbList","@id":"https:\/\/quehacerpolitico.mx\/?p=7424#breadcrumb","itemListElement":[{"@type":"ListItem","position":1,"name":"Inicio","item":"https:\/\/quehacerpolitico.mx\/"},{"@type":"ListItem","position":2,"name":"Empresarios: Consulta del NAIM no tiene validez ni es vinculante; \u201cel Gobierno debe decidir\u201d, dicen"}]},{"@type":"WebSite","@id":"https:\/\/quehacerpolitico.mx\/#website","url":"https:\/\/quehacerpolitico.mx\/","name":"","description":"","potentialAction":[{"@type":"SearchAction","target":{"@type":"EntryPoint","urlTemplate":"https:\/\/quehacerpolitico.mx\/?s={search_term_string}"},"query-input":{"@type":"PropertyValueSpecification","valueRequired":true,"valueName":"search_term_string"}}],"inLanguage":"es"},{"@type":"Person","@id":"https:\/\/quehacerpolitico.mx\/#\/schema\/person\/496d8ad2d1d3f8036101dca7ee39e585","name":"Redacci\u00f3n QP","image":{"@type":"ImageObject","inLanguage":"es","@id":"https:\/\/secure.gravatar.com\/avatar\/c7164ed6fdec453195284ad24a5ae5b6e1eed2b848477fa2a4787ba9adf39a41?s=96&d=mm&r=g","url":"https:\/\/secure.gravatar.com\/avatar\/c7164ed6fdec453195284ad24a5ae5b6e1eed2b848477fa2a4787ba9adf39a41?s=96&d=mm&r=g","contentUrl":"https:\/\/secure.gravatar.com\/avatar\/c7164ed6fdec453195284ad24a5ae5b6e1eed2b848477fa2a4787ba9adf39a41?s=96&d=mm&r=g","caption":"Redacci\u00f3n QP"},"url":"https:\/\/quehacerpolitico.mx\/?author=2"}]}},"featured_image_urls":{"full":"","thumbnail":"","medium":"","medium_large":"","large":"","1536x1536":"","2048x2048":"","covernews-featured":"","covernews-medium":""},"author_info":{"display_name":"Redacci\u00f3n QP","author_link":"https:\/\/quehacerpolitico.mx\/?author=2"},"category_info":"<a href=\"https:\/\/quehacerpolitico.mx\/?cat=2\" rel=\"category\">Noticias<\/a>","tag_info":"Noticias","comment_count":"0","_links":{"self":[{"href":"https:\/\/quehacerpolitico.mx\/index.php?rest_route=\/wp\/v2\/posts\/7424","targetHints":{"allow":["GET"]}}],"collection":[{"href":"https:\/\/quehacerpolitico.mx\/index.php?rest_route=\/wp\/v2\/posts"}],"about":[{"href":"https:\/\/quehacerpolitico.mx\/index.php?rest_route=\/wp\/v2\/types\/post"}],"author":[{"embeddable":true,"href":"https:\/\/quehacerpolitico.mx\/index.php?rest_route=\/wp\/v2\/users\/2"}],"replies":[{"embeddable":true,"href":"https:\/\/quehacerpolitico.mx\/index.php?rest_route=%2Fwp%2Fv2%2Fcomments&post=7424"}],"version-history":[{"count":0,"href":"https:\/\/quehacerpolitico.mx\/index.php?rest_route=\/wp\/v2\/posts\/7424\/revisions"}],"wp:featuredmedia":[{"embeddable":true,"href":"https:\/\/quehacerpolitico.mx\/index.php?rest_route=\/"}],"wp:attachment":[{"href":"https:\/\/quehacerpolitico.mx\/index.php?rest_route=%2Fwp%2Fv2%2Fmedia&parent=7424"}],"wp:term":[{"taxonomy":"category","embeddable":true,"href":"https:\/\/quehacerpolitico.mx\/index.php?rest_route=%2Fwp%2Fv2%2Fcategories&post=7424"},{"taxonomy":"post_tag","embeddable":true,"href":"https:\/\/quehacerpolitico.mx\/index.php?rest_route=%2Fwp%2Fv2%2Ftags&post=7424"}],"curies":[{"name":"wp","href":"https:\/\/api.w.org\/{rel}","templated":true}]}}