{"id":7422,"date":"2018-10-21T17:47:25","date_gmt":"2018-10-21T17:47:25","guid":{"rendered":"http:\/\/quehacerpolitico.mx\/iztacalco-afrontara-corte-de-agua-con-15-pipas-10-tinacos-y-3-garzas\/"},"modified":"2018-10-21T17:47:25","modified_gmt":"2018-10-21T17:47:25","slug":"iztacalco-afrontara-corte-de-agua-con-15-pipas-10-tinacos-y-3-garzas","status":"publish","type":"post","link":"https:\/\/quehacerpolitico.mx\/?p=7422","title":{"rendered":"Iztacalco afrontar\u00e1 corte de agua con 15 pipas, 10 tinacos y 3 garzas"},"content":{"rendered":"<h2 class=\"genTitle\">Iztacalco afrontar\u00e1 corte de agua con 15 pipas, 10 tinacos y 3 garzas<\/h2>\n<p>Por Redacci\u00f3n QP<\/p>\n<p>La alcald\u00eda de <strong>Iztacalco<\/strong> tendr\u00e1 a disposici\u00f3n de los habitantes <strong>15 pipas,<\/strong> <strong>10 tinacos<\/strong> y tres garzas para enfrentar el corte de agua que se realizar\u00e1 del <strong>31 de octubre <\/strong>al <strong>4 de noviembre<\/strong> en la <strong>Ciudad de M\u00e9xico,<\/strong>debido a los trabajos de reparaci\u00f3n en el <strong>Sistema Cutzamala.\u00a0<\/strong><\/p>\n<p>De acuerdo con el Programa Emergente de Abasto del Sistema de Aguas de la Ciudad de M\u00e9xico (<strong>Sacmex<\/strong>), esta demarcaci\u00f3n distribuir\u00e1 el recurso a sus habitantes con <strong>siete<\/strong> pipas <strong>propias<\/strong> y<strong> ocho rentadas<\/strong>, adem\u00e1s de <strong>tinacos<\/strong>.<\/p>\n<p>Ojo, la alcald\u00eda tambi\u00e9n cuenta con 3 centros de <strong>distribuci\u00f3n<\/strong> de l\u00edquido para<strong> llenar pipas<\/strong>, mejor conocidos\u00a0como garzas, una de ellas en la avenida <strong>Coyuya<\/strong>, esquina <strong>Tlacoxpango<\/strong>, en la colonia <strong>Fraccionamiento<\/strong><\/p>\n<p>Mientras que las otras dos est\u00e1n localizadas en la avenida <strong>Javier Rojo G\u00f3mez<\/strong>, esquina Ferrocarril de R\u00edo Fr\u00edo, colonia <strong>Ortiz Tirado<\/strong>, y la otra en el Eje 3 Sur A\u00f1il casi esquina con <strong>Resina<\/strong>, a un costado de la pista 9-A en <strong>Ciudad Deportiva.<\/strong><\/p>\n<p>En esta alcald\u00eda, <strong>294 mil 651 habitantes,<\/strong> distribuidos en 19 colonias, se ver\u00e1n afectados por el <strong>corte de agua. <\/strong>Una vez que se reanude el <strong>servicio,\u00a0<\/strong>tomar\u00e1 tres m\u00e1s para que el <strong>suministro<\/strong> se normalice en la ciudad.<\/p>\n","protected":false},"excerpt":{"rendered":"<p>Iztacalco afrontar\u00e1 corte de agua con 15 pipas, 10 tinacos y 3 garzas<br \/>\nPor Redacci\u00f3n QP<\/p>\n","protected":false},"author":2,"featured_media":7421,"comment_status":"open","ping_status":"open","sticky":false,"template":"","format":"standard","meta":{"_monsterinsights_skip_tracking":false,"_monsterinsights_sitenote_active":false,"_monsterinsights_sitenote_note":"","_monsterinsights_sitenote_category":0,"footnotes":""},"categories":[55],"tags":[],"class_list":["post-7422","post","type-post","status-publish","format-standard","has-post-thumbnail","hentry","category-cdmx"],"yoast_head":"<!-- This site is optimized with the Yoast SEO plugin v27.3 - https:\/\/yoast.com\/product\/yoast-seo-wordpress\/ -->\n<title>Iztacalco afrontar\u00e1 corte de agua con 15 pipas, 10 tinacos y 3 garzas -<\/title>\n<meta name=\"robots\" content=\"index, follow, max-snippet:-1, max-image-preview:large, max-video-preview:-1\" \/>\n<link rel=\"canonical\" href=\"https:\/\/quehacerpolitico.mx\/?p=7422\" \/>\n<meta property=\"og:locale\" content=\"es_MX\" \/>\n<meta property=\"og:type\" content=\"article\" \/>\n<meta property=\"og:title\" content=\"Iztacalco afrontar\u00e1 corte de agua con 15 pipas, 10 tinacos y 3 garzas -\" \/>\n<meta property=\"og:description\" content=\"Iztacalco afrontar\u00e1 corte de agua con 15 pipas, 10 tinacos y 3 garzas Por Redacci\u00f3n QP\" \/>\n<meta property=\"og:url\" content=\"https:\/\/quehacerpolitico.mx\/?p=7422\" \/>\n<meta property=\"article:published_time\" content=\"2018-10-21T17:47:25+00:00\" \/>\n<meta name=\"author\" content=\"Redacci\u00f3n QP\" \/>\n<meta name=\"twitter:card\" content=\"summary_large_image\" \/>\n<meta name=\"twitter:label1\" content=\"Escrito por\" \/>\n\t<meta name=\"twitter:data1\" content=\"Redacci\u00f3n QP\" \/>\n\t<meta name=\"twitter:label2\" content=\"Tiempo de lectura\" \/>\n\t<meta name=\"twitter:data2\" content=\"1 minuto\" \/>\n<script type=\"application\/ld+json\" class=\"yoast-schema-graph\">{\"@context\":\"https:\\\/\\\/schema.org\",\"@graph\":[{\"@type\":\"Article\",\"@id\":\"https:\\\/\\\/quehacerpolitico.mx\\\/?p=7422#article\",\"isPartOf\":{\"@id\":\"https:\\\/\\\/quehacerpolitico.mx\\\/?p=7422\"},\"author\":{\"name\":\"Redacci\u00f3n QP\",\"@id\":\"https:\\\/\\\/quehacerpolitico.mx\\\/#\\\/schema\\\/person\\\/496d8ad2d1d3f8036101dca7ee39e585\"},\"headline\":\"Iztacalco afrontar\u00e1 corte de agua con 15 pipas, 10 tinacos y 3 garzas\",\"datePublished\":\"2018-10-21T17:47:25+00:00\",\"mainEntityOfPage\":{\"@id\":\"https:\\\/\\\/quehacerpolitico.mx\\\/?p=7422\"},\"wordCount\":233,\"commentCount\":0,\"image\":{\"@id\":\"https:\\\/\\\/quehacerpolitico.mx\\\/?p=7422#primaryimage\"},\"thumbnailUrl\":\"\",\"articleSection\":[\"CDMX\"],\"inLanguage\":\"es\",\"potentialAction\":[{\"@type\":\"CommentAction\",\"name\":\"Comment\",\"target\":[\"https:\\\/\\\/quehacerpolitico.mx\\\/?p=7422#respond\"]}]},{\"@type\":\"WebPage\",\"@id\":\"https:\\\/\\\/quehacerpolitico.mx\\\/?p=7422\",\"url\":\"https:\\\/\\\/quehacerpolitico.mx\\\/?p=7422\",\"name\":\"Iztacalco afrontar\u00e1 corte de agua con 15 pipas, 10 tinacos y 3 garzas -\",\"isPartOf\":{\"@id\":\"https:\\\/\\\/quehacerpolitico.mx\\\/#website\"},\"primaryImageOfPage\":{\"@id\":\"https:\\\/\\\/quehacerpolitico.mx\\\/?p=7422#primaryimage\"},\"image\":{\"@id\":\"https:\\\/\\\/quehacerpolitico.mx\\\/?p=7422#primaryimage\"},\"thumbnailUrl\":\"\",\"datePublished\":\"2018-10-21T17:47:25+00:00\",\"author\":{\"@id\":\"https:\\\/\\\/quehacerpolitico.mx\\\/#\\\/schema\\\/person\\\/496d8ad2d1d3f8036101dca7ee39e585\"},\"breadcrumb\":{\"@id\":\"https:\\\/\\\/quehacerpolitico.mx\\\/?p=7422#breadcrumb\"},\"inLanguage\":\"es\",\"potentialAction\":[{\"@type\":\"ReadAction\",\"target\":[\"https:\\\/\\\/quehacerpolitico.mx\\\/?p=7422\"]}]},{\"@type\":\"ImageObject\",\"inLanguage\":\"es\",\"@id\":\"https:\\\/\\\/quehacerpolitico.mx\\\/?p=7422#primaryimage\",\"url\":\"\",\"contentUrl\":\"\"},{\"@type\":\"BreadcrumbList\",\"@id\":\"https:\\\/\\\/quehacerpolitico.mx\\\/?p=7422#breadcrumb\",\"itemListElement\":[{\"@type\":\"ListItem\",\"position\":1,\"name\":\"Inicio\",\"item\":\"https:\\\/\\\/quehacerpolitico.mx\\\/\"},{\"@type\":\"ListItem\",\"position\":2,\"name\":\"Iztacalco afrontar\u00e1 corte de agua con 15 pipas, 10 tinacos y 3 garzas\"}]},{\"@type\":\"WebSite\",\"@id\":\"https:\\\/\\\/quehacerpolitico.mx\\\/#website\",\"url\":\"https:\\\/\\\/quehacerpolitico.mx\\\/\",\"name\":\"\",\"description\":\"\",\"potentialAction\":[{\"@type\":\"SearchAction\",\"target\":{\"@type\":\"EntryPoint\",\"urlTemplate\":\"https:\\\/\\\/quehacerpolitico.mx\\\/?s={search_term_string}\"},\"query-input\":{\"@type\":\"PropertyValueSpecification\",\"valueRequired\":true,\"valueName\":\"search_term_string\"}}],\"inLanguage\":\"es\"},{\"@type\":\"Person\",\"@id\":\"https:\\\/\\\/quehacerpolitico.mx\\\/#\\\/schema\\\/person\\\/496d8ad2d1d3f8036101dca7ee39e585\",\"name\":\"Redacci\u00f3n QP\",\"image\":{\"@type\":\"ImageObject\",\"inLanguage\":\"es\",\"@id\":\"https:\\\/\\\/secure.gravatar.com\\\/avatar\\\/c7164ed6fdec453195284ad24a5ae5b6e1eed2b848477fa2a4787ba9adf39a41?s=96&d=mm&r=g\",\"url\":\"https:\\\/\\\/secure.gravatar.com\\\/avatar\\\/c7164ed6fdec453195284ad24a5ae5b6e1eed2b848477fa2a4787ba9adf39a41?s=96&d=mm&r=g\",\"contentUrl\":\"https:\\\/\\\/secure.gravatar.com\\\/avatar\\\/c7164ed6fdec453195284ad24a5ae5b6e1eed2b848477fa2a4787ba9adf39a41?s=96&d=mm&r=g\",\"caption\":\"Redacci\u00f3n QP\"},\"url\":\"https:\\\/\\\/quehacerpolitico.mx\\\/?author=2\"}]}<\/script>\n<!-- \/ Yoast SEO plugin. -->","yoast_head_json":{"title":"Iztacalco afrontar\u00e1 corte de agua con 15 pipas, 10 tinacos y 3 garzas -","robots":{"index":"index","follow":"follow","max-snippet":"max-snippet:-1","max-image-preview":"max-image-preview:large","max-video-preview":"max-video-preview:-1"},"canonical":"https:\/\/quehacerpolitico.mx\/?p=7422","og_locale":"es_MX","og_type":"article","og_title":"Iztacalco afrontar\u00e1 corte de agua con 15 pipas, 10 tinacos y 3 garzas -","og_description":"Iztacalco afrontar\u00e1 corte de agua con 15 pipas, 10 tinacos y 3 garzas Por Redacci\u00f3n QP","og_url":"https:\/\/quehacerpolitico.mx\/?p=7422","article_published_time":"2018-10-21T17:47:25+00:00","author":"Redacci\u00f3n QP","twitter_card":"summary_large_image","twitter_misc":{"Escrito por":"Redacci\u00f3n QP","Tiempo de lectura":"1 minuto"},"schema":{"@context":"https:\/\/schema.org","@graph":[{"@type":"Article","@id":"https:\/\/quehacerpolitico.mx\/?p=7422#article","isPartOf":{"@id":"https:\/\/quehacerpolitico.mx\/?p=7422"},"author":{"name":"Redacci\u00f3n QP","@id":"https:\/\/quehacerpolitico.mx\/#\/schema\/person\/496d8ad2d1d3f8036101dca7ee39e585"},"headline":"Iztacalco afrontar\u00e1 corte de agua con 15 pipas, 10 tinacos y 3 garzas","datePublished":"2018-10-21T17:47:25+00:00","mainEntityOfPage":{"@id":"https:\/\/quehacerpolitico.mx\/?p=7422"},"wordCount":233,"commentCount":0,"image":{"@id":"https:\/\/quehacerpolitico.mx\/?p=7422#primaryimage"},"thumbnailUrl":"","articleSection":["CDMX"],"inLanguage":"es","potentialAction":[{"@type":"CommentAction","name":"Comment","target":["https:\/\/quehacerpolitico.mx\/?p=7422#respond"]}]},{"@type":"WebPage","@id":"https:\/\/quehacerpolitico.mx\/?p=7422","url":"https:\/\/quehacerpolitico.mx\/?p=7422","name":"Iztacalco afrontar\u00e1 corte de agua con 15 pipas, 10 tinacos y 3 garzas -","isPartOf":{"@id":"https:\/\/quehacerpolitico.mx\/#website"},"primaryImageOfPage":{"@id":"https:\/\/quehacerpolitico.mx\/?p=7422#primaryimage"},"image":{"@id":"https:\/\/quehacerpolitico.mx\/?p=7422#primaryimage"},"thumbnailUrl":"","datePublished":"2018-10-21T17:47:25+00:00","author":{"@id":"https:\/\/quehacerpolitico.mx\/#\/schema\/person\/496d8ad2d1d3f8036101dca7ee39e585"},"breadcrumb":{"@id":"https:\/\/quehacerpolitico.mx\/?p=7422#breadcrumb"},"inLanguage":"es","potentialAction":[{"@type":"ReadAction","target":["https:\/\/quehacerpolitico.mx\/?p=7422"]}]},{"@type":"ImageObject","inLanguage":"es","@id":"https:\/\/quehacerpolitico.mx\/?p=7422#primaryimage","url":"","contentUrl":""},{"@type":"BreadcrumbList","@id":"https:\/\/quehacerpolitico.mx\/?p=7422#breadcrumb","itemListElement":[{"@type":"ListItem","position":1,"name":"Inicio","item":"https:\/\/quehacerpolitico.mx\/"},{"@type":"ListItem","position":2,"name":"Iztacalco afrontar\u00e1 corte de agua con 15 pipas, 10 tinacos y 3 garzas"}]},{"@type":"WebSite","@id":"https:\/\/quehacerpolitico.mx\/#website","url":"https:\/\/quehacerpolitico.mx\/","name":"","description":"","potentialAction":[{"@type":"SearchAction","target":{"@type":"EntryPoint","urlTemplate":"https:\/\/quehacerpolitico.mx\/?s={search_term_string}"},"query-input":{"@type":"PropertyValueSpecification","valueRequired":true,"valueName":"search_term_string"}}],"inLanguage":"es"},{"@type":"Person","@id":"https:\/\/quehacerpolitico.mx\/#\/schema\/person\/496d8ad2d1d3f8036101dca7ee39e585","name":"Redacci\u00f3n QP","image":{"@type":"ImageObject","inLanguage":"es","@id":"https:\/\/secure.gravatar.com\/avatar\/c7164ed6fdec453195284ad24a5ae5b6e1eed2b848477fa2a4787ba9adf39a41?s=96&d=mm&r=g","url":"https:\/\/secure.gravatar.com\/avatar\/c7164ed6fdec453195284ad24a5ae5b6e1eed2b848477fa2a4787ba9adf39a41?s=96&d=mm&r=g","contentUrl":"https:\/\/secure.gravatar.com\/avatar\/c7164ed6fdec453195284ad24a5ae5b6e1eed2b848477fa2a4787ba9adf39a41?s=96&d=mm&r=g","caption":"Redacci\u00f3n QP"},"url":"https:\/\/quehacerpolitico.mx\/?author=2"}]}},"featured_image_urls":{"full":"","thumbnail":"","medium":"","medium_large":"","large":"","1536x1536":"","2048x2048":"","covernews-featured":"","covernews-medium":""},"author_info":{"display_name":"Redacci\u00f3n QP","author_link":"https:\/\/quehacerpolitico.mx\/?author=2"},"category_info":"<a href=\"https:\/\/quehacerpolitico.mx\/?cat=55\" rel=\"category\">CDMX<\/a>","tag_info":"CDMX","comment_count":"0","_links":{"self":[{"href":"https:\/\/quehacerpolitico.mx\/index.php?rest_route=\/wp\/v2\/posts\/7422","targetHints":{"allow":["GET"]}}],"collection":[{"href":"https:\/\/quehacerpolitico.mx\/index.php?rest_route=\/wp\/v2\/posts"}],"about":[{"href":"https:\/\/quehacerpolitico.mx\/index.php?rest_route=\/wp\/v2\/types\/post"}],"author":[{"embeddable":true,"href":"https:\/\/quehacerpolitico.mx\/index.php?rest_route=\/wp\/v2\/users\/2"}],"replies":[{"embeddable":true,"href":"https:\/\/quehacerpolitico.mx\/index.php?rest_route=%2Fwp%2Fv2%2Fcomments&post=7422"}],"version-history":[{"count":0,"href":"https:\/\/quehacerpolitico.mx\/index.php?rest_route=\/wp\/v2\/posts\/7422\/revisions"}],"wp:featuredmedia":[{"embeddable":true,"href":"https:\/\/quehacerpolitico.mx\/index.php?rest_route=\/"}],"wp:attachment":[{"href":"https:\/\/quehacerpolitico.mx\/index.php?rest_route=%2Fwp%2Fv2%2Fmedia&parent=7422"}],"wp:term":[{"taxonomy":"category","embeddable":true,"href":"https:\/\/quehacerpolitico.mx\/index.php?rest_route=%2Fwp%2Fv2%2Fcategories&post=7422"},{"taxonomy":"post_tag","embeddable":true,"href":"https:\/\/quehacerpolitico.mx\/index.php?rest_route=%2Fwp%2Fv2%2Ftags&post=7422"}],"curies":[{"name":"wp","href":"https:\/\/api.w.org\/{rel}","templated":true}]}}