{"id":7418,"date":"2018-10-21T16:58:48","date_gmt":"2018-10-21T16:58:48","guid":{"rendered":"http:\/\/quehacerpolitico.mx\/trabajo-para-migrantes-sera-definido-por-el-mercado-laboral-stps\/"},"modified":"2018-10-21T16:58:48","modified_gmt":"2018-10-21T16:58:48","slug":"trabajo-para-migrantes-sera-definido-por-el-mercado-laboral-stps","status":"publish","type":"post","link":"https:\/\/quehacerpolitico.mx\/?p=7418","title":{"rendered":"Trabajo para migrantes ser\u00e1 definido por el mercado laboral: STPS"},"content":{"rendered":"<h3 class=\"post-title entry-title\">Trabajo para migrantes ser\u00e1 definido por el mercado laboral: STPS<\/h3>\n<p>Por Redacci\u00f3n QP<\/p>\n<div>Los centroamericanos que han ingresado a M\u00e9xico y que en determinado momento decidan quedarse para trabajar aqu\u00ed, tendr\u00e1n que cumplir con los lineamientos establecidos en las leyes migratorias. Su inclusi\u00f3n al mercado laboral mexicano depender\u00e1 de las habilidades con las que cuenten, afirm\u00f3 Fernando Maldonado, subsecretario del Trabajo, luego de participar en la inauguraci\u00f3n de la &#8220;Expoferia de Programas Sociales y de Servicios&#8221; que organiz\u00f3 la Confederaci\u00f3n Revolucionaria de Obreros y Campesinos (CROC).<\/div>\n<div>&#8220;Los mexicanos se vienen preparando para justamente asumir su papel en el mercado laboral de M\u00e9xico, eso no quiere decir que no podamos tener migrantes en el tema del empleo, pero definitivamente es un tema que el mercado laboral lo va a determinar. Si hay o no el espacio en raz\u00f3n de los perfiles, las habilidades laborales, la capacitaci\u00f3n, la educaci\u00f3n, la formaci\u00f3n, el lugar de origen &#8220;, puntualiz\u00f3 el funcionario federal.<\/div>\n<div>Al respecto, Isa\u00edas Gonz\u00e1lez Cuevas, secretario general de la CROC, advirti\u00f3 que M\u00e9xico debe tender la mano a los migrantes hasta donde tenga capacidad, de lo contrario podr\u00eda generar una crisis.<\/div>\n<div>El dirigente de la central obrera record\u00f3 que nuestro pa\u00eds tiene un d\u00e9ficit en creaci\u00f3n de empleos, aunque los migrantes podr\u00edan encontrar una oportunidad laboral en ciertas ramas, como las relacionadas con el sector agropecuario pues hasta el momento no existe nada en espec\u00edfico para atenderlos.<\/div>\n<div>&#8220;La gente que traiga todos sus papeles en orden y que demuestre que es trabajadora y que quiere trabajar, entonces bueno se va a hacer el esfuerzo para qu\u00e9, para que ingresen. De buscar trabajo pues a ver en el campo, en algunas ramas a donde se necesita, ah\u00ed se podr\u00eda dar el empleo, pero empleos as\u00ed ahorita que se est\u00e9n generando para d\u00e1rselo a todos no&#8221;, coment\u00f3.<\/div>\n<div>Ayer miles de migrantes que huyen de la falta de oportunidades y violencia de sus pa\u00edses ingresaron a territorio nacional para tratar de llegar a Estados Unidos.<\/div>\n","protected":false},"excerpt":{"rendered":"<p>Trabajo para migrantes ser\u00e1 definido por el mercado laboral: STPS<br \/>\nPor Redacci\u00f3n QP<\/p>\n","protected":false},"author":2,"featured_media":7417,"comment_status":"open","ping_status":"open","sticky":false,"template":"","format":"standard","meta":{"_monsterinsights_skip_tracking":false,"_monsterinsights_sitenote_active":false,"_monsterinsights_sitenote_note":"","_monsterinsights_sitenote_category":0,"footnotes":""},"categories":[55],"tags":[],"class_list":["post-7418","post","type-post","status-publish","format-standard","has-post-thumbnail","hentry","category-cdmx"],"yoast_head":"<!-- This site is optimized with the Yoast SEO plugin v27.3 - https:\/\/yoast.com\/product\/yoast-seo-wordpress\/ -->\n<title>Trabajo para migrantes ser\u00e1 definido por el mercado laboral: STPS -<\/title>\n<meta name=\"robots\" content=\"index, follow, max-snippet:-1, max-image-preview:large, max-video-preview:-1\" \/>\n<link rel=\"canonical\" href=\"https:\/\/quehacerpolitico.mx\/?p=7418\" \/>\n<meta property=\"og:locale\" content=\"es_MX\" \/>\n<meta property=\"og:type\" content=\"article\" \/>\n<meta property=\"og:title\" content=\"Trabajo para migrantes ser\u00e1 definido por el mercado laboral: STPS -\" \/>\n<meta property=\"og:description\" content=\"Trabajo para migrantes ser\u00e1 definido por el mercado laboral: STPS Por Redacci\u00f3n QP\" \/>\n<meta property=\"og:url\" content=\"https:\/\/quehacerpolitico.mx\/?p=7418\" \/>\n<meta property=\"article:published_time\" content=\"2018-10-21T16:58:48+00:00\" \/>\n<meta name=\"author\" content=\"Redacci\u00f3n QP\" \/>\n<meta name=\"twitter:card\" content=\"summary_large_image\" \/>\n<meta name=\"twitter:label1\" content=\"Escrito por\" \/>\n\t<meta name=\"twitter:data1\" content=\"Redacci\u00f3n QP\" \/>\n\t<meta name=\"twitter:label2\" content=\"Tiempo de lectura\" \/>\n\t<meta name=\"twitter:data2\" content=\"2 minutos\" \/>\n<script type=\"application\/ld+json\" class=\"yoast-schema-graph\">{\"@context\":\"https:\\\/\\\/schema.org\",\"@graph\":[{\"@type\":\"Article\",\"@id\":\"https:\\\/\\\/quehacerpolitico.mx\\\/?p=7418#article\",\"isPartOf\":{\"@id\":\"https:\\\/\\\/quehacerpolitico.mx\\\/?p=7418\"},\"author\":{\"name\":\"Redacci\u00f3n QP\",\"@id\":\"https:\\\/\\\/quehacerpolitico.mx\\\/#\\\/schema\\\/person\\\/496d8ad2d1d3f8036101dca7ee39e585\"},\"headline\":\"Trabajo para migrantes ser\u00e1 definido por el mercado laboral: STPS\",\"datePublished\":\"2018-10-21T16:58:48+00:00\",\"mainEntityOfPage\":{\"@id\":\"https:\\\/\\\/quehacerpolitico.mx\\\/?p=7418\"},\"wordCount\":363,\"commentCount\":0,\"image\":{\"@id\":\"https:\\\/\\\/quehacerpolitico.mx\\\/?p=7418#primaryimage\"},\"thumbnailUrl\":\"\",\"articleSection\":[\"CDMX\"],\"inLanguage\":\"es\",\"potentialAction\":[{\"@type\":\"CommentAction\",\"name\":\"Comment\",\"target\":[\"https:\\\/\\\/quehacerpolitico.mx\\\/?p=7418#respond\"]}]},{\"@type\":\"WebPage\",\"@id\":\"https:\\\/\\\/quehacerpolitico.mx\\\/?p=7418\",\"url\":\"https:\\\/\\\/quehacerpolitico.mx\\\/?p=7418\",\"name\":\"Trabajo para migrantes ser\u00e1 definido por el mercado laboral: STPS -\",\"isPartOf\":{\"@id\":\"https:\\\/\\\/quehacerpolitico.mx\\\/#website\"},\"primaryImageOfPage\":{\"@id\":\"https:\\\/\\\/quehacerpolitico.mx\\\/?p=7418#primaryimage\"},\"image\":{\"@id\":\"https:\\\/\\\/quehacerpolitico.mx\\\/?p=7418#primaryimage\"},\"thumbnailUrl\":\"\",\"datePublished\":\"2018-10-21T16:58:48+00:00\",\"author\":{\"@id\":\"https:\\\/\\\/quehacerpolitico.mx\\\/#\\\/schema\\\/person\\\/496d8ad2d1d3f8036101dca7ee39e585\"},\"breadcrumb\":{\"@id\":\"https:\\\/\\\/quehacerpolitico.mx\\\/?p=7418#breadcrumb\"},\"inLanguage\":\"es\",\"potentialAction\":[{\"@type\":\"ReadAction\",\"target\":[\"https:\\\/\\\/quehacerpolitico.mx\\\/?p=7418\"]}]},{\"@type\":\"ImageObject\",\"inLanguage\":\"es\",\"@id\":\"https:\\\/\\\/quehacerpolitico.mx\\\/?p=7418#primaryimage\",\"url\":\"\",\"contentUrl\":\"\"},{\"@type\":\"BreadcrumbList\",\"@id\":\"https:\\\/\\\/quehacerpolitico.mx\\\/?p=7418#breadcrumb\",\"itemListElement\":[{\"@type\":\"ListItem\",\"position\":1,\"name\":\"Inicio\",\"item\":\"https:\\\/\\\/quehacerpolitico.mx\\\/\"},{\"@type\":\"ListItem\",\"position\":2,\"name\":\"Trabajo para migrantes ser\u00e1 definido por el mercado laboral: STPS\"}]},{\"@type\":\"WebSite\",\"@id\":\"https:\\\/\\\/quehacerpolitico.mx\\\/#website\",\"url\":\"https:\\\/\\\/quehacerpolitico.mx\\\/\",\"name\":\"\",\"description\":\"\",\"potentialAction\":[{\"@type\":\"SearchAction\",\"target\":{\"@type\":\"EntryPoint\",\"urlTemplate\":\"https:\\\/\\\/quehacerpolitico.mx\\\/?s={search_term_string}\"},\"query-input\":{\"@type\":\"PropertyValueSpecification\",\"valueRequired\":true,\"valueName\":\"search_term_string\"}}],\"inLanguage\":\"es\"},{\"@type\":\"Person\",\"@id\":\"https:\\\/\\\/quehacerpolitico.mx\\\/#\\\/schema\\\/person\\\/496d8ad2d1d3f8036101dca7ee39e585\",\"name\":\"Redacci\u00f3n QP\",\"image\":{\"@type\":\"ImageObject\",\"inLanguage\":\"es\",\"@id\":\"https:\\\/\\\/secure.gravatar.com\\\/avatar\\\/c7164ed6fdec453195284ad24a5ae5b6e1eed2b848477fa2a4787ba9adf39a41?s=96&d=mm&r=g\",\"url\":\"https:\\\/\\\/secure.gravatar.com\\\/avatar\\\/c7164ed6fdec453195284ad24a5ae5b6e1eed2b848477fa2a4787ba9adf39a41?s=96&d=mm&r=g\",\"contentUrl\":\"https:\\\/\\\/secure.gravatar.com\\\/avatar\\\/c7164ed6fdec453195284ad24a5ae5b6e1eed2b848477fa2a4787ba9adf39a41?s=96&d=mm&r=g\",\"caption\":\"Redacci\u00f3n QP\"},\"url\":\"https:\\\/\\\/quehacerpolitico.mx\\\/?author=2\"}]}<\/script>\n<!-- \/ Yoast SEO plugin. -->","yoast_head_json":{"title":"Trabajo para migrantes ser\u00e1 definido por el mercado laboral: STPS -","robots":{"index":"index","follow":"follow","max-snippet":"max-snippet:-1","max-image-preview":"max-image-preview:large","max-video-preview":"max-video-preview:-1"},"canonical":"https:\/\/quehacerpolitico.mx\/?p=7418","og_locale":"es_MX","og_type":"article","og_title":"Trabajo para migrantes ser\u00e1 definido por el mercado laboral: STPS -","og_description":"Trabajo para migrantes ser\u00e1 definido por el mercado laboral: STPS Por Redacci\u00f3n QP","og_url":"https:\/\/quehacerpolitico.mx\/?p=7418","article_published_time":"2018-10-21T16:58:48+00:00","author":"Redacci\u00f3n QP","twitter_card":"summary_large_image","twitter_misc":{"Escrito por":"Redacci\u00f3n QP","Tiempo de lectura":"2 minutos"},"schema":{"@context":"https:\/\/schema.org","@graph":[{"@type":"Article","@id":"https:\/\/quehacerpolitico.mx\/?p=7418#article","isPartOf":{"@id":"https:\/\/quehacerpolitico.mx\/?p=7418"},"author":{"name":"Redacci\u00f3n QP","@id":"https:\/\/quehacerpolitico.mx\/#\/schema\/person\/496d8ad2d1d3f8036101dca7ee39e585"},"headline":"Trabajo para migrantes ser\u00e1 definido por el mercado laboral: STPS","datePublished":"2018-10-21T16:58:48+00:00","mainEntityOfPage":{"@id":"https:\/\/quehacerpolitico.mx\/?p=7418"},"wordCount":363,"commentCount":0,"image":{"@id":"https:\/\/quehacerpolitico.mx\/?p=7418#primaryimage"},"thumbnailUrl":"","articleSection":["CDMX"],"inLanguage":"es","potentialAction":[{"@type":"CommentAction","name":"Comment","target":["https:\/\/quehacerpolitico.mx\/?p=7418#respond"]}]},{"@type":"WebPage","@id":"https:\/\/quehacerpolitico.mx\/?p=7418","url":"https:\/\/quehacerpolitico.mx\/?p=7418","name":"Trabajo para migrantes ser\u00e1 definido por el mercado laboral: STPS -","isPartOf":{"@id":"https:\/\/quehacerpolitico.mx\/#website"},"primaryImageOfPage":{"@id":"https:\/\/quehacerpolitico.mx\/?p=7418#primaryimage"},"image":{"@id":"https:\/\/quehacerpolitico.mx\/?p=7418#primaryimage"},"thumbnailUrl":"","datePublished":"2018-10-21T16:58:48+00:00","author":{"@id":"https:\/\/quehacerpolitico.mx\/#\/schema\/person\/496d8ad2d1d3f8036101dca7ee39e585"},"breadcrumb":{"@id":"https:\/\/quehacerpolitico.mx\/?p=7418#breadcrumb"},"inLanguage":"es","potentialAction":[{"@type":"ReadAction","target":["https:\/\/quehacerpolitico.mx\/?p=7418"]}]},{"@type":"ImageObject","inLanguage":"es","@id":"https:\/\/quehacerpolitico.mx\/?p=7418#primaryimage","url":"","contentUrl":""},{"@type":"BreadcrumbList","@id":"https:\/\/quehacerpolitico.mx\/?p=7418#breadcrumb","itemListElement":[{"@type":"ListItem","position":1,"name":"Inicio","item":"https:\/\/quehacerpolitico.mx\/"},{"@type":"ListItem","position":2,"name":"Trabajo para migrantes ser\u00e1 definido por el mercado laboral: STPS"}]},{"@type":"WebSite","@id":"https:\/\/quehacerpolitico.mx\/#website","url":"https:\/\/quehacerpolitico.mx\/","name":"","description":"","potentialAction":[{"@type":"SearchAction","target":{"@type":"EntryPoint","urlTemplate":"https:\/\/quehacerpolitico.mx\/?s={search_term_string}"},"query-input":{"@type":"PropertyValueSpecification","valueRequired":true,"valueName":"search_term_string"}}],"inLanguage":"es"},{"@type":"Person","@id":"https:\/\/quehacerpolitico.mx\/#\/schema\/person\/496d8ad2d1d3f8036101dca7ee39e585","name":"Redacci\u00f3n QP","image":{"@type":"ImageObject","inLanguage":"es","@id":"https:\/\/secure.gravatar.com\/avatar\/c7164ed6fdec453195284ad24a5ae5b6e1eed2b848477fa2a4787ba9adf39a41?s=96&d=mm&r=g","url":"https:\/\/secure.gravatar.com\/avatar\/c7164ed6fdec453195284ad24a5ae5b6e1eed2b848477fa2a4787ba9adf39a41?s=96&d=mm&r=g","contentUrl":"https:\/\/secure.gravatar.com\/avatar\/c7164ed6fdec453195284ad24a5ae5b6e1eed2b848477fa2a4787ba9adf39a41?s=96&d=mm&r=g","caption":"Redacci\u00f3n QP"},"url":"https:\/\/quehacerpolitico.mx\/?author=2"}]}},"featured_image_urls":{"full":"","thumbnail":"","medium":"","medium_large":"","large":"","1536x1536":"","2048x2048":"","covernews-featured":"","covernews-medium":""},"author_info":{"display_name":"Redacci\u00f3n QP","author_link":"https:\/\/quehacerpolitico.mx\/?author=2"},"category_info":"<a href=\"https:\/\/quehacerpolitico.mx\/?cat=55\" rel=\"category\">CDMX<\/a>","tag_info":"CDMX","comment_count":"0","_links":{"self":[{"href":"https:\/\/quehacerpolitico.mx\/index.php?rest_route=\/wp\/v2\/posts\/7418","targetHints":{"allow":["GET"]}}],"collection":[{"href":"https:\/\/quehacerpolitico.mx\/index.php?rest_route=\/wp\/v2\/posts"}],"about":[{"href":"https:\/\/quehacerpolitico.mx\/index.php?rest_route=\/wp\/v2\/types\/post"}],"author":[{"embeddable":true,"href":"https:\/\/quehacerpolitico.mx\/index.php?rest_route=\/wp\/v2\/users\/2"}],"replies":[{"embeddable":true,"href":"https:\/\/quehacerpolitico.mx\/index.php?rest_route=%2Fwp%2Fv2%2Fcomments&post=7418"}],"version-history":[{"count":0,"href":"https:\/\/quehacerpolitico.mx\/index.php?rest_route=\/wp\/v2\/posts\/7418\/revisions"}],"wp:featuredmedia":[{"embeddable":true,"href":"https:\/\/quehacerpolitico.mx\/index.php?rest_route=\/"}],"wp:attachment":[{"href":"https:\/\/quehacerpolitico.mx\/index.php?rest_route=%2Fwp%2Fv2%2Fmedia&parent=7418"}],"wp:term":[{"taxonomy":"category","embeddable":true,"href":"https:\/\/quehacerpolitico.mx\/index.php?rest_route=%2Fwp%2Fv2%2Fcategories&post=7418"},{"taxonomy":"post_tag","embeddable":true,"href":"https:\/\/quehacerpolitico.mx\/index.php?rest_route=%2Fwp%2Fv2%2Ftags&post=7418"}],"curies":[{"name":"wp","href":"https:\/\/api.w.org\/{rel}","templated":true}]}}