{"id":7414,"date":"2018-10-21T16:50:07","date_gmt":"2018-10-21T16:50:07","guid":{"rendered":"http:\/\/quehacerpolitico.mx\/migrantes-hondurenos-avanzan-hacia-tapachula-pf-instala-reten\/"},"modified":"2018-10-21T16:50:07","modified_gmt":"2018-10-21T16:50:07","slug":"migrantes-hondurenos-avanzan-hacia-tapachula-pf-instala-reten","status":"publish","type":"post","link":"https:\/\/quehacerpolitico.mx\/?p=7414","title":{"rendered":"Migrantes hondure\u00f1os avanzan hacia Tapachula; PF instala ret\u00e9n"},"content":{"rendered":"<h1 class=\"news-title\">Migrantes hondure\u00f1os avanzan hacia Tapachula; PF instala ret\u00e9n<\/h1>\n<p>Por Redacci\u00f3n QP<\/p>\n<div class=\"mod-photogallery\" data-pagination=\".swiper-pagination\" data-id=\"article-photogallery\">\n<div class=\"swiper-container swiper-container-horizontal\">\n<div class=\"swiper-wrapper\">\n<figure class=\"swiper-slide swiper-image active swiper-slide-active\" data-index=\"0\">\n<div class=\"swiper-responsive\" data-openfullscreen=\"\"><img loading=\"lazy\" decoding=\"async\" title=\"Los miles de migrantes iniciaron este domingo su caminata hacia la frontera norte. AFP \/ J. Ordo\u00f1ez\" src=\"https:\/\/www.informador.mx\/__export\/1540135288072\/sites\/elinformador\/img\/2018\/10\/21\/inmigrantes_hondurexos_afp_770_crop1540134850275.jpg_1970638775.jpg\" alt=\"Los miles de migrantes iniciaron este domingo su caminata hacia la frontera norte. AFP \/ J. Ordo\u00f1ez\" width=\"320\" height=\"320\" data-fullscreen=\"\/__export\/1540135288072\/sites\/elinformador\/img\/2018\/10\/21\/inmigrantes_hondurexos_afp_770_crop1540134850275.jpg_1709026569.jpg\" \/><\/div><figcaption class=\"swiper-caption\"><\/figcaption><\/figure>\n<figure class=\"swiper-slide swiper-image swiper-slide-next\" data-index=\"0\">\n<div class=\"swiper-responsive\" data-openfullscreen=\"\"><button class=\"swiper-fullscreen icon icon__fullscreen_outline\"><\/button><img loading=\"lazy\" decoding=\"async\" title=\"Un helic\u00f3ptero de la Polic\u00eda Federal sobrevuela la zona. AFP \/ P. Pardo\" src=\"https:\/\/www.informador.mx\/__export\/1540135288159\/sites\/elinformador\/img\/2018\/10\/21\/helicoptero_policia_federal_afp_crop1540135047745.jpg_1970638775.jpg\" alt=\"Un helic\u00f3ptero de la Polic\u00eda Federal sobrevuela la zona. AFP \/ P. Pardo\" width=\"320\" height=\"320\" data-fullscreen=\"\/__export\/1540135288159\/sites\/elinformador\/img\/2018\/10\/21\/helicoptero_policia_federal_afp_crop1540135047745.jpg_1709026569.jpg\" \/><\/div><figcaption class=\"swiper-caption\"><\/figcaption><\/figure>\n<figure class=\"swiper-slide swiper-image\" data-index=\"0\">\n<div class=\"swiper-responsive\" data-openfullscreen=\"\"><button class=\"swiper-fullscreen icon icon__fullscreen_outline\"><\/button><img loading=\"lazy\" decoding=\"async\" title=\"Migrantes hondure\u00f1os avanzan hacia Tapachula; PF instala ret\u00e9n\" src=\"https:\/\/www.informador.mx\/__export\/1540135166810\/sites\/elinformador\/img\/2018\/10\/21\/mxs_inmigrantes_hondurexos_afp_crop1540135165113.jpg_1970638775.jpg\" alt=\"Migrantes hondure\u00f1os avanzan hacia Tapachula; PF instala ret\u00e9n\" width=\"320\" height=\"320\" data-fullscreen=\"\/__export\/1540135166810\/sites\/elinformador\/img\/2018\/10\/21\/mxs_inmigrantes_hondurexos_afp_crop1540135165113.jpg_1709026569.jpg\" \/><\/div><figcaption class=\"swiper-caption\"><\/figcaption><\/figure>\n<\/div>\n<\/div>\n<\/div>\n<div class=\"news-body row\">\n<p>Los miles de hondure\u00f1os que permanec\u00edan en la frontera entre M\u00e9xico y Guatemala iniciaron esta ma\u00f1ana de domingo su caminata hacia la frontera norte.<\/p>\n<p><strong>Hombres, mujeres y ni\u00f1os salieron del parque central de Ciudad Hidalgo y empezaron a caminar hacia Tapachula, Chiapas<\/strong>, el primer punto del recorrido hacia la frontera norte.<\/p>\n<p>Los miles de hondure\u00f1os salieron con lo \u00fanico que llevan con ellos, una mochila y algunas cobijas.<\/p>\n<p>A su salida de Ciudad Hidalgo, fueron despedidos por los mexicanos que salieron de sus hogares a desearles \u00e1nimo en su recorrido.<\/p>\n<h3>Polic\u00eda Federal instala ret\u00e9n en la v\u00eda 200<\/h3>\n<p>Cientos de agentes de la Policia Federal\u00a0(PF) montaron un ret\u00e9n en la v\u00eda 200, donde camina la caravana de migrantes.<\/p>\n<p>Los federales se han apostado en el crucero a Metapa de Dom\u00ednguez, municipio colindante con Suchiate.<\/p>\n<p>Los hondure\u00f1os se encuentran a unos tres kil\u00f3metros de donde est\u00e1n los polic\u00edas.<\/p>\n<p>Un helic\u00f3ptero de la Polic\u00eda Federal sobrevuela la zona.<\/p>\n<p><strong>En el lugar permanecen unos 300 agentes de la Polic\u00eda Federal<\/strong>.<\/p>\n<\/div>\n","protected":false},"excerpt":{"rendered":"<p>Hombres, mujeres y ni\u00f1os salieron con lo \u00fanico que llevan con ellos, una mochila y algunas cobijas<br \/>\nPor Redacci\u00f3n QP<\/p>\n","protected":false},"author":2,"featured_media":7413,"comment_status":"open","ping_status":"open","sticky":false,"template":"","format":"standard","meta":{"_monsterinsights_skip_tracking":false,"_monsterinsights_sitenote_active":false,"_monsterinsights_sitenote_note":"","_monsterinsights_sitenote_category":0,"footnotes":""},"categories":[2],"tags":[],"class_list":["post-7414","post","type-post","status-publish","format-standard","has-post-thumbnail","hentry","category-noticias"],"yoast_head":"<!-- This site is optimized with the Yoast SEO plugin v27.3 - https:\/\/yoast.com\/product\/yoast-seo-wordpress\/ -->\n<title>Migrantes hondure\u00f1os avanzan hacia Tapachula; PF instala ret\u00e9n -<\/title>\n<meta name=\"robots\" content=\"index, follow, max-snippet:-1, max-image-preview:large, max-video-preview:-1\" \/>\n<link rel=\"canonical\" href=\"https:\/\/quehacerpolitico.mx\/?p=7414\" \/>\n<meta property=\"og:locale\" content=\"es_MX\" \/>\n<meta property=\"og:type\" content=\"article\" \/>\n<meta property=\"og:title\" content=\"Migrantes hondure\u00f1os avanzan hacia Tapachula; PF instala ret\u00e9n -\" \/>\n<meta property=\"og:description\" content=\"Hombres, mujeres y ni\u00f1os salieron con lo \u00fanico que llevan con ellos, una mochila y algunas cobijas Por Redacci\u00f3n QP\" \/>\n<meta property=\"og:url\" content=\"https:\/\/quehacerpolitico.mx\/?p=7414\" \/>\n<meta property=\"article:published_time\" content=\"2018-10-21T16:50:07+00:00\" \/>\n<meta name=\"author\" content=\"Redacci\u00f3n QP\" \/>\n<meta name=\"twitter:card\" content=\"summary_large_image\" \/>\n<meta name=\"twitter:label1\" content=\"Escrito por\" \/>\n\t<meta name=\"twitter:data1\" content=\"Redacci\u00f3n QP\" \/>\n\t<meta name=\"twitter:label2\" content=\"Tiempo de lectura\" \/>\n\t<meta name=\"twitter:data2\" content=\"1 minuto\" \/>\n<script type=\"application\/ld+json\" class=\"yoast-schema-graph\">{\"@context\":\"https:\\\/\\\/schema.org\",\"@graph\":[{\"@type\":\"Article\",\"@id\":\"https:\\\/\\\/quehacerpolitico.mx\\\/?p=7414#article\",\"isPartOf\":{\"@id\":\"https:\\\/\\\/quehacerpolitico.mx\\\/?p=7414\"},\"author\":{\"name\":\"Redacci\u00f3n QP\",\"@id\":\"https:\\\/\\\/quehacerpolitico.mx\\\/#\\\/schema\\\/person\\\/496d8ad2d1d3f8036101dca7ee39e585\"},\"headline\":\"Migrantes hondure\u00f1os avanzan hacia Tapachula; PF instala ret\u00e9n\",\"datePublished\":\"2018-10-21T16:50:07+00:00\",\"mainEntityOfPage\":{\"@id\":\"https:\\\/\\\/quehacerpolitico.mx\\\/?p=7414\"},\"wordCount\":208,\"commentCount\":0,\"image\":{\"@id\":\"https:\\\/\\\/quehacerpolitico.mx\\\/?p=7414#primaryimage\"},\"thumbnailUrl\":\"\",\"articleSection\":[\"Noticias\"],\"inLanguage\":\"es\",\"potentialAction\":[{\"@type\":\"CommentAction\",\"name\":\"Comment\",\"target\":[\"https:\\\/\\\/quehacerpolitico.mx\\\/?p=7414#respond\"]}]},{\"@type\":\"WebPage\",\"@id\":\"https:\\\/\\\/quehacerpolitico.mx\\\/?p=7414\",\"url\":\"https:\\\/\\\/quehacerpolitico.mx\\\/?p=7414\",\"name\":\"Migrantes hondure\u00f1os avanzan hacia Tapachula; PF instala ret\u00e9n -\",\"isPartOf\":{\"@id\":\"https:\\\/\\\/quehacerpolitico.mx\\\/#website\"},\"primaryImageOfPage\":{\"@id\":\"https:\\\/\\\/quehacerpolitico.mx\\\/?p=7414#primaryimage\"},\"image\":{\"@id\":\"https:\\\/\\\/quehacerpolitico.mx\\\/?p=7414#primaryimage\"},\"thumbnailUrl\":\"\",\"datePublished\":\"2018-10-21T16:50:07+00:00\",\"author\":{\"@id\":\"https:\\\/\\\/quehacerpolitico.mx\\\/#\\\/schema\\\/person\\\/496d8ad2d1d3f8036101dca7ee39e585\"},\"breadcrumb\":{\"@id\":\"https:\\\/\\\/quehacerpolitico.mx\\\/?p=7414#breadcrumb\"},\"inLanguage\":\"es\",\"potentialAction\":[{\"@type\":\"ReadAction\",\"target\":[\"https:\\\/\\\/quehacerpolitico.mx\\\/?p=7414\"]}]},{\"@type\":\"ImageObject\",\"inLanguage\":\"es\",\"@id\":\"https:\\\/\\\/quehacerpolitico.mx\\\/?p=7414#primaryimage\",\"url\":\"\",\"contentUrl\":\"\"},{\"@type\":\"BreadcrumbList\",\"@id\":\"https:\\\/\\\/quehacerpolitico.mx\\\/?p=7414#breadcrumb\",\"itemListElement\":[{\"@type\":\"ListItem\",\"position\":1,\"name\":\"Inicio\",\"item\":\"https:\\\/\\\/quehacerpolitico.mx\\\/\"},{\"@type\":\"ListItem\",\"position\":2,\"name\":\"Migrantes hondure\u00f1os avanzan hacia Tapachula; PF instala ret\u00e9n\"}]},{\"@type\":\"WebSite\",\"@id\":\"https:\\\/\\\/quehacerpolitico.mx\\\/#website\",\"url\":\"https:\\\/\\\/quehacerpolitico.mx\\\/\",\"name\":\"\",\"description\":\"\",\"potentialAction\":[{\"@type\":\"SearchAction\",\"target\":{\"@type\":\"EntryPoint\",\"urlTemplate\":\"https:\\\/\\\/quehacerpolitico.mx\\\/?s={search_term_string}\"},\"query-input\":{\"@type\":\"PropertyValueSpecification\",\"valueRequired\":true,\"valueName\":\"search_term_string\"}}],\"inLanguage\":\"es\"},{\"@type\":\"Person\",\"@id\":\"https:\\\/\\\/quehacerpolitico.mx\\\/#\\\/schema\\\/person\\\/496d8ad2d1d3f8036101dca7ee39e585\",\"name\":\"Redacci\u00f3n QP\",\"image\":{\"@type\":\"ImageObject\",\"inLanguage\":\"es\",\"@id\":\"https:\\\/\\\/secure.gravatar.com\\\/avatar\\\/c7164ed6fdec453195284ad24a5ae5b6e1eed2b848477fa2a4787ba9adf39a41?s=96&d=mm&r=g\",\"url\":\"https:\\\/\\\/secure.gravatar.com\\\/avatar\\\/c7164ed6fdec453195284ad24a5ae5b6e1eed2b848477fa2a4787ba9adf39a41?s=96&d=mm&r=g\",\"contentUrl\":\"https:\\\/\\\/secure.gravatar.com\\\/avatar\\\/c7164ed6fdec453195284ad24a5ae5b6e1eed2b848477fa2a4787ba9adf39a41?s=96&d=mm&r=g\",\"caption\":\"Redacci\u00f3n QP\"},\"url\":\"https:\\\/\\\/quehacerpolitico.mx\\\/?author=2\"}]}<\/script>\n<!-- \/ Yoast SEO plugin. -->","yoast_head_json":{"title":"Migrantes hondure\u00f1os avanzan hacia Tapachula; PF instala ret\u00e9n -","robots":{"index":"index","follow":"follow","max-snippet":"max-snippet:-1","max-image-preview":"max-image-preview:large","max-video-preview":"max-video-preview:-1"},"canonical":"https:\/\/quehacerpolitico.mx\/?p=7414","og_locale":"es_MX","og_type":"article","og_title":"Migrantes hondure\u00f1os avanzan hacia Tapachula; PF instala ret\u00e9n -","og_description":"Hombres, mujeres y ni\u00f1os salieron con lo \u00fanico que llevan con ellos, una mochila y algunas cobijas Por Redacci\u00f3n QP","og_url":"https:\/\/quehacerpolitico.mx\/?p=7414","article_published_time":"2018-10-21T16:50:07+00:00","author":"Redacci\u00f3n QP","twitter_card":"summary_large_image","twitter_misc":{"Escrito por":"Redacci\u00f3n QP","Tiempo de lectura":"1 minuto"},"schema":{"@context":"https:\/\/schema.org","@graph":[{"@type":"Article","@id":"https:\/\/quehacerpolitico.mx\/?p=7414#article","isPartOf":{"@id":"https:\/\/quehacerpolitico.mx\/?p=7414"},"author":{"name":"Redacci\u00f3n QP","@id":"https:\/\/quehacerpolitico.mx\/#\/schema\/person\/496d8ad2d1d3f8036101dca7ee39e585"},"headline":"Migrantes hondure\u00f1os avanzan hacia Tapachula; PF instala ret\u00e9n","datePublished":"2018-10-21T16:50:07+00:00","mainEntityOfPage":{"@id":"https:\/\/quehacerpolitico.mx\/?p=7414"},"wordCount":208,"commentCount":0,"image":{"@id":"https:\/\/quehacerpolitico.mx\/?p=7414#primaryimage"},"thumbnailUrl":"","articleSection":["Noticias"],"inLanguage":"es","potentialAction":[{"@type":"CommentAction","name":"Comment","target":["https:\/\/quehacerpolitico.mx\/?p=7414#respond"]}]},{"@type":"WebPage","@id":"https:\/\/quehacerpolitico.mx\/?p=7414","url":"https:\/\/quehacerpolitico.mx\/?p=7414","name":"Migrantes hondure\u00f1os avanzan hacia Tapachula; PF instala ret\u00e9n -","isPartOf":{"@id":"https:\/\/quehacerpolitico.mx\/#website"},"primaryImageOfPage":{"@id":"https:\/\/quehacerpolitico.mx\/?p=7414#primaryimage"},"image":{"@id":"https:\/\/quehacerpolitico.mx\/?p=7414#primaryimage"},"thumbnailUrl":"","datePublished":"2018-10-21T16:50:07+00:00","author":{"@id":"https:\/\/quehacerpolitico.mx\/#\/schema\/person\/496d8ad2d1d3f8036101dca7ee39e585"},"breadcrumb":{"@id":"https:\/\/quehacerpolitico.mx\/?p=7414#breadcrumb"},"inLanguage":"es","potentialAction":[{"@type":"ReadAction","target":["https:\/\/quehacerpolitico.mx\/?p=7414"]}]},{"@type":"ImageObject","inLanguage":"es","@id":"https:\/\/quehacerpolitico.mx\/?p=7414#primaryimage","url":"","contentUrl":""},{"@type":"BreadcrumbList","@id":"https:\/\/quehacerpolitico.mx\/?p=7414#breadcrumb","itemListElement":[{"@type":"ListItem","position":1,"name":"Inicio","item":"https:\/\/quehacerpolitico.mx\/"},{"@type":"ListItem","position":2,"name":"Migrantes hondure\u00f1os avanzan hacia Tapachula; PF instala ret\u00e9n"}]},{"@type":"WebSite","@id":"https:\/\/quehacerpolitico.mx\/#website","url":"https:\/\/quehacerpolitico.mx\/","name":"","description":"","potentialAction":[{"@type":"SearchAction","target":{"@type":"EntryPoint","urlTemplate":"https:\/\/quehacerpolitico.mx\/?s={search_term_string}"},"query-input":{"@type":"PropertyValueSpecification","valueRequired":true,"valueName":"search_term_string"}}],"inLanguage":"es"},{"@type":"Person","@id":"https:\/\/quehacerpolitico.mx\/#\/schema\/person\/496d8ad2d1d3f8036101dca7ee39e585","name":"Redacci\u00f3n QP","image":{"@type":"ImageObject","inLanguage":"es","@id":"https:\/\/secure.gravatar.com\/avatar\/c7164ed6fdec453195284ad24a5ae5b6e1eed2b848477fa2a4787ba9adf39a41?s=96&d=mm&r=g","url":"https:\/\/secure.gravatar.com\/avatar\/c7164ed6fdec453195284ad24a5ae5b6e1eed2b848477fa2a4787ba9adf39a41?s=96&d=mm&r=g","contentUrl":"https:\/\/secure.gravatar.com\/avatar\/c7164ed6fdec453195284ad24a5ae5b6e1eed2b848477fa2a4787ba9adf39a41?s=96&d=mm&r=g","caption":"Redacci\u00f3n QP"},"url":"https:\/\/quehacerpolitico.mx\/?author=2"}]}},"featured_image_urls":{"full":"","thumbnail":"","medium":"","medium_large":"","large":"","1536x1536":"","2048x2048":"","covernews-featured":"","covernews-medium":""},"author_info":{"display_name":"Redacci\u00f3n QP","author_link":"https:\/\/quehacerpolitico.mx\/?author=2"},"category_info":"<a href=\"https:\/\/quehacerpolitico.mx\/?cat=2\" rel=\"category\">Noticias<\/a>","tag_info":"Noticias","comment_count":"0","_links":{"self":[{"href":"https:\/\/quehacerpolitico.mx\/index.php?rest_route=\/wp\/v2\/posts\/7414","targetHints":{"allow":["GET"]}}],"collection":[{"href":"https:\/\/quehacerpolitico.mx\/index.php?rest_route=\/wp\/v2\/posts"}],"about":[{"href":"https:\/\/quehacerpolitico.mx\/index.php?rest_route=\/wp\/v2\/types\/post"}],"author":[{"embeddable":true,"href":"https:\/\/quehacerpolitico.mx\/index.php?rest_route=\/wp\/v2\/users\/2"}],"replies":[{"embeddable":true,"href":"https:\/\/quehacerpolitico.mx\/index.php?rest_route=%2Fwp%2Fv2%2Fcomments&post=7414"}],"version-history":[{"count":0,"href":"https:\/\/quehacerpolitico.mx\/index.php?rest_route=\/wp\/v2\/posts\/7414\/revisions"}],"wp:featuredmedia":[{"embeddable":true,"href":"https:\/\/quehacerpolitico.mx\/index.php?rest_route=\/"}],"wp:attachment":[{"href":"https:\/\/quehacerpolitico.mx\/index.php?rest_route=%2Fwp%2Fv2%2Fmedia&parent=7414"}],"wp:term":[{"taxonomy":"category","embeddable":true,"href":"https:\/\/quehacerpolitico.mx\/index.php?rest_route=%2Fwp%2Fv2%2Fcategories&post=7414"},{"taxonomy":"post_tag","embeddable":true,"href":"https:\/\/quehacerpolitico.mx\/index.php?rest_route=%2Fwp%2Fv2%2Ftags&post=7414"}],"curies":[{"name":"wp","href":"https:\/\/api.w.org\/{rel}","templated":true}]}}