{"id":7406,"date":"2018-10-21T16:21:06","date_gmt":"2018-10-21T16:21:06","guid":{"rendered":"http:\/\/quehacerpolitico.mx\/amlo-pide-respetar-los-derechos-de-los-migrantes-y-dice-que-hay-que-atender-de-fondo-la-pobreza-en-la-region\/"},"modified":"2018-10-21T16:21:06","modified_gmt":"2018-10-21T16:21:06","slug":"amlo-pide-respetar-los-derechos-de-los-migrantes-y-dice-que-hay-que-atender-de-fondo-la-pobreza-en-la-region","status":"publish","type":"post","link":"https:\/\/quehacerpolitico.mx\/?p=7406","title":{"rendered":"AMLO pide respetar los derechos de los migrantes y dice que hay que atender de fondo la pobreza en la regi\u00f3n"},"content":{"rendered":"<h1>AMLO pide respetar los derechos de los migrantes y dice que hay que atender de fondo la pobreza en la regi\u00f3n<\/h1>\n<p>Por Redacci\u00f3n QP<\/p>\n<p>El Presidente electo, <strong>Andr\u00e9s Manuel L\u00f3pez Obrador<\/strong>, reiter\u00f3 esta ma\u00f1ana su llamado a <strong>respetar los derechos humanos<\/strong>de los <strong>migrantes<\/strong> que integran la <strong>Caravana Hondure\u00f1a<\/strong>. Tambi\u00e9n alert\u00f3 que entre m\u00e1s tiempo pase sin atender el problema de fondo en los pa\u00edses centroamericanos \u201cm\u00e1s se van a complicar las cosas\u201d.<\/p>\n<p>Cuestionado, en su vuelo rumbo a Chiapas, sobre el actuar del Presidente Enrique Pe\u00f1a Nieto ante la llegada de miles de migrantes a M\u00e9xico, L\u00f3pez Obrador dijo que no lo criticar\u00eda pero insisti\u00f3 en que se deben respetar los derechos humanos, sobre todo de los ni\u00f1os.<\/p>\n<blockquote>\n<p>\u201cNo voy a juzgarlo, yo lo \u00fanico que creo es que como est\u00e1n las cosas tiene que haber protecci\u00f3n a los derechos humanos, sobre todo a las familias, a los ni\u00f1os, a todos\u201d, destac\u00f3.<\/p>\n<blockquote>\n<p>\u201cEl principal de los derechos humanos es el derecho a la vida, est\u00e1 por encima de cualquier consideraci\u00f3n legal, jur\u00eddica, esto va a m\u00e1s all\u00e1 de las fronteras\u201d, indic\u00f3.<\/p>\n<\/blockquote>\n<p>Record\u00f3 su propuesta para el desarrollo de los pa\u00edses de Centroam\u00e9rica y destac\u00f3 que el problema se debe atender a fondo.<\/p>\n<blockquote>\n<p>\u201cYo siempre he dicho que hay que atender los problemas de fondo, est\u00e1 mal que yo diga o exprese \u2018se los dije\u2019. Pero hay constancia de que vengo hablando de este tema desde hace mucho tiempo. En la carta que le env\u00ede a Donald Trump estoy proponiendo un plan de desarrollo conjunto para atender el problema del desempleo y pobreza en Centroam\u00e9rica para as\u00ed enfrentar el problema migratoria. \u00a1Entre m\u00e1s tiempo pase m\u00e1s se van a complicar las cosas\u201d, dijo.<\/p>\n<\/blockquote>\n<p>\u201cHay que atender el problema de fondo\u201d, a\u00f1adi\u00f3.<\/p>\n<div id=\"attachment_3487250\" class=\"wp-caption alignnone\"><img loading=\"lazy\" decoding=\"async\" class=\"size-full wp-image-3487250\" src=\"http:\/\/www.sinembargo.mx\/wp-content\/uploads\/2018\/10\/caravana9.jpg\" sizes=\"auto, (max-width: 700px) 100vw, 700px\" srcset=\"http:\/\/www.sinembargo.mx\/wp-content\/uploads\/2018\/10\/caravana9.jpg 700w, http:\/\/www.sinembargo.mx\/wp-content\/uploads\/2018\/10\/caravana9-300x200.jpg 300w\" alt=\"\" width=\"700\" height=\"467\" \/><\/p>\n<p class=\"wp-caption-text\">La ma\u00f1ana de este domingo, miles de migrantes hondure\u00f1os retomaron su camino hacia EU. Foto: AP<\/p>\n<\/div>\n<p>Los miles de migrantes hondure\u00f1os que aguardaban desde el pasado viernes en la frontera de M\u00e9xico reanudaron durante las primeras horas de la ma\u00f1ana de este domingo su camino hacia Estados Unidos despu\u00e9s de ingresar, la mayor\u00eda, a trav\u00e9s del r\u00edo Suchiate en balsas o nadando.<\/p>\n<p>Desde la noche de este s\u00e1bado, la mayor\u00eda de los migrantes\u00a0ya pernoctaba en territorio mexicano en el parque de Ciudad Hidalgo, en Chiapas.<\/p>\n<p>De acuerdo con fuentes de Protecci\u00f3n Civil de M\u00e9xico, son m\u00e1s de 3 mil los migrantes que recorren los casi 40 kil\u00f3metros que hay entre Ciudad Hidalgo y Tapachula, la segunda ciudad m\u00e1s importante del estado mexicano de Chiapas, donde han anunciado que pasar\u00e1n la noche. Sin embargo, la agencia <em>AP<\/em> reporta que se trata de unos 5 mil.<\/p>\n<p>Se ha comenzado a alertar que m\u00e1s 600 polic\u00edas estatales y federales han instalado un ret\u00e9n a unos cinco kil\u00f3metros de Tapachula, aparentemente con la intenci\u00f3n de frenar el \u00e9xodo masivo de la caravana migrante, seg\u00fan reporta la agencia.<\/p>\n<p>Con Informaci\u00f3n de EFE<\/p>\n<\/blockquote>\n","protected":false},"excerpt":{"rendered":"<p>AMLO pide respetar los derechos de los migrantes y dice que hay que atender de fondo la pobreza en la regi\u00f3n<br \/>\nPor Redacci\u00f3n QP<\/p>\n","protected":false},"author":2,"featured_media":7405,"comment_status":"open","ping_status":"open","sticky":false,"template":"","format":"standard","meta":{"_monsterinsights_skip_tracking":false,"_monsterinsights_sitenote_active":false,"_monsterinsights_sitenote_note":"","_monsterinsights_sitenote_category":0,"footnotes":""},"categories":[2],"tags":[],"class_list":["post-7406","post","type-post","status-publish","format-standard","has-post-thumbnail","hentry","category-noticias"],"yoast_head":"<!-- This site is optimized with the Yoast SEO plugin v27.3 - https:\/\/yoast.com\/product\/yoast-seo-wordpress\/ -->\n<title>AMLO pide respetar los derechos de los migrantes y dice que hay que atender de fondo la pobreza en la regi\u00f3n -<\/title>\n<meta name=\"robots\" content=\"index, follow, max-snippet:-1, max-image-preview:large, max-video-preview:-1\" \/>\n<link rel=\"canonical\" href=\"https:\/\/quehacerpolitico.mx\/?p=7406\" \/>\n<meta property=\"og:locale\" content=\"es_MX\" \/>\n<meta property=\"og:type\" content=\"article\" \/>\n<meta property=\"og:title\" content=\"AMLO pide respetar los derechos de los migrantes y dice que hay que atender de fondo la pobreza en la regi\u00f3n -\" \/>\n<meta property=\"og:description\" content=\"AMLO pide respetar los derechos de los migrantes y dice que hay que atender de fondo la pobreza en la regi\u00f3n Por Redacci\u00f3n QP\" \/>\n<meta property=\"og:url\" content=\"https:\/\/quehacerpolitico.mx\/?p=7406\" \/>\n<meta property=\"article:published_time\" content=\"2018-10-21T16:21:06+00:00\" \/>\n<meta name=\"author\" content=\"Redacci\u00f3n QP\" \/>\n<meta name=\"twitter:card\" content=\"summary_large_image\" \/>\n<meta name=\"twitter:label1\" content=\"Escrito por\" \/>\n\t<meta name=\"twitter:data1\" content=\"Redacci\u00f3n QP\" \/>\n\t<meta name=\"twitter:label2\" content=\"Tiempo de lectura\" \/>\n\t<meta name=\"twitter:data2\" content=\"3 minutos\" \/>\n<script type=\"application\/ld+json\" class=\"yoast-schema-graph\">{\"@context\":\"https:\\\/\\\/schema.org\",\"@graph\":[{\"@type\":\"Article\",\"@id\":\"https:\\\/\\\/quehacerpolitico.mx\\\/?p=7406#article\",\"isPartOf\":{\"@id\":\"https:\\\/\\\/quehacerpolitico.mx\\\/?p=7406\"},\"author\":{\"name\":\"Redacci\u00f3n QP\",\"@id\":\"https:\\\/\\\/quehacerpolitico.mx\\\/#\\\/schema\\\/person\\\/496d8ad2d1d3f8036101dca7ee39e585\"},\"headline\":\"AMLO pide respetar los derechos de los migrantes y dice que hay que atender de fondo la pobreza en la regi\u00f3n\",\"datePublished\":\"2018-10-21T16:21:06+00:00\",\"mainEntityOfPage\":{\"@id\":\"https:\\\/\\\/quehacerpolitico.mx\\\/?p=7406\"},\"wordCount\":548,\"commentCount\":0,\"image\":{\"@id\":\"https:\\\/\\\/quehacerpolitico.mx\\\/?p=7406#primaryimage\"},\"thumbnailUrl\":\"\",\"articleSection\":[\"Noticias\"],\"inLanguage\":\"es\",\"potentialAction\":[{\"@type\":\"CommentAction\",\"name\":\"Comment\",\"target\":[\"https:\\\/\\\/quehacerpolitico.mx\\\/?p=7406#respond\"]}]},{\"@type\":\"WebPage\",\"@id\":\"https:\\\/\\\/quehacerpolitico.mx\\\/?p=7406\",\"url\":\"https:\\\/\\\/quehacerpolitico.mx\\\/?p=7406\",\"name\":\"AMLO pide respetar los derechos de los migrantes y dice que hay que atender de fondo la pobreza en la regi\u00f3n -\",\"isPartOf\":{\"@id\":\"https:\\\/\\\/quehacerpolitico.mx\\\/#website\"},\"primaryImageOfPage\":{\"@id\":\"https:\\\/\\\/quehacerpolitico.mx\\\/?p=7406#primaryimage\"},\"image\":{\"@id\":\"https:\\\/\\\/quehacerpolitico.mx\\\/?p=7406#primaryimage\"},\"thumbnailUrl\":\"\",\"datePublished\":\"2018-10-21T16:21:06+00:00\",\"author\":{\"@id\":\"https:\\\/\\\/quehacerpolitico.mx\\\/#\\\/schema\\\/person\\\/496d8ad2d1d3f8036101dca7ee39e585\"},\"breadcrumb\":{\"@id\":\"https:\\\/\\\/quehacerpolitico.mx\\\/?p=7406#breadcrumb\"},\"inLanguage\":\"es\",\"potentialAction\":[{\"@type\":\"ReadAction\",\"target\":[\"https:\\\/\\\/quehacerpolitico.mx\\\/?p=7406\"]}]},{\"@type\":\"ImageObject\",\"inLanguage\":\"es\",\"@id\":\"https:\\\/\\\/quehacerpolitico.mx\\\/?p=7406#primaryimage\",\"url\":\"\",\"contentUrl\":\"\"},{\"@type\":\"BreadcrumbList\",\"@id\":\"https:\\\/\\\/quehacerpolitico.mx\\\/?p=7406#breadcrumb\",\"itemListElement\":[{\"@type\":\"ListItem\",\"position\":1,\"name\":\"Inicio\",\"item\":\"https:\\\/\\\/quehacerpolitico.mx\\\/\"},{\"@type\":\"ListItem\",\"position\":2,\"name\":\"AMLO pide respetar los derechos de los migrantes y dice que hay que atender de fondo la pobreza en la regi\u00f3n\"}]},{\"@type\":\"WebSite\",\"@id\":\"https:\\\/\\\/quehacerpolitico.mx\\\/#website\",\"url\":\"https:\\\/\\\/quehacerpolitico.mx\\\/\",\"name\":\"\",\"description\":\"\",\"potentialAction\":[{\"@type\":\"SearchAction\",\"target\":{\"@type\":\"EntryPoint\",\"urlTemplate\":\"https:\\\/\\\/quehacerpolitico.mx\\\/?s={search_term_string}\"},\"query-input\":{\"@type\":\"PropertyValueSpecification\",\"valueRequired\":true,\"valueName\":\"search_term_string\"}}],\"inLanguage\":\"es\"},{\"@type\":\"Person\",\"@id\":\"https:\\\/\\\/quehacerpolitico.mx\\\/#\\\/schema\\\/person\\\/496d8ad2d1d3f8036101dca7ee39e585\",\"name\":\"Redacci\u00f3n QP\",\"image\":{\"@type\":\"ImageObject\",\"inLanguage\":\"es\",\"@id\":\"https:\\\/\\\/secure.gravatar.com\\\/avatar\\\/c7164ed6fdec453195284ad24a5ae5b6e1eed2b848477fa2a4787ba9adf39a41?s=96&d=mm&r=g\",\"url\":\"https:\\\/\\\/secure.gravatar.com\\\/avatar\\\/c7164ed6fdec453195284ad24a5ae5b6e1eed2b848477fa2a4787ba9adf39a41?s=96&d=mm&r=g\",\"contentUrl\":\"https:\\\/\\\/secure.gravatar.com\\\/avatar\\\/c7164ed6fdec453195284ad24a5ae5b6e1eed2b848477fa2a4787ba9adf39a41?s=96&d=mm&r=g\",\"caption\":\"Redacci\u00f3n QP\"},\"url\":\"https:\\\/\\\/quehacerpolitico.mx\\\/?author=2\"}]}<\/script>\n<!-- \/ Yoast SEO plugin. -->","yoast_head_json":{"title":"AMLO pide respetar los derechos de los migrantes y dice que hay que atender de fondo la pobreza en la regi\u00f3n -","robots":{"index":"index","follow":"follow","max-snippet":"max-snippet:-1","max-image-preview":"max-image-preview:large","max-video-preview":"max-video-preview:-1"},"canonical":"https:\/\/quehacerpolitico.mx\/?p=7406","og_locale":"es_MX","og_type":"article","og_title":"AMLO pide respetar los derechos de los migrantes y dice que hay que atender de fondo la pobreza en la regi\u00f3n -","og_description":"AMLO pide respetar los derechos de los migrantes y dice que hay que atender de fondo la pobreza en la regi\u00f3n Por Redacci\u00f3n QP","og_url":"https:\/\/quehacerpolitico.mx\/?p=7406","article_published_time":"2018-10-21T16:21:06+00:00","author":"Redacci\u00f3n QP","twitter_card":"summary_large_image","twitter_misc":{"Escrito por":"Redacci\u00f3n QP","Tiempo de lectura":"3 minutos"},"schema":{"@context":"https:\/\/schema.org","@graph":[{"@type":"Article","@id":"https:\/\/quehacerpolitico.mx\/?p=7406#article","isPartOf":{"@id":"https:\/\/quehacerpolitico.mx\/?p=7406"},"author":{"name":"Redacci\u00f3n QP","@id":"https:\/\/quehacerpolitico.mx\/#\/schema\/person\/496d8ad2d1d3f8036101dca7ee39e585"},"headline":"AMLO pide respetar los derechos de los migrantes y dice que hay que atender de fondo la pobreza en la regi\u00f3n","datePublished":"2018-10-21T16:21:06+00:00","mainEntityOfPage":{"@id":"https:\/\/quehacerpolitico.mx\/?p=7406"},"wordCount":548,"commentCount":0,"image":{"@id":"https:\/\/quehacerpolitico.mx\/?p=7406#primaryimage"},"thumbnailUrl":"","articleSection":["Noticias"],"inLanguage":"es","potentialAction":[{"@type":"CommentAction","name":"Comment","target":["https:\/\/quehacerpolitico.mx\/?p=7406#respond"]}]},{"@type":"WebPage","@id":"https:\/\/quehacerpolitico.mx\/?p=7406","url":"https:\/\/quehacerpolitico.mx\/?p=7406","name":"AMLO pide respetar los derechos de los migrantes y dice que hay que atender de fondo la pobreza en la regi\u00f3n -","isPartOf":{"@id":"https:\/\/quehacerpolitico.mx\/#website"},"primaryImageOfPage":{"@id":"https:\/\/quehacerpolitico.mx\/?p=7406#primaryimage"},"image":{"@id":"https:\/\/quehacerpolitico.mx\/?p=7406#primaryimage"},"thumbnailUrl":"","datePublished":"2018-10-21T16:21:06+00:00","author":{"@id":"https:\/\/quehacerpolitico.mx\/#\/schema\/person\/496d8ad2d1d3f8036101dca7ee39e585"},"breadcrumb":{"@id":"https:\/\/quehacerpolitico.mx\/?p=7406#breadcrumb"},"inLanguage":"es","potentialAction":[{"@type":"ReadAction","target":["https:\/\/quehacerpolitico.mx\/?p=7406"]}]},{"@type":"ImageObject","inLanguage":"es","@id":"https:\/\/quehacerpolitico.mx\/?p=7406#primaryimage","url":"","contentUrl":""},{"@type":"BreadcrumbList","@id":"https:\/\/quehacerpolitico.mx\/?p=7406#breadcrumb","itemListElement":[{"@type":"ListItem","position":1,"name":"Inicio","item":"https:\/\/quehacerpolitico.mx\/"},{"@type":"ListItem","position":2,"name":"AMLO pide respetar los derechos de los migrantes y dice que hay que atender de fondo la pobreza en la regi\u00f3n"}]},{"@type":"WebSite","@id":"https:\/\/quehacerpolitico.mx\/#website","url":"https:\/\/quehacerpolitico.mx\/","name":"","description":"","potentialAction":[{"@type":"SearchAction","target":{"@type":"EntryPoint","urlTemplate":"https:\/\/quehacerpolitico.mx\/?s={search_term_string}"},"query-input":{"@type":"PropertyValueSpecification","valueRequired":true,"valueName":"search_term_string"}}],"inLanguage":"es"},{"@type":"Person","@id":"https:\/\/quehacerpolitico.mx\/#\/schema\/person\/496d8ad2d1d3f8036101dca7ee39e585","name":"Redacci\u00f3n QP","image":{"@type":"ImageObject","inLanguage":"es","@id":"https:\/\/secure.gravatar.com\/avatar\/c7164ed6fdec453195284ad24a5ae5b6e1eed2b848477fa2a4787ba9adf39a41?s=96&d=mm&r=g","url":"https:\/\/secure.gravatar.com\/avatar\/c7164ed6fdec453195284ad24a5ae5b6e1eed2b848477fa2a4787ba9adf39a41?s=96&d=mm&r=g","contentUrl":"https:\/\/secure.gravatar.com\/avatar\/c7164ed6fdec453195284ad24a5ae5b6e1eed2b848477fa2a4787ba9adf39a41?s=96&d=mm&r=g","caption":"Redacci\u00f3n QP"},"url":"https:\/\/quehacerpolitico.mx\/?author=2"}]}},"featured_image_urls":{"full":"","thumbnail":"","medium":"","medium_large":"","large":"","1536x1536":"","2048x2048":"","covernews-featured":"","covernews-medium":""},"author_info":{"display_name":"Redacci\u00f3n QP","author_link":"https:\/\/quehacerpolitico.mx\/?author=2"},"category_info":"<a href=\"https:\/\/quehacerpolitico.mx\/?cat=2\" rel=\"category\">Noticias<\/a>","tag_info":"Noticias","comment_count":"0","_links":{"self":[{"href":"https:\/\/quehacerpolitico.mx\/index.php?rest_route=\/wp\/v2\/posts\/7406","targetHints":{"allow":["GET"]}}],"collection":[{"href":"https:\/\/quehacerpolitico.mx\/index.php?rest_route=\/wp\/v2\/posts"}],"about":[{"href":"https:\/\/quehacerpolitico.mx\/index.php?rest_route=\/wp\/v2\/types\/post"}],"author":[{"embeddable":true,"href":"https:\/\/quehacerpolitico.mx\/index.php?rest_route=\/wp\/v2\/users\/2"}],"replies":[{"embeddable":true,"href":"https:\/\/quehacerpolitico.mx\/index.php?rest_route=%2Fwp%2Fv2%2Fcomments&post=7406"}],"version-history":[{"count":0,"href":"https:\/\/quehacerpolitico.mx\/index.php?rest_route=\/wp\/v2\/posts\/7406\/revisions"}],"wp:featuredmedia":[{"embeddable":true,"href":"https:\/\/quehacerpolitico.mx\/index.php?rest_route=\/"}],"wp:attachment":[{"href":"https:\/\/quehacerpolitico.mx\/index.php?rest_route=%2Fwp%2Fv2%2Fmedia&parent=7406"}],"wp:term":[{"taxonomy":"category","embeddable":true,"href":"https:\/\/quehacerpolitico.mx\/index.php?rest_route=%2Fwp%2Fv2%2Fcategories&post=7406"},{"taxonomy":"post_tag","embeddable":true,"href":"https:\/\/quehacerpolitico.mx\/index.php?rest_route=%2Fwp%2Fv2%2Ftags&post=7406"}],"curies":[{"name":"wp","href":"https:\/\/api.w.org\/{rel}","templated":true}]}}