{"id":7402,"date":"2018-10-21T16:09:10","date_gmt":"2018-10-21T16:09:10","guid":{"rendered":"http:\/\/quehacerpolitico.mx\/vicente-fox-pide-cordura-a-lopez-obrador-midete-maistro-deja-a-un-lado-la-soberbia-le-dice\/"},"modified":"2018-10-21T16:09:10","modified_gmt":"2018-10-21T16:09:10","slug":"vicente-fox-pide-cordura-a-lopez-obrador-midete-maistro-deja-a-un-lado-la-soberbia-le-dice","status":"publish","type":"post","link":"https:\/\/quehacerpolitico.mx\/?p=7402","title":{"rendered":"Vicente Fox pide \u201ccordura\u201d a L\u00f3pez Obrador; \u201cm\u00eddete, \u2018maistro\u2019, deja a un lado la soberbia\u201d, le dice"},"content":{"rendered":"<h1>Vicente Fox pide \u201ccordura\u201d a L\u00f3pez Obrador; \u201cm\u00eddete, \u2018maistro\u2019, deja a un lado la soberbia\u201d, le dice<\/h1>\n<p>Por Redacci\u00f3n QP<\/p>\n<p>El ex mandatario <strong>Vicente Fox Quesada<\/strong> pidi\u00f3 que <strong>Andr\u00e9s Manuel L\u00f3pez Obrador<\/strong>, Presidente electo de M\u00e9xico, deje a un lado la soberbia y que tenga <strong>cordura<\/strong>.<\/p>\n<blockquote>\n<p>Fiel a su costumbre, Fox utiliz\u00f3 sus redes sociales para enviar un mensaje al tabasque\u00f1o.\u00a0\u201c\u2018Midete maistro\u2019, un poco de cordura y dejar a un lado tanta soberbia\u201d, escribi\u00f3 y luego utiliz\u00f3 puntos suspensivos infinitos.<\/p>\n<\/blockquote>\n<p>AMLO dijo, durante su gira de agradecimiento, que el cambio ya comienza a notarse. Por eso opin\u00f3, otra vez, Fox.<\/p>\n<p>El 13 de octubre, Fox tambi\u00e9n ocup\u00f3 su cuenta de<strong> Twitter<\/strong> para atacar a\u00a0<strong>L\u00f3pez Obrador.<\/strong><\/p>\n<p>El ex Presidente de M\u00e9xico (2000-2006), que se ha quedado sin los millones de pesos que recib\u00eda de pensi\u00f3n al a\u00f1o despu\u00e9s de las reformas promovidas por el Movimiento de Regeneraci\u00f3n Nacional (Morena), lanz\u00f3 cr\u00edticas al tabasque\u00f1o sobre sus <strong>planteamientos econ\u00f3micos, \u201cmorales\u201d y de infraestructura<\/strong>. De siete mensajes que comparti\u00f3 durante ese d\u00eda, seis fueron dirigidos al pr\u00f3ximo <strong>Presidente de M\u00e9xico<\/strong>.<\/p>\n<p>A prop\u00f3sito de los planes de AMLO para evitar la saturaci\u00f3n del\u00a0Aeropuerto Internacional de la Ciudad de M\u00e9xico (AICM), Fox escribi\u00f3:\u00a0\u201cDando \u00f3rdenes, bajando precios por ocurrencia, \u00a1y todav\u00eda no es Presidente! Recordemos el manoseo de la econom\u00eda por Lopez Portillo y Echeverria, \u00a1el quebranto fue monumental! No se le quita lo populista\u201d.<\/p>\n<p>Sobre el an\u00e1lisis del Nuevo Aeropuerto realiz\u00f3 el equipo del Presidente electo, Vicente expres\u00f3:\u00a0\u201cAn\u00e1lisis a modo y a\u00fan as\u00ed no tienen sustento suficiente para sus ideas\u201d.\u00a0Y no se cans\u00f3. Continu\u00f3.<\/p>\n<p>Para lograr la Cuarta Transformaci\u00f3n de la que habl\u00f3 Andr\u00e9s Manuel durante la campa\u00f1a, y despu\u00e9s, no ser\u00e1 suficiente su ejemplo, indic\u00f3 Fox Quesada. Las opiniones y cr\u00edticas despu\u00e9s se fueron hacia el plan educativo de AMLO y su intenci\u00f3n de derogar la Reforma, promovida durante la administraci\u00f3n de Enrique Pe\u00f1a Nieto. Y el remate estuvo en el proyecto del Tren Maya. Con iron\u00eda, Fox escribi\u00f3 sobre el\u00a0impacto natural \u201cdel bueno\u201d que\u00a0destruir\u00eda la riqueza de M\u00e9xico.<\/p>\n<p>Y el 6 octubre, Fox Quesada dijo que AMLO\u00a0se equivocaba, que el fracking es la soluci\u00f3n a la pobreza y convertir\u00e1 al pa\u00eds en una potencia petrolera.<\/p>\n<p>Un d\u00eda despu\u00e9s de que el tabasque\u00f1o asegurara que durante su sexenio no se utilizar\u00e1 el fracking, Fox comparti\u00f3 un \u201cvideo-selfie\u201d en el que defendi\u00f3 la t\u00e9cnica.<\/p>\n<blockquote>\n<p>\u201cL\u00f3pez Obrador, en esta ocasi\u00f3n, es incorrecta la informaci\u00f3n que tiene. Debe de rectificar y debe avanzar a toda velocidad. En muy corto plazo, M\u00e9xico puede ser el gran productor de petr\u00f3leo y gas natural que siempre fue\u201d, dijo el ex mandatario mexicano.<\/p>\n<\/blockquote>\n<p>\u201cHoy, el estado de Texas se ha convertido en el tercer productor de gas natural del mundo. Est\u00e1 por encima de lo que produce M\u00e9xico.\u00a0Es urgente recuperar nuestra capacidad para producir petr\u00f3leo. Es urgente aprovechar los grandes yacimientos que tenemos en el norte del pa\u00eds. Es urgente aprovechar el fracking como tecnolog\u00eda moderna\u201d, indic\u00f3.<\/p>\n<blockquote>\n<p>A\u00f1adi\u00f3: \u201cEs falso que afecta a los recursos naturales y al ambiente. Hoy, con tecnolog\u00eda, se logran las dos cosas: generar riqueza y, a la vez, proteger el medio ambiente.\u00a0Ah\u00ed est\u00e1 nuestro nuevo Cantarell. En este proceso podemos resolver y vamos a resolver la pobreza en M\u00e9xico\u201d.<\/p>\n<\/blockquote>\n<p>\u201cEs muy desafortunado que ahora importamos gas, ahora importamos gasolina, y estamos a punto de importar petr\u00f3leo. \u00a1Incre\u00edble!\u00a0Se\u00f1or L\u00f3pez Obrador, es de sabios rectificar. El fracking es nuestro Cantarell en el norte. Miles de empleos, generaci\u00f3n de riqueza, soluci\u00f3n de pobreza, eso es fracking\u201d, concluy\u00f3.<\/p>\n<p>Fox se hab\u00eda mantenido con perfil bajo desde la victoria electoral de AMLO. El 3 de julio, compar\u00f3 su triunfo, en el 2000, con el de Andr\u00e9s Manuel L\u00f3pez Obrador.<\/p>\n<p>\u201cYo estoy tranquilo sabiendo que todo M\u00e9xico gan\u00f3 la alternancia. Est\u00e1 claro lo que M\u00e9xico quer\u00eda. Ansiaba un cambio. As\u00ed como en el a\u00f1o 2000, fue una decisi\u00f3n hist\u00f3rica. 53 por ciento de los mexicanos y las mexicanas pusieron su futuro en las manos Andr\u00e9s Manuel L\u00f3pez Obrador, Presidente electo\u201d, dijo Fox en un video.<\/p>\n<p>Vicente Fox record\u00f3 que \u00e9l ten\u00eda otras preferencias electorales [Jos\u00e9 Antonio Meade Kuribre\u00f1a y Ricardo Anaya Cort\u00e9s].<\/p>\n<p>\u201c\u00a1Felicidades, Andr\u00e9s! Deseo que nos demuestres que existe un mejor camino para M\u00e9xico; que asegures una transici\u00f3n pac\u00edfica y ordenada. Hay buenas personas en el gabinete, qu\u00e9 bueno que est\u00e1s sumando a todos los talentos, a todos los mexicanos que tienen capacidad de trabajo por M\u00e9xico\u201d, se\u00f1al\u00f3 Vicente Fox.<\/p>\n<p>Y ahora ya anda activo otra vez. Otra vez.<\/p>\n","protected":false},"excerpt":{"rendered":"<p>Vicente Fox pide \u201ccordura\u201d a L\u00f3pez Obrador; \u201cm\u00eddete, \u2018maistro\u2019, deja a un lado la soberbia\u201d, le dice<br \/>\nPor Redacci\u00f3n QP<\/p>\n","protected":false},"author":2,"featured_media":7401,"comment_status":"open","ping_status":"open","sticky":false,"template":"","format":"standard","meta":{"_monsterinsights_skip_tracking":false,"_monsterinsights_sitenote_active":false,"_monsterinsights_sitenote_note":"","_monsterinsights_sitenote_category":0,"footnotes":""},"categories":[2],"tags":[],"class_list":["post-7402","post","type-post","status-publish","format-standard","has-post-thumbnail","hentry","category-noticias"],"yoast_head":"<!-- This site is optimized with the Yoast SEO plugin v27.3 - https:\/\/yoast.com\/product\/yoast-seo-wordpress\/ -->\n<title>Vicente Fox pide \u201ccordura\u201d a L\u00f3pez Obrador; \u201cm\u00eddete, \u2018maistro\u2019, deja a un lado la soberbia\u201d, le dice -<\/title>\n<meta name=\"robots\" content=\"index, follow, max-snippet:-1, max-image-preview:large, max-video-preview:-1\" \/>\n<link rel=\"canonical\" href=\"https:\/\/quehacerpolitico.mx\/?p=7402\" \/>\n<meta property=\"og:locale\" content=\"es_MX\" \/>\n<meta property=\"og:type\" content=\"article\" \/>\n<meta property=\"og:title\" content=\"Vicente Fox pide \u201ccordura\u201d a L\u00f3pez Obrador; \u201cm\u00eddete, \u2018maistro\u2019, deja a un lado la soberbia\u201d, le dice -\" \/>\n<meta property=\"og:description\" content=\"Vicente Fox pide \u201ccordura\u201d a L\u00f3pez Obrador; \u201cm\u00eddete, \u2018maistro\u2019, deja a un lado la soberbia\u201d, le dice Por Redacci\u00f3n QP\" \/>\n<meta property=\"og:url\" content=\"https:\/\/quehacerpolitico.mx\/?p=7402\" \/>\n<meta property=\"article:published_time\" content=\"2018-10-21T16:09:10+00:00\" \/>\n<meta name=\"author\" content=\"Redacci\u00f3n QP\" \/>\n<meta name=\"twitter:card\" content=\"summary_large_image\" \/>\n<meta name=\"twitter:label1\" content=\"Escrito por\" \/>\n\t<meta name=\"twitter:data1\" content=\"Redacci\u00f3n QP\" \/>\n\t<meta name=\"twitter:label2\" content=\"Tiempo de lectura\" \/>\n\t<meta name=\"twitter:data2\" content=\"4 minutos\" \/>\n<script type=\"application\/ld+json\" class=\"yoast-schema-graph\">{\"@context\":\"https:\\\/\\\/schema.org\",\"@graph\":[{\"@type\":\"Article\",\"@id\":\"https:\\\/\\\/quehacerpolitico.mx\\\/?p=7402#article\",\"isPartOf\":{\"@id\":\"https:\\\/\\\/quehacerpolitico.mx\\\/?p=7402\"},\"author\":{\"name\":\"Redacci\u00f3n QP\",\"@id\":\"https:\\\/\\\/quehacerpolitico.mx\\\/#\\\/schema\\\/person\\\/496d8ad2d1d3f8036101dca7ee39e585\"},\"headline\":\"Vicente Fox pide \u201ccordura\u201d a L\u00f3pez Obrador; \u201cm\u00eddete, \u2018maistro\u2019, deja a un lado la soberbia\u201d, le dice\",\"datePublished\":\"2018-10-21T16:09:10+00:00\",\"mainEntityOfPage\":{\"@id\":\"https:\\\/\\\/quehacerpolitico.mx\\\/?p=7402\"},\"wordCount\":848,\"commentCount\":0,\"image\":{\"@id\":\"https:\\\/\\\/quehacerpolitico.mx\\\/?p=7402#primaryimage\"},\"thumbnailUrl\":\"\",\"articleSection\":[\"Noticias\"],\"inLanguage\":\"es\",\"potentialAction\":[{\"@type\":\"CommentAction\",\"name\":\"Comment\",\"target\":[\"https:\\\/\\\/quehacerpolitico.mx\\\/?p=7402#respond\"]}]},{\"@type\":\"WebPage\",\"@id\":\"https:\\\/\\\/quehacerpolitico.mx\\\/?p=7402\",\"url\":\"https:\\\/\\\/quehacerpolitico.mx\\\/?p=7402\",\"name\":\"Vicente Fox pide \u201ccordura\u201d a L\u00f3pez Obrador; \u201cm\u00eddete, \u2018maistro\u2019, deja a un lado la soberbia\u201d, le dice -\",\"isPartOf\":{\"@id\":\"https:\\\/\\\/quehacerpolitico.mx\\\/#website\"},\"primaryImageOfPage\":{\"@id\":\"https:\\\/\\\/quehacerpolitico.mx\\\/?p=7402#primaryimage\"},\"image\":{\"@id\":\"https:\\\/\\\/quehacerpolitico.mx\\\/?p=7402#primaryimage\"},\"thumbnailUrl\":\"\",\"datePublished\":\"2018-10-21T16:09:10+00:00\",\"author\":{\"@id\":\"https:\\\/\\\/quehacerpolitico.mx\\\/#\\\/schema\\\/person\\\/496d8ad2d1d3f8036101dca7ee39e585\"},\"breadcrumb\":{\"@id\":\"https:\\\/\\\/quehacerpolitico.mx\\\/?p=7402#breadcrumb\"},\"inLanguage\":\"es\",\"potentialAction\":[{\"@type\":\"ReadAction\",\"target\":[\"https:\\\/\\\/quehacerpolitico.mx\\\/?p=7402\"]}]},{\"@type\":\"ImageObject\",\"inLanguage\":\"es\",\"@id\":\"https:\\\/\\\/quehacerpolitico.mx\\\/?p=7402#primaryimage\",\"url\":\"\",\"contentUrl\":\"\"},{\"@type\":\"BreadcrumbList\",\"@id\":\"https:\\\/\\\/quehacerpolitico.mx\\\/?p=7402#breadcrumb\",\"itemListElement\":[{\"@type\":\"ListItem\",\"position\":1,\"name\":\"Inicio\",\"item\":\"https:\\\/\\\/quehacerpolitico.mx\\\/\"},{\"@type\":\"ListItem\",\"position\":2,\"name\":\"Vicente Fox pide \u201ccordura\u201d a L\u00f3pez Obrador; \u201cm\u00eddete, \u2018maistro\u2019, deja a un lado la soberbia\u201d, le dice\"}]},{\"@type\":\"WebSite\",\"@id\":\"https:\\\/\\\/quehacerpolitico.mx\\\/#website\",\"url\":\"https:\\\/\\\/quehacerpolitico.mx\\\/\",\"name\":\"\",\"description\":\"\",\"potentialAction\":[{\"@type\":\"SearchAction\",\"target\":{\"@type\":\"EntryPoint\",\"urlTemplate\":\"https:\\\/\\\/quehacerpolitico.mx\\\/?s={search_term_string}\"},\"query-input\":{\"@type\":\"PropertyValueSpecification\",\"valueRequired\":true,\"valueName\":\"search_term_string\"}}],\"inLanguage\":\"es\"},{\"@type\":\"Person\",\"@id\":\"https:\\\/\\\/quehacerpolitico.mx\\\/#\\\/schema\\\/person\\\/496d8ad2d1d3f8036101dca7ee39e585\",\"name\":\"Redacci\u00f3n QP\",\"image\":{\"@type\":\"ImageObject\",\"inLanguage\":\"es\",\"@id\":\"https:\\\/\\\/secure.gravatar.com\\\/avatar\\\/c7164ed6fdec453195284ad24a5ae5b6e1eed2b848477fa2a4787ba9adf39a41?s=96&d=mm&r=g\",\"url\":\"https:\\\/\\\/secure.gravatar.com\\\/avatar\\\/c7164ed6fdec453195284ad24a5ae5b6e1eed2b848477fa2a4787ba9adf39a41?s=96&d=mm&r=g\",\"contentUrl\":\"https:\\\/\\\/secure.gravatar.com\\\/avatar\\\/c7164ed6fdec453195284ad24a5ae5b6e1eed2b848477fa2a4787ba9adf39a41?s=96&d=mm&r=g\",\"caption\":\"Redacci\u00f3n QP\"},\"url\":\"https:\\\/\\\/quehacerpolitico.mx\\\/?author=2\"}]}<\/script>\n<!-- \/ Yoast SEO plugin. -->","yoast_head_json":{"title":"Vicente Fox pide \u201ccordura\u201d a L\u00f3pez Obrador; \u201cm\u00eddete, \u2018maistro\u2019, deja a un lado la soberbia\u201d, le dice -","robots":{"index":"index","follow":"follow","max-snippet":"max-snippet:-1","max-image-preview":"max-image-preview:large","max-video-preview":"max-video-preview:-1"},"canonical":"https:\/\/quehacerpolitico.mx\/?p=7402","og_locale":"es_MX","og_type":"article","og_title":"Vicente Fox pide \u201ccordura\u201d a L\u00f3pez Obrador; \u201cm\u00eddete, \u2018maistro\u2019, deja a un lado la soberbia\u201d, le dice -","og_description":"Vicente Fox pide \u201ccordura\u201d a L\u00f3pez Obrador; \u201cm\u00eddete, \u2018maistro\u2019, deja a un lado la soberbia\u201d, le dice Por Redacci\u00f3n QP","og_url":"https:\/\/quehacerpolitico.mx\/?p=7402","article_published_time":"2018-10-21T16:09:10+00:00","author":"Redacci\u00f3n QP","twitter_card":"summary_large_image","twitter_misc":{"Escrito por":"Redacci\u00f3n QP","Tiempo de lectura":"4 minutos"},"schema":{"@context":"https:\/\/schema.org","@graph":[{"@type":"Article","@id":"https:\/\/quehacerpolitico.mx\/?p=7402#article","isPartOf":{"@id":"https:\/\/quehacerpolitico.mx\/?p=7402"},"author":{"name":"Redacci\u00f3n QP","@id":"https:\/\/quehacerpolitico.mx\/#\/schema\/person\/496d8ad2d1d3f8036101dca7ee39e585"},"headline":"Vicente Fox pide \u201ccordura\u201d a L\u00f3pez Obrador; \u201cm\u00eddete, \u2018maistro\u2019, deja a un lado la soberbia\u201d, le dice","datePublished":"2018-10-21T16:09:10+00:00","mainEntityOfPage":{"@id":"https:\/\/quehacerpolitico.mx\/?p=7402"},"wordCount":848,"commentCount":0,"image":{"@id":"https:\/\/quehacerpolitico.mx\/?p=7402#primaryimage"},"thumbnailUrl":"","articleSection":["Noticias"],"inLanguage":"es","potentialAction":[{"@type":"CommentAction","name":"Comment","target":["https:\/\/quehacerpolitico.mx\/?p=7402#respond"]}]},{"@type":"WebPage","@id":"https:\/\/quehacerpolitico.mx\/?p=7402","url":"https:\/\/quehacerpolitico.mx\/?p=7402","name":"Vicente Fox pide \u201ccordura\u201d a L\u00f3pez Obrador; \u201cm\u00eddete, \u2018maistro\u2019, deja a un lado la soberbia\u201d, le dice -","isPartOf":{"@id":"https:\/\/quehacerpolitico.mx\/#website"},"primaryImageOfPage":{"@id":"https:\/\/quehacerpolitico.mx\/?p=7402#primaryimage"},"image":{"@id":"https:\/\/quehacerpolitico.mx\/?p=7402#primaryimage"},"thumbnailUrl":"","datePublished":"2018-10-21T16:09:10+00:00","author":{"@id":"https:\/\/quehacerpolitico.mx\/#\/schema\/person\/496d8ad2d1d3f8036101dca7ee39e585"},"breadcrumb":{"@id":"https:\/\/quehacerpolitico.mx\/?p=7402#breadcrumb"},"inLanguage":"es","potentialAction":[{"@type":"ReadAction","target":["https:\/\/quehacerpolitico.mx\/?p=7402"]}]},{"@type":"ImageObject","inLanguage":"es","@id":"https:\/\/quehacerpolitico.mx\/?p=7402#primaryimage","url":"","contentUrl":""},{"@type":"BreadcrumbList","@id":"https:\/\/quehacerpolitico.mx\/?p=7402#breadcrumb","itemListElement":[{"@type":"ListItem","position":1,"name":"Inicio","item":"https:\/\/quehacerpolitico.mx\/"},{"@type":"ListItem","position":2,"name":"Vicente Fox pide \u201ccordura\u201d a L\u00f3pez Obrador; \u201cm\u00eddete, \u2018maistro\u2019, deja a un lado la soberbia\u201d, le dice"}]},{"@type":"WebSite","@id":"https:\/\/quehacerpolitico.mx\/#website","url":"https:\/\/quehacerpolitico.mx\/","name":"","description":"","potentialAction":[{"@type":"SearchAction","target":{"@type":"EntryPoint","urlTemplate":"https:\/\/quehacerpolitico.mx\/?s={search_term_string}"},"query-input":{"@type":"PropertyValueSpecification","valueRequired":true,"valueName":"search_term_string"}}],"inLanguage":"es"},{"@type":"Person","@id":"https:\/\/quehacerpolitico.mx\/#\/schema\/person\/496d8ad2d1d3f8036101dca7ee39e585","name":"Redacci\u00f3n QP","image":{"@type":"ImageObject","inLanguage":"es","@id":"https:\/\/secure.gravatar.com\/avatar\/c7164ed6fdec453195284ad24a5ae5b6e1eed2b848477fa2a4787ba9adf39a41?s=96&d=mm&r=g","url":"https:\/\/secure.gravatar.com\/avatar\/c7164ed6fdec453195284ad24a5ae5b6e1eed2b848477fa2a4787ba9adf39a41?s=96&d=mm&r=g","contentUrl":"https:\/\/secure.gravatar.com\/avatar\/c7164ed6fdec453195284ad24a5ae5b6e1eed2b848477fa2a4787ba9adf39a41?s=96&d=mm&r=g","caption":"Redacci\u00f3n QP"},"url":"https:\/\/quehacerpolitico.mx\/?author=2"}]}},"featured_image_urls":{"full":"","thumbnail":"","medium":"","medium_large":"","large":"","1536x1536":"","2048x2048":"","covernews-featured":"","covernews-medium":""},"author_info":{"display_name":"Redacci\u00f3n QP","author_link":"https:\/\/quehacerpolitico.mx\/?author=2"},"category_info":"<a href=\"https:\/\/quehacerpolitico.mx\/?cat=2\" rel=\"category\">Noticias<\/a>","tag_info":"Noticias","comment_count":"0","_links":{"self":[{"href":"https:\/\/quehacerpolitico.mx\/index.php?rest_route=\/wp\/v2\/posts\/7402","targetHints":{"allow":["GET"]}}],"collection":[{"href":"https:\/\/quehacerpolitico.mx\/index.php?rest_route=\/wp\/v2\/posts"}],"about":[{"href":"https:\/\/quehacerpolitico.mx\/index.php?rest_route=\/wp\/v2\/types\/post"}],"author":[{"embeddable":true,"href":"https:\/\/quehacerpolitico.mx\/index.php?rest_route=\/wp\/v2\/users\/2"}],"replies":[{"embeddable":true,"href":"https:\/\/quehacerpolitico.mx\/index.php?rest_route=%2Fwp%2Fv2%2Fcomments&post=7402"}],"version-history":[{"count":0,"href":"https:\/\/quehacerpolitico.mx\/index.php?rest_route=\/wp\/v2\/posts\/7402\/revisions"}],"wp:featuredmedia":[{"embeddable":true,"href":"https:\/\/quehacerpolitico.mx\/index.php?rest_route=\/"}],"wp:attachment":[{"href":"https:\/\/quehacerpolitico.mx\/index.php?rest_route=%2Fwp%2Fv2%2Fmedia&parent=7402"}],"wp:term":[{"taxonomy":"category","embeddable":true,"href":"https:\/\/quehacerpolitico.mx\/index.php?rest_route=%2Fwp%2Fv2%2Fcategories&post=7402"},{"taxonomy":"post_tag","embeddable":true,"href":"https:\/\/quehacerpolitico.mx\/index.php?rest_route=%2Fwp%2Fv2%2Ftags&post=7402"}],"curies":[{"name":"wp","href":"https:\/\/api.w.org\/{rel}","templated":true}]}}