{"id":73880,"date":"2021-01-31T02:32:56","date_gmt":"2021-01-31T02:32:56","guid":{"rendered":"https:\/\/quehacerpolitico.mx\/?p=73880"},"modified":"2021-01-31T02:32:56","modified_gmt":"2021-01-31T02:32:56","slug":"mexico-reporta-mas-de-158-mil-muertes-por-la-enfermedad","status":"publish","type":"post","link":"https:\/\/quehacerpolitico.mx\/?p=73880","title":{"rendered":"M\u00e9xico reporta m\u00e1s de 158 mil muertes por la enfermedad"},"content":{"rendered":"<h1 class=\"news-title\">M\u00e9xico reporta m\u00e1s de 158 mil muertes por la enfermedad<br \/>\nPor Redacci\u00f3n QP<\/h1>\n<div class=\"news-subtitle\">\n<p>La Secretar\u00eda de Salud detalla que un mill\u00f3n 403 mil 064 personas se han recuperado del virus<\/p>\n<blockquote class=\"twitter-tweet\" data-width=\"550\" data-dnt=\"true\">\n<p lang=\"es\" dir=\"ltr\">Comunicado T\u00e9cnico Diario: Nuevo Coronavirus en el Mundo <a href=\"https:\/\/twitter.com\/hashtag\/COVID19?src=hash&amp;ref_src=twsrc%5Etfw\">#COVID19<\/a> | 30 de enero de 2021<\/p>\n<p>\u27a1\ufe0f <a href=\"https:\/\/t.co\/zxByYhdad0\">https:\/\/t.co\/zxByYhdad0<\/a> <a href=\"https:\/\/t.co\/Ww5T4o9Li4\">pic.twitter.com\/Ww5T4o9Li4<\/a><\/p>\n<p>&mdash; SALUD M\u00e9xico (@SSalud_mx) <a href=\"https:\/\/twitter.com\/SSalud_mx\/status\/1355703621275422725?ref_src=twsrc%5Etfw\">January 31, 2021<\/a><\/p><\/blockquote>\n<p><script async src=\"https:\/\/platform.twitter.com\/widgets.js\" charset=\"utf-8\"><\/script><\/p>\n<\/div>\n<div class=\"social-share-box normal\">\n<p>M\u00e9xico report\u00f3, hasta este s\u00e1bado, 158 mil 74 muertes por COVID-19; es decir, en las \u00faltimas 24 horas se han confirmado mil 495 muertes del nuevo coronavirus<\/p>\n<p>En conferencia de prensa, el director general de Promoci\u00f3n de la Salud, Ricardo Cort\u00e9s Alcal\u00e1, inform\u00f3 que hay 110 mil 783 casos activos; asimismo, agreg\u00f3 que hay <strong>un mill\u00f3n 403 mil 064 personas que se han recuperado del virus.<\/strong><\/p>\n<blockquote class=\"twitter-tweet\" data-width=\"550\" data-dnt=\"true\">\n<p lang=\"es\" dir=\"ltr\">A nivel nacional, 42% de camas de hospitalizaci\u00f3n general est\u00e1n disponibles y 58% ocupadas. En camas con ventiladores, 47% est\u00e1n disponibles y 53% ocupadas. 2\/2 <a href=\"https:\/\/t.co\/qA2f5CNwz3\">pic.twitter.com\/qA2f5CNwz3<\/a><\/p>\n<p>&mdash; Hugo L\u00f3pez-Gatell Ram\u00edrez (@HLGatell) <a href=\"https:\/\/twitter.com\/HLGatell\/status\/1355686549111726085?ref_src=twsrc%5Etfw\">January 31, 2021<\/a><\/p><\/blockquote>\n<p><script async src=\"https:\/\/platform.twitter.com\/widgets.js\" charset=\"utf-8\"><\/script><\/p>\n<p>Adem\u00e1s, se report\u00f3 un <strong>58% de ocupaci\u00f3n hospitalaria de camas generales.<\/strong><\/p>\n<blockquote class=\"twitter-tweet\" data-width=\"550\" data-dnt=\"true\">\n<p lang=\"es\" dir=\"ltr\">Comunicado T\u00e9cnico Diario: Nuevo Coronavirus en el Mundo <a href=\"https:\/\/twitter.com\/hashtag\/COVID19?src=hash&amp;ref_src=twsrc%5Etfw\">#COVID19<\/a> | 30 de enero de 2021<\/p>\n<p>\u27a1\ufe0f <a href=\"https:\/\/t.co\/zxByYhdad0\">https:\/\/t.co\/zxByYhdad0<\/a> <a href=\"https:\/\/t.co\/z09apCYppg\">pic.twitter.com\/z09apCYppg<\/a><\/p>\n<p>&mdash; SALUD M\u00e9xico (@SSalud_mx) <a href=\"https:\/\/twitter.com\/SSalud_mx\/status\/1355699922796875776?ref_src=twsrc%5Etfw\">January 31, 2021<\/a><\/p><\/blockquote>\n<p><script async src=\"https:\/\/platform.twitter.com\/widgets.js\" charset=\"utf-8\"><\/script><\/p>\n<div class=\"banner b2\">\n<div id=\"div-gpt-ad-1505954097040-2\" data-google-query-id=\"CIWl6JaPxe4CFTP9wAodTDMHzw\">\n<p>Sobre la salud del Presidente de M\u00e9xico, Andr\u00e9s Manuel L\u00f3pez Obrador (AMLO), el funcionario indic\u00f3 que se encuentra con un cuadro leve luego de dar positivo a coronavirus.<\/p>\n<p>&#8220;Es un hombre que est\u00e1 presentando un cuadro leve, con mucha tranquilidad y esperanza. Ma\u00f1ana se cumple la mitad de su periodo de aislamiento&#8221;, se\u00f1al\u00f3 Cort\u00e9s Alcal\u00e1.<\/p>\n<h2>Vacunaci\u00f3n en M\u00e9xico<\/h2>\n<p>Sobre la vacunaci\u00f3n en el pa\u00eds, el funcionario inform\u00f3 que <strong>hasta el momento se han aplicado 670 mil 307 dosis<\/strong>; 631 mil 298 personas han recibido la primera dosis y 39 mil 009 han recibido la segunda.<\/p>\n<blockquote class=\"twitter-tweet\" data-width=\"550\" data-dnt=\"true\">\n<p lang=\"es\" dir=\"ltr\">Este 30 de enero fueron aplicadas 8,090 dosis de la vacuna contra <a href=\"https:\/\/twitter.com\/hashtag\/COVID19?src=hash&amp;ref_src=twsrc%5Etfw\">#COVID19<\/a>.<br \/>Hasta este d\u00eda suman 670,307 dosis aplicadas en M\u00e9xico. <a href=\"https:\/\/t.co\/LWN7VOhP2B\">pic.twitter.com\/LWN7VOhP2B<\/a><\/p>\n<p>&mdash; Hugo L\u00f3pez-Gatell Ram\u00edrez (@HLGatell) <a href=\"https:\/\/twitter.com\/HLGatell\/status\/1355693531965353989?ref_src=twsrc%5Etfw\">January 31, 2021<\/a><\/p><\/blockquote>\n<p><script async src=\"https:\/\/platform.twitter.com\/widgets.js\" charset=\"utf-8\"><\/script><\/p>\n<p>En la primera etapa pretende vacunar al personal sanitario y en la segunda a unos 15 millones de personas de la tercera edad.<\/p>\n<p>M\u00e9xico tiene acuerdos por 34.4 millones de dosis de Pfizer, 77.4 millones de la brit\u00e1nica AstraZeneca, 35 millones de CanSino y 34.4 millones de la plataforma Covax de la Organizaci\u00f3n Mundial de la Salud (OMS); adem\u00e1s recibir\u00e1 24 millones de dosis de la f\u00f3rmula rusa Sputnik V.<\/p>\n<blockquote class=\"twitter-tweet\" data-width=\"550\" data-dnt=\"true\">\n<p lang=\"es\" dir=\"ltr\">Conferencia de Prensa <a href=\"https:\/\/twitter.com\/hashtag\/COVID19?src=hash&amp;ref_src=twsrc%5Etfw\">#COVID19<\/a> | 30 de enero de 2021 <a href=\"https:\/\/twitter.com\/hashtag\/GraciasPorCuidarnos?src=hash&amp;ref_src=twsrc%5Etfw\">#GraciasPorCuidarnos<\/a> <a href=\"https:\/\/t.co\/Q6KYKm25P3\">https:\/\/t.co\/Q6KYKm25P3<\/a><\/p>\n<p>&mdash; SALUD M\u00e9xico (@SSalud_mx) <a href=\"https:\/\/twitter.com\/SSalud_mx\/status\/1355681464101335044?ref_src=twsrc%5Etfw\">January 31, 2021<\/a><\/p><\/blockquote>\n<p><script async src=\"https:\/\/platform.twitter.com\/widgets.js\" charset=\"utf-8\"><\/script><\/p>\n<p>Con informaci\u00f3n de SUN<\/p>\n<\/div>\n<\/div>\n<\/div>\n","protected":false},"excerpt":{"rendered":"<p>M\u00e9xico reporta m\u00e1s de 158 mil muertes por la enfermedad Por Redacci\u00f3n QP La Secretar\u00eda&#8230;<\/p>\n","protected":false},"author":2,"featured_media":73882,"comment_status":"open","ping_status":"open","sticky":false,"template":"","format":"standard","meta":{"_monsterinsights_skip_tracking":false,"_monsterinsights_sitenote_active":false,"_monsterinsights_sitenote_note":"","_monsterinsights_sitenote_category":0,"footnotes":""},"categories":[2],"tags":[],"class_list":["post-73880","post","type-post","status-publish","format-standard","has-post-thumbnail","hentry","category-noticias"],"yoast_head":"<!-- This site is optimized with the Yoast SEO plugin v27.3 - https:\/\/yoast.com\/product\/yoast-seo-wordpress\/ -->\n<title>M\u00e9xico reporta m\u00e1s de 158 mil muertes por la enfermedad -<\/title>\n<meta name=\"robots\" content=\"index, follow, max-snippet:-1, max-image-preview:large, max-video-preview:-1\" \/>\n<link rel=\"canonical\" href=\"https:\/\/quehacerpolitico.mx\/?p=73880\" \/>\n<meta property=\"og:locale\" content=\"es_MX\" \/>\n<meta property=\"og:type\" content=\"article\" \/>\n<meta property=\"og:title\" content=\"M\u00e9xico reporta m\u00e1s de 158 mil muertes por la enfermedad -\" \/>\n<meta property=\"og:description\" content=\"M\u00e9xico reporta m\u00e1s de 158 mil muertes por la enfermedad Por Redacci\u00f3n QP La Secretar\u00eda...\" \/>\n<meta property=\"og:url\" content=\"https:\/\/quehacerpolitico.mx\/?p=73880\" \/>\n<meta property=\"article:published_time\" content=\"2021-01-31T02:32:56+00:00\" \/>\n<meta property=\"og:image\" content=\"https:\/\/quehacerpolitico.mx\/wp-content\/uploads\/2021\/01\/4E938965-0C33-4A0E-B406-C044183488E8.jpeg\" \/>\n\t<meta property=\"og:image:width\" content=\"1242\" \/>\n\t<meta property=\"og:image:height\" content=\"664\" \/>\n\t<meta property=\"og:image:type\" content=\"image\/jpeg\" \/>\n<meta name=\"author\" content=\"Redacci\u00f3n QP\" \/>\n<meta name=\"twitter:card\" content=\"summary_large_image\" \/>\n<meta name=\"twitter:label1\" content=\"Escrito por\" \/>\n\t<meta name=\"twitter:data1\" content=\"Redacci\u00f3n QP\" \/>\n\t<meta name=\"twitter:label2\" content=\"Tiempo de lectura\" \/>\n\t<meta name=\"twitter:data2\" content=\"2 minutos\" \/>\n<script type=\"application\/ld+json\" class=\"yoast-schema-graph\">{\"@context\":\"https:\\\/\\\/schema.org\",\"@graph\":[{\"@type\":\"Article\",\"@id\":\"https:\\\/\\\/quehacerpolitico.mx\\\/?p=73880#article\",\"isPartOf\":{\"@id\":\"https:\\\/\\\/quehacerpolitico.mx\\\/?p=73880\"},\"author\":{\"name\":\"Redacci\u00f3n QP\",\"@id\":\"https:\\\/\\\/quehacerpolitico.mx\\\/#\\\/schema\\\/person\\\/496d8ad2d1d3f8036101dca7ee39e585\"},\"headline\":\"M\u00e9xico reporta m\u00e1s de 158 mil muertes por la enfermedad\",\"datePublished\":\"2021-01-31T02:32:56+00:00\",\"mainEntityOfPage\":{\"@id\":\"https:\\\/\\\/quehacerpolitico.mx\\\/?p=73880\"},\"wordCount\":324,\"commentCount\":0,\"image\":{\"@id\":\"https:\\\/\\\/quehacerpolitico.mx\\\/?p=73880#primaryimage\"},\"thumbnailUrl\":\"https:\\\/\\\/quehacerpolitico.mx\\\/wp-content\\\/uploads\\\/2021\\\/01\\\/4E938965-0C33-4A0E-B406-C044183488E8.jpeg\",\"articleSection\":[\"Noticias\"],\"inLanguage\":\"es\",\"potentialAction\":[{\"@type\":\"CommentAction\",\"name\":\"Comment\",\"target\":[\"https:\\\/\\\/quehacerpolitico.mx\\\/?p=73880#respond\"]}]},{\"@type\":\"WebPage\",\"@id\":\"https:\\\/\\\/quehacerpolitico.mx\\\/?p=73880\",\"url\":\"https:\\\/\\\/quehacerpolitico.mx\\\/?p=73880\",\"name\":\"M\u00e9xico reporta m\u00e1s de 158 mil muertes por la enfermedad -\",\"isPartOf\":{\"@id\":\"https:\\\/\\\/quehacerpolitico.mx\\\/#website\"},\"primaryImageOfPage\":{\"@id\":\"https:\\\/\\\/quehacerpolitico.mx\\\/?p=73880#primaryimage\"},\"image\":{\"@id\":\"https:\\\/\\\/quehacerpolitico.mx\\\/?p=73880#primaryimage\"},\"thumbnailUrl\":\"https:\\\/\\\/quehacerpolitico.mx\\\/wp-content\\\/uploads\\\/2021\\\/01\\\/4E938965-0C33-4A0E-B406-C044183488E8.jpeg\",\"datePublished\":\"2021-01-31T02:32:56+00:00\",\"author\":{\"@id\":\"https:\\\/\\\/quehacerpolitico.mx\\\/#\\\/schema\\\/person\\\/496d8ad2d1d3f8036101dca7ee39e585\"},\"breadcrumb\":{\"@id\":\"https:\\\/\\\/quehacerpolitico.mx\\\/?p=73880#breadcrumb\"},\"inLanguage\":\"es\",\"potentialAction\":[{\"@type\":\"ReadAction\",\"target\":[\"https:\\\/\\\/quehacerpolitico.mx\\\/?p=73880\"]}]},{\"@type\":\"ImageObject\",\"inLanguage\":\"es\",\"@id\":\"https:\\\/\\\/quehacerpolitico.mx\\\/?p=73880#primaryimage\",\"url\":\"https:\\\/\\\/quehacerpolitico.mx\\\/wp-content\\\/uploads\\\/2021\\\/01\\\/4E938965-0C33-4A0E-B406-C044183488E8.jpeg\",\"contentUrl\":\"https:\\\/\\\/quehacerpolitico.mx\\\/wp-content\\\/uploads\\\/2021\\\/01\\\/4E938965-0C33-4A0E-B406-C044183488E8.jpeg\",\"width\":1242,\"height\":664},{\"@type\":\"BreadcrumbList\",\"@id\":\"https:\\\/\\\/quehacerpolitico.mx\\\/?p=73880#breadcrumb\",\"itemListElement\":[{\"@type\":\"ListItem\",\"position\":1,\"name\":\"Inicio\",\"item\":\"https:\\\/\\\/quehacerpolitico.mx\\\/\"},{\"@type\":\"ListItem\",\"position\":2,\"name\":\"M\u00e9xico reporta m\u00e1s de 158 mil muertes por la enfermedad\"}]},{\"@type\":\"WebSite\",\"@id\":\"https:\\\/\\\/quehacerpolitico.mx\\\/#website\",\"url\":\"https:\\\/\\\/quehacerpolitico.mx\\\/\",\"name\":\"\",\"description\":\"\",\"potentialAction\":[{\"@type\":\"SearchAction\",\"target\":{\"@type\":\"EntryPoint\",\"urlTemplate\":\"https:\\\/\\\/quehacerpolitico.mx\\\/?s={search_term_string}\"},\"query-input\":{\"@type\":\"PropertyValueSpecification\",\"valueRequired\":true,\"valueName\":\"search_term_string\"}}],\"inLanguage\":\"es\"},{\"@type\":\"Person\",\"@id\":\"https:\\\/\\\/quehacerpolitico.mx\\\/#\\\/schema\\\/person\\\/496d8ad2d1d3f8036101dca7ee39e585\",\"name\":\"Redacci\u00f3n QP\",\"image\":{\"@type\":\"ImageObject\",\"inLanguage\":\"es\",\"@id\":\"https:\\\/\\\/secure.gravatar.com\\\/avatar\\\/c7164ed6fdec453195284ad24a5ae5b6e1eed2b848477fa2a4787ba9adf39a41?s=96&d=mm&r=g\",\"url\":\"https:\\\/\\\/secure.gravatar.com\\\/avatar\\\/c7164ed6fdec453195284ad24a5ae5b6e1eed2b848477fa2a4787ba9adf39a41?s=96&d=mm&r=g\",\"contentUrl\":\"https:\\\/\\\/secure.gravatar.com\\\/avatar\\\/c7164ed6fdec453195284ad24a5ae5b6e1eed2b848477fa2a4787ba9adf39a41?s=96&d=mm&r=g\",\"caption\":\"Redacci\u00f3n QP\"},\"url\":\"https:\\\/\\\/quehacerpolitico.mx\\\/?author=2\"}]}<\/script>\n<!-- \/ Yoast SEO plugin. -->","yoast_head_json":{"title":"M\u00e9xico reporta m\u00e1s de 158 mil muertes por la enfermedad -","robots":{"index":"index","follow":"follow","max-snippet":"max-snippet:-1","max-image-preview":"max-image-preview:large","max-video-preview":"max-video-preview:-1"},"canonical":"https:\/\/quehacerpolitico.mx\/?p=73880","og_locale":"es_MX","og_type":"article","og_title":"M\u00e9xico reporta m\u00e1s de 158 mil muertes por la enfermedad -","og_description":"M\u00e9xico reporta m\u00e1s de 158 mil muertes por la enfermedad Por Redacci\u00f3n QP La Secretar\u00eda...","og_url":"https:\/\/quehacerpolitico.mx\/?p=73880","article_published_time":"2021-01-31T02:32:56+00:00","og_image":[{"width":1242,"height":664,"url":"https:\/\/quehacerpolitico.mx\/wp-content\/uploads\/2021\/01\/4E938965-0C33-4A0E-B406-C044183488E8.jpeg","type":"image\/jpeg"}],"author":"Redacci\u00f3n QP","twitter_card":"summary_large_image","twitter_misc":{"Escrito por":"Redacci\u00f3n QP","Tiempo de lectura":"2 minutos"},"schema":{"@context":"https:\/\/schema.org","@graph":[{"@type":"Article","@id":"https:\/\/quehacerpolitico.mx\/?p=73880#article","isPartOf":{"@id":"https:\/\/quehacerpolitico.mx\/?p=73880"},"author":{"name":"Redacci\u00f3n QP","@id":"https:\/\/quehacerpolitico.mx\/#\/schema\/person\/496d8ad2d1d3f8036101dca7ee39e585"},"headline":"M\u00e9xico reporta m\u00e1s de 158 mil muertes por la enfermedad","datePublished":"2021-01-31T02:32:56+00:00","mainEntityOfPage":{"@id":"https:\/\/quehacerpolitico.mx\/?p=73880"},"wordCount":324,"commentCount":0,"image":{"@id":"https:\/\/quehacerpolitico.mx\/?p=73880#primaryimage"},"thumbnailUrl":"https:\/\/quehacerpolitico.mx\/wp-content\/uploads\/2021\/01\/4E938965-0C33-4A0E-B406-C044183488E8.jpeg","articleSection":["Noticias"],"inLanguage":"es","potentialAction":[{"@type":"CommentAction","name":"Comment","target":["https:\/\/quehacerpolitico.mx\/?p=73880#respond"]}]},{"@type":"WebPage","@id":"https:\/\/quehacerpolitico.mx\/?p=73880","url":"https:\/\/quehacerpolitico.mx\/?p=73880","name":"M\u00e9xico reporta m\u00e1s de 158 mil muertes por la enfermedad -","isPartOf":{"@id":"https:\/\/quehacerpolitico.mx\/#website"},"primaryImageOfPage":{"@id":"https:\/\/quehacerpolitico.mx\/?p=73880#primaryimage"},"image":{"@id":"https:\/\/quehacerpolitico.mx\/?p=73880#primaryimage"},"thumbnailUrl":"https:\/\/quehacerpolitico.mx\/wp-content\/uploads\/2021\/01\/4E938965-0C33-4A0E-B406-C044183488E8.jpeg","datePublished":"2021-01-31T02:32:56+00:00","author":{"@id":"https:\/\/quehacerpolitico.mx\/#\/schema\/person\/496d8ad2d1d3f8036101dca7ee39e585"},"breadcrumb":{"@id":"https:\/\/quehacerpolitico.mx\/?p=73880#breadcrumb"},"inLanguage":"es","potentialAction":[{"@type":"ReadAction","target":["https:\/\/quehacerpolitico.mx\/?p=73880"]}]},{"@type":"ImageObject","inLanguage":"es","@id":"https:\/\/quehacerpolitico.mx\/?p=73880#primaryimage","url":"https:\/\/quehacerpolitico.mx\/wp-content\/uploads\/2021\/01\/4E938965-0C33-4A0E-B406-C044183488E8.jpeg","contentUrl":"https:\/\/quehacerpolitico.mx\/wp-content\/uploads\/2021\/01\/4E938965-0C33-4A0E-B406-C044183488E8.jpeg","width":1242,"height":664},{"@type":"BreadcrumbList","@id":"https:\/\/quehacerpolitico.mx\/?p=73880#breadcrumb","itemListElement":[{"@type":"ListItem","position":1,"name":"Inicio","item":"https:\/\/quehacerpolitico.mx\/"},{"@type":"ListItem","position":2,"name":"M\u00e9xico reporta m\u00e1s de 158 mil muertes por la enfermedad"}]},{"@type":"WebSite","@id":"https:\/\/quehacerpolitico.mx\/#website","url":"https:\/\/quehacerpolitico.mx\/","name":"","description":"","potentialAction":[{"@type":"SearchAction","target":{"@type":"EntryPoint","urlTemplate":"https:\/\/quehacerpolitico.mx\/?s={search_term_string}"},"query-input":{"@type":"PropertyValueSpecification","valueRequired":true,"valueName":"search_term_string"}}],"inLanguage":"es"},{"@type":"Person","@id":"https:\/\/quehacerpolitico.mx\/#\/schema\/person\/496d8ad2d1d3f8036101dca7ee39e585","name":"Redacci\u00f3n QP","image":{"@type":"ImageObject","inLanguage":"es","@id":"https:\/\/secure.gravatar.com\/avatar\/c7164ed6fdec453195284ad24a5ae5b6e1eed2b848477fa2a4787ba9adf39a41?s=96&d=mm&r=g","url":"https:\/\/secure.gravatar.com\/avatar\/c7164ed6fdec453195284ad24a5ae5b6e1eed2b848477fa2a4787ba9adf39a41?s=96&d=mm&r=g","contentUrl":"https:\/\/secure.gravatar.com\/avatar\/c7164ed6fdec453195284ad24a5ae5b6e1eed2b848477fa2a4787ba9adf39a41?s=96&d=mm&r=g","caption":"Redacci\u00f3n QP"},"url":"https:\/\/quehacerpolitico.mx\/?author=2"}]}},"featured_image_urls":{"full":["https:\/\/quehacerpolitico.mx\/wp-content\/uploads\/2021\/01\/4E938965-0C33-4A0E-B406-C044183488E8.jpeg",1242,664,false],"thumbnail":["https:\/\/quehacerpolitico.mx\/wp-content\/uploads\/2021\/01\/4E938965-0C33-4A0E-B406-C044183488E8-150x150.jpeg",150,150,true],"medium":["https:\/\/quehacerpolitico.mx\/wp-content\/uploads\/2021\/01\/4E938965-0C33-4A0E-B406-C044183488E8-300x160.jpeg",300,160,true],"medium_large":["https:\/\/quehacerpolitico.mx\/wp-content\/uploads\/2021\/01\/4E938965-0C33-4A0E-B406-C044183488E8-768x411.jpeg",640,343,true],"large":["https:\/\/quehacerpolitico.mx\/wp-content\/uploads\/2021\/01\/4E938965-0C33-4A0E-B406-C044183488E8-1024x547.jpeg",640,342,true],"1536x1536":["https:\/\/quehacerpolitico.mx\/wp-content\/uploads\/2021\/01\/4E938965-0C33-4A0E-B406-C044183488E8.jpeg",1242,664,false],"2048x2048":["https:\/\/quehacerpolitico.mx\/wp-content\/uploads\/2021\/01\/4E938965-0C33-4A0E-B406-C044183488E8.jpeg",1242,664,false],"covernews-featured":["https:\/\/quehacerpolitico.mx\/wp-content\/uploads\/2021\/01\/4E938965-0C33-4A0E-B406-C044183488E8.jpeg",1024,547,false],"covernews-medium":["https:\/\/quehacerpolitico.mx\/wp-content\/uploads\/2021\/01\/4E938965-0C33-4A0E-B406-C044183488E8.jpeg",540,289,false]},"author_info":{"display_name":"Redacci\u00f3n QP","author_link":"https:\/\/quehacerpolitico.mx\/?author=2"},"category_info":"<a href=\"https:\/\/quehacerpolitico.mx\/?cat=2\" rel=\"category\">Noticias<\/a>","tag_info":"Noticias","comment_count":"0","_links":{"self":[{"href":"https:\/\/quehacerpolitico.mx\/index.php?rest_route=\/wp\/v2\/posts\/73880","targetHints":{"allow":["GET"]}}],"collection":[{"href":"https:\/\/quehacerpolitico.mx\/index.php?rest_route=\/wp\/v2\/posts"}],"about":[{"href":"https:\/\/quehacerpolitico.mx\/index.php?rest_route=\/wp\/v2\/types\/post"}],"author":[{"embeddable":true,"href":"https:\/\/quehacerpolitico.mx\/index.php?rest_route=\/wp\/v2\/users\/2"}],"replies":[{"embeddable":true,"href":"https:\/\/quehacerpolitico.mx\/index.php?rest_route=%2Fwp%2Fv2%2Fcomments&post=73880"}],"version-history":[{"count":0,"href":"https:\/\/quehacerpolitico.mx\/index.php?rest_route=\/wp\/v2\/posts\/73880\/revisions"}],"wp:featuredmedia":[{"embeddable":true,"href":"https:\/\/quehacerpolitico.mx\/index.php?rest_route=\/wp\/v2\/media\/73882"}],"wp:attachment":[{"href":"https:\/\/quehacerpolitico.mx\/index.php?rest_route=%2Fwp%2Fv2%2Fmedia&parent=73880"}],"wp:term":[{"taxonomy":"category","embeddable":true,"href":"https:\/\/quehacerpolitico.mx\/index.php?rest_route=%2Fwp%2Fv2%2Fcategories&post=73880"},{"taxonomy":"post_tag","embeddable":true,"href":"https:\/\/quehacerpolitico.mx\/index.php?rest_route=%2Fwp%2Fv2%2Ftags&post=73880"}],"curies":[{"name":"wp","href":"https:\/\/api.w.org\/{rel}","templated":true}]}}