{"id":73874,"date":"2021-01-31T02:20:42","date_gmt":"2021-01-31T02:20:42","guid":{"rendered":"https:\/\/quehacerpolitico.mx\/?p=73874"},"modified":"2021-01-31T02:20:42","modified_gmt":"2021-01-31T02:20:42","slug":"internacionales-carolina-alonso-romei-eu-impone-el-uso-de-cubrebocas-en-vuelos-y-transporte-publico","status":"publish","type":"post","link":"https:\/\/quehacerpolitico.mx\/?p=73874","title":{"rendered":"Internacionales\/\/\/Carolina Alonso Romei\/\/\/EU impone el uso de cubrebocas en vuelos y transporte p\u00fablico"},"content":{"rendered":"<h1 class=\"news-title\">EU impone el uso de cubrebocas en vuelos y transporte p\u00fablico<br \/>\nPor Carolina Alonso Romei<\/h1>\n<p>Internacionalista<\/p>\n<p>La regla aplica para pasajeros en aviones, trenes, metros, autobuses, taxis y transporte por app<\/p>\n<p>Los pasajeros de aviones y transporte p\u00fablico como autobuses y metro en Estados Unidos deber\u00e1n\u00a0usar cubrebocas durante sus viajes a partir de la pr\u00f3xima semana, una medida establecida por las autoridades para frenar la propagaci\u00f3n de COVID-19 en el pa\u00eds.<\/p>\n<p>Los Centros para el Control y la Prevenci\u00f3n de Enfermedades de Estados Unidos (CDC por sus siglas en ingl\u00e9s) emitieron una norma de uso de cubrebocas el viernes por la noche que se apoya en una orden anunciada el 21 de enero por el presidente Joe Biden<\/p>\n<div id=\"teads_ad\">\n<div id=\"div-gpt-ad-1548262875188-0\" data-google-query-id=\"CI7rptOMxe4CFQrYwAodvbUPdA\">La medida <strong>&#8220;proteger\u00e1 a los estadounidenses y brindar\u00e1 confianza de que podemos nuevamente viajar con seguridad incluso durante esta pandemia&#8221;<\/strong>, indic\u00f3 el m\u00e9dico Marty Cetron, director de la divisi\u00f3n de migraci\u00f3n y cuarentena de los CDC, quien firm\u00f3 la orden.<\/div>\n<div data-google-query-id=\"CI7rptOMxe4CFQrYwAodvbUPdA\">\n<p>La orden de 11 p\u00e1ginas de los CDC entrar\u00e1 en vigor poco antes de la medianoche del lunes. Tambi\u00e9n <strong>cataloga el negarse a usar cubrebocas como una violaci\u00f3n a la ley federal<\/strong>, impuesta por la Administraci\u00f3n de Seguridad en el Transporte de Estados Unidos (TSA, por sus siglas en ingl\u00e9s) y autoridades federales, estatales y municipales.<\/p>\n<p>La regla aplica para pasajeros en aviones, trenes, metros, autobuses, taxis y transporte por app. La medida indica que los usuarios <strong>deben portar un cubrebocas que cubra la boca y nariz durante el viaje y al momento de abordar y descender de las unidades<\/strong>. La orden se extiende a salas de espera en sitios como aeropuertos, andenes de tren y estaciones del metro.<\/p>\n<p>Las aerol\u00edneas de antemano exig\u00edan el uso de cubrebocas y han negado el servicio a m\u00e1s de dos mil pasajeros por rehusarse a portar uno. Los sindicatos de asistentes de vuelo han indicado que la regla federal facilitar\u00e1 a la tripulaci\u00f3n la imposici\u00f3n del requisito.<\/p>\n<p>La orden no aplica para ni\u00f1os menores de dos a\u00f1os y personas con una discapacidad que haga inseguro portar una mascarilla. Los pasajeros podr\u00e1n retirarse la mascarilla para comer o beber.<\/p>\n<p>Con informaci\u00f3n de AP<\/p>\n<\/div>\n<\/div>\n","protected":false},"excerpt":{"rendered":"<p>EU impone el uso de cubrebocas en vuelos y transporte p\u00fablico Por Carolina Alonso Romei&#8230;<\/p>\n","protected":false},"author":2,"featured_media":73878,"comment_status":"open","ping_status":"open","sticky":false,"template":"","format":"standard","meta":{"_monsterinsights_skip_tracking":false,"_monsterinsights_sitenote_active":false,"_monsterinsights_sitenote_note":"","_monsterinsights_sitenote_category":0,"footnotes":""},"categories":[1],"tags":[],"class_list":["post-73874","post","type-post","status-publish","format-standard","has-post-thumbnail","hentry","category-sin-categoria"],"yoast_head":"<!-- This site is optimized with the Yoast SEO plugin v27.3 - https:\/\/yoast.com\/product\/yoast-seo-wordpress\/ -->\n<title>Internacionales\/\/\/Carolina Alonso Romei\/\/\/EU impone el uso de cubrebocas en vuelos y transporte p\u00fablico -<\/title>\n<meta name=\"robots\" content=\"index, follow, max-snippet:-1, max-image-preview:large, max-video-preview:-1\" \/>\n<link rel=\"canonical\" href=\"https:\/\/quehacerpolitico.mx\/?p=73874\" \/>\n<meta property=\"og:locale\" content=\"es_MX\" \/>\n<meta property=\"og:type\" content=\"article\" \/>\n<meta property=\"og:title\" content=\"Internacionales\/\/\/Carolina Alonso Romei\/\/\/EU impone el uso de cubrebocas en vuelos y transporte p\u00fablico -\" \/>\n<meta property=\"og:description\" content=\"EU impone el uso de cubrebocas en vuelos y transporte p\u00fablico Por Carolina Alonso Romei...\" \/>\n<meta property=\"og:url\" content=\"https:\/\/quehacerpolitico.mx\/?p=73874\" \/>\n<meta property=\"article:published_time\" content=\"2021-01-31T02:20:42+00:00\" \/>\n<meta property=\"og:image\" content=\"https:\/\/quehacerpolitico.mx\/wp-content\/uploads\/2021\/01\/A95BC4E8-C8F8-41C9-BE8C-D418A295FBA6.jpeg\" \/>\n\t<meta property=\"og:image:width\" content=\"705\" \/>\n\t<meta property=\"og:image:height\" content=\"435\" \/>\n\t<meta property=\"og:image:type\" content=\"image\/jpeg\" \/>\n<meta name=\"author\" content=\"Redacci\u00f3n QP\" \/>\n<meta name=\"twitter:card\" content=\"summary_large_image\" \/>\n<meta name=\"twitter:label1\" content=\"Escrito por\" \/>\n\t<meta name=\"twitter:data1\" content=\"Redacci\u00f3n QP\" \/>\n\t<meta name=\"twitter:label2\" content=\"Tiempo de lectura\" \/>\n\t<meta name=\"twitter:data2\" content=\"2 minutos\" \/>\n<script type=\"application\/ld+json\" class=\"yoast-schema-graph\">{\"@context\":\"https:\\\/\\\/schema.org\",\"@graph\":[{\"@type\":\"Article\",\"@id\":\"https:\\\/\\\/quehacerpolitico.mx\\\/?p=73874#article\",\"isPartOf\":{\"@id\":\"https:\\\/\\\/quehacerpolitico.mx\\\/?p=73874\"},\"author\":{\"name\":\"Redacci\u00f3n QP\",\"@id\":\"https:\\\/\\\/quehacerpolitico.mx\\\/#\\\/schema\\\/person\\\/496d8ad2d1d3f8036101dca7ee39e585\"},\"headline\":\"Internacionales\\\/\\\/\\\/Carolina Alonso Romei\\\/\\\/\\\/EU impone el uso de cubrebocas en vuelos y transporte p\u00fablico\",\"datePublished\":\"2021-01-31T02:20:42+00:00\",\"mainEntityOfPage\":{\"@id\":\"https:\\\/\\\/quehacerpolitico.mx\\\/?p=73874\"},\"wordCount\":397,\"commentCount\":0,\"image\":{\"@id\":\"https:\\\/\\\/quehacerpolitico.mx\\\/?p=73874#primaryimage\"},\"thumbnailUrl\":\"https:\\\/\\\/quehacerpolitico.mx\\\/wp-content\\\/uploads\\\/2021\\\/01\\\/A95BC4E8-C8F8-41C9-BE8C-D418A295FBA6.jpeg\",\"articleSection\":[\"Internacionales\"],\"inLanguage\":\"es\",\"potentialAction\":[{\"@type\":\"CommentAction\",\"name\":\"Comment\",\"target\":[\"https:\\\/\\\/quehacerpolitico.mx\\\/?p=73874#respond\"]}]},{\"@type\":\"WebPage\",\"@id\":\"https:\\\/\\\/quehacerpolitico.mx\\\/?p=73874\",\"url\":\"https:\\\/\\\/quehacerpolitico.mx\\\/?p=73874\",\"name\":\"Internacionales\\\/\\\/\\\/Carolina Alonso Romei\\\/\\\/\\\/EU impone el uso de cubrebocas en vuelos y transporte p\u00fablico -\",\"isPartOf\":{\"@id\":\"https:\\\/\\\/quehacerpolitico.mx\\\/#website\"},\"primaryImageOfPage\":{\"@id\":\"https:\\\/\\\/quehacerpolitico.mx\\\/?p=73874#primaryimage\"},\"image\":{\"@id\":\"https:\\\/\\\/quehacerpolitico.mx\\\/?p=73874#primaryimage\"},\"thumbnailUrl\":\"https:\\\/\\\/quehacerpolitico.mx\\\/wp-content\\\/uploads\\\/2021\\\/01\\\/A95BC4E8-C8F8-41C9-BE8C-D418A295FBA6.jpeg\",\"datePublished\":\"2021-01-31T02:20:42+00:00\",\"author\":{\"@id\":\"https:\\\/\\\/quehacerpolitico.mx\\\/#\\\/schema\\\/person\\\/496d8ad2d1d3f8036101dca7ee39e585\"},\"breadcrumb\":{\"@id\":\"https:\\\/\\\/quehacerpolitico.mx\\\/?p=73874#breadcrumb\"},\"inLanguage\":\"es\",\"potentialAction\":[{\"@type\":\"ReadAction\",\"target\":[\"https:\\\/\\\/quehacerpolitico.mx\\\/?p=73874\"]}]},{\"@type\":\"ImageObject\",\"inLanguage\":\"es\",\"@id\":\"https:\\\/\\\/quehacerpolitico.mx\\\/?p=73874#primaryimage\",\"url\":\"https:\\\/\\\/quehacerpolitico.mx\\\/wp-content\\\/uploads\\\/2021\\\/01\\\/A95BC4E8-C8F8-41C9-BE8C-D418A295FBA6.jpeg\",\"contentUrl\":\"https:\\\/\\\/quehacerpolitico.mx\\\/wp-content\\\/uploads\\\/2021\\\/01\\\/A95BC4E8-C8F8-41C9-BE8C-D418A295FBA6.jpeg\",\"width\":705,\"height\":435},{\"@type\":\"BreadcrumbList\",\"@id\":\"https:\\\/\\\/quehacerpolitico.mx\\\/?p=73874#breadcrumb\",\"itemListElement\":[{\"@type\":\"ListItem\",\"position\":1,\"name\":\"Inicio\",\"item\":\"https:\\\/\\\/quehacerpolitico.mx\\\/\"},{\"@type\":\"ListItem\",\"position\":2,\"name\":\"Internacionales\\\/\\\/\\\/Carolina Alonso Romei\\\/\\\/\\\/EU impone el uso de cubrebocas en vuelos y transporte p\u00fablico\"}]},{\"@type\":\"WebSite\",\"@id\":\"https:\\\/\\\/quehacerpolitico.mx\\\/#website\",\"url\":\"https:\\\/\\\/quehacerpolitico.mx\\\/\",\"name\":\"\",\"description\":\"\",\"potentialAction\":[{\"@type\":\"SearchAction\",\"target\":{\"@type\":\"EntryPoint\",\"urlTemplate\":\"https:\\\/\\\/quehacerpolitico.mx\\\/?s={search_term_string}\"},\"query-input\":{\"@type\":\"PropertyValueSpecification\",\"valueRequired\":true,\"valueName\":\"search_term_string\"}}],\"inLanguage\":\"es\"},{\"@type\":\"Person\",\"@id\":\"https:\\\/\\\/quehacerpolitico.mx\\\/#\\\/schema\\\/person\\\/496d8ad2d1d3f8036101dca7ee39e585\",\"name\":\"Redacci\u00f3n QP\",\"image\":{\"@type\":\"ImageObject\",\"inLanguage\":\"es\",\"@id\":\"https:\\\/\\\/secure.gravatar.com\\\/avatar\\\/c7164ed6fdec453195284ad24a5ae5b6e1eed2b848477fa2a4787ba9adf39a41?s=96&d=mm&r=g\",\"url\":\"https:\\\/\\\/secure.gravatar.com\\\/avatar\\\/c7164ed6fdec453195284ad24a5ae5b6e1eed2b848477fa2a4787ba9adf39a41?s=96&d=mm&r=g\",\"contentUrl\":\"https:\\\/\\\/secure.gravatar.com\\\/avatar\\\/c7164ed6fdec453195284ad24a5ae5b6e1eed2b848477fa2a4787ba9adf39a41?s=96&d=mm&r=g\",\"caption\":\"Redacci\u00f3n QP\"},\"url\":\"https:\\\/\\\/quehacerpolitico.mx\\\/?author=2\"}]}<\/script>\n<!-- \/ Yoast SEO plugin. -->","yoast_head_json":{"title":"Internacionales\/\/\/Carolina Alonso Romei\/\/\/EU impone el uso de cubrebocas en vuelos y transporte p\u00fablico -","robots":{"index":"index","follow":"follow","max-snippet":"max-snippet:-1","max-image-preview":"max-image-preview:large","max-video-preview":"max-video-preview:-1"},"canonical":"https:\/\/quehacerpolitico.mx\/?p=73874","og_locale":"es_MX","og_type":"article","og_title":"Internacionales\/\/\/Carolina Alonso Romei\/\/\/EU impone el uso de cubrebocas en vuelos y transporte p\u00fablico -","og_description":"EU impone el uso de cubrebocas en vuelos y transporte p\u00fablico Por Carolina Alonso Romei...","og_url":"https:\/\/quehacerpolitico.mx\/?p=73874","article_published_time":"2021-01-31T02:20:42+00:00","og_image":[{"width":705,"height":435,"url":"https:\/\/quehacerpolitico.mx\/wp-content\/uploads\/2021\/01\/A95BC4E8-C8F8-41C9-BE8C-D418A295FBA6.jpeg","type":"image\/jpeg"}],"author":"Redacci\u00f3n QP","twitter_card":"summary_large_image","twitter_misc":{"Escrito por":"Redacci\u00f3n QP","Tiempo de lectura":"2 minutos"},"schema":{"@context":"https:\/\/schema.org","@graph":[{"@type":"Article","@id":"https:\/\/quehacerpolitico.mx\/?p=73874#article","isPartOf":{"@id":"https:\/\/quehacerpolitico.mx\/?p=73874"},"author":{"name":"Redacci\u00f3n QP","@id":"https:\/\/quehacerpolitico.mx\/#\/schema\/person\/496d8ad2d1d3f8036101dca7ee39e585"},"headline":"Internacionales\/\/\/Carolina Alonso Romei\/\/\/EU impone el uso de cubrebocas en vuelos y transporte p\u00fablico","datePublished":"2021-01-31T02:20:42+00:00","mainEntityOfPage":{"@id":"https:\/\/quehacerpolitico.mx\/?p=73874"},"wordCount":397,"commentCount":0,"image":{"@id":"https:\/\/quehacerpolitico.mx\/?p=73874#primaryimage"},"thumbnailUrl":"https:\/\/quehacerpolitico.mx\/wp-content\/uploads\/2021\/01\/A95BC4E8-C8F8-41C9-BE8C-D418A295FBA6.jpeg","articleSection":["Internacionales"],"inLanguage":"es","potentialAction":[{"@type":"CommentAction","name":"Comment","target":["https:\/\/quehacerpolitico.mx\/?p=73874#respond"]}]},{"@type":"WebPage","@id":"https:\/\/quehacerpolitico.mx\/?p=73874","url":"https:\/\/quehacerpolitico.mx\/?p=73874","name":"Internacionales\/\/\/Carolina Alonso Romei\/\/\/EU impone el uso de cubrebocas en vuelos y transporte p\u00fablico -","isPartOf":{"@id":"https:\/\/quehacerpolitico.mx\/#website"},"primaryImageOfPage":{"@id":"https:\/\/quehacerpolitico.mx\/?p=73874#primaryimage"},"image":{"@id":"https:\/\/quehacerpolitico.mx\/?p=73874#primaryimage"},"thumbnailUrl":"https:\/\/quehacerpolitico.mx\/wp-content\/uploads\/2021\/01\/A95BC4E8-C8F8-41C9-BE8C-D418A295FBA6.jpeg","datePublished":"2021-01-31T02:20:42+00:00","author":{"@id":"https:\/\/quehacerpolitico.mx\/#\/schema\/person\/496d8ad2d1d3f8036101dca7ee39e585"},"breadcrumb":{"@id":"https:\/\/quehacerpolitico.mx\/?p=73874#breadcrumb"},"inLanguage":"es","potentialAction":[{"@type":"ReadAction","target":["https:\/\/quehacerpolitico.mx\/?p=73874"]}]},{"@type":"ImageObject","inLanguage":"es","@id":"https:\/\/quehacerpolitico.mx\/?p=73874#primaryimage","url":"https:\/\/quehacerpolitico.mx\/wp-content\/uploads\/2021\/01\/A95BC4E8-C8F8-41C9-BE8C-D418A295FBA6.jpeg","contentUrl":"https:\/\/quehacerpolitico.mx\/wp-content\/uploads\/2021\/01\/A95BC4E8-C8F8-41C9-BE8C-D418A295FBA6.jpeg","width":705,"height":435},{"@type":"BreadcrumbList","@id":"https:\/\/quehacerpolitico.mx\/?p=73874#breadcrumb","itemListElement":[{"@type":"ListItem","position":1,"name":"Inicio","item":"https:\/\/quehacerpolitico.mx\/"},{"@type":"ListItem","position":2,"name":"Internacionales\/\/\/Carolina Alonso Romei\/\/\/EU impone el uso de cubrebocas en vuelos y transporte p\u00fablico"}]},{"@type":"WebSite","@id":"https:\/\/quehacerpolitico.mx\/#website","url":"https:\/\/quehacerpolitico.mx\/","name":"","description":"","potentialAction":[{"@type":"SearchAction","target":{"@type":"EntryPoint","urlTemplate":"https:\/\/quehacerpolitico.mx\/?s={search_term_string}"},"query-input":{"@type":"PropertyValueSpecification","valueRequired":true,"valueName":"search_term_string"}}],"inLanguage":"es"},{"@type":"Person","@id":"https:\/\/quehacerpolitico.mx\/#\/schema\/person\/496d8ad2d1d3f8036101dca7ee39e585","name":"Redacci\u00f3n QP","image":{"@type":"ImageObject","inLanguage":"es","@id":"https:\/\/secure.gravatar.com\/avatar\/c7164ed6fdec453195284ad24a5ae5b6e1eed2b848477fa2a4787ba9adf39a41?s=96&d=mm&r=g","url":"https:\/\/secure.gravatar.com\/avatar\/c7164ed6fdec453195284ad24a5ae5b6e1eed2b848477fa2a4787ba9adf39a41?s=96&d=mm&r=g","contentUrl":"https:\/\/secure.gravatar.com\/avatar\/c7164ed6fdec453195284ad24a5ae5b6e1eed2b848477fa2a4787ba9adf39a41?s=96&d=mm&r=g","caption":"Redacci\u00f3n QP"},"url":"https:\/\/quehacerpolitico.mx\/?author=2"}]}},"featured_image_urls":{"full":["https:\/\/quehacerpolitico.mx\/wp-content\/uploads\/2021\/01\/A95BC4E8-C8F8-41C9-BE8C-D418A295FBA6.jpeg",705,435,false],"thumbnail":["https:\/\/quehacerpolitico.mx\/wp-content\/uploads\/2021\/01\/A95BC4E8-C8F8-41C9-BE8C-D418A295FBA6-150x150.jpeg",150,150,true],"medium":["https:\/\/quehacerpolitico.mx\/wp-content\/uploads\/2021\/01\/A95BC4E8-C8F8-41C9-BE8C-D418A295FBA6-300x185.jpeg",300,185,true],"medium_large":["https:\/\/quehacerpolitico.mx\/wp-content\/uploads\/2021\/01\/A95BC4E8-C8F8-41C9-BE8C-D418A295FBA6.jpeg",640,395,false],"large":["https:\/\/quehacerpolitico.mx\/wp-content\/uploads\/2021\/01\/A95BC4E8-C8F8-41C9-BE8C-D418A295FBA6.jpeg",640,395,false],"1536x1536":["https:\/\/quehacerpolitico.mx\/wp-content\/uploads\/2021\/01\/A95BC4E8-C8F8-41C9-BE8C-D418A295FBA6.jpeg",705,435,false],"2048x2048":["https:\/\/quehacerpolitico.mx\/wp-content\/uploads\/2021\/01\/A95BC4E8-C8F8-41C9-BE8C-D418A295FBA6.jpeg",705,435,false],"covernews-featured":["https:\/\/quehacerpolitico.mx\/wp-content\/uploads\/2021\/01\/A95BC4E8-C8F8-41C9-BE8C-D418A295FBA6.jpeg",705,435,false],"covernews-medium":["https:\/\/quehacerpolitico.mx\/wp-content\/uploads\/2021\/01\/A95BC4E8-C8F8-41C9-BE8C-D418A295FBA6.jpeg",540,333,false]},"author_info":{"display_name":"Redacci\u00f3n QP","author_link":"https:\/\/quehacerpolitico.mx\/?author=2"},"category_info":"<a href=\"https:\/\/quehacerpolitico.mx\/?cat=1\" rel=\"category\">Internacionales<\/a>","tag_info":"Internacionales","comment_count":"0","_links":{"self":[{"href":"https:\/\/quehacerpolitico.mx\/index.php?rest_route=\/wp\/v2\/posts\/73874","targetHints":{"allow":["GET"]}}],"collection":[{"href":"https:\/\/quehacerpolitico.mx\/index.php?rest_route=\/wp\/v2\/posts"}],"about":[{"href":"https:\/\/quehacerpolitico.mx\/index.php?rest_route=\/wp\/v2\/types\/post"}],"author":[{"embeddable":true,"href":"https:\/\/quehacerpolitico.mx\/index.php?rest_route=\/wp\/v2\/users\/2"}],"replies":[{"embeddable":true,"href":"https:\/\/quehacerpolitico.mx\/index.php?rest_route=%2Fwp%2Fv2%2Fcomments&post=73874"}],"version-history":[{"count":0,"href":"https:\/\/quehacerpolitico.mx\/index.php?rest_route=\/wp\/v2\/posts\/73874\/revisions"}],"wp:featuredmedia":[{"embeddable":true,"href":"https:\/\/quehacerpolitico.mx\/index.php?rest_route=\/wp\/v2\/media\/73878"}],"wp:attachment":[{"href":"https:\/\/quehacerpolitico.mx\/index.php?rest_route=%2Fwp%2Fv2%2Fmedia&parent=73874"}],"wp:term":[{"taxonomy":"category","embeddable":true,"href":"https:\/\/quehacerpolitico.mx\/index.php?rest_route=%2Fwp%2Fv2%2Fcategories&post=73874"},{"taxonomy":"post_tag","embeddable":true,"href":"https:\/\/quehacerpolitico.mx\/index.php?rest_route=%2Fwp%2Fv2%2Ftags&post=73874"}],"curies":[{"name":"wp","href":"https:\/\/api.w.org\/{rel}","templated":true}]}}