{"id":7372,"date":"2018-10-20T23:24:06","date_gmt":"2018-10-20T23:24:06","guid":{"rendered":"http:\/\/quehacerpolitico.mx\/internacionales-carolina-alonso-romei-trump-afirma-que-mexico-respeta-el-liderazgo-de-eu-por-eso-no-dejo-entrar-a-hondurenos-dice\/"},"modified":"2018-10-20T23:24:06","modified_gmt":"2018-10-20T23:24:06","slug":"internacionales-carolina-alonso-romei-trump-afirma-que-mexico-respeta-el-liderazgo-de-eu-por-eso-no-dejo-entrar-a-hondurenos-dice","status":"publish","type":"post","link":"https:\/\/quehacerpolitico.mx\/?p=7372","title":{"rendered":"Internacionales\/\/\/Carolina Alonso Romei\/\/\/Trump afirma que M\u00e9xico respeta el liderazgo de EU; por eso no dej\u00f3 entrar a hondure\u00f1os, dice"},"content":{"rendered":"<h1>Trump afirma que M\u00e9xico respeta el liderazgo de EU; por eso no dej\u00f3 entrar a hondure\u00f1os, dice<\/h1>\n<p>Por Carolina Alonso Romei<\/p>\n<p>Internacionalista<\/p>\n<p><strong>Donald Trump<\/strong>, Presidente de Estados Unidos, dijo hoy que <strong>M\u00e9xico actu\u00f3 de manera incre\u00edble<\/strong> para contener la caravana de migrantes y se\u00f1al\u00f3 que la naci\u00f3n vecina respeta el liderazgo estadounidense.<\/p>\n<blockquote class=\"twitter-tweet\" data-width=\"550\" data-dnt=\"true\">\n<p lang=\"en\" dir=\"ltr\">TRUMP in Nevada:<\/p>\n<p>\u2022\u201dDemocrats want caravans!&#8230;A lot of people say: I wonder who started that caravan!\u201d<\/p>\n<p>\u2022\u201dAnd I want to thank Mexico! Mexico has been so incredible! And the leaders of Mexico!&quot;<\/p>\n<p>\u2022\u201dYou know why? Because now Mexico respects the leadership of the United States!&quot; <a href=\"https:\/\/t.co\/WODuXqbm3F\">pic.twitter.com\/WODuXqbm3F<\/a><\/p>\n<p>&mdash; Jos\u00e9 D\u00edaz Brise\u00f1o (@diazbriseno) <a href=\"https:\/\/twitter.com\/diazbriseno\/status\/1053725609719930880?ref_src=twsrc%5Etfw\">October 20, 2018<\/a><\/p><\/blockquote>\n<p><script async src=\"https:\/\/platform.twitter.com\/widgets.js\" charset=\"utf-8\"><\/script><\/p>\n<blockquote>\n<p>\u201c\u00a1Quiero agradecer a M\u00e9xico! \u00a1M\u00e9xico ha sido incre\u00edble! \u00a1Y los l\u00edderes de M\u00e9xico!\u201d, expres\u00f3 Trump durante un\u00a0mitin en la <strong>ciudad de Elko en el estado de Nevada<\/strong>, en los Estados Unidos.<\/p>\n<\/blockquote>\n<p>\u201c\u00bfY ustedes saben por qu\u00e9? \u00a1Porque ahora <strong>M\u00e9xico respeta el liderazgo de Estados Unidos<\/strong>!\u201d, indic\u00f3 el mandatario. Los seguidores del magnate corearon la\u00a0consigna de \u201c\u00a1Construye el muro!, \u00a1Construye el muro!\u201d.<\/p>\n<p>Trump a\u00f1adi\u00f3: \u201c\u00a1Los dem\u00f3cratas quieren las caravanas! \u00a1A ellos les gustan las caravanas! Mucha gente dice: \u2018Me pregunto quien ser\u00e1 el que inici\u00f3 la caravana\u2019?\u201d<\/p>\n<p>Anoche, el Presidente\u00a0<strong>Enrique Pe\u00f1a Nieto\u00a0<\/strong>dijo que\u00a0M\u00e9xico no permite, ni permitir\u00e1 el ingreso de personas a su territorio de manera irregular y mucho menos de manera violenta, despu\u00e9s de que integrantes de la caravana migrante derribaran vallas en la frontera con Guatemala.<\/p>\n<blockquote>\n<p>\u201cLa Secretar\u00eda de Gobernaci\u00f3n y la de Relaciones Exteriores informaron que toda persona que deseara ingresar a territorio nacional pod\u00eda hacerlo, siempre y cuando contara con documentos de viaje y una visa concedida por M\u00e9xico\u201d, dijo el mandatario mexicano.<\/p>\n<\/blockquote>\n<p>\u201cTambi\u00e9n se inform\u00f3 que toda persona que ingresara a nuestro pa\u00eds podr\u00eda solicitar, de manera individual, el reconocimiento como refugiado. Para esta labor, se solicit\u00f3 formalmente el apoyo de la ONU\u201d, apunt\u00f3.<\/p>\n<blockquote>\n<p>A\u00f1adi\u00f3: \u201cEn estos t\u00e9rminos, inici\u00f3 el ingreso de decenas de personas a nuestros pa\u00eds, quienes son atendidas por el Instituto Nacional de Migraci\u00f3n, sin embargo, esta tarde se present\u00f3 una situaci\u00f3n in\u00e9dita en el paso fronterizo localizado entre la Ciudad Hidalgo, Chiapas, y Tec\u00fan Um\u00e1n, Guatemala.\u00a0Un numeroso contingente intent\u00f3 ingresar de manera irregular a territorio mexicano, agrediendo, incluso, a elementos de la Polic\u00eda Federal, quienes se encontraban desarmados\u201d.<\/p>\n<\/blockquote>\n<p>Se\u00f1al\u00f3 que los integrantes de la caravana van a poder solicitar su ingreso por las v\u00edas que establecen las leyes de M\u00e9xico.<\/p>\n<p>\u201cEl ingreso violento al pa\u00eds no s\u00f3lo atenta contra nuestra soberan\u00eda, tambi\u00e9n pone en riesgo a los propios migrantes\u201d, indic\u00f3.<\/p>\n<blockquote class=\"twitter-tweet\" data-width=\"550\" data-dnt=\"true\">\n<p lang=\"es\" dir=\"ltr\">Comparto el posicionamiento del Gobierno de la Rep\u00fablica en torno a la <a href=\"https:\/\/twitter.com\/hashtag\/CaravanaMigrante?src=hash&amp;ref_src=twsrc%5Etfw\">#CaravanaMigrante<\/a>. <a href=\"https:\/\/t.co\/NvHPglBPi4\">pic.twitter.com\/NvHPglBPi4<\/a><\/p>\n<p>&mdash; Enrique Pe\u00f1a Nieto (@EPN) <a href=\"https:\/\/twitter.com\/EPN\/status\/1053487512125992960?ref_src=twsrc%5Etfw\">October 20, 2018<\/a><\/p><\/blockquote>\n<p><script async src=\"https:\/\/platform.twitter.com\/widgets.js\" charset=\"utf-8\"><\/script><\/p>\n<p><strong>Desde ayer, personajes<\/strong> de la pol\u00edtica, artistas, intelectuales y activistas llamaron a las y los mexicanos a solidarizarse con los miles de <strong>migrantes de Honduras<\/strong> que buscan ingresar a <strong>M\u00e9xico<\/strong> como parte de su trayecto hacia Estados Unidos, tambi\u00e9n se pronunciaron contra las<strong> expresiones xen\u00f3fobas<\/strong> y racistas que usuarios de redes sociales han externado contra esta poblaci\u00f3n que huye de la violencia y la pobreza en su pa\u00eds.<\/p>\n<p>En la Web, mexicanos rechazaron el ingreso de la<strong> caravana migrante<\/strong> con el pretexto de que su presencia abonar\u00eda al desempleo en el pa\u00eds, ante estas expresiones, personalidades piden no repetir expresiones de odio similares a las que el Presidente estadounidense <strong>Donald Trump<\/strong>ha emitido en m\u00e1s de una ocasi\u00f3n contra los migrantes mexicanos.<\/p>\n<p>Al respecto el periodista Jorge Ramos defendi\u00f3 que los inmigrantes centroamericanos \u201cNO son criminales\u201d,\u00a0 y pidi\u00f3 a la poblaci\u00f3n mexicana no replicar el racismo, clasismo y xenofobia que critica en Trump.<\/p>\n<p>Al menos 3 mil migrantes hondure\u00f1os, de acuerdo con datos de la Organizaci\u00f3n de las Naciones Unidas (ONU), salieron hace una semana de San Pedro Sula con el objetivo de llegar a Estados Unidos, pero ahora la mayor\u00eda se encuentra en la frontera entre Guatemala y M\u00e9xico, donde fueron retenidos por la polic\u00eda mexicana. Este s\u00e1bado, cientos amanecieron sobre el puente que separa ambos pa\u00edses, unas decenas lograron cruzar el r\u00edo Suchiate en balsa y la mayor\u00eda sigue esperando a poder pasar.<\/p>\n<blockquote class=\"twitter-tweet\" data-width=\"550\" data-dnt=\"true\">\n<p lang=\"es\" dir=\"ltr\">La gran mayor\u00eda de los inmigrantes centroamericanos NO son criminales y lo \u00fanico que quieren es que los dejen pasar por M\u00e9xico para llegar a EU. Los mexicanos no se deben convertir en lo que tanto le criticaron a Trump:racistas, clasistas y xenof\u00f3bicos. Hay que ense\u00f1ar el coraz\u00f3n<\/p>\n<p>&mdash; JORGE RAMOS (@jorgeramosnews) <a href=\"https:\/\/twitter.com\/jorgeramosnews\/status\/1053634435273363457?ref_src=twsrc%5Etfw\">October 20, 2018<\/a><\/p><\/blockquote>\n<p><script async src=\"https:\/\/platform.twitter.com\/widgets.js\" charset=\"utf-8\"><\/script><\/p>\n<p>Con el hashtag\u00a0#TodxsSomosMigrantes, la periodista Elisa Alan\u00eds Zurutuza lament\u00f3 que con la llegada de la caravana migrante \u201cmuchos mexicanos sacan de lo m\u00e1s profundo de su ser al Trump que llevan dentro\u201d.<\/p>\n<blockquote class=\"twitter-tweet\" data-width=\"550\" data-dnt=\"true\">\n<p lang=\"es\" dir=\"ltr\">Tremendo constatar como, con lo que est\u00e1 sucediendo en estos momentos, muchos mexicanos sacan de lo m\u00e1s profundo de su ser al Trump que llevan dentro. \ud83d\ude1e<a href=\"https:\/\/twitter.com\/hashtag\/CaravanaMigrante?src=hash&amp;ref_src=twsrc%5Etfw\">#CaravanaMigrante<\/a> <a href=\"https:\/\/twitter.com\/hashtag\/TodxsSomosMigrantes?src=hash&amp;ref_src=twsrc%5Etfw\">#TodxsSomosMigrantes<\/a>.<\/p>\n<p>&mdash; Elisa Alan\u00eds Zurutuza \ud83d\udd4a\ufe0f (@elisaalanis) <a href=\"https:\/\/twitter.com\/elisaalanis\/status\/1053384929487343617?ref_src=twsrc%5Etfw\">October 19, 2018<\/a><\/p><\/blockquote>\n<p><script async src=\"https:\/\/platform.twitter.com\/widgets.js\" charset=\"utf-8\"><\/script><\/p>\n<p>Otros recalcaron que sus historias de vida han estado marcadas por personas de otras nacionalidades, por lo que condenaron la poca empat\u00eda hacia la b\u00fasqueda de las y los hondure\u00f1os. Muestra de ello fue el\u00a0productor y periodista Epigmenio Ibarra, quien extern\u00f3 su solidaridad con frases como \u201cYo soy Hondure\u00f1o. Yo soy la otra, el otro\u201d.<\/p>\n<blockquote class=\"twitter-tweet\" data-width=\"550\" data-dnt=\"true\">\n<p lang=\"es\" dir=\"ltr\">Yo soy Salvadore\u00f1o<br \/>Yo soy Hondure\u00f1o <br \/>Yo soy la otra,el otro<br \/>Y soy Mexicano<br \/>Me educaron p ser generoso y solidario <br \/>Me form\u00e9 con exiliados espa\u00f1oles<br \/>Tengo 2hijas Mexico\/Americanas<br \/>Admiro valor de migrantes q son los mejores entre nosotros<a href=\"https:\/\/twitter.com\/hashtag\/CaravanaMigrantes?src=hash&amp;ref_src=twsrc%5Etfw\">#CaravanaMigrantes<\/a> <a href=\"https:\/\/t.co\/0kP5E2NwQJ\">https:\/\/t.co\/0kP5E2NwQJ<\/a><\/p>\n<p>&mdash; epigmenio ibarra (@epigmenioibarra) <a href=\"https:\/\/twitter.com\/epigmenioibarra\/status\/1053686289348861952?ref_src=twsrc%5Etfw\">October 20, 2018<\/a><\/p><\/blockquote>\n<p><script async src=\"https:\/\/platform.twitter.com\/widgets.js\" charset=\"utf-8\"><\/script><\/p>\n<p>El ex C\u00f3nsul General de M\u00e9xico en Toronto, Gabriel Guerra Castellanos, resalt\u00f3 que M\u00e9xico es \u201cuna naci\u00f3n de migraciones y de migrantes\u201d y que negarlo significa negar la historia propia.<\/p>\n<p>Artistas como el escritor Maruan Soto Antaki asegur\u00f3b que la xenofobia en M\u00e9xico siempre ha estado presente y lament\u00f3 en Twitter que el pa\u00eds, adem\u00e1s de ser \u201cbrutalmente generoso\u201d, tambi\u00e9n \u201cembiste con violencia al vulnerable que supone diferente\u201d.<\/p>\n<blockquote class=\"twitter-tweet\" data-width=\"550\" data-dnt=\"true\">\n<p lang=\"es\" dir=\"ltr\">Muy buenos d\u00edas a todos desde este, nuestro pa\u00eds, en el que muchos olvidan el significado de la compasi\u00f3n, la solidaridad, la empat\u00eda. <br \/>Somos una naci\u00f3n de migraciones y de migrantes. Negarlo es negar nuestra propia historia, nuestros valores y principios.<a href=\"https:\/\/twitter.com\/hashtag\/CaravanaMigrantes?src=hash&amp;ref_src=twsrc%5Etfw\">#CaravanaMigrantes<\/a><\/p>\n<p>&mdash; Gabriel Guerra C (@gabrielguerrac) <a href=\"https:\/\/twitter.com\/gabrielguerrac\/status\/1053625973831168000?ref_src=twsrc%5Etfw\">October 20, 2018<\/a><\/p><\/blockquote>\n<p><script async src=\"https:\/\/platform.twitter.com\/widgets.js\" charset=\"utf-8\"><\/script><\/p>\n<blockquote class=\"twitter-tweet\" data-width=\"550\" data-dnt=\"true\">\n<p lang=\"es\" dir=\"ltr\">Para entender la xenofobia mexicana que espero los m\u00e1s detestemos, quiz\u00e1 con un poco de memoria nos demos cuenta que siempre ha estado ah\u00ed y en ocasiones la disfrazamos. Este pa\u00eds que puede ser brutalmente generoso, tambi\u00e9n embiste con violencia al vulnerable que supone diferente<\/p>\n<p>&mdash; Maruan Soto Antaki (@_Maruan) <a href=\"https:\/\/twitter.com\/_Maruan\/status\/1053646141672300545?ref_src=twsrc%5Etfw\">October 20, 2018<\/a><\/p><\/blockquote>\n<p><script async src=\"https:\/\/platform.twitter.com\/widgets.js\" charset=\"utf-8\"><\/script><\/p>\n<p>Tambi\u00e9n el actor Diego Luna se pronunci\u00f3 con una cr\u00edtica a la respuesta del Gobierno de Enrique Pe\u00f1a Nieto, opin\u00f3 que su administraci\u00f3n \u201cno puede dar la espalda\u201d a los migrantes que buscan mejores condiciones de vida cuando tambi\u00e9n ha orillado a miles de mexicanos a buscar lo mismo en la frontera norte del pa\u00eds.<\/p>\n<blockquote>\n<p>Ayer el Presidente Pe\u00f1a Nieto asegur\u00f3 que M\u00e9xico no permite, ni permitir\u00e1 el ingreso de personas a su territorio de manera irregular y mucho menos de manera violenta, despu\u00e9s de que integrantes de la caravana migrante derribaran vallas en la frontera con Guatemala. \u201cEl ingreso violento al pa\u00eds no s\u00f3lo atenta contra nuestra soberan\u00eda, tambi\u00e9n pone en riesgo a los propios migrantes\u201d, dijo.<\/p>\n<blockquote class=\"twitter-tweet\" data-width=\"550\" data-dnt=\"true\">\n<p lang=\"es\" dir=\"ltr\">Su gobierno no me representa sr <a href=\"https:\/\/twitter.com\/EPN?ref_src=twsrc%5Etfw\">@EPN<\/a> . Un pa\u00eds que ha orillado a tantos mexicanos a buscar suerte al norte de nuestra frontera, no puede dar la espalda a los que hoy buscan una vida mejor lejos de la pobreza y la violencia. \u00a1Que verg\u00fcenza! <a href=\"https:\/\/twitter.com\/hashtag\/CaravanaMigrante?src=hash&amp;ref_src=twsrc%5Etfw\">#CaravanaMigrante<\/a> <a href=\"https:\/\/t.co\/5pJlgq4UoT\">https:\/\/t.co\/5pJlgq4UoT<\/a><\/p>\n<p>&mdash; diego luna (@diegoluna_) <a href=\"https:\/\/twitter.com\/diegoluna_\/status\/1053429653111681025?ref_src=twsrc%5Etfw\">October 19, 2018<\/a><\/p><\/blockquote>\n<p><script async src=\"https:\/\/platform.twitter.com\/widgets.js\" charset=\"utf-8\"><\/script><\/p>\n<p>En ese sentido tambi\u00e9n se pronunciaron pol\u00edticos, entre ellos la Diputada de Morena Gabriela Cuevas, quien llam\u00f3 a no emitir m\u00e1s discursos \u201chip\u00f3critas\u201d, pues, dijo, estos \u201cexigen derechos humanos al norte y los niegan al sur\u201d.<\/p>\n<p>De igual forma Pedro Kumamoto, ex candidato independiente al Senado por Jalisco, y Presidente de la Mesa Directiva de la C\u00e1mara de Diputados, Porfirio Mu\u00f1oz Ledo, se pronunciaron.<\/p>\n<blockquote class=\"twitter-tweet\" data-width=\"550\" data-dnt=\"true\">\n<p lang=\"es\" dir=\"ltr\">Pobre <a href=\"https:\/\/twitter.com\/hashtag\/M%C3%A9xico?src=hash&amp;ref_src=twsrc%5Etfw\">#M\u00e9xico<\/a>, la empat\u00eda y solidaridad parecen lejanos.<\/p>\n<p>\u00a1Aqu\u00ed no nos puede ser ajeno el sufrimiento de migrantes! Somos pa\u00eds de origen, tr\u00e1nsito, destino y retorno.<\/p>\n<p>\u00a1Basta de discursos hip\u00f3critas que exigen derechos humanos al norte y los niegan al sur!<a href=\"https:\/\/twitter.com\/hashtag\/CaravanaMigrantes?src=hash&amp;ref_src=twsrc%5Etfw\">#CaravanaMigrantes<\/a><\/p>\n<p>&mdash; Gabriela Cuevas (@GabyCuevas) <a href=\"https:\/\/twitter.com\/GabyCuevas\/status\/1053661664493604864?ref_src=twsrc%5Etfw\">October 20, 2018<\/a><\/p><\/blockquote>\n<p><script async src=\"https:\/\/platform.twitter.com\/widgets.js\" charset=\"utf-8\"><\/script><\/p>\n<blockquote class=\"twitter-tweet\" data-width=\"550\" data-dnt=\"true\">\n<p lang=\"es\" dir=\"ltr\">Mi bisabuelo lleg\u00f3 a este pa\u00eds, con nada m\u00e1s que ganas de alimentar sus sue\u00f1os y panza. Desde \u00e9l aprendimos que ning\u00fan ser humano es ilegal. Que M\u00e9xico sepa escuchar esta delicada situaci\u00f3n humanitaria y nos solidaricemos  <a href=\"https:\/\/twitter.com\/hashtag\/CaravanaDelMigrante?src=hash&amp;ref_src=twsrc%5Etfw\">#CaravanaDelMigrante<\/a><\/p>\n<p>&mdash; Pedro Kumamoto (@pkumamoto) <a href=\"https:\/\/twitter.com\/pkumamoto\/status\/1053429137107509249?ref_src=twsrc%5Etfw\">October 19, 2018<\/a><\/p><\/blockquote>\n<p><script async src=\"https:\/\/platform.twitter.com\/widgets.js\" charset=\"utf-8\"><\/script><\/p>\n<p>https:\/\/twitter.com\/pmunozledo\/status\/1053711268236943360?s=21<\/p>\n<p>\u201cNing\u00fan ser humano es ilegal en su propio planeta\u201d, enfatiz\u00f3 el defensor de los derechos humanos Jes\u00fas Robles Maloof junto con otros mensajes de apoyo a la caravana hondure\u00f1a.<\/p>\n<blockquote class=\"twitter-tweet\" data-width=\"550\" data-dnt=\"true\">\n<p lang=\"es\" dir=\"ltr\">Empat\u00eda. Que su dolor no nos sea indiferente.<a href=\"https:\/\/twitter.com\/hashtag\/CaravanaMigrante?src=hash&amp;ref_src=twsrc%5Etfw\">#CaravanaMigrante<\/a> <a href=\"https:\/\/t.co\/dC5bWA9tnX\">https:\/\/t.co\/dC5bWA9tnX<\/a><\/p>\n<p>&mdash; Jes\u00fas Robles Maloof (@roblesmaloof) <a href=\"https:\/\/twitter.com\/roblesmaloof\/status\/1053482170562428928?ref_src=twsrc%5Etfw\">October 20, 2018<\/a><\/p><\/blockquote>\n<p><script async src=\"https:\/\/platform.twitter.com\/widgets.js\" charset=\"utf-8\"><\/script><\/p>\n<p><strong>PRESIDENTES DE TRES NACIONES BUSCAN SOLUCI\u00d3N<\/strong><\/p>\n<p>Hoy los presidentes de Guatemala, Jimmy Morales, y de Honduras, Juan Orlando Hern\u00e1ndez, hablan hoy por tel\u00e9fono con su hom\u00f3logo mexicano, Enrique Pe\u00f1a Nieto, para coordinar el plan migratorio que atender\u00e1 a los miles de migrantes hondure\u00f1os.<\/p>\n<p>El Gobierno guatemalteco indic\u00f3, en sus redes sociales, que los dos mandatarios, que tienen una reuni\u00f3n en Ciudad de Guatemala, est\u00e1n definiendo \u201cla asistencia humanitaria y el retorno ordenado de los migrantes que se encuentran en la frontera Guatemala-M\u00e9xico\u201d en una conferencia telef\u00f3nica con Pe\u00f1a Nieto.<\/p>\n<p>Los dos presidentes tambi\u00e9n mantuvieron una conversaci\u00f3n telef\u00f3nica con Kimberly Breier, la Subsecretaria de Estado para Asuntos del Hemisferio Occidental de Estados Unidos, sobre este \u201cplan de retorno seguro de migrantes hondure\u00f1os\u201d.<\/p>\n<p>Esta semana el Presidente estadounidense,\u00a0Donald Trump,\u00a0amenaz\u00f3\u00a0con\u00a0cerrar la frontera sur del pa\u00eds con M\u00e9xico\u00a0si la\u00a0caravana\u00a0de miles de\u00a0migrantes hondure\u00f1os\u00a0 con rumbo a Estados Unidos continua con su trayecto.<\/p>\n<p>\u201cAdem\u00e1s de detener todos los pagos a estos pa\u00edses, que parecen no tener casi control sobre su poblaci\u00f3n, debo, en los t\u00e9rminos m\u00e1s en\u00e9rgicos, pedir a M\u00e9xico que detenga este ataque, y si no puedo hacerlo, llamar\u00e9 al Ej\u00e9rcito de EU y CIERRE NUESTRA FRONTERA SUR!\u201d, sentenci\u00f3 Trump en su cuenta de Twitter.<\/p>\n<p><em>Con informaci\u00f3n de EFE.<\/em><\/p>\n<\/blockquote>\n","protected":false},"excerpt":{"rendered":"<p>Trump afirma que M\u00e9xico respeta el liderazgo de EU; por eso no dej\u00f3 entrar a hondure\u00f1os, dice<br \/>\nPor Carolina Alonso Romei<br \/>\nInternacionalista<\/p>\n","protected":false},"author":2,"featured_media":7371,"comment_status":"open","ping_status":"open","sticky":false,"template":"","format":"standard","meta":{"_monsterinsights_skip_tracking":false,"_monsterinsights_sitenote_active":false,"_monsterinsights_sitenote_note":"","_monsterinsights_sitenote_category":0,"footnotes":""},"categories":[1],"tags":[],"class_list":["post-7372","post","type-post","status-publish","format-standard","has-post-thumbnail","hentry","category-sin-categoria"],"yoast_head":"<!-- This site is optimized with the Yoast SEO plugin v27.3 - https:\/\/yoast.com\/product\/yoast-seo-wordpress\/ -->\n<title>Internacionales\/\/\/Carolina Alonso Romei\/\/\/Trump afirma que M\u00e9xico respeta el liderazgo de EU; por eso no dej\u00f3 entrar a hondure\u00f1os, dice -<\/title>\n<meta name=\"robots\" content=\"index, follow, max-snippet:-1, max-image-preview:large, max-video-preview:-1\" \/>\n<link rel=\"canonical\" href=\"https:\/\/quehacerpolitico.mx\/?p=7372\" \/>\n<meta property=\"og:locale\" content=\"es_MX\" \/>\n<meta property=\"og:type\" content=\"article\" \/>\n<meta property=\"og:title\" content=\"Internacionales\/\/\/Carolina Alonso Romei\/\/\/Trump afirma que M\u00e9xico respeta el liderazgo de EU; por eso no dej\u00f3 entrar a hondure\u00f1os, dice -\" \/>\n<meta property=\"og:description\" content=\"Trump afirma que M\u00e9xico respeta el liderazgo de EU; por eso no dej\u00f3 entrar a hondure\u00f1os, dice Por Carolina Alonso Romei Internacionalista\" \/>\n<meta property=\"og:url\" content=\"https:\/\/quehacerpolitico.mx\/?p=7372\" \/>\n<meta property=\"article:published_time\" content=\"2018-10-20T23:24:06+00:00\" \/>\n<meta name=\"author\" content=\"Redacci\u00f3n QP\" \/>\n<meta name=\"twitter:card\" content=\"summary_large_image\" \/>\n<meta name=\"twitter:label1\" content=\"Escrito por\" \/>\n\t<meta name=\"twitter:data1\" content=\"Redacci\u00f3n QP\" \/>\n\t<meta name=\"twitter:label2\" content=\"Tiempo de lectura\" \/>\n\t<meta name=\"twitter:data2\" content=\"7 minutos\" \/>\n<script type=\"application\/ld+json\" class=\"yoast-schema-graph\">{\"@context\":\"https:\\\/\\\/schema.org\",\"@graph\":[{\"@type\":\"Article\",\"@id\":\"https:\\\/\\\/quehacerpolitico.mx\\\/?p=7372#article\",\"isPartOf\":{\"@id\":\"https:\\\/\\\/quehacerpolitico.mx\\\/?p=7372\"},\"author\":{\"name\":\"Redacci\u00f3n QP\",\"@id\":\"https:\\\/\\\/quehacerpolitico.mx\\\/#\\\/schema\\\/person\\\/496d8ad2d1d3f8036101dca7ee39e585\"},\"headline\":\"Internacionales\\\/\\\/\\\/Carolina Alonso Romei\\\/\\\/\\\/Trump afirma que M\u00e9xico respeta el liderazgo de EU; por eso no dej\u00f3 entrar a hondure\u00f1os, dice\",\"datePublished\":\"2018-10-20T23:24:06+00:00\",\"mainEntityOfPage\":{\"@id\":\"https:\\\/\\\/quehacerpolitico.mx\\\/?p=7372\"},\"wordCount\":1398,\"commentCount\":0,\"image\":{\"@id\":\"https:\\\/\\\/quehacerpolitico.mx\\\/?p=7372#primaryimage\"},\"thumbnailUrl\":\"\",\"articleSection\":[\"Internacionales\"],\"inLanguage\":\"es\",\"potentialAction\":[{\"@type\":\"CommentAction\",\"name\":\"Comment\",\"target\":[\"https:\\\/\\\/quehacerpolitico.mx\\\/?p=7372#respond\"]}]},{\"@type\":\"WebPage\",\"@id\":\"https:\\\/\\\/quehacerpolitico.mx\\\/?p=7372\",\"url\":\"https:\\\/\\\/quehacerpolitico.mx\\\/?p=7372\",\"name\":\"Internacionales\\\/\\\/\\\/Carolina Alonso Romei\\\/\\\/\\\/Trump afirma que M\u00e9xico respeta el liderazgo de EU; por eso no dej\u00f3 entrar a hondure\u00f1os, dice -\",\"isPartOf\":{\"@id\":\"https:\\\/\\\/quehacerpolitico.mx\\\/#website\"},\"primaryImageOfPage\":{\"@id\":\"https:\\\/\\\/quehacerpolitico.mx\\\/?p=7372#primaryimage\"},\"image\":{\"@id\":\"https:\\\/\\\/quehacerpolitico.mx\\\/?p=7372#primaryimage\"},\"thumbnailUrl\":\"\",\"datePublished\":\"2018-10-20T23:24:06+00:00\",\"author\":{\"@id\":\"https:\\\/\\\/quehacerpolitico.mx\\\/#\\\/schema\\\/person\\\/496d8ad2d1d3f8036101dca7ee39e585\"},\"breadcrumb\":{\"@id\":\"https:\\\/\\\/quehacerpolitico.mx\\\/?p=7372#breadcrumb\"},\"inLanguage\":\"es\",\"potentialAction\":[{\"@type\":\"ReadAction\",\"target\":[\"https:\\\/\\\/quehacerpolitico.mx\\\/?p=7372\"]}]},{\"@type\":\"ImageObject\",\"inLanguage\":\"es\",\"@id\":\"https:\\\/\\\/quehacerpolitico.mx\\\/?p=7372#primaryimage\",\"url\":\"\",\"contentUrl\":\"\"},{\"@type\":\"BreadcrumbList\",\"@id\":\"https:\\\/\\\/quehacerpolitico.mx\\\/?p=7372#breadcrumb\",\"itemListElement\":[{\"@type\":\"ListItem\",\"position\":1,\"name\":\"Inicio\",\"item\":\"https:\\\/\\\/quehacerpolitico.mx\\\/\"},{\"@type\":\"ListItem\",\"position\":2,\"name\":\"Internacionales\\\/\\\/\\\/Carolina Alonso Romei\\\/\\\/\\\/Trump afirma que M\u00e9xico respeta el liderazgo de EU; por eso no dej\u00f3 entrar a hondure\u00f1os, dice\"}]},{\"@type\":\"WebSite\",\"@id\":\"https:\\\/\\\/quehacerpolitico.mx\\\/#website\",\"url\":\"https:\\\/\\\/quehacerpolitico.mx\\\/\",\"name\":\"\",\"description\":\"\",\"potentialAction\":[{\"@type\":\"SearchAction\",\"target\":{\"@type\":\"EntryPoint\",\"urlTemplate\":\"https:\\\/\\\/quehacerpolitico.mx\\\/?s={search_term_string}\"},\"query-input\":{\"@type\":\"PropertyValueSpecification\",\"valueRequired\":true,\"valueName\":\"search_term_string\"}}],\"inLanguage\":\"es\"},{\"@type\":\"Person\",\"@id\":\"https:\\\/\\\/quehacerpolitico.mx\\\/#\\\/schema\\\/person\\\/496d8ad2d1d3f8036101dca7ee39e585\",\"name\":\"Redacci\u00f3n QP\",\"image\":{\"@type\":\"ImageObject\",\"inLanguage\":\"es\",\"@id\":\"https:\\\/\\\/secure.gravatar.com\\\/avatar\\\/c7164ed6fdec453195284ad24a5ae5b6e1eed2b848477fa2a4787ba9adf39a41?s=96&d=mm&r=g\",\"url\":\"https:\\\/\\\/secure.gravatar.com\\\/avatar\\\/c7164ed6fdec453195284ad24a5ae5b6e1eed2b848477fa2a4787ba9adf39a41?s=96&d=mm&r=g\",\"contentUrl\":\"https:\\\/\\\/secure.gravatar.com\\\/avatar\\\/c7164ed6fdec453195284ad24a5ae5b6e1eed2b848477fa2a4787ba9adf39a41?s=96&d=mm&r=g\",\"caption\":\"Redacci\u00f3n QP\"},\"url\":\"https:\\\/\\\/quehacerpolitico.mx\\\/?author=2\"}]}<\/script>\n<!-- \/ Yoast SEO plugin. -->","yoast_head_json":{"title":"Internacionales\/\/\/Carolina Alonso Romei\/\/\/Trump afirma que M\u00e9xico respeta el liderazgo de EU; por eso no dej\u00f3 entrar a hondure\u00f1os, dice -","robots":{"index":"index","follow":"follow","max-snippet":"max-snippet:-1","max-image-preview":"max-image-preview:large","max-video-preview":"max-video-preview:-1"},"canonical":"https:\/\/quehacerpolitico.mx\/?p=7372","og_locale":"es_MX","og_type":"article","og_title":"Internacionales\/\/\/Carolina Alonso Romei\/\/\/Trump afirma que M\u00e9xico respeta el liderazgo de EU; por eso no dej\u00f3 entrar a hondure\u00f1os, dice -","og_description":"Trump afirma que M\u00e9xico respeta el liderazgo de EU; por eso no dej\u00f3 entrar a hondure\u00f1os, dice Por Carolina Alonso Romei Internacionalista","og_url":"https:\/\/quehacerpolitico.mx\/?p=7372","article_published_time":"2018-10-20T23:24:06+00:00","author":"Redacci\u00f3n QP","twitter_card":"summary_large_image","twitter_misc":{"Escrito por":"Redacci\u00f3n QP","Tiempo de lectura":"7 minutos"},"schema":{"@context":"https:\/\/schema.org","@graph":[{"@type":"Article","@id":"https:\/\/quehacerpolitico.mx\/?p=7372#article","isPartOf":{"@id":"https:\/\/quehacerpolitico.mx\/?p=7372"},"author":{"name":"Redacci\u00f3n QP","@id":"https:\/\/quehacerpolitico.mx\/#\/schema\/person\/496d8ad2d1d3f8036101dca7ee39e585"},"headline":"Internacionales\/\/\/Carolina Alonso Romei\/\/\/Trump afirma que M\u00e9xico respeta el liderazgo de EU; por eso no dej\u00f3 entrar a hondure\u00f1os, dice","datePublished":"2018-10-20T23:24:06+00:00","mainEntityOfPage":{"@id":"https:\/\/quehacerpolitico.mx\/?p=7372"},"wordCount":1398,"commentCount":0,"image":{"@id":"https:\/\/quehacerpolitico.mx\/?p=7372#primaryimage"},"thumbnailUrl":"","articleSection":["Internacionales"],"inLanguage":"es","potentialAction":[{"@type":"CommentAction","name":"Comment","target":["https:\/\/quehacerpolitico.mx\/?p=7372#respond"]}]},{"@type":"WebPage","@id":"https:\/\/quehacerpolitico.mx\/?p=7372","url":"https:\/\/quehacerpolitico.mx\/?p=7372","name":"Internacionales\/\/\/Carolina Alonso Romei\/\/\/Trump afirma que M\u00e9xico respeta el liderazgo de EU; por eso no dej\u00f3 entrar a hondure\u00f1os, dice -","isPartOf":{"@id":"https:\/\/quehacerpolitico.mx\/#website"},"primaryImageOfPage":{"@id":"https:\/\/quehacerpolitico.mx\/?p=7372#primaryimage"},"image":{"@id":"https:\/\/quehacerpolitico.mx\/?p=7372#primaryimage"},"thumbnailUrl":"","datePublished":"2018-10-20T23:24:06+00:00","author":{"@id":"https:\/\/quehacerpolitico.mx\/#\/schema\/person\/496d8ad2d1d3f8036101dca7ee39e585"},"breadcrumb":{"@id":"https:\/\/quehacerpolitico.mx\/?p=7372#breadcrumb"},"inLanguage":"es","potentialAction":[{"@type":"ReadAction","target":["https:\/\/quehacerpolitico.mx\/?p=7372"]}]},{"@type":"ImageObject","inLanguage":"es","@id":"https:\/\/quehacerpolitico.mx\/?p=7372#primaryimage","url":"","contentUrl":""},{"@type":"BreadcrumbList","@id":"https:\/\/quehacerpolitico.mx\/?p=7372#breadcrumb","itemListElement":[{"@type":"ListItem","position":1,"name":"Inicio","item":"https:\/\/quehacerpolitico.mx\/"},{"@type":"ListItem","position":2,"name":"Internacionales\/\/\/Carolina Alonso Romei\/\/\/Trump afirma que M\u00e9xico respeta el liderazgo de EU; por eso no dej\u00f3 entrar a hondure\u00f1os, dice"}]},{"@type":"WebSite","@id":"https:\/\/quehacerpolitico.mx\/#website","url":"https:\/\/quehacerpolitico.mx\/","name":"","description":"","potentialAction":[{"@type":"SearchAction","target":{"@type":"EntryPoint","urlTemplate":"https:\/\/quehacerpolitico.mx\/?s={search_term_string}"},"query-input":{"@type":"PropertyValueSpecification","valueRequired":true,"valueName":"search_term_string"}}],"inLanguage":"es"},{"@type":"Person","@id":"https:\/\/quehacerpolitico.mx\/#\/schema\/person\/496d8ad2d1d3f8036101dca7ee39e585","name":"Redacci\u00f3n QP","image":{"@type":"ImageObject","inLanguage":"es","@id":"https:\/\/secure.gravatar.com\/avatar\/c7164ed6fdec453195284ad24a5ae5b6e1eed2b848477fa2a4787ba9adf39a41?s=96&d=mm&r=g","url":"https:\/\/secure.gravatar.com\/avatar\/c7164ed6fdec453195284ad24a5ae5b6e1eed2b848477fa2a4787ba9adf39a41?s=96&d=mm&r=g","contentUrl":"https:\/\/secure.gravatar.com\/avatar\/c7164ed6fdec453195284ad24a5ae5b6e1eed2b848477fa2a4787ba9adf39a41?s=96&d=mm&r=g","caption":"Redacci\u00f3n QP"},"url":"https:\/\/quehacerpolitico.mx\/?author=2"}]}},"featured_image_urls":{"full":"","thumbnail":"","medium":"","medium_large":"","large":"","1536x1536":"","2048x2048":"","covernews-featured":"","covernews-medium":""},"author_info":{"display_name":"Redacci\u00f3n QP","author_link":"https:\/\/quehacerpolitico.mx\/?author=2"},"category_info":"<a href=\"https:\/\/quehacerpolitico.mx\/?cat=1\" rel=\"category\">Internacionales<\/a>","tag_info":"Internacionales","comment_count":"0","_links":{"self":[{"href":"https:\/\/quehacerpolitico.mx\/index.php?rest_route=\/wp\/v2\/posts\/7372","targetHints":{"allow":["GET"]}}],"collection":[{"href":"https:\/\/quehacerpolitico.mx\/index.php?rest_route=\/wp\/v2\/posts"}],"about":[{"href":"https:\/\/quehacerpolitico.mx\/index.php?rest_route=\/wp\/v2\/types\/post"}],"author":[{"embeddable":true,"href":"https:\/\/quehacerpolitico.mx\/index.php?rest_route=\/wp\/v2\/users\/2"}],"replies":[{"embeddable":true,"href":"https:\/\/quehacerpolitico.mx\/index.php?rest_route=%2Fwp%2Fv2%2Fcomments&post=7372"}],"version-history":[{"count":0,"href":"https:\/\/quehacerpolitico.mx\/index.php?rest_route=\/wp\/v2\/posts\/7372\/revisions"}],"wp:featuredmedia":[{"embeddable":true,"href":"https:\/\/quehacerpolitico.mx\/index.php?rest_route=\/"}],"wp:attachment":[{"href":"https:\/\/quehacerpolitico.mx\/index.php?rest_route=%2Fwp%2Fv2%2Fmedia&parent=7372"}],"wp:term":[{"taxonomy":"category","embeddable":true,"href":"https:\/\/quehacerpolitico.mx\/index.php?rest_route=%2Fwp%2Fv2%2Fcategories&post=7372"},{"taxonomy":"post_tag","embeddable":true,"href":"https:\/\/quehacerpolitico.mx\/index.php?rest_route=%2Fwp%2Fv2%2Ftags&post=7372"}],"curies":[{"name":"wp","href":"https:\/\/api.w.org\/{rel}","templated":true}]}}