{"id":73681,"date":"2021-01-29T05:09:50","date_gmt":"2021-01-29T05:09:50","guid":{"rendered":"https:\/\/quehacerpolitico.mx\/?p=73681"},"modified":"2021-01-29T05:09:50","modified_gmt":"2021-01-29T05:09:50","slug":"valor-de-exportaciones-bajo-9-3-en-2020-inegi","status":"publish","type":"post","link":"https:\/\/quehacerpolitico.mx\/?p=73681","title":{"rendered":"Valor de exportaciones baj\u00f3 9.3% en 2020: INEGI"},"content":{"rendered":"<h1>Valor de exportaciones baj\u00f3 9.3% en 2020: INEGI<br \/>\nPor Redacci\u00f3n QP<\/h1>\n<div class=\"description\">A su interior, las exportaciones de mercanc\u00edas registraron una reducci\u00f3n de -8%, mientras que las petroleras registraron una ca\u00edda de -32.6%<\/div>\n<div><\/div>\n<div>En 2020, el <strong>valor de las exportaciones<\/strong> totales de M\u00e9xico baj\u00f3 -9.3% respecto a 2019 impactado en parte por el confinamiento global ante la pandemia y una baja en el precio del petr\u00f3leo, inform\u00f3 el <strong>Instituto Nacional de Estad\u00edstica y Geograf\u00eda (INEGI)<\/strong> en el reporte de Balanza Comercial.<\/div>\n<div>\n<p>A su interior, las <strong>exportaciones de mercanc\u00edas<\/strong>registraron una reducci\u00f3n de -8%, mientras que las petroleras registraron una ca\u00edda de -32.6%.<\/p>\n<p>El valor acumulado de las <strong>exportaciones petroleras<\/strong> en 2020 fue de 17 mil 413 millones de d\u00f3lares monto menor al de 25 mil 842 millones de d\u00f3lares reportado en 2019.<\/p>\n<p>Uno de los factores que propici\u00f3 esta baja fue la reducci\u00f3n en el precio promedio de la mezcla de crudo mexicano de exportaci\u00f3n que en 2020 fue de 35.65 d\u00f3lares por barril, cifra inferior en 19.98 d\u00f3lares al promedio de 2019.<\/p>\n<p>Por su parte, las <strong>exportaciones no petroleras<\/strong>, que incluyen desde alimentos hasta productos industriales bajaron en 2020 -8% debido principalmente a una ca\u00edda de las ventas automotrices al exterior del -16.8% y de -8.9% de las manufacturas. La exportaci\u00f3n de productos agropecuarios subi\u00f3 4.7% y los de la industria extractiva como la miner\u00eda repuntaron 19.7% anual.<\/p>\n<p>De esta manera durante el a\u00f1o pasado, el valor de las <strong>exportaciones totales <\/strong>de M\u00e9xico alcanz\u00f3 los 417 mil 670 millones de d\u00f3lares una baja de -9.3% respecto a 2019.<\/p>\n<p>La estructura del valor de las <strong>exportaciones de mercanc\u00edas<\/strong> en 2020 fue la siguiente: bienes manufacturados 89.6%, productos agropecuarios 4.5%, bienes petroleros 4.1% y productos extractivos no petroleros 1.8.<\/p>\n<p>En 2020, el <strong>valor de las importaciones<\/strong> totales ascendi\u00f3 a 383 mil 194 millones de d\u00f3lares, monto menor en -15.8% al observado en 2019.<\/p>\n<p>A su interior, las <strong>importaciones de mercanc\u00edas<\/strong>bajaron -13.8% a tasa anual y las petroleras lo hicieron cayeron -33.5%.<\/p>\n<p>As\u00ed, la <strong>Balanza Comercial de M\u00e9xico<\/strong> present\u00f3 un super\u00e1vit r\u00e9cord de 34 mil 476 millones de d\u00f3lares, monto superior al de 5,409 millones de d\u00f3lares reportado en 2019. <strong>INEGI<\/strong> precis\u00f3 que este super\u00e1vit refleja la debilidad relativa de la demanda interna contra la externa.<\/p>\n<\/div>\n","protected":false},"excerpt":{"rendered":"<p>Valor de exportaciones baj\u00f3 9.3% en 2020: INEGI Por Redacci\u00f3n QP A su interior, las&#8230;<\/p>\n","protected":false},"author":2,"featured_media":73684,"comment_status":"open","ping_status":"open","sticky":false,"template":"","format":"standard","meta":{"_monsterinsights_skip_tracking":false,"_monsterinsights_sitenote_active":false,"_monsterinsights_sitenote_note":"","_monsterinsights_sitenote_category":0,"footnotes":""},"categories":[56],"tags":[],"class_list":["post-73681","post","type-post","status-publish","format-standard","has-post-thumbnail","hentry","category-economia"],"yoast_head":"<!-- This site is optimized with the Yoast SEO plugin v27.3 - https:\/\/yoast.com\/product\/yoast-seo-wordpress\/ -->\n<title>Valor de exportaciones baj\u00f3 9.3% en 2020: INEGI -<\/title>\n<meta name=\"robots\" content=\"index, follow, max-snippet:-1, max-image-preview:large, max-video-preview:-1\" \/>\n<link rel=\"canonical\" href=\"https:\/\/quehacerpolitico.mx\/?p=73681\" \/>\n<meta property=\"og:locale\" content=\"es_MX\" \/>\n<meta property=\"og:type\" content=\"article\" \/>\n<meta property=\"og:title\" content=\"Valor de exportaciones baj\u00f3 9.3% en 2020: INEGI -\" \/>\n<meta property=\"og:description\" content=\"Valor de exportaciones baj\u00f3 9.3% en 2020: INEGI Por Redacci\u00f3n QP A su interior, las...\" \/>\n<meta property=\"og:url\" content=\"https:\/\/quehacerpolitico.mx\/?p=73681\" \/>\n<meta property=\"article:published_time\" content=\"2021-01-29T05:09:50+00:00\" \/>\n<meta property=\"og:image\" content=\"https:\/\/quehacerpolitico.mx\/wp-content\/uploads\/2021\/01\/B1DECC43-1D14-43CD-BE28-59721560CC49.jpeg\" \/>\n\t<meta property=\"og:image:width\" content=\"678\" \/>\n\t<meta property=\"og:image:height\" content=\"452\" \/>\n\t<meta property=\"og:image:type\" content=\"image\/jpeg\" \/>\n<meta name=\"author\" content=\"Redacci\u00f3n QP\" \/>\n<meta name=\"twitter:card\" content=\"summary_large_image\" \/>\n<meta name=\"twitter:label1\" content=\"Escrito por\" \/>\n\t<meta name=\"twitter:data1\" content=\"Redacci\u00f3n QP\" \/>\n\t<meta name=\"twitter:label2\" content=\"Tiempo de lectura\" \/>\n\t<meta name=\"twitter:data2\" content=\"2 minutos\" \/>\n<script type=\"application\/ld+json\" class=\"yoast-schema-graph\">{\"@context\":\"https:\\\/\\\/schema.org\",\"@graph\":[{\"@type\":\"Article\",\"@id\":\"https:\\\/\\\/quehacerpolitico.mx\\\/?p=73681#article\",\"isPartOf\":{\"@id\":\"https:\\\/\\\/quehacerpolitico.mx\\\/?p=73681\"},\"author\":{\"name\":\"Redacci\u00f3n QP\",\"@id\":\"https:\\\/\\\/quehacerpolitico.mx\\\/#\\\/schema\\\/person\\\/496d8ad2d1d3f8036101dca7ee39e585\"},\"headline\":\"Valor de exportaciones baj\u00f3 9.3% en 2020: INEGI\",\"datePublished\":\"2021-01-29T05:09:50+00:00\",\"mainEntityOfPage\":{\"@id\":\"https:\\\/\\\/quehacerpolitico.mx\\\/?p=73681\"},\"wordCount\":377,\"commentCount\":0,\"image\":{\"@id\":\"https:\\\/\\\/quehacerpolitico.mx\\\/?p=73681#primaryimage\"},\"thumbnailUrl\":\"https:\\\/\\\/quehacerpolitico.mx\\\/wp-content\\\/uploads\\\/2021\\\/01\\\/B1DECC43-1D14-43CD-BE28-59721560CC49.jpeg\",\"articleSection\":[\"Econom\u00eda\"],\"inLanguage\":\"es\",\"potentialAction\":[{\"@type\":\"CommentAction\",\"name\":\"Comment\",\"target\":[\"https:\\\/\\\/quehacerpolitico.mx\\\/?p=73681#respond\"]}]},{\"@type\":\"WebPage\",\"@id\":\"https:\\\/\\\/quehacerpolitico.mx\\\/?p=73681\",\"url\":\"https:\\\/\\\/quehacerpolitico.mx\\\/?p=73681\",\"name\":\"Valor de exportaciones baj\u00f3 9.3% en 2020: INEGI -\",\"isPartOf\":{\"@id\":\"https:\\\/\\\/quehacerpolitico.mx\\\/#website\"},\"primaryImageOfPage\":{\"@id\":\"https:\\\/\\\/quehacerpolitico.mx\\\/?p=73681#primaryimage\"},\"image\":{\"@id\":\"https:\\\/\\\/quehacerpolitico.mx\\\/?p=73681#primaryimage\"},\"thumbnailUrl\":\"https:\\\/\\\/quehacerpolitico.mx\\\/wp-content\\\/uploads\\\/2021\\\/01\\\/B1DECC43-1D14-43CD-BE28-59721560CC49.jpeg\",\"datePublished\":\"2021-01-29T05:09:50+00:00\",\"author\":{\"@id\":\"https:\\\/\\\/quehacerpolitico.mx\\\/#\\\/schema\\\/person\\\/496d8ad2d1d3f8036101dca7ee39e585\"},\"breadcrumb\":{\"@id\":\"https:\\\/\\\/quehacerpolitico.mx\\\/?p=73681#breadcrumb\"},\"inLanguage\":\"es\",\"potentialAction\":[{\"@type\":\"ReadAction\",\"target\":[\"https:\\\/\\\/quehacerpolitico.mx\\\/?p=73681\"]}]},{\"@type\":\"ImageObject\",\"inLanguage\":\"es\",\"@id\":\"https:\\\/\\\/quehacerpolitico.mx\\\/?p=73681#primaryimage\",\"url\":\"https:\\\/\\\/quehacerpolitico.mx\\\/wp-content\\\/uploads\\\/2021\\\/01\\\/B1DECC43-1D14-43CD-BE28-59721560CC49.jpeg\",\"contentUrl\":\"https:\\\/\\\/quehacerpolitico.mx\\\/wp-content\\\/uploads\\\/2021\\\/01\\\/B1DECC43-1D14-43CD-BE28-59721560CC49.jpeg\",\"width\":678,\"height\":452},{\"@type\":\"BreadcrumbList\",\"@id\":\"https:\\\/\\\/quehacerpolitico.mx\\\/?p=73681#breadcrumb\",\"itemListElement\":[{\"@type\":\"ListItem\",\"position\":1,\"name\":\"Inicio\",\"item\":\"https:\\\/\\\/quehacerpolitico.mx\\\/\"},{\"@type\":\"ListItem\",\"position\":2,\"name\":\"Valor de exportaciones baj\u00f3 9.3% en 2020: INEGI\"}]},{\"@type\":\"WebSite\",\"@id\":\"https:\\\/\\\/quehacerpolitico.mx\\\/#website\",\"url\":\"https:\\\/\\\/quehacerpolitico.mx\\\/\",\"name\":\"\",\"description\":\"\",\"potentialAction\":[{\"@type\":\"SearchAction\",\"target\":{\"@type\":\"EntryPoint\",\"urlTemplate\":\"https:\\\/\\\/quehacerpolitico.mx\\\/?s={search_term_string}\"},\"query-input\":{\"@type\":\"PropertyValueSpecification\",\"valueRequired\":true,\"valueName\":\"search_term_string\"}}],\"inLanguage\":\"es\"},{\"@type\":\"Person\",\"@id\":\"https:\\\/\\\/quehacerpolitico.mx\\\/#\\\/schema\\\/person\\\/496d8ad2d1d3f8036101dca7ee39e585\",\"name\":\"Redacci\u00f3n QP\",\"image\":{\"@type\":\"ImageObject\",\"inLanguage\":\"es\",\"@id\":\"https:\\\/\\\/secure.gravatar.com\\\/avatar\\\/c7164ed6fdec453195284ad24a5ae5b6e1eed2b848477fa2a4787ba9adf39a41?s=96&d=mm&r=g\",\"url\":\"https:\\\/\\\/secure.gravatar.com\\\/avatar\\\/c7164ed6fdec453195284ad24a5ae5b6e1eed2b848477fa2a4787ba9adf39a41?s=96&d=mm&r=g\",\"contentUrl\":\"https:\\\/\\\/secure.gravatar.com\\\/avatar\\\/c7164ed6fdec453195284ad24a5ae5b6e1eed2b848477fa2a4787ba9adf39a41?s=96&d=mm&r=g\",\"caption\":\"Redacci\u00f3n QP\"},\"url\":\"https:\\\/\\\/quehacerpolitico.mx\\\/?author=2\"}]}<\/script>\n<!-- \/ Yoast SEO plugin. -->","yoast_head_json":{"title":"Valor de exportaciones baj\u00f3 9.3% en 2020: INEGI -","robots":{"index":"index","follow":"follow","max-snippet":"max-snippet:-1","max-image-preview":"max-image-preview:large","max-video-preview":"max-video-preview:-1"},"canonical":"https:\/\/quehacerpolitico.mx\/?p=73681","og_locale":"es_MX","og_type":"article","og_title":"Valor de exportaciones baj\u00f3 9.3% en 2020: INEGI -","og_description":"Valor de exportaciones baj\u00f3 9.3% en 2020: INEGI Por Redacci\u00f3n QP A su interior, las...","og_url":"https:\/\/quehacerpolitico.mx\/?p=73681","article_published_time":"2021-01-29T05:09:50+00:00","og_image":[{"width":678,"height":452,"url":"https:\/\/quehacerpolitico.mx\/wp-content\/uploads\/2021\/01\/B1DECC43-1D14-43CD-BE28-59721560CC49.jpeg","type":"image\/jpeg"}],"author":"Redacci\u00f3n QP","twitter_card":"summary_large_image","twitter_misc":{"Escrito por":"Redacci\u00f3n QP","Tiempo de lectura":"2 minutos"},"schema":{"@context":"https:\/\/schema.org","@graph":[{"@type":"Article","@id":"https:\/\/quehacerpolitico.mx\/?p=73681#article","isPartOf":{"@id":"https:\/\/quehacerpolitico.mx\/?p=73681"},"author":{"name":"Redacci\u00f3n QP","@id":"https:\/\/quehacerpolitico.mx\/#\/schema\/person\/496d8ad2d1d3f8036101dca7ee39e585"},"headline":"Valor de exportaciones baj\u00f3 9.3% en 2020: INEGI","datePublished":"2021-01-29T05:09:50+00:00","mainEntityOfPage":{"@id":"https:\/\/quehacerpolitico.mx\/?p=73681"},"wordCount":377,"commentCount":0,"image":{"@id":"https:\/\/quehacerpolitico.mx\/?p=73681#primaryimage"},"thumbnailUrl":"https:\/\/quehacerpolitico.mx\/wp-content\/uploads\/2021\/01\/B1DECC43-1D14-43CD-BE28-59721560CC49.jpeg","articleSection":["Econom\u00eda"],"inLanguage":"es","potentialAction":[{"@type":"CommentAction","name":"Comment","target":["https:\/\/quehacerpolitico.mx\/?p=73681#respond"]}]},{"@type":"WebPage","@id":"https:\/\/quehacerpolitico.mx\/?p=73681","url":"https:\/\/quehacerpolitico.mx\/?p=73681","name":"Valor de exportaciones baj\u00f3 9.3% en 2020: INEGI -","isPartOf":{"@id":"https:\/\/quehacerpolitico.mx\/#website"},"primaryImageOfPage":{"@id":"https:\/\/quehacerpolitico.mx\/?p=73681#primaryimage"},"image":{"@id":"https:\/\/quehacerpolitico.mx\/?p=73681#primaryimage"},"thumbnailUrl":"https:\/\/quehacerpolitico.mx\/wp-content\/uploads\/2021\/01\/B1DECC43-1D14-43CD-BE28-59721560CC49.jpeg","datePublished":"2021-01-29T05:09:50+00:00","author":{"@id":"https:\/\/quehacerpolitico.mx\/#\/schema\/person\/496d8ad2d1d3f8036101dca7ee39e585"},"breadcrumb":{"@id":"https:\/\/quehacerpolitico.mx\/?p=73681#breadcrumb"},"inLanguage":"es","potentialAction":[{"@type":"ReadAction","target":["https:\/\/quehacerpolitico.mx\/?p=73681"]}]},{"@type":"ImageObject","inLanguage":"es","@id":"https:\/\/quehacerpolitico.mx\/?p=73681#primaryimage","url":"https:\/\/quehacerpolitico.mx\/wp-content\/uploads\/2021\/01\/B1DECC43-1D14-43CD-BE28-59721560CC49.jpeg","contentUrl":"https:\/\/quehacerpolitico.mx\/wp-content\/uploads\/2021\/01\/B1DECC43-1D14-43CD-BE28-59721560CC49.jpeg","width":678,"height":452},{"@type":"BreadcrumbList","@id":"https:\/\/quehacerpolitico.mx\/?p=73681#breadcrumb","itemListElement":[{"@type":"ListItem","position":1,"name":"Inicio","item":"https:\/\/quehacerpolitico.mx\/"},{"@type":"ListItem","position":2,"name":"Valor de exportaciones baj\u00f3 9.3% en 2020: INEGI"}]},{"@type":"WebSite","@id":"https:\/\/quehacerpolitico.mx\/#website","url":"https:\/\/quehacerpolitico.mx\/","name":"","description":"","potentialAction":[{"@type":"SearchAction","target":{"@type":"EntryPoint","urlTemplate":"https:\/\/quehacerpolitico.mx\/?s={search_term_string}"},"query-input":{"@type":"PropertyValueSpecification","valueRequired":true,"valueName":"search_term_string"}}],"inLanguage":"es"},{"@type":"Person","@id":"https:\/\/quehacerpolitico.mx\/#\/schema\/person\/496d8ad2d1d3f8036101dca7ee39e585","name":"Redacci\u00f3n QP","image":{"@type":"ImageObject","inLanguage":"es","@id":"https:\/\/secure.gravatar.com\/avatar\/c7164ed6fdec453195284ad24a5ae5b6e1eed2b848477fa2a4787ba9adf39a41?s=96&d=mm&r=g","url":"https:\/\/secure.gravatar.com\/avatar\/c7164ed6fdec453195284ad24a5ae5b6e1eed2b848477fa2a4787ba9adf39a41?s=96&d=mm&r=g","contentUrl":"https:\/\/secure.gravatar.com\/avatar\/c7164ed6fdec453195284ad24a5ae5b6e1eed2b848477fa2a4787ba9adf39a41?s=96&d=mm&r=g","caption":"Redacci\u00f3n QP"},"url":"https:\/\/quehacerpolitico.mx\/?author=2"}]}},"featured_image_urls":{"full":["https:\/\/quehacerpolitico.mx\/wp-content\/uploads\/2021\/01\/B1DECC43-1D14-43CD-BE28-59721560CC49.jpeg",678,452,false],"thumbnail":["https:\/\/quehacerpolitico.mx\/wp-content\/uploads\/2021\/01\/B1DECC43-1D14-43CD-BE28-59721560CC49-150x150.jpeg",150,150,true],"medium":["https:\/\/quehacerpolitico.mx\/wp-content\/uploads\/2021\/01\/B1DECC43-1D14-43CD-BE28-59721560CC49-300x200.jpeg",300,200,true],"medium_large":["https:\/\/quehacerpolitico.mx\/wp-content\/uploads\/2021\/01\/B1DECC43-1D14-43CD-BE28-59721560CC49.jpeg",640,427,false],"large":["https:\/\/quehacerpolitico.mx\/wp-content\/uploads\/2021\/01\/B1DECC43-1D14-43CD-BE28-59721560CC49.jpeg",640,427,false],"1536x1536":["https:\/\/quehacerpolitico.mx\/wp-content\/uploads\/2021\/01\/B1DECC43-1D14-43CD-BE28-59721560CC49.jpeg",678,452,false],"2048x2048":["https:\/\/quehacerpolitico.mx\/wp-content\/uploads\/2021\/01\/B1DECC43-1D14-43CD-BE28-59721560CC49.jpeg",678,452,false],"covernews-featured":["https:\/\/quehacerpolitico.mx\/wp-content\/uploads\/2021\/01\/B1DECC43-1D14-43CD-BE28-59721560CC49.jpeg",678,452,false],"covernews-medium":["https:\/\/quehacerpolitico.mx\/wp-content\/uploads\/2021\/01\/B1DECC43-1D14-43CD-BE28-59721560CC49.jpeg",510,340,false]},"author_info":{"display_name":"Redacci\u00f3n QP","author_link":"https:\/\/quehacerpolitico.mx\/?author=2"},"category_info":"<a href=\"https:\/\/quehacerpolitico.mx\/?cat=56\" rel=\"category\">Econom\u00eda<\/a>","tag_info":"Econom\u00eda","comment_count":"0","_links":{"self":[{"href":"https:\/\/quehacerpolitico.mx\/index.php?rest_route=\/wp\/v2\/posts\/73681","targetHints":{"allow":["GET"]}}],"collection":[{"href":"https:\/\/quehacerpolitico.mx\/index.php?rest_route=\/wp\/v2\/posts"}],"about":[{"href":"https:\/\/quehacerpolitico.mx\/index.php?rest_route=\/wp\/v2\/types\/post"}],"author":[{"embeddable":true,"href":"https:\/\/quehacerpolitico.mx\/index.php?rest_route=\/wp\/v2\/users\/2"}],"replies":[{"embeddable":true,"href":"https:\/\/quehacerpolitico.mx\/index.php?rest_route=%2Fwp%2Fv2%2Fcomments&post=73681"}],"version-history":[{"count":0,"href":"https:\/\/quehacerpolitico.mx\/index.php?rest_route=\/wp\/v2\/posts\/73681\/revisions"}],"wp:featuredmedia":[{"embeddable":true,"href":"https:\/\/quehacerpolitico.mx\/index.php?rest_route=\/wp\/v2\/media\/73684"}],"wp:attachment":[{"href":"https:\/\/quehacerpolitico.mx\/index.php?rest_route=%2Fwp%2Fv2%2Fmedia&parent=73681"}],"wp:term":[{"taxonomy":"category","embeddable":true,"href":"https:\/\/quehacerpolitico.mx\/index.php?rest_route=%2Fwp%2Fv2%2Fcategories&post=73681"},{"taxonomy":"post_tag","embeddable":true,"href":"https:\/\/quehacerpolitico.mx\/index.php?rest_route=%2Fwp%2Fv2%2Ftags&post=73681"}],"curies":[{"name":"wp","href":"https:\/\/api.w.org\/{rel}","templated":true}]}}