{"id":73662,"date":"2021-01-29T04:01:50","date_gmt":"2021-01-29T04:01:50","guid":{"rendered":"https:\/\/quehacerpolitico.mx\/?p=73662"},"modified":"2021-01-29T04:01:50","modified_gmt":"2021-01-29T04:01:50","slug":"155-mil-145-muertos-y-1-millon-825-mil-519-casos-confirmados-por-covid-19-en-mexico","status":"publish","type":"post","link":"https:\/\/quehacerpolitico.mx\/?p=73662","title":{"rendered":"155 mil 145 muertos y a 1 mill\u00f3n 825 mil 519 casos confirmados por COVID-19 en Mexico"},"content":{"rendered":"<h1>155 mil 145 muertos y a 1 mill\u00f3n 825 mil 519 casos confirmados por COVID-19 en Mexico<br \/>\nPor Redacci\u00f3n QP<\/h1>\n<p>Las autoridades de Salud dieron a conocer que M\u00e9xico ya acumula 155 mil 145 muertos por COVID-19.<\/p>\n<blockquote class=\"twitter-tweet\" data-width=\"550\" data-dnt=\"true\">\n<p lang=\"es\" dir=\"ltr\">Comunicado T\u00e9cnico Diario: Nuevo Coronavirus en el Mundo <a href=\"https:\/\/twitter.com\/hashtag\/COVID19?src=hash&amp;ref_src=twsrc%5Etfw\">#COVID19<\/a> | 28 de enero de 2021<\/p>\n<p>\u27a1\ufe0f <a href=\"https:\/\/t.co\/0bofb7hlzR\">https:\/\/t.co\/0bofb7hlzR<\/a> <a href=\"https:\/\/t.co\/uEpfJEPZyt\">pic.twitter.com\/uEpfJEPZyt<\/a><\/p>\n<p>&mdash; SALUD M\u00e9xico (@SSalud_mx) <a href=\"https:\/\/twitter.com\/SSalud_mx\/status\/1354978655273971716?ref_src=twsrc%5Etfw\">January 29, 2021<\/a><\/p><\/blockquote>\n<p><script async src=\"https:\/\/platform.twitter.com\/widgets.js\" charset=\"utf-8\"><\/script><\/p>\n<p>Las autoridades de Salud dieron a conocer, la noche del jueves 28 de enero de 2021, que M\u00e9xico ya acumula 155 mil 145 muertos por COVID-19<\/p>\n<p>Los casos confirmados acumulados alcanzaron 1 mill\u00f3n 825 mil 519, los negativos a 2 millones 336 mil 673, mientras que las personas notificadas a 4 millones 595 mil 309.<\/p>\n<p>La positividad es del 42%.<\/p>\n<blockquote class=\"twitter-tweet\" data-width=\"550\" data-dnt=\"true\">\n<p lang=\"es\" dir=\"ltr\">A nivel nacional, 41% de camas de hospitalizaci\u00f3n general est\u00e1n disponibles y 59% ocupadas. En camas con ventiladores, 47% est\u00e1n disponibles y 53% ocupadas. 2\/2 <a href=\"https:\/\/t.co\/81AWL8T2bt\">pic.twitter.com\/81AWL8T2bt<\/a><\/p>\n<p>&mdash; Hugo L\u00f3pez-Gatell Ram\u00edrez (@HLGatell) <a href=\"https:\/\/twitter.com\/HLGatell\/status\/1354959713541128197?ref_src=twsrc%5Etfw\">January 29, 2021<\/a><\/p><\/blockquote>\n<p><script async src=\"https:\/\/platform.twitter.com\/widgets.js\" charset=\"utf-8\"><\/script><\/p>\n<h2>Casos estimados<\/h2>\n<p>Los casos estimados acumulados ascender\u00edan a 2 millones 022 mil 421, de los cuales 112 mil 216 seguir\u00edan activos.<\/p>\n<p>Las personas recuperadas ya se sit\u00faan en 1 mill\u00f3n 376 mil 073.<\/p>\n<blockquote class=\"twitter-tweet\" data-width=\"550\" data-dnt=\"true\">\n<p lang=\"es\" dir=\"ltr\">Este 28 de enero fueron aplicadas 2,649 dosis de la vacuna contra <a href=\"https:\/\/twitter.com\/hashtag\/COVID19?src=hash&amp;ref_src=twsrc%5Etfw\">#COVID19<\/a>.<br \/>Hasta este d\u00eda suman 657,842 dosis aplicadas en M\u00e9xico. <a href=\"https:\/\/t.co\/nPa5vbQiFY\">pic.twitter.com\/nPa5vbQiFY<\/a><\/p>\n<p>&mdash; Hugo L\u00f3pez-Gatell Ram\u00edrez (@HLGatell) <a href=\"https:\/\/twitter.com\/HLGatell\/status\/1354968756112531460?ref_src=twsrc%5Etfw\">January 29, 2021<\/a><\/p><\/blockquote>\n<p><script async src=\"https:\/\/platform.twitter.com\/widgets.js\" charset=\"utf-8\"><\/script><\/p>\n<h2>Ocupaci\u00f3n hospitalaria<\/h2>\n<p>La ocupaci\u00f3n de camas de hospitalizaci\u00f3n general es del 58% a nivel nacional, al haber disponibles 14 mil 371 camas de las 35 mil 430 de las registradas.<\/p>\n<p>La mayor ocupaci\u00f3n de camas de hospitalizaci\u00f3n general se registra en la Ciudad de M\u00e9xico con el 88%, el Estado de M\u00e9xico con el 86%, Hidalgo con el 82%, Puebla con el 81% y Guanajuato con el 80%.<\/p>\n<p>La ocupaci\u00f3n de camas con ventilador es del 53% a nivel nacional, al haber libres 5 mil 197 camas de las 11 mil 090 reportadas.<\/p>\n<p>Los estados con mayor ocupaci\u00f3n de camas con ventilador son la Ciudad de M\u00e9xico con el 84%, Nuevo Le\u00f3n con el 78%, el Estado de M\u00e9xico con el 73%, Aguascalientes con el 69% y Colima con el 65%.<\/p>\n<blockquote class=\"twitter-tweet\" data-width=\"550\" data-dnt=\"true\">\n<p lang=\"es\" dir=\"ltr\">Comunicado T\u00e9cnico Diario: Nuevo Coronavirus en el Mundo <a href=\"https:\/\/twitter.com\/hashtag\/COVID19?src=hash&amp;ref_src=twsrc%5Etfw\">#COVID19<\/a> | 28 de enero de 2021<\/p>\n<p>\u27a1\ufe0f <a href=\"https:\/\/t.co\/0bofb7hlzR\">https:\/\/t.co\/0bofb7hlzR<\/a> <a href=\"https:\/\/t.co\/YUXEqSKLXf\">pic.twitter.com\/YUXEqSKLXf<\/a><\/p>\n<p>&mdash; SALUD M\u00e9xico (@SSalud_mx) <a href=\"https:\/\/twitter.com\/SSalud_mx\/status\/1354975543779872775?ref_src=twsrc%5Etfw\">January 29, 2021<\/a><\/p><\/blockquote>\n<p><script async src=\"https:\/\/platform.twitter.com\/widgets.js\" charset=\"utf-8\"><\/script><\/p>\n<h2>Avance vacuna COVID en M\u00e9xico<\/h2>\n<p>El jueves 28 de enero de 2021 se aplicaron, hasta las 16:00 horas, un total de 2 mil 649 dosis de la vacuna de Pfizer.<\/p>\n<p>Hasta el momento se han aplicado en M\u00e9xico un total de 657 mil 842 vacunas, de las cuales 626 mil 528 corresponden a la primeras dosis y 31 mil 314 a las segundas.<\/p>\n<p>M\u00e9xico ha recibido un total de 766 mil 350 vacunas, de las cuales 91 mil 350 corresponde a dosis de reserva de la segunda aplicaci\u00f3n, 6 mil 9 40 a dosis de reserva y 983 se han perdido.<\/p>\n<h2>Reacciones al\u00e9rgicas a la vacuna<\/h2>\n<p>Hasta el 28 de enero se han registrado 5 mil 249 reacciones al\u00e9rgicas, de las cuales 5 mil 206 son no graves y 43 son graves.<\/p>\n<p>De las 43 graves, un total de 41 pacientes ya fueron dados de alta, mientras que solo dos siguen hospitalizados.<\/p>\n<h2>Vacunaci\u00f3n sector educativo en Campeche<\/h2>\n<p>El estado de Campeche acumula 16 mil 461 dosis de la vacuna Pfizer entre su personal del sector educativo.<\/p>\n<blockquote class=\"twitter-tweet\" data-width=\"550\" data-dnt=\"true\">\n<p lang=\"es\" dir=\"ltr\">Conferencia de Prensa <a href=\"https:\/\/twitter.com\/hashtag\/COVID19?src=hash&amp;ref_src=twsrc%5Etfw\">#COVID19<\/a> | 28 de enero de 2021 <a href=\"https:\/\/twitter.com\/hashtag\/GraciasPorCuidarnos?src=hash&amp;ref_src=twsrc%5Etfw\">#GraciasPorCuidarnos<\/a> <a href=\"https:\/\/t.co\/iks1vUQvfR\">https:\/\/t.co\/iks1vUQvfR<\/a><\/p>\n<p>&mdash; SALUD M\u00e9xico (@SSalud_mx) <a href=\"https:\/\/twitter.com\/SSalud_mx\/status\/1354956748529016835?ref_src=twsrc%5Etfw\">January 29, 2021<\/a><\/p><\/blockquote>\n<p><script async src=\"https:\/\/platform.twitter.com\/widgets.js\" charset=\"utf-8\"><\/script><\/p>\n<p>Con informaci\u00f3n de la Secretar\u00eda de Salud<\/p>\n","protected":false},"excerpt":{"rendered":"<p>155 mil 145 muertos y a 1 mill\u00f3n 825 mil 519 casos confirmados por COVID-19&#8230;<\/p>\n","protected":false},"author":2,"featured_media":73665,"comment_status":"open","ping_status":"open","sticky":false,"template":"","format":"standard","meta":{"_monsterinsights_skip_tracking":false,"_monsterinsights_sitenote_active":false,"_monsterinsights_sitenote_note":"","_monsterinsights_sitenote_category":0,"footnotes":""},"categories":[2],"tags":[],"class_list":["post-73662","post","type-post","status-publish","format-standard","has-post-thumbnail","hentry","category-noticias"],"yoast_head":"<!-- This site is optimized with the Yoast SEO plugin v27.3 - https:\/\/yoast.com\/product\/yoast-seo-wordpress\/ -->\n<title>155 mil 145 muertos y a 1 mill\u00f3n 825 mil 519 casos confirmados por COVID-19 en Mexico -<\/title>\n<meta name=\"robots\" content=\"index, follow, max-snippet:-1, max-image-preview:large, max-video-preview:-1\" \/>\n<link rel=\"canonical\" href=\"https:\/\/quehacerpolitico.mx\/?p=73662\" \/>\n<meta property=\"og:locale\" content=\"es_MX\" \/>\n<meta property=\"og:type\" content=\"article\" \/>\n<meta property=\"og:title\" content=\"155 mil 145 muertos y a 1 mill\u00f3n 825 mil 519 casos confirmados por COVID-19 en Mexico -\" \/>\n<meta property=\"og:description\" content=\"155 mil 145 muertos y a 1 mill\u00f3n 825 mil 519 casos confirmados por COVID-19...\" \/>\n<meta property=\"og:url\" content=\"https:\/\/quehacerpolitico.mx\/?p=73662\" \/>\n<meta property=\"article:published_time\" content=\"2021-01-29T04:01:50+00:00\" \/>\n<meta property=\"og:image\" content=\"https:\/\/quehacerpolitico.mx\/wp-content\/uploads\/2021\/01\/5F49AFE9-2465-444F-9022-020D27C51235.jpeg\" \/>\n\t<meta property=\"og:image:width\" content=\"1242\" \/>\n\t<meta property=\"og:image:height\" content=\"675\" \/>\n\t<meta property=\"og:image:type\" content=\"image\/jpeg\" \/>\n<meta name=\"author\" content=\"Redacci\u00f3n QP\" \/>\n<meta name=\"twitter:card\" content=\"summary_large_image\" \/>\n<meta name=\"twitter:label1\" content=\"Escrito por\" \/>\n\t<meta name=\"twitter:data1\" content=\"Redacci\u00f3n QP\" \/>\n\t<meta name=\"twitter:label2\" content=\"Tiempo de lectura\" \/>\n\t<meta name=\"twitter:data2\" content=\"2 minutos\" \/>\n<script type=\"application\/ld+json\" class=\"yoast-schema-graph\">{\"@context\":\"https:\\\/\\\/schema.org\",\"@graph\":[{\"@type\":\"Article\",\"@id\":\"https:\\\/\\\/quehacerpolitico.mx\\\/?p=73662#article\",\"isPartOf\":{\"@id\":\"https:\\\/\\\/quehacerpolitico.mx\\\/?p=73662\"},\"author\":{\"name\":\"Redacci\u00f3n QP\",\"@id\":\"https:\\\/\\\/quehacerpolitico.mx\\\/#\\\/schema\\\/person\\\/496d8ad2d1d3f8036101dca7ee39e585\"},\"headline\":\"155 mil 145 muertos y a 1 mill\u00f3n 825 mil 519 casos confirmados por COVID-19 en Mexico\",\"datePublished\":\"2021-01-29T04:01:50+00:00\",\"mainEntityOfPage\":{\"@id\":\"https:\\\/\\\/quehacerpolitico.mx\\\/?p=73662\"},\"wordCount\":442,\"commentCount\":0,\"image\":{\"@id\":\"https:\\\/\\\/quehacerpolitico.mx\\\/?p=73662#primaryimage\"},\"thumbnailUrl\":\"https:\\\/\\\/quehacerpolitico.mx\\\/wp-content\\\/uploads\\\/2021\\\/01\\\/5F49AFE9-2465-444F-9022-020D27C51235.jpeg\",\"articleSection\":[\"Noticias\"],\"inLanguage\":\"es\",\"potentialAction\":[{\"@type\":\"CommentAction\",\"name\":\"Comment\",\"target\":[\"https:\\\/\\\/quehacerpolitico.mx\\\/?p=73662#respond\"]}]},{\"@type\":\"WebPage\",\"@id\":\"https:\\\/\\\/quehacerpolitico.mx\\\/?p=73662\",\"url\":\"https:\\\/\\\/quehacerpolitico.mx\\\/?p=73662\",\"name\":\"155 mil 145 muertos y a 1 mill\u00f3n 825 mil 519 casos confirmados por COVID-19 en Mexico -\",\"isPartOf\":{\"@id\":\"https:\\\/\\\/quehacerpolitico.mx\\\/#website\"},\"primaryImageOfPage\":{\"@id\":\"https:\\\/\\\/quehacerpolitico.mx\\\/?p=73662#primaryimage\"},\"image\":{\"@id\":\"https:\\\/\\\/quehacerpolitico.mx\\\/?p=73662#primaryimage\"},\"thumbnailUrl\":\"https:\\\/\\\/quehacerpolitico.mx\\\/wp-content\\\/uploads\\\/2021\\\/01\\\/5F49AFE9-2465-444F-9022-020D27C51235.jpeg\",\"datePublished\":\"2021-01-29T04:01:50+00:00\",\"author\":{\"@id\":\"https:\\\/\\\/quehacerpolitico.mx\\\/#\\\/schema\\\/person\\\/496d8ad2d1d3f8036101dca7ee39e585\"},\"breadcrumb\":{\"@id\":\"https:\\\/\\\/quehacerpolitico.mx\\\/?p=73662#breadcrumb\"},\"inLanguage\":\"es\",\"potentialAction\":[{\"@type\":\"ReadAction\",\"target\":[\"https:\\\/\\\/quehacerpolitico.mx\\\/?p=73662\"]}]},{\"@type\":\"ImageObject\",\"inLanguage\":\"es\",\"@id\":\"https:\\\/\\\/quehacerpolitico.mx\\\/?p=73662#primaryimage\",\"url\":\"https:\\\/\\\/quehacerpolitico.mx\\\/wp-content\\\/uploads\\\/2021\\\/01\\\/5F49AFE9-2465-444F-9022-020D27C51235.jpeg\",\"contentUrl\":\"https:\\\/\\\/quehacerpolitico.mx\\\/wp-content\\\/uploads\\\/2021\\\/01\\\/5F49AFE9-2465-444F-9022-020D27C51235.jpeg\",\"width\":1242,\"height\":675},{\"@type\":\"BreadcrumbList\",\"@id\":\"https:\\\/\\\/quehacerpolitico.mx\\\/?p=73662#breadcrumb\",\"itemListElement\":[{\"@type\":\"ListItem\",\"position\":1,\"name\":\"Inicio\",\"item\":\"https:\\\/\\\/quehacerpolitico.mx\\\/\"},{\"@type\":\"ListItem\",\"position\":2,\"name\":\"155 mil 145 muertos y a 1 mill\u00f3n 825 mil 519 casos confirmados por COVID-19 en Mexico\"}]},{\"@type\":\"WebSite\",\"@id\":\"https:\\\/\\\/quehacerpolitico.mx\\\/#website\",\"url\":\"https:\\\/\\\/quehacerpolitico.mx\\\/\",\"name\":\"\",\"description\":\"\",\"potentialAction\":[{\"@type\":\"SearchAction\",\"target\":{\"@type\":\"EntryPoint\",\"urlTemplate\":\"https:\\\/\\\/quehacerpolitico.mx\\\/?s={search_term_string}\"},\"query-input\":{\"@type\":\"PropertyValueSpecification\",\"valueRequired\":true,\"valueName\":\"search_term_string\"}}],\"inLanguage\":\"es\"},{\"@type\":\"Person\",\"@id\":\"https:\\\/\\\/quehacerpolitico.mx\\\/#\\\/schema\\\/person\\\/496d8ad2d1d3f8036101dca7ee39e585\",\"name\":\"Redacci\u00f3n QP\",\"image\":{\"@type\":\"ImageObject\",\"inLanguage\":\"es\",\"@id\":\"https:\\\/\\\/secure.gravatar.com\\\/avatar\\\/c7164ed6fdec453195284ad24a5ae5b6e1eed2b848477fa2a4787ba9adf39a41?s=96&d=mm&r=g\",\"url\":\"https:\\\/\\\/secure.gravatar.com\\\/avatar\\\/c7164ed6fdec453195284ad24a5ae5b6e1eed2b848477fa2a4787ba9adf39a41?s=96&d=mm&r=g\",\"contentUrl\":\"https:\\\/\\\/secure.gravatar.com\\\/avatar\\\/c7164ed6fdec453195284ad24a5ae5b6e1eed2b848477fa2a4787ba9adf39a41?s=96&d=mm&r=g\",\"caption\":\"Redacci\u00f3n QP\"},\"url\":\"https:\\\/\\\/quehacerpolitico.mx\\\/?author=2\"}]}<\/script>\n<!-- \/ Yoast SEO plugin. -->","yoast_head_json":{"title":"155 mil 145 muertos y a 1 mill\u00f3n 825 mil 519 casos confirmados por COVID-19 en Mexico -","robots":{"index":"index","follow":"follow","max-snippet":"max-snippet:-1","max-image-preview":"max-image-preview:large","max-video-preview":"max-video-preview:-1"},"canonical":"https:\/\/quehacerpolitico.mx\/?p=73662","og_locale":"es_MX","og_type":"article","og_title":"155 mil 145 muertos y a 1 mill\u00f3n 825 mil 519 casos confirmados por COVID-19 en Mexico -","og_description":"155 mil 145 muertos y a 1 mill\u00f3n 825 mil 519 casos confirmados por COVID-19...","og_url":"https:\/\/quehacerpolitico.mx\/?p=73662","article_published_time":"2021-01-29T04:01:50+00:00","og_image":[{"width":1242,"height":675,"url":"https:\/\/quehacerpolitico.mx\/wp-content\/uploads\/2021\/01\/5F49AFE9-2465-444F-9022-020D27C51235.jpeg","type":"image\/jpeg"}],"author":"Redacci\u00f3n QP","twitter_card":"summary_large_image","twitter_misc":{"Escrito por":"Redacci\u00f3n QP","Tiempo de lectura":"2 minutos"},"schema":{"@context":"https:\/\/schema.org","@graph":[{"@type":"Article","@id":"https:\/\/quehacerpolitico.mx\/?p=73662#article","isPartOf":{"@id":"https:\/\/quehacerpolitico.mx\/?p=73662"},"author":{"name":"Redacci\u00f3n QP","@id":"https:\/\/quehacerpolitico.mx\/#\/schema\/person\/496d8ad2d1d3f8036101dca7ee39e585"},"headline":"155 mil 145 muertos y a 1 mill\u00f3n 825 mil 519 casos confirmados por COVID-19 en Mexico","datePublished":"2021-01-29T04:01:50+00:00","mainEntityOfPage":{"@id":"https:\/\/quehacerpolitico.mx\/?p=73662"},"wordCount":442,"commentCount":0,"image":{"@id":"https:\/\/quehacerpolitico.mx\/?p=73662#primaryimage"},"thumbnailUrl":"https:\/\/quehacerpolitico.mx\/wp-content\/uploads\/2021\/01\/5F49AFE9-2465-444F-9022-020D27C51235.jpeg","articleSection":["Noticias"],"inLanguage":"es","potentialAction":[{"@type":"CommentAction","name":"Comment","target":["https:\/\/quehacerpolitico.mx\/?p=73662#respond"]}]},{"@type":"WebPage","@id":"https:\/\/quehacerpolitico.mx\/?p=73662","url":"https:\/\/quehacerpolitico.mx\/?p=73662","name":"155 mil 145 muertos y a 1 mill\u00f3n 825 mil 519 casos confirmados por COVID-19 en Mexico -","isPartOf":{"@id":"https:\/\/quehacerpolitico.mx\/#website"},"primaryImageOfPage":{"@id":"https:\/\/quehacerpolitico.mx\/?p=73662#primaryimage"},"image":{"@id":"https:\/\/quehacerpolitico.mx\/?p=73662#primaryimage"},"thumbnailUrl":"https:\/\/quehacerpolitico.mx\/wp-content\/uploads\/2021\/01\/5F49AFE9-2465-444F-9022-020D27C51235.jpeg","datePublished":"2021-01-29T04:01:50+00:00","author":{"@id":"https:\/\/quehacerpolitico.mx\/#\/schema\/person\/496d8ad2d1d3f8036101dca7ee39e585"},"breadcrumb":{"@id":"https:\/\/quehacerpolitico.mx\/?p=73662#breadcrumb"},"inLanguage":"es","potentialAction":[{"@type":"ReadAction","target":["https:\/\/quehacerpolitico.mx\/?p=73662"]}]},{"@type":"ImageObject","inLanguage":"es","@id":"https:\/\/quehacerpolitico.mx\/?p=73662#primaryimage","url":"https:\/\/quehacerpolitico.mx\/wp-content\/uploads\/2021\/01\/5F49AFE9-2465-444F-9022-020D27C51235.jpeg","contentUrl":"https:\/\/quehacerpolitico.mx\/wp-content\/uploads\/2021\/01\/5F49AFE9-2465-444F-9022-020D27C51235.jpeg","width":1242,"height":675},{"@type":"BreadcrumbList","@id":"https:\/\/quehacerpolitico.mx\/?p=73662#breadcrumb","itemListElement":[{"@type":"ListItem","position":1,"name":"Inicio","item":"https:\/\/quehacerpolitico.mx\/"},{"@type":"ListItem","position":2,"name":"155 mil 145 muertos y a 1 mill\u00f3n 825 mil 519 casos confirmados por COVID-19 en Mexico"}]},{"@type":"WebSite","@id":"https:\/\/quehacerpolitico.mx\/#website","url":"https:\/\/quehacerpolitico.mx\/","name":"","description":"","potentialAction":[{"@type":"SearchAction","target":{"@type":"EntryPoint","urlTemplate":"https:\/\/quehacerpolitico.mx\/?s={search_term_string}"},"query-input":{"@type":"PropertyValueSpecification","valueRequired":true,"valueName":"search_term_string"}}],"inLanguage":"es"},{"@type":"Person","@id":"https:\/\/quehacerpolitico.mx\/#\/schema\/person\/496d8ad2d1d3f8036101dca7ee39e585","name":"Redacci\u00f3n QP","image":{"@type":"ImageObject","inLanguage":"es","@id":"https:\/\/secure.gravatar.com\/avatar\/c7164ed6fdec453195284ad24a5ae5b6e1eed2b848477fa2a4787ba9adf39a41?s=96&d=mm&r=g","url":"https:\/\/secure.gravatar.com\/avatar\/c7164ed6fdec453195284ad24a5ae5b6e1eed2b848477fa2a4787ba9adf39a41?s=96&d=mm&r=g","contentUrl":"https:\/\/secure.gravatar.com\/avatar\/c7164ed6fdec453195284ad24a5ae5b6e1eed2b848477fa2a4787ba9adf39a41?s=96&d=mm&r=g","caption":"Redacci\u00f3n QP"},"url":"https:\/\/quehacerpolitico.mx\/?author=2"}]}},"featured_image_urls":{"full":["https:\/\/quehacerpolitico.mx\/wp-content\/uploads\/2021\/01\/5F49AFE9-2465-444F-9022-020D27C51235.jpeg",1242,675,false],"thumbnail":["https:\/\/quehacerpolitico.mx\/wp-content\/uploads\/2021\/01\/5F49AFE9-2465-444F-9022-020D27C51235-150x150.jpeg",150,150,true],"medium":["https:\/\/quehacerpolitico.mx\/wp-content\/uploads\/2021\/01\/5F49AFE9-2465-444F-9022-020D27C51235-300x163.jpeg",300,163,true],"medium_large":["https:\/\/quehacerpolitico.mx\/wp-content\/uploads\/2021\/01\/5F49AFE9-2465-444F-9022-020D27C51235-768x417.jpeg",640,348,true],"large":["https:\/\/quehacerpolitico.mx\/wp-content\/uploads\/2021\/01\/5F49AFE9-2465-444F-9022-020D27C51235-1024x557.jpeg",640,348,true],"1536x1536":["https:\/\/quehacerpolitico.mx\/wp-content\/uploads\/2021\/01\/5F49AFE9-2465-444F-9022-020D27C51235.jpeg",1242,675,false],"2048x2048":["https:\/\/quehacerpolitico.mx\/wp-content\/uploads\/2021\/01\/5F49AFE9-2465-444F-9022-020D27C51235.jpeg",1242,675,false],"covernews-featured":["https:\/\/quehacerpolitico.mx\/wp-content\/uploads\/2021\/01\/5F49AFE9-2465-444F-9022-020D27C51235.jpeg",1024,557,false],"covernews-medium":["https:\/\/quehacerpolitico.mx\/wp-content\/uploads\/2021\/01\/5F49AFE9-2465-444F-9022-020D27C51235.jpeg",540,293,false]},"author_info":{"display_name":"Redacci\u00f3n QP","author_link":"https:\/\/quehacerpolitico.mx\/?author=2"},"category_info":"<a href=\"https:\/\/quehacerpolitico.mx\/?cat=2\" rel=\"category\">Noticias<\/a>","tag_info":"Noticias","comment_count":"0","_links":{"self":[{"href":"https:\/\/quehacerpolitico.mx\/index.php?rest_route=\/wp\/v2\/posts\/73662","targetHints":{"allow":["GET"]}}],"collection":[{"href":"https:\/\/quehacerpolitico.mx\/index.php?rest_route=\/wp\/v2\/posts"}],"about":[{"href":"https:\/\/quehacerpolitico.mx\/index.php?rest_route=\/wp\/v2\/types\/post"}],"author":[{"embeddable":true,"href":"https:\/\/quehacerpolitico.mx\/index.php?rest_route=\/wp\/v2\/users\/2"}],"replies":[{"embeddable":true,"href":"https:\/\/quehacerpolitico.mx\/index.php?rest_route=%2Fwp%2Fv2%2Fcomments&post=73662"}],"version-history":[{"count":0,"href":"https:\/\/quehacerpolitico.mx\/index.php?rest_route=\/wp\/v2\/posts\/73662\/revisions"}],"wp:featuredmedia":[{"embeddable":true,"href":"https:\/\/quehacerpolitico.mx\/index.php?rest_route=\/wp\/v2\/media\/73665"}],"wp:attachment":[{"href":"https:\/\/quehacerpolitico.mx\/index.php?rest_route=%2Fwp%2Fv2%2Fmedia&parent=73662"}],"wp:term":[{"taxonomy":"category","embeddable":true,"href":"https:\/\/quehacerpolitico.mx\/index.php?rest_route=%2Fwp%2Fv2%2Fcategories&post=73662"},{"taxonomy":"post_tag","embeddable":true,"href":"https:\/\/quehacerpolitico.mx\/index.php?rest_route=%2Fwp%2Fv2%2Ftags&post=73662"}],"curies":[{"name":"wp","href":"https:\/\/api.w.org\/{rel}","templated":true}]}}