{"id":73606,"date":"2021-01-28T20:09:36","date_gmt":"2021-01-28T20:09:36","guid":{"rendered":"https:\/\/quehacerpolitico.mx\/?p=73606"},"modified":"2021-01-28T20:09:36","modified_gmt":"2021-01-28T20:09:36","slug":"beatriz-gutierrez-muller-agradece-muestras-de-apoyo-para-amlo","status":"publish","type":"post","link":"https:\/\/quehacerpolitico.mx\/?p=73606","title":{"rendered":"Beatriz Guti\u00e9rrez M\u00fcller agradece muestras de apoyo para AMLO"},"content":{"rendered":"<h1 class=\"news-title\">Beatriz Guti\u00e9rrez M\u00fcller agradece muestras de apoyo para AMLO<br \/>\nPor Redacci\u00f3n QP<\/h1>\n<p>En Facebook, con la fotograf\u00eda de un altar al Santo Ni\u00f1o de Atocha, Beatriz Guti\u00e9rrez M\u00fcller agradeci\u00f3 las muestras de apoyo que han llegado al Presidente AMLO tras dar positivo a COVID-19<\/p>\n<p>Beatriz Guti\u00e9rrez M\u00fcller, esposa del Presidente Andr\u00e9s Manuel L\u00f3pez Obrador (AMLO), inform\u00f3 que en estos cinco d\u00edas en que el Ejecutivo federal ha estado en reposo tras dar positivo a COVID-19, ha recibido diversas muestras de apoyo -tanto de personas en M\u00e9xico como del extranjero- <strong>desde cartas, oraciones hasta &#8220;vibras&#8221;, dietas y recetas para curar enfermedades respiratorias.<\/strong><\/p>\n<p>En su cuenta de Facebook, y al mostrar una fotograf\u00eda de un altar al Santo Ni\u00f1o de Atocha que le hicieron llegar, Guti\u00e9rrez M\u00fcller detall\u00f3 que estas muestras han venido tanto de creyentes de varias religiones, como de ateos y de esc\u00e9pticos, las cuales agradeci\u00f3.<\/p>\n<div>\n<div id=\"fb-74\" class=\"ckeditor-ifb\"><iframe loading=\"lazy\" src=\"https:\/\/www.facebook.com\/plugins\/post.php?href=https%3A%2F%2Fwww.facebook.com%2FBGutierrezMuller%2Fposts%2F258879818929994&amp;width=500&amp;show_text=true&amp;height=689&amp;appId\" width=\"500\" height=\"689\" frameborder=\"0\" scrolling=\"no\" allowfullscreen=\"allowfullscreen\" data-mce-fragment=\"1\"><\/iframe><\/div>\n<\/div>\n<p>&#8220;A lo largo de estos d\u00edas, hemos recibido much\u00edsimas manifestaciones de cari\u00f1o, apoyo y parabienes. <strong>Lamentablemente, no puedo contestarlos todos, pero los agradecemos con el alma.<\/strong><\/p>\n<p>&#8220;Con frecuencia me env\u00edan fotograf\u00edas de altares, mantras, oraciones, recetas para curar enfermedades respiratorias, dietas para fortalecer el sistema inmunol\u00f3gico, consejos para respirar, jaculatorias, &#8216;vibras&#8217;, cartas y tarjetas. Todo lo anterior de creyentes de variadas religiones y hasta de ateos o esc\u00e9pticos; de M\u00e9xico y del extranjero. <strong>Cuando se desea el bien, cada cual externa su buena voluntad conforme a sus creencias. Hablamos, pues, de humanismo&#8221;,<\/strong>escribi\u00f3 Beatriz Guti\u00e9rrez M\u00fcller.<\/p>\n<p>Con informaci\u00f3n de SUN<\/p>\n","protected":false},"excerpt":{"rendered":"<p>Beatriz Guti\u00e9rrez M\u00fcller agradece muestras de apoyo para AMLO Por Redacci\u00f3n QP En Facebook, con&#8230;<\/p>\n","protected":false},"author":2,"featured_media":73609,"comment_status":"open","ping_status":"open","sticky":false,"template":"","format":"standard","meta":{"_monsterinsights_skip_tracking":false,"_monsterinsights_sitenote_active":false,"_monsterinsights_sitenote_note":"","_monsterinsights_sitenote_category":0,"footnotes":""},"categories":[2],"tags":[],"class_list":["post-73606","post","type-post","status-publish","format-standard","has-post-thumbnail","hentry","category-noticias"],"yoast_head":"<!-- This site is optimized with the Yoast SEO plugin v27.3 - https:\/\/yoast.com\/product\/yoast-seo-wordpress\/ -->\n<title>Beatriz Guti\u00e9rrez M\u00fcller agradece muestras de apoyo para AMLO -<\/title>\n<meta name=\"robots\" content=\"index, follow, max-snippet:-1, max-image-preview:large, max-video-preview:-1\" \/>\n<link rel=\"canonical\" href=\"https:\/\/quehacerpolitico.mx\/?p=73606\" \/>\n<meta property=\"og:locale\" content=\"es_MX\" \/>\n<meta property=\"og:type\" content=\"article\" \/>\n<meta property=\"og:title\" content=\"Beatriz Guti\u00e9rrez M\u00fcller agradece muestras de apoyo para AMLO -\" \/>\n<meta property=\"og:description\" content=\"Beatriz Guti\u00e9rrez M\u00fcller agradece muestras de apoyo para AMLO Por Redacci\u00f3n QP En Facebook, con...\" \/>\n<meta property=\"og:url\" content=\"https:\/\/quehacerpolitico.mx\/?p=73606\" \/>\n<meta property=\"article:published_time\" content=\"2021-01-28T20:09:36+00:00\" \/>\n<meta property=\"og:image\" content=\"https:\/\/quehacerpolitico.mx\/wp-content\/uploads\/2021\/01\/0CE156E2-F81C-4CE5-8783-B2BB26B78D8B.jpeg\" \/>\n\t<meta property=\"og:image:width\" content=\"558\" \/>\n\t<meta property=\"og:image:height\" content=\"550\" \/>\n\t<meta property=\"og:image:type\" content=\"image\/jpeg\" \/>\n<meta name=\"author\" content=\"Redacci\u00f3n QP\" \/>\n<meta name=\"twitter:card\" content=\"summary_large_image\" \/>\n<meta name=\"twitter:label1\" content=\"Escrito por\" \/>\n\t<meta name=\"twitter:data1\" content=\"Redacci\u00f3n QP\" \/>\n\t<meta name=\"twitter:label2\" content=\"Tiempo de lectura\" \/>\n\t<meta name=\"twitter:data2\" content=\"1 minuto\" \/>\n<script type=\"application\/ld+json\" class=\"yoast-schema-graph\">{\"@context\":\"https:\\\/\\\/schema.org\",\"@graph\":[{\"@type\":\"Article\",\"@id\":\"https:\\\/\\\/quehacerpolitico.mx\\\/?p=73606#article\",\"isPartOf\":{\"@id\":\"https:\\\/\\\/quehacerpolitico.mx\\\/?p=73606\"},\"author\":{\"name\":\"Redacci\u00f3n QP\",\"@id\":\"https:\\\/\\\/quehacerpolitico.mx\\\/#\\\/schema\\\/person\\\/496d8ad2d1d3f8036101dca7ee39e585\"},\"headline\":\"Beatriz Guti\u00e9rrez M\u00fcller agradece muestras de apoyo para AMLO\",\"datePublished\":\"2021-01-28T20:09:36+00:00\",\"mainEntityOfPage\":{\"@id\":\"https:\\\/\\\/quehacerpolitico.mx\\\/?p=73606\"},\"wordCount\":286,\"commentCount\":0,\"image\":{\"@id\":\"https:\\\/\\\/quehacerpolitico.mx\\\/?p=73606#primaryimage\"},\"thumbnailUrl\":\"https:\\\/\\\/quehacerpolitico.mx\\\/wp-content\\\/uploads\\\/2021\\\/01\\\/0CE156E2-F81C-4CE5-8783-B2BB26B78D8B.jpeg\",\"articleSection\":[\"Noticias\"],\"inLanguage\":\"es\",\"potentialAction\":[{\"@type\":\"CommentAction\",\"name\":\"Comment\",\"target\":[\"https:\\\/\\\/quehacerpolitico.mx\\\/?p=73606#respond\"]}]},{\"@type\":\"WebPage\",\"@id\":\"https:\\\/\\\/quehacerpolitico.mx\\\/?p=73606\",\"url\":\"https:\\\/\\\/quehacerpolitico.mx\\\/?p=73606\",\"name\":\"Beatriz Guti\u00e9rrez M\u00fcller agradece muestras de apoyo para AMLO -\",\"isPartOf\":{\"@id\":\"https:\\\/\\\/quehacerpolitico.mx\\\/#website\"},\"primaryImageOfPage\":{\"@id\":\"https:\\\/\\\/quehacerpolitico.mx\\\/?p=73606#primaryimage\"},\"image\":{\"@id\":\"https:\\\/\\\/quehacerpolitico.mx\\\/?p=73606#primaryimage\"},\"thumbnailUrl\":\"https:\\\/\\\/quehacerpolitico.mx\\\/wp-content\\\/uploads\\\/2021\\\/01\\\/0CE156E2-F81C-4CE5-8783-B2BB26B78D8B.jpeg\",\"datePublished\":\"2021-01-28T20:09:36+00:00\",\"author\":{\"@id\":\"https:\\\/\\\/quehacerpolitico.mx\\\/#\\\/schema\\\/person\\\/496d8ad2d1d3f8036101dca7ee39e585\"},\"breadcrumb\":{\"@id\":\"https:\\\/\\\/quehacerpolitico.mx\\\/?p=73606#breadcrumb\"},\"inLanguage\":\"es\",\"potentialAction\":[{\"@type\":\"ReadAction\",\"target\":[\"https:\\\/\\\/quehacerpolitico.mx\\\/?p=73606\"]}]},{\"@type\":\"ImageObject\",\"inLanguage\":\"es\",\"@id\":\"https:\\\/\\\/quehacerpolitico.mx\\\/?p=73606#primaryimage\",\"url\":\"https:\\\/\\\/quehacerpolitico.mx\\\/wp-content\\\/uploads\\\/2021\\\/01\\\/0CE156E2-F81C-4CE5-8783-B2BB26B78D8B.jpeg\",\"contentUrl\":\"https:\\\/\\\/quehacerpolitico.mx\\\/wp-content\\\/uploads\\\/2021\\\/01\\\/0CE156E2-F81C-4CE5-8783-B2BB26B78D8B.jpeg\",\"width\":558,\"height\":550},{\"@type\":\"BreadcrumbList\",\"@id\":\"https:\\\/\\\/quehacerpolitico.mx\\\/?p=73606#breadcrumb\",\"itemListElement\":[{\"@type\":\"ListItem\",\"position\":1,\"name\":\"Inicio\",\"item\":\"https:\\\/\\\/quehacerpolitico.mx\\\/\"},{\"@type\":\"ListItem\",\"position\":2,\"name\":\"Beatriz Guti\u00e9rrez M\u00fcller agradece muestras de apoyo para AMLO\"}]},{\"@type\":\"WebSite\",\"@id\":\"https:\\\/\\\/quehacerpolitico.mx\\\/#website\",\"url\":\"https:\\\/\\\/quehacerpolitico.mx\\\/\",\"name\":\"\",\"description\":\"\",\"potentialAction\":[{\"@type\":\"SearchAction\",\"target\":{\"@type\":\"EntryPoint\",\"urlTemplate\":\"https:\\\/\\\/quehacerpolitico.mx\\\/?s={search_term_string}\"},\"query-input\":{\"@type\":\"PropertyValueSpecification\",\"valueRequired\":true,\"valueName\":\"search_term_string\"}}],\"inLanguage\":\"es\"},{\"@type\":\"Person\",\"@id\":\"https:\\\/\\\/quehacerpolitico.mx\\\/#\\\/schema\\\/person\\\/496d8ad2d1d3f8036101dca7ee39e585\",\"name\":\"Redacci\u00f3n QP\",\"image\":{\"@type\":\"ImageObject\",\"inLanguage\":\"es\",\"@id\":\"https:\\\/\\\/secure.gravatar.com\\\/avatar\\\/c7164ed6fdec453195284ad24a5ae5b6e1eed2b848477fa2a4787ba9adf39a41?s=96&d=mm&r=g\",\"url\":\"https:\\\/\\\/secure.gravatar.com\\\/avatar\\\/c7164ed6fdec453195284ad24a5ae5b6e1eed2b848477fa2a4787ba9adf39a41?s=96&d=mm&r=g\",\"contentUrl\":\"https:\\\/\\\/secure.gravatar.com\\\/avatar\\\/c7164ed6fdec453195284ad24a5ae5b6e1eed2b848477fa2a4787ba9adf39a41?s=96&d=mm&r=g\",\"caption\":\"Redacci\u00f3n QP\"},\"url\":\"https:\\\/\\\/quehacerpolitico.mx\\\/?author=2\"}]}<\/script>\n<!-- \/ Yoast SEO plugin. -->","yoast_head_json":{"title":"Beatriz Guti\u00e9rrez M\u00fcller agradece muestras de apoyo para AMLO -","robots":{"index":"index","follow":"follow","max-snippet":"max-snippet:-1","max-image-preview":"max-image-preview:large","max-video-preview":"max-video-preview:-1"},"canonical":"https:\/\/quehacerpolitico.mx\/?p=73606","og_locale":"es_MX","og_type":"article","og_title":"Beatriz Guti\u00e9rrez M\u00fcller agradece muestras de apoyo para AMLO -","og_description":"Beatriz Guti\u00e9rrez M\u00fcller agradece muestras de apoyo para AMLO Por Redacci\u00f3n QP En Facebook, con...","og_url":"https:\/\/quehacerpolitico.mx\/?p=73606","article_published_time":"2021-01-28T20:09:36+00:00","og_image":[{"width":558,"height":550,"url":"https:\/\/quehacerpolitico.mx\/wp-content\/uploads\/2021\/01\/0CE156E2-F81C-4CE5-8783-B2BB26B78D8B.jpeg","type":"image\/jpeg"}],"author":"Redacci\u00f3n QP","twitter_card":"summary_large_image","twitter_misc":{"Escrito por":"Redacci\u00f3n QP","Tiempo de lectura":"1 minuto"},"schema":{"@context":"https:\/\/schema.org","@graph":[{"@type":"Article","@id":"https:\/\/quehacerpolitico.mx\/?p=73606#article","isPartOf":{"@id":"https:\/\/quehacerpolitico.mx\/?p=73606"},"author":{"name":"Redacci\u00f3n QP","@id":"https:\/\/quehacerpolitico.mx\/#\/schema\/person\/496d8ad2d1d3f8036101dca7ee39e585"},"headline":"Beatriz Guti\u00e9rrez M\u00fcller agradece muestras de apoyo para AMLO","datePublished":"2021-01-28T20:09:36+00:00","mainEntityOfPage":{"@id":"https:\/\/quehacerpolitico.mx\/?p=73606"},"wordCount":286,"commentCount":0,"image":{"@id":"https:\/\/quehacerpolitico.mx\/?p=73606#primaryimage"},"thumbnailUrl":"https:\/\/quehacerpolitico.mx\/wp-content\/uploads\/2021\/01\/0CE156E2-F81C-4CE5-8783-B2BB26B78D8B.jpeg","articleSection":["Noticias"],"inLanguage":"es","potentialAction":[{"@type":"CommentAction","name":"Comment","target":["https:\/\/quehacerpolitico.mx\/?p=73606#respond"]}]},{"@type":"WebPage","@id":"https:\/\/quehacerpolitico.mx\/?p=73606","url":"https:\/\/quehacerpolitico.mx\/?p=73606","name":"Beatriz Guti\u00e9rrez M\u00fcller agradece muestras de apoyo para AMLO -","isPartOf":{"@id":"https:\/\/quehacerpolitico.mx\/#website"},"primaryImageOfPage":{"@id":"https:\/\/quehacerpolitico.mx\/?p=73606#primaryimage"},"image":{"@id":"https:\/\/quehacerpolitico.mx\/?p=73606#primaryimage"},"thumbnailUrl":"https:\/\/quehacerpolitico.mx\/wp-content\/uploads\/2021\/01\/0CE156E2-F81C-4CE5-8783-B2BB26B78D8B.jpeg","datePublished":"2021-01-28T20:09:36+00:00","author":{"@id":"https:\/\/quehacerpolitico.mx\/#\/schema\/person\/496d8ad2d1d3f8036101dca7ee39e585"},"breadcrumb":{"@id":"https:\/\/quehacerpolitico.mx\/?p=73606#breadcrumb"},"inLanguage":"es","potentialAction":[{"@type":"ReadAction","target":["https:\/\/quehacerpolitico.mx\/?p=73606"]}]},{"@type":"ImageObject","inLanguage":"es","@id":"https:\/\/quehacerpolitico.mx\/?p=73606#primaryimage","url":"https:\/\/quehacerpolitico.mx\/wp-content\/uploads\/2021\/01\/0CE156E2-F81C-4CE5-8783-B2BB26B78D8B.jpeg","contentUrl":"https:\/\/quehacerpolitico.mx\/wp-content\/uploads\/2021\/01\/0CE156E2-F81C-4CE5-8783-B2BB26B78D8B.jpeg","width":558,"height":550},{"@type":"BreadcrumbList","@id":"https:\/\/quehacerpolitico.mx\/?p=73606#breadcrumb","itemListElement":[{"@type":"ListItem","position":1,"name":"Inicio","item":"https:\/\/quehacerpolitico.mx\/"},{"@type":"ListItem","position":2,"name":"Beatriz Guti\u00e9rrez M\u00fcller agradece muestras de apoyo para AMLO"}]},{"@type":"WebSite","@id":"https:\/\/quehacerpolitico.mx\/#website","url":"https:\/\/quehacerpolitico.mx\/","name":"","description":"","potentialAction":[{"@type":"SearchAction","target":{"@type":"EntryPoint","urlTemplate":"https:\/\/quehacerpolitico.mx\/?s={search_term_string}"},"query-input":{"@type":"PropertyValueSpecification","valueRequired":true,"valueName":"search_term_string"}}],"inLanguage":"es"},{"@type":"Person","@id":"https:\/\/quehacerpolitico.mx\/#\/schema\/person\/496d8ad2d1d3f8036101dca7ee39e585","name":"Redacci\u00f3n QP","image":{"@type":"ImageObject","inLanguage":"es","@id":"https:\/\/secure.gravatar.com\/avatar\/c7164ed6fdec453195284ad24a5ae5b6e1eed2b848477fa2a4787ba9adf39a41?s=96&d=mm&r=g","url":"https:\/\/secure.gravatar.com\/avatar\/c7164ed6fdec453195284ad24a5ae5b6e1eed2b848477fa2a4787ba9adf39a41?s=96&d=mm&r=g","contentUrl":"https:\/\/secure.gravatar.com\/avatar\/c7164ed6fdec453195284ad24a5ae5b6e1eed2b848477fa2a4787ba9adf39a41?s=96&d=mm&r=g","caption":"Redacci\u00f3n QP"},"url":"https:\/\/quehacerpolitico.mx\/?author=2"}]}},"featured_image_urls":{"full":["https:\/\/quehacerpolitico.mx\/wp-content\/uploads\/2021\/01\/0CE156E2-F81C-4CE5-8783-B2BB26B78D8B.jpeg",558,550,false],"thumbnail":["https:\/\/quehacerpolitico.mx\/wp-content\/uploads\/2021\/01\/0CE156E2-F81C-4CE5-8783-B2BB26B78D8B-150x150.jpeg",150,150,true],"medium":["https:\/\/quehacerpolitico.mx\/wp-content\/uploads\/2021\/01\/0CE156E2-F81C-4CE5-8783-B2BB26B78D8B-300x296.jpeg",300,296,true],"medium_large":["https:\/\/quehacerpolitico.mx\/wp-content\/uploads\/2021\/01\/0CE156E2-F81C-4CE5-8783-B2BB26B78D8B.jpeg",558,550,false],"large":["https:\/\/quehacerpolitico.mx\/wp-content\/uploads\/2021\/01\/0CE156E2-F81C-4CE5-8783-B2BB26B78D8B.jpeg",558,550,false],"1536x1536":["https:\/\/quehacerpolitico.mx\/wp-content\/uploads\/2021\/01\/0CE156E2-F81C-4CE5-8783-B2BB26B78D8B.jpeg",558,550,false],"2048x2048":["https:\/\/quehacerpolitico.mx\/wp-content\/uploads\/2021\/01\/0CE156E2-F81C-4CE5-8783-B2BB26B78D8B.jpeg",558,550,false],"covernews-featured":["https:\/\/quehacerpolitico.mx\/wp-content\/uploads\/2021\/01\/0CE156E2-F81C-4CE5-8783-B2BB26B78D8B.jpeg",558,550,false],"covernews-medium":["https:\/\/quehacerpolitico.mx\/wp-content\/uploads\/2021\/01\/0CE156E2-F81C-4CE5-8783-B2BB26B78D8B.jpeg",345,340,false]},"author_info":{"display_name":"Redacci\u00f3n QP","author_link":"https:\/\/quehacerpolitico.mx\/?author=2"},"category_info":"<a href=\"https:\/\/quehacerpolitico.mx\/?cat=2\" rel=\"category\">Noticias<\/a>","tag_info":"Noticias","comment_count":"0","_links":{"self":[{"href":"https:\/\/quehacerpolitico.mx\/index.php?rest_route=\/wp\/v2\/posts\/73606","targetHints":{"allow":["GET"]}}],"collection":[{"href":"https:\/\/quehacerpolitico.mx\/index.php?rest_route=\/wp\/v2\/posts"}],"about":[{"href":"https:\/\/quehacerpolitico.mx\/index.php?rest_route=\/wp\/v2\/types\/post"}],"author":[{"embeddable":true,"href":"https:\/\/quehacerpolitico.mx\/index.php?rest_route=\/wp\/v2\/users\/2"}],"replies":[{"embeddable":true,"href":"https:\/\/quehacerpolitico.mx\/index.php?rest_route=%2Fwp%2Fv2%2Fcomments&post=73606"}],"version-history":[{"count":0,"href":"https:\/\/quehacerpolitico.mx\/index.php?rest_route=\/wp\/v2\/posts\/73606\/revisions"}],"wp:featuredmedia":[{"embeddable":true,"href":"https:\/\/quehacerpolitico.mx\/index.php?rest_route=\/wp\/v2\/media\/73609"}],"wp:attachment":[{"href":"https:\/\/quehacerpolitico.mx\/index.php?rest_route=%2Fwp%2Fv2%2Fmedia&parent=73606"}],"wp:term":[{"taxonomy":"category","embeddable":true,"href":"https:\/\/quehacerpolitico.mx\/index.php?rest_route=%2Fwp%2Fv2%2Fcategories&post=73606"},{"taxonomy":"post_tag","embeddable":true,"href":"https:\/\/quehacerpolitico.mx\/index.php?rest_route=%2Fwp%2Fv2%2Ftags&post=73606"}],"curies":[{"name":"wp","href":"https:\/\/api.w.org\/{rel}","templated":true}]}}