{"id":73601,"date":"2021-01-28T19:58:42","date_gmt":"2021-01-28T19:58:42","guid":{"rendered":"https:\/\/quehacerpolitico.mx\/?p=73601"},"modified":"2021-01-28T19:58:42","modified_gmt":"2021-01-28T19:58:42","slug":"internacionales-carolina-alonso-romei-felipe-vi-anima-mexico-realzar-el-pasado-comun-en-el-bicentenario","status":"publish","type":"post","link":"https:\/\/quehacerpolitico.mx\/?p=73601","title":{"rendered":"Internacionales\/\/\/Carolina Alonso Romei\/\/\/Felipe VI anima a M\u00e9xico a &#8221;realzar el pasado com\u00fan&#8221; en el bicentenario"},"content":{"rendered":"<h1 class=\"news-title\">Felipe VI anima a M\u00e9xico a &#8221;realzar el pasado com\u00fan&#8221; en el bicentenario<br \/>\nPor Carolina Alonso Romei<\/h1>\n<p>Internacionalista<\/p>\n<p>El rey de Espa\u00f1a, Felipe VI, anima a M\u00e9xico a &#8221;realzar el pasado com\u00fan&#8221; y reiterar &#8221;la firme determinaci\u00f3n&#8221; de seguir contribuyendo al &#8221;desarrollo y bienestar, presente y futuro&#8221; de ambos pueblos<\/p>\n<p>El rey de Espa\u00f1a, Felipe VI, anim\u00f3 este jueves a M\u00e9xico a <strong>aprovechar la celebraci\u00f3n del bicentenario de su independencia para &#8220;realzar el pasado com\u00fan&#8221;<\/strong> y reiterar &#8220;la firme determinaci\u00f3n&#8221; de seguir contribuyendo al &#8220;desarrollo y bienestar, presente y futuro&#8221; de ambos pueblos.<\/p>\n<p>Acompa\u00f1ado de la reina Letizia y del presidente del Gobierno espa\u00f1ol, Pedro S\u00e1nchez, Felipe VI presidi\u00f3 hoy la tradicional recepci\u00f3n al cuerpo diplom\u00e1tico acreditado en Espa\u00f1a en el Palacio Real, marcada por la pandemia, que llev\u00f3 a reducir a la mitad el n\u00famero de invitados.<\/p>\n<p>El monarca espa\u00f1ol <strong>destac\u00f3 &#8220;los profundos v\u00ednculos hist\u00f3ricos&#8221; con Iberoam\u00e9rica<\/strong> y expres\u00f3 el deseo de Espa\u00f1a de acompa\u00f1ar &#8220;activamente&#8221; las conmemoraciones este a\u00f1o de los bicentenarios de M\u00e9xico, Per\u00fa y las rep\u00fablicas centroamericanas.<\/p>\n<p>&#8220;Deben permitirnos, no s\u00f3lo realzar un pasado com\u00fan, sino tambi\u00e9n y, sobre todo, reiterar nuestra firme determinaci\u00f3n de seguir contribuyendo al desarrollo y bienestar, presente y futuro, de sus pueblos y ciudadanos&#8221;, afirm\u00f3.<\/p>\n<p>Felipe VI no hizo ninguna alusi\u00f3n al controvertido emplazamiento del Presidente mexicano, Andr\u00e9s Manuel L\u00f3pez Obrador (AMLO), para <strong>que Espa\u00f1a pida perd\u00f3n por la conquista de ese territorio hace cinco siglos.<\/strong><\/p>\n<p>El pasado d\u00eda 11, AMLO\u00a0ley\u00f3 la carta que le envi\u00f3 al rey de Espa\u00f1a en marzo de 2019 exigi\u00e9ndole la disculpa y enumerando <strong>la &#8220;vulneraci\u00f3n de derechos individuales y colectivos&#8221; que se cometi\u00f3 entonces contra el pueblo mexicano.<\/strong><\/p>\n<p>Felipe VI remarc\u00f3 que Espa\u00f1a has sentido &#8220;especialmente pr\u00f3ximas&#8221; las consecuencias que la crisis de la COVID-19 ha tenido en Iberoam\u00e9rica, lo que ha hecho estrechar a\u00fan m\u00e1s la cooperaci\u00f3n para avanzar en la recuperaci\u00f3n en \u00e1mbitos como la vacunaci\u00f3n o la financiaci\u00f3n internacional.<\/p>\n<p>Adem\u00e1s de la pandemia, record\u00f3 los graves da\u00f1os causados por los huracanes en Centroam\u00e9rica el pasado mes de noviembre y el viaje que semanas despu\u00e9s hizo la reina Letizia a Honduras para trasladar la ayuda solidaria de Espa\u00f1a y apoyar la reconstrucci\u00f3n.<\/p>\n<p>El monarca espa\u00f1ol conf\u00eda en que pueda celebrarse en abril la cumbre iberoamericana en Andorra, programada inicialmente para noviembre, pero que tuvo que aplazarse.<\/p>\n<p>En el 30 aniversario de estas cumbres, dijo que &#8220;enorgullece&#8221; constatar como este foro se articula como &#8220;verdadero escenario privilegiado de concertaci\u00f3n regional y multilateral, tan necesario&#8221; en la actualidad.<\/p>\n<p>De igual modo, enfatiz\u00f3 el compromiso de Espa\u00f1a con la integraci\u00f3n centroamericana y &#8220;el fortalecimiento de sus instituciones y sistemas democr\u00e1ticos&#8221;.<\/p>\n<p><strong>Valor\u00f3 el fin de las negociaciones para renovar el acuerdo entre la UE y M\u00e9xico<\/strong> y dese\u00f3 que este a\u00f1o se obtengan avances en los acuerdos con Mercosur y Chile.<\/p>\n<p>Tras el relevo en la Casa Blanca, el monarca espa\u00f1ol felicit\u00f3 al nuevo presidente de Estados Unidos, Joe Biden, y se mostr\u00f3 convencido de que las relaciones con Espa\u00f1a saldr\u00e1n &#8220;fortalecidas y enriquecidas&#8221;.<\/p>\n<p>A la recepci\u00f3n en el Palacio Real asistieron algo m\u00e1s de un centenar de embajadores y representantes de organismos internacionales, como la secretaria general iberoamericana, Rebeca Grynspan.<\/p>\n<p>Entre las ausencias, la m\u00e1s destacada fue la del embajador estadounidense, puesto que el que nombr\u00f3 Donald Trump renunci\u00f3 al cargo poco antes de que Biden tomara posesi\u00f3n.<\/p>\n<p>Venezuela y Bolivia tampoco tienen nombrado a su nuevo embajador en Espa\u00f1a, por lo que acudieron diplom\u00e1ticos de rango menor.<\/p>\n<p>Entre los embajadores debutantes en la recepci\u00f3n, el argentino Ricardo Luis Alfons\u00edn, hijo del que fuera presidente de este pa\u00eds Ra\u00fal Alfons\u00edn entre 1983 y 1989.<\/p>\n<p>Con informaci\u00f3n de EFE<\/p>\n","protected":false},"excerpt":{"rendered":"<p>Felipe VI anima a M\u00e9xico a &#8221;realzar el pasado com\u00fan&#8221; en el bicentenario Por Carolina&#8230;<\/p>\n","protected":false},"author":2,"featured_media":73605,"comment_status":"open","ping_status":"open","sticky":false,"template":"","format":"standard","meta":{"_monsterinsights_skip_tracking":false,"_monsterinsights_sitenote_active":false,"_monsterinsights_sitenote_note":"","_monsterinsights_sitenote_category":0,"footnotes":""},"categories":[1],"tags":[],"class_list":["post-73601","post","type-post","status-publish","format-standard","has-post-thumbnail","hentry","category-sin-categoria"],"yoast_head":"<!-- This site is optimized with the Yoast SEO plugin v27.3 - https:\/\/yoast.com\/product\/yoast-seo-wordpress\/ -->\n<title>Internacionales\/\/\/Carolina Alonso Romei\/\/\/Felipe VI anima a M\u00e9xico a &#039;&#039;realzar el pasado com\u00fan&#039;&#039; en el bicentenario -<\/title>\n<meta name=\"robots\" content=\"index, follow, max-snippet:-1, max-image-preview:large, max-video-preview:-1\" \/>\n<link rel=\"canonical\" href=\"https:\/\/quehacerpolitico.mx\/?p=73601\" \/>\n<meta property=\"og:locale\" content=\"es_MX\" \/>\n<meta property=\"og:type\" content=\"article\" \/>\n<meta property=\"og:title\" content=\"Internacionales\/\/\/Carolina Alonso Romei\/\/\/Felipe VI anima a M\u00e9xico a &#039;&#039;realzar el pasado com\u00fan&#039;&#039; en el bicentenario -\" \/>\n<meta property=\"og:description\" content=\"Felipe VI anima a M\u00e9xico a &#8221;realzar el pasado com\u00fan&#8221; en el bicentenario Por Carolina...\" \/>\n<meta property=\"og:url\" content=\"https:\/\/quehacerpolitico.mx\/?p=73601\" \/>\n<meta property=\"article:published_time\" content=\"2021-01-28T19:58:42+00:00\" \/>\n<meta property=\"og:image\" content=\"https:\/\/quehacerpolitico.mx\/wp-content\/uploads\/2021\/01\/76292189-D7C4-4A0A-8C08-F91FCBADCC15.jpeg\" \/>\n\t<meta property=\"og:image:width\" content=\"640\" \/>\n\t<meta property=\"og:image:height\" content=\"480\" \/>\n\t<meta property=\"og:image:type\" content=\"image\/jpeg\" \/>\n<meta name=\"author\" content=\"Redacci\u00f3n QP\" \/>\n<meta name=\"twitter:card\" content=\"summary_large_image\" \/>\n<meta name=\"twitter:label1\" content=\"Escrito por\" \/>\n\t<meta name=\"twitter:data1\" content=\"Redacci\u00f3n QP\" \/>\n\t<meta name=\"twitter:label2\" content=\"Tiempo de lectura\" \/>\n\t<meta name=\"twitter:data2\" content=\"3 minutos\" \/>\n<script type=\"application\/ld+json\" class=\"yoast-schema-graph\">{\"@context\":\"https:\\\/\\\/schema.org\",\"@graph\":[{\"@type\":\"Article\",\"@id\":\"https:\\\/\\\/quehacerpolitico.mx\\\/?p=73601#article\",\"isPartOf\":{\"@id\":\"https:\\\/\\\/quehacerpolitico.mx\\\/?p=73601\"},\"author\":{\"name\":\"Redacci\u00f3n QP\",\"@id\":\"https:\\\/\\\/quehacerpolitico.mx\\\/#\\\/schema\\\/person\\\/496d8ad2d1d3f8036101dca7ee39e585\"},\"headline\":\"Internacionales\\\/\\\/\\\/Carolina Alonso Romei\\\/\\\/\\\/Felipe VI anima a M\u00e9xico a &#8221;realzar el pasado com\u00fan&#8221; en el bicentenario\",\"datePublished\":\"2021-01-28T19:58:42+00:00\",\"mainEntityOfPage\":{\"@id\":\"https:\\\/\\\/quehacerpolitico.mx\\\/?p=73601\"},\"wordCount\":695,\"commentCount\":0,\"image\":{\"@id\":\"https:\\\/\\\/quehacerpolitico.mx\\\/?p=73601#primaryimage\"},\"thumbnailUrl\":\"https:\\\/\\\/quehacerpolitico.mx\\\/wp-content\\\/uploads\\\/2021\\\/01\\\/76292189-D7C4-4A0A-8C08-F91FCBADCC15.jpeg\",\"articleSection\":[\"Internacionales\"],\"inLanguage\":\"es\",\"potentialAction\":[{\"@type\":\"CommentAction\",\"name\":\"Comment\",\"target\":[\"https:\\\/\\\/quehacerpolitico.mx\\\/?p=73601#respond\"]}]},{\"@type\":\"WebPage\",\"@id\":\"https:\\\/\\\/quehacerpolitico.mx\\\/?p=73601\",\"url\":\"https:\\\/\\\/quehacerpolitico.mx\\\/?p=73601\",\"name\":\"Internacionales\\\/\\\/\\\/Carolina Alonso Romei\\\/\\\/\\\/Felipe VI anima a M\u00e9xico a ''realzar el pasado com\u00fan'' en el bicentenario -\",\"isPartOf\":{\"@id\":\"https:\\\/\\\/quehacerpolitico.mx\\\/#website\"},\"primaryImageOfPage\":{\"@id\":\"https:\\\/\\\/quehacerpolitico.mx\\\/?p=73601#primaryimage\"},\"image\":{\"@id\":\"https:\\\/\\\/quehacerpolitico.mx\\\/?p=73601#primaryimage\"},\"thumbnailUrl\":\"https:\\\/\\\/quehacerpolitico.mx\\\/wp-content\\\/uploads\\\/2021\\\/01\\\/76292189-D7C4-4A0A-8C08-F91FCBADCC15.jpeg\",\"datePublished\":\"2021-01-28T19:58:42+00:00\",\"author\":{\"@id\":\"https:\\\/\\\/quehacerpolitico.mx\\\/#\\\/schema\\\/person\\\/496d8ad2d1d3f8036101dca7ee39e585\"},\"breadcrumb\":{\"@id\":\"https:\\\/\\\/quehacerpolitico.mx\\\/?p=73601#breadcrumb\"},\"inLanguage\":\"es\",\"potentialAction\":[{\"@type\":\"ReadAction\",\"target\":[\"https:\\\/\\\/quehacerpolitico.mx\\\/?p=73601\"]}]},{\"@type\":\"ImageObject\",\"inLanguage\":\"es\",\"@id\":\"https:\\\/\\\/quehacerpolitico.mx\\\/?p=73601#primaryimage\",\"url\":\"https:\\\/\\\/quehacerpolitico.mx\\\/wp-content\\\/uploads\\\/2021\\\/01\\\/76292189-D7C4-4A0A-8C08-F91FCBADCC15.jpeg\",\"contentUrl\":\"https:\\\/\\\/quehacerpolitico.mx\\\/wp-content\\\/uploads\\\/2021\\\/01\\\/76292189-D7C4-4A0A-8C08-F91FCBADCC15.jpeg\",\"width\":640,\"height\":480},{\"@type\":\"BreadcrumbList\",\"@id\":\"https:\\\/\\\/quehacerpolitico.mx\\\/?p=73601#breadcrumb\",\"itemListElement\":[{\"@type\":\"ListItem\",\"position\":1,\"name\":\"Inicio\",\"item\":\"https:\\\/\\\/quehacerpolitico.mx\\\/\"},{\"@type\":\"ListItem\",\"position\":2,\"name\":\"Internacionales\\\/\\\/\\\/Carolina Alonso Romei\\\/\\\/\\\/Felipe VI anima a M\u00e9xico a &#8221;realzar el pasado com\u00fan&#8221; en el bicentenario\"}]},{\"@type\":\"WebSite\",\"@id\":\"https:\\\/\\\/quehacerpolitico.mx\\\/#website\",\"url\":\"https:\\\/\\\/quehacerpolitico.mx\\\/\",\"name\":\"\",\"description\":\"\",\"potentialAction\":[{\"@type\":\"SearchAction\",\"target\":{\"@type\":\"EntryPoint\",\"urlTemplate\":\"https:\\\/\\\/quehacerpolitico.mx\\\/?s={search_term_string}\"},\"query-input\":{\"@type\":\"PropertyValueSpecification\",\"valueRequired\":true,\"valueName\":\"search_term_string\"}}],\"inLanguage\":\"es\"},{\"@type\":\"Person\",\"@id\":\"https:\\\/\\\/quehacerpolitico.mx\\\/#\\\/schema\\\/person\\\/496d8ad2d1d3f8036101dca7ee39e585\",\"name\":\"Redacci\u00f3n QP\",\"image\":{\"@type\":\"ImageObject\",\"inLanguage\":\"es\",\"@id\":\"https:\\\/\\\/secure.gravatar.com\\\/avatar\\\/c7164ed6fdec453195284ad24a5ae5b6e1eed2b848477fa2a4787ba9adf39a41?s=96&d=mm&r=g\",\"url\":\"https:\\\/\\\/secure.gravatar.com\\\/avatar\\\/c7164ed6fdec453195284ad24a5ae5b6e1eed2b848477fa2a4787ba9adf39a41?s=96&d=mm&r=g\",\"contentUrl\":\"https:\\\/\\\/secure.gravatar.com\\\/avatar\\\/c7164ed6fdec453195284ad24a5ae5b6e1eed2b848477fa2a4787ba9adf39a41?s=96&d=mm&r=g\",\"caption\":\"Redacci\u00f3n QP\"},\"url\":\"https:\\\/\\\/quehacerpolitico.mx\\\/?author=2\"}]}<\/script>\n<!-- \/ Yoast SEO plugin. -->","yoast_head_json":{"title":"Internacionales\/\/\/Carolina Alonso Romei\/\/\/Felipe VI anima a M\u00e9xico a ''realzar el pasado com\u00fan'' en el bicentenario -","robots":{"index":"index","follow":"follow","max-snippet":"max-snippet:-1","max-image-preview":"max-image-preview:large","max-video-preview":"max-video-preview:-1"},"canonical":"https:\/\/quehacerpolitico.mx\/?p=73601","og_locale":"es_MX","og_type":"article","og_title":"Internacionales\/\/\/Carolina Alonso Romei\/\/\/Felipe VI anima a M\u00e9xico a ''realzar el pasado com\u00fan'' en el bicentenario -","og_description":"Felipe VI anima a M\u00e9xico a &#8221;realzar el pasado com\u00fan&#8221; en el bicentenario Por Carolina...","og_url":"https:\/\/quehacerpolitico.mx\/?p=73601","article_published_time":"2021-01-28T19:58:42+00:00","og_image":[{"width":640,"height":480,"url":"https:\/\/quehacerpolitico.mx\/wp-content\/uploads\/2021\/01\/76292189-D7C4-4A0A-8C08-F91FCBADCC15.jpeg","type":"image\/jpeg"}],"author":"Redacci\u00f3n QP","twitter_card":"summary_large_image","twitter_misc":{"Escrito por":"Redacci\u00f3n QP","Tiempo de lectura":"3 minutos"},"schema":{"@context":"https:\/\/schema.org","@graph":[{"@type":"Article","@id":"https:\/\/quehacerpolitico.mx\/?p=73601#article","isPartOf":{"@id":"https:\/\/quehacerpolitico.mx\/?p=73601"},"author":{"name":"Redacci\u00f3n QP","@id":"https:\/\/quehacerpolitico.mx\/#\/schema\/person\/496d8ad2d1d3f8036101dca7ee39e585"},"headline":"Internacionales\/\/\/Carolina Alonso Romei\/\/\/Felipe VI anima a M\u00e9xico a &#8221;realzar el pasado com\u00fan&#8221; en el bicentenario","datePublished":"2021-01-28T19:58:42+00:00","mainEntityOfPage":{"@id":"https:\/\/quehacerpolitico.mx\/?p=73601"},"wordCount":695,"commentCount":0,"image":{"@id":"https:\/\/quehacerpolitico.mx\/?p=73601#primaryimage"},"thumbnailUrl":"https:\/\/quehacerpolitico.mx\/wp-content\/uploads\/2021\/01\/76292189-D7C4-4A0A-8C08-F91FCBADCC15.jpeg","articleSection":["Internacionales"],"inLanguage":"es","potentialAction":[{"@type":"CommentAction","name":"Comment","target":["https:\/\/quehacerpolitico.mx\/?p=73601#respond"]}]},{"@type":"WebPage","@id":"https:\/\/quehacerpolitico.mx\/?p=73601","url":"https:\/\/quehacerpolitico.mx\/?p=73601","name":"Internacionales\/\/\/Carolina Alonso Romei\/\/\/Felipe VI anima a M\u00e9xico a ''realzar el pasado com\u00fan'' en el bicentenario -","isPartOf":{"@id":"https:\/\/quehacerpolitico.mx\/#website"},"primaryImageOfPage":{"@id":"https:\/\/quehacerpolitico.mx\/?p=73601#primaryimage"},"image":{"@id":"https:\/\/quehacerpolitico.mx\/?p=73601#primaryimage"},"thumbnailUrl":"https:\/\/quehacerpolitico.mx\/wp-content\/uploads\/2021\/01\/76292189-D7C4-4A0A-8C08-F91FCBADCC15.jpeg","datePublished":"2021-01-28T19:58:42+00:00","author":{"@id":"https:\/\/quehacerpolitico.mx\/#\/schema\/person\/496d8ad2d1d3f8036101dca7ee39e585"},"breadcrumb":{"@id":"https:\/\/quehacerpolitico.mx\/?p=73601#breadcrumb"},"inLanguage":"es","potentialAction":[{"@type":"ReadAction","target":["https:\/\/quehacerpolitico.mx\/?p=73601"]}]},{"@type":"ImageObject","inLanguage":"es","@id":"https:\/\/quehacerpolitico.mx\/?p=73601#primaryimage","url":"https:\/\/quehacerpolitico.mx\/wp-content\/uploads\/2021\/01\/76292189-D7C4-4A0A-8C08-F91FCBADCC15.jpeg","contentUrl":"https:\/\/quehacerpolitico.mx\/wp-content\/uploads\/2021\/01\/76292189-D7C4-4A0A-8C08-F91FCBADCC15.jpeg","width":640,"height":480},{"@type":"BreadcrumbList","@id":"https:\/\/quehacerpolitico.mx\/?p=73601#breadcrumb","itemListElement":[{"@type":"ListItem","position":1,"name":"Inicio","item":"https:\/\/quehacerpolitico.mx\/"},{"@type":"ListItem","position":2,"name":"Internacionales\/\/\/Carolina Alonso Romei\/\/\/Felipe VI anima a M\u00e9xico a &#8221;realzar el pasado com\u00fan&#8221; en el bicentenario"}]},{"@type":"WebSite","@id":"https:\/\/quehacerpolitico.mx\/#website","url":"https:\/\/quehacerpolitico.mx\/","name":"","description":"","potentialAction":[{"@type":"SearchAction","target":{"@type":"EntryPoint","urlTemplate":"https:\/\/quehacerpolitico.mx\/?s={search_term_string}"},"query-input":{"@type":"PropertyValueSpecification","valueRequired":true,"valueName":"search_term_string"}}],"inLanguage":"es"},{"@type":"Person","@id":"https:\/\/quehacerpolitico.mx\/#\/schema\/person\/496d8ad2d1d3f8036101dca7ee39e585","name":"Redacci\u00f3n QP","image":{"@type":"ImageObject","inLanguage":"es","@id":"https:\/\/secure.gravatar.com\/avatar\/c7164ed6fdec453195284ad24a5ae5b6e1eed2b848477fa2a4787ba9adf39a41?s=96&d=mm&r=g","url":"https:\/\/secure.gravatar.com\/avatar\/c7164ed6fdec453195284ad24a5ae5b6e1eed2b848477fa2a4787ba9adf39a41?s=96&d=mm&r=g","contentUrl":"https:\/\/secure.gravatar.com\/avatar\/c7164ed6fdec453195284ad24a5ae5b6e1eed2b848477fa2a4787ba9adf39a41?s=96&d=mm&r=g","caption":"Redacci\u00f3n QP"},"url":"https:\/\/quehacerpolitico.mx\/?author=2"}]}},"featured_image_urls":{"full":["https:\/\/quehacerpolitico.mx\/wp-content\/uploads\/2021\/01\/76292189-D7C4-4A0A-8C08-F91FCBADCC15.jpeg",640,480,false],"thumbnail":["https:\/\/quehacerpolitico.mx\/wp-content\/uploads\/2021\/01\/76292189-D7C4-4A0A-8C08-F91FCBADCC15-150x150.jpeg",150,150,true],"medium":["https:\/\/quehacerpolitico.mx\/wp-content\/uploads\/2021\/01\/76292189-D7C4-4A0A-8C08-F91FCBADCC15-300x225.jpeg",300,225,true],"medium_large":["https:\/\/quehacerpolitico.mx\/wp-content\/uploads\/2021\/01\/76292189-D7C4-4A0A-8C08-F91FCBADCC15.jpeg",640,480,false],"large":["https:\/\/quehacerpolitico.mx\/wp-content\/uploads\/2021\/01\/76292189-D7C4-4A0A-8C08-F91FCBADCC15.jpeg",640,480,false],"1536x1536":["https:\/\/quehacerpolitico.mx\/wp-content\/uploads\/2021\/01\/76292189-D7C4-4A0A-8C08-F91FCBADCC15.jpeg",640,480,false],"2048x2048":["https:\/\/quehacerpolitico.mx\/wp-content\/uploads\/2021\/01\/76292189-D7C4-4A0A-8C08-F91FCBADCC15.jpeg",640,480,false],"covernews-featured":["https:\/\/quehacerpolitico.mx\/wp-content\/uploads\/2021\/01\/76292189-D7C4-4A0A-8C08-F91FCBADCC15.jpeg",640,480,false],"covernews-medium":["https:\/\/quehacerpolitico.mx\/wp-content\/uploads\/2021\/01\/76292189-D7C4-4A0A-8C08-F91FCBADCC15.jpeg",453,340,false]},"author_info":{"display_name":"Redacci\u00f3n QP","author_link":"https:\/\/quehacerpolitico.mx\/?author=2"},"category_info":"<a href=\"https:\/\/quehacerpolitico.mx\/?cat=1\" rel=\"category\">Internacionales<\/a>","tag_info":"Internacionales","comment_count":"0","_links":{"self":[{"href":"https:\/\/quehacerpolitico.mx\/index.php?rest_route=\/wp\/v2\/posts\/73601","targetHints":{"allow":["GET"]}}],"collection":[{"href":"https:\/\/quehacerpolitico.mx\/index.php?rest_route=\/wp\/v2\/posts"}],"about":[{"href":"https:\/\/quehacerpolitico.mx\/index.php?rest_route=\/wp\/v2\/types\/post"}],"author":[{"embeddable":true,"href":"https:\/\/quehacerpolitico.mx\/index.php?rest_route=\/wp\/v2\/users\/2"}],"replies":[{"embeddable":true,"href":"https:\/\/quehacerpolitico.mx\/index.php?rest_route=%2Fwp%2Fv2%2Fcomments&post=73601"}],"version-history":[{"count":0,"href":"https:\/\/quehacerpolitico.mx\/index.php?rest_route=\/wp\/v2\/posts\/73601\/revisions"}],"wp:featuredmedia":[{"embeddable":true,"href":"https:\/\/quehacerpolitico.mx\/index.php?rest_route=\/wp\/v2\/media\/73605"}],"wp:attachment":[{"href":"https:\/\/quehacerpolitico.mx\/index.php?rest_route=%2Fwp%2Fv2%2Fmedia&parent=73601"}],"wp:term":[{"taxonomy":"category","embeddable":true,"href":"https:\/\/quehacerpolitico.mx\/index.php?rest_route=%2Fwp%2Fv2%2Fcategories&post=73601"},{"taxonomy":"post_tag","embeddable":true,"href":"https:\/\/quehacerpolitico.mx\/index.php?rest_route=%2Fwp%2Fv2%2Ftags&post=73601"}],"curies":[{"name":"wp","href":"https:\/\/api.w.org\/{rel}","templated":true}]}}