{"id":73587,"date":"2021-01-28T19:32:34","date_gmt":"2021-01-28T19:32:34","guid":{"rendered":"https:\/\/quehacerpolitico.mx\/?p=73587"},"modified":"2021-01-28T19:32:34","modified_gmt":"2021-01-28T19:32:34","slug":"daft-punk-abre-posibilidad-de-estar-en-el-espectaculo-de-medio-tiempo","status":"publish","type":"post","link":"https:\/\/quehacerpolitico.mx\/?p=73587","title":{"rendered":"Daft Punk abre posibilidad de estar en el espect\u00e1culo de medio tiempo"},"content":{"rendered":"<h1 class=\"news-title\">Daft Punk abre posibilidad de estar en el espect\u00e1culo de medio tiempo<br \/>\nPor Redacci\u00f3n QP<\/h1>\n<div class=\"news-subtitle\">\n<p>Daft Punk, Ariana Grande y Kendrick Lamar aparecer\u00edan junto a The Weeknd en el show de medio tiempo del Super Bowl 2021<\/p>\n<\/div>\n<div class=\"social-share-box normal\">\n<p>Recientemente surgieron fuertes rumores que Daft Punk\u00a0<strong>acompa\u00f1ar\u00edan a The Weeknd, en el espect\u00e1culo de medio tiempo del Super Bowl 2021,<\/strong> donde <strong>Kansas City Chiefs<\/strong> se enfrentaran a <strong>Tampa Bay Bucaneers<\/strong> en el estadio Raymond James de Tampa el pr\u00f3ximo 7 de febrero.<\/p>\n<p>Los m\u00fasicos franceses se hicieron tendencia en las redes sociales y algunos medios filtraran la lista de canciones que\u00a0<strong>The Weeknd<\/strong> interpretar\u00e1 en el show.<\/p>\n<p>En la playlist <strong>aparecen Daft Punk acompa\u00f1ando al cantante canadiense en las canciones &#8220;I feel it coming&#8221; y &#8220;Starboy&#8221;, <\/strong>cabe destacar que el d\u00fao franc\u00e9s originalmente colaboraron en esos temas para el \u00e1lbum &#8220;Starboy&#8221; (2016).<\/p>\n<div>\n<figure class=\"image\"><img decoding=\"async\" title=\"\" src=\"https:\/\/www.informador.mx\/export\/sites\/elinformador\/img\/2021\/01\/28\/daft.jpg_934976853.jpg\" alt=\"\" hspace=\"5\" vspace=\"5\" data-height=\"487\" data-size=\"w:528,h:487\" data-width=\"528\" \/><figcaption>TWITTER \/ @porkestendencia<\/figcaption><\/figure>\n<\/div>\n<h2>Otros invitados para el medio tiempo<\/h2>\n<p>Ariana Grande es otra de las cantantes que podr\u00eda tener una aparici\u00f3n en el espect\u00e1culo de medio tiempo de la fiesta m\u00e1xima de la NFL. <strong>El nombre de la cantante estadounidense aparece en la playlist con su tema &#8220;Love me harder&#8221;\u00a0<\/strong>uno de los sencillos del disco &#8220;My Everything&#8221; que lanz\u00f3 en 2014 y que colabor\u00f3 con Abel.<\/p>\n<p>Kendrick Lamar tambi\u00e9n es otro de los cantantes que resaltan como artista invitado de The Weeknd con la canci\u00f3n &#8220;Pray for me&#8221;.<\/p>\n<div>\n<figure class=\"image\"><img decoding=\"async\" title=\"\" src=\"https:\/\/www.informador.mx\/export\/sites\/elinformador\/img\/2021\/01\/28\/4.jpg_53234805.jpg\" alt=\"\" hspace=\"5\" vspace=\"5\" data-height=\"378\" data-size=\"w:527,h:378\" data-width=\"527\" \/><figcaption>TWITTER<\/figcaption><\/figure>\n<\/div>\n<h2>Reaccionan en redes<\/h2>\n<p>Usuarios de las redes sociales reaccionaron a estos rumores y compartieron su emoci\u00f3n.<\/p>\n<div>\n<figure class=\"image\"><img decoding=\"async\" title=\"\" src=\"https:\/\/www.informador.mx\/export\/sites\/elinformador\/img\/2021\/01\/28\/1.jpg_467522671.jpg\" alt=\"\" hspace=\"5\" vspace=\"5\" data-height=\"106\" data-size=\"w:528,h:106\" data-width=\"528\" \/><figcaption>TWITTER<\/figcaption><\/figure>\n<\/div>\n<div>\n<figure class=\"image\"><img decoding=\"async\" title=\"\" src=\"https:\/\/www.informador.mx\/export\/sites\/elinformador\/img\/2021\/01\/28\/3.jpg_634788340.jpg\" alt=\"\" hspace=\"5\" vspace=\"5\" data-height=\"409\" data-size=\"w:527,h:409\" data-width=\"527\" \/><figcaption>TWITTER<\/figcaption><\/figure>\n<\/div>\n<p>El Super Bowl es el evento m\u00e1s esperado por los fan\u00e1ticos del futbol americano. <strong>The Weeknd<\/strong> ser\u00e1 el pr\u00f3ximo artista en protagonizar el show del medio tiempo, despu\u00e9s del gran \u00e9xito de Shakira y Jennifer L\u00f3pez.<\/p>\n<\/div>\n","protected":false},"excerpt":{"rendered":"<p>Daft Punk abre posibilidad de estar en el espect\u00e1culo de medio tiempo Por Redacci\u00f3n QP&#8230;<\/p>\n","protected":false},"author":2,"featured_media":73590,"comment_status":"open","ping_status":"open","sticky":false,"template":"","format":"standard","meta":{"_monsterinsights_skip_tracking":false,"_monsterinsights_sitenote_active":false,"_monsterinsights_sitenote_note":"","_monsterinsights_sitenote_category":0,"footnotes":""},"categories":[58],"tags":[],"class_list":["post-73587","post","type-post","status-publish","format-standard","has-post-thumbnail","hentry","category-cultura"],"yoast_head":"<!-- This site is optimized with the Yoast SEO plugin v27.3 - https:\/\/yoast.com\/product\/yoast-seo-wordpress\/ -->\n<title>Daft Punk abre posibilidad de estar en el espect\u00e1culo de medio tiempo -<\/title>\n<meta name=\"robots\" content=\"index, follow, max-snippet:-1, max-image-preview:large, max-video-preview:-1\" \/>\n<link rel=\"canonical\" href=\"https:\/\/quehacerpolitico.mx\/?p=73587\" \/>\n<meta property=\"og:locale\" content=\"es_MX\" \/>\n<meta property=\"og:type\" content=\"article\" \/>\n<meta property=\"og:title\" content=\"Daft Punk abre posibilidad de estar en el espect\u00e1culo de medio tiempo -\" \/>\n<meta property=\"og:description\" content=\"Daft Punk abre posibilidad de estar en el espect\u00e1culo de medio tiempo Por Redacci\u00f3n QP...\" \/>\n<meta property=\"og:url\" content=\"https:\/\/quehacerpolitico.mx\/?p=73587\" \/>\n<meta property=\"article:published_time\" content=\"2021-01-28T19:32:34+00:00\" \/>\n<meta property=\"og:image\" content=\"https:\/\/quehacerpolitico.mx\/wp-content\/uploads\/2021\/01\/771ADA21-2333-4665-A833-02E4F14AC8BF.jpeg\" \/>\n\t<meta property=\"og:image:width\" content=\"734\" \/>\n\t<meta property=\"og:image:height\" content=\"418\" \/>\n\t<meta property=\"og:image:type\" content=\"image\/jpeg\" \/>\n<meta name=\"author\" content=\"Redacci\u00f3n QP\" \/>\n<meta name=\"twitter:card\" content=\"summary_large_image\" \/>\n<meta name=\"twitter:label1\" content=\"Escrito por\" \/>\n\t<meta name=\"twitter:data1\" content=\"Redacci\u00f3n QP\" \/>\n\t<meta name=\"twitter:label2\" content=\"Tiempo de lectura\" \/>\n\t<meta name=\"twitter:data2\" content=\"2 minutos\" \/>\n<script type=\"application\/ld+json\" class=\"yoast-schema-graph\">{\"@context\":\"https:\\\/\\\/schema.org\",\"@graph\":[{\"@type\":\"Article\",\"@id\":\"https:\\\/\\\/quehacerpolitico.mx\\\/?p=73587#article\",\"isPartOf\":{\"@id\":\"https:\\\/\\\/quehacerpolitico.mx\\\/?p=73587\"},\"author\":{\"name\":\"Redacci\u00f3n QP\",\"@id\":\"https:\\\/\\\/quehacerpolitico.mx\\\/#\\\/schema\\\/person\\\/496d8ad2d1d3f8036101dca7ee39e585\"},\"headline\":\"Daft Punk abre posibilidad de estar en el espect\u00e1culo de medio tiempo\",\"datePublished\":\"2021-01-28T19:32:34+00:00\",\"mainEntityOfPage\":{\"@id\":\"https:\\\/\\\/quehacerpolitico.mx\\\/?p=73587\"},\"wordCount\":314,\"commentCount\":0,\"image\":{\"@id\":\"https:\\\/\\\/quehacerpolitico.mx\\\/?p=73587#primaryimage\"},\"thumbnailUrl\":\"https:\\\/\\\/quehacerpolitico.mx\\\/wp-content\\\/uploads\\\/2021\\\/01\\\/771ADA21-2333-4665-A833-02E4F14AC8BF.jpeg\",\"articleSection\":[\"Cultura y Entretenimiento\"],\"inLanguage\":\"es\",\"potentialAction\":[{\"@type\":\"CommentAction\",\"name\":\"Comment\",\"target\":[\"https:\\\/\\\/quehacerpolitico.mx\\\/?p=73587#respond\"]}]},{\"@type\":\"WebPage\",\"@id\":\"https:\\\/\\\/quehacerpolitico.mx\\\/?p=73587\",\"url\":\"https:\\\/\\\/quehacerpolitico.mx\\\/?p=73587\",\"name\":\"Daft Punk abre posibilidad de estar en el espect\u00e1culo de medio tiempo -\",\"isPartOf\":{\"@id\":\"https:\\\/\\\/quehacerpolitico.mx\\\/#website\"},\"primaryImageOfPage\":{\"@id\":\"https:\\\/\\\/quehacerpolitico.mx\\\/?p=73587#primaryimage\"},\"image\":{\"@id\":\"https:\\\/\\\/quehacerpolitico.mx\\\/?p=73587#primaryimage\"},\"thumbnailUrl\":\"https:\\\/\\\/quehacerpolitico.mx\\\/wp-content\\\/uploads\\\/2021\\\/01\\\/771ADA21-2333-4665-A833-02E4F14AC8BF.jpeg\",\"datePublished\":\"2021-01-28T19:32:34+00:00\",\"author\":{\"@id\":\"https:\\\/\\\/quehacerpolitico.mx\\\/#\\\/schema\\\/person\\\/496d8ad2d1d3f8036101dca7ee39e585\"},\"breadcrumb\":{\"@id\":\"https:\\\/\\\/quehacerpolitico.mx\\\/?p=73587#breadcrumb\"},\"inLanguage\":\"es\",\"potentialAction\":[{\"@type\":\"ReadAction\",\"target\":[\"https:\\\/\\\/quehacerpolitico.mx\\\/?p=73587\"]}]},{\"@type\":\"ImageObject\",\"inLanguage\":\"es\",\"@id\":\"https:\\\/\\\/quehacerpolitico.mx\\\/?p=73587#primaryimage\",\"url\":\"https:\\\/\\\/quehacerpolitico.mx\\\/wp-content\\\/uploads\\\/2021\\\/01\\\/771ADA21-2333-4665-A833-02E4F14AC8BF.jpeg\",\"contentUrl\":\"https:\\\/\\\/quehacerpolitico.mx\\\/wp-content\\\/uploads\\\/2021\\\/01\\\/771ADA21-2333-4665-A833-02E4F14AC8BF.jpeg\",\"width\":734,\"height\":418},{\"@type\":\"BreadcrumbList\",\"@id\":\"https:\\\/\\\/quehacerpolitico.mx\\\/?p=73587#breadcrumb\",\"itemListElement\":[{\"@type\":\"ListItem\",\"position\":1,\"name\":\"Inicio\",\"item\":\"https:\\\/\\\/quehacerpolitico.mx\\\/\"},{\"@type\":\"ListItem\",\"position\":2,\"name\":\"Daft Punk abre posibilidad de estar en el espect\u00e1culo de medio tiempo\"}]},{\"@type\":\"WebSite\",\"@id\":\"https:\\\/\\\/quehacerpolitico.mx\\\/#website\",\"url\":\"https:\\\/\\\/quehacerpolitico.mx\\\/\",\"name\":\"\",\"description\":\"\",\"potentialAction\":[{\"@type\":\"SearchAction\",\"target\":{\"@type\":\"EntryPoint\",\"urlTemplate\":\"https:\\\/\\\/quehacerpolitico.mx\\\/?s={search_term_string}\"},\"query-input\":{\"@type\":\"PropertyValueSpecification\",\"valueRequired\":true,\"valueName\":\"search_term_string\"}}],\"inLanguage\":\"es\"},{\"@type\":\"Person\",\"@id\":\"https:\\\/\\\/quehacerpolitico.mx\\\/#\\\/schema\\\/person\\\/496d8ad2d1d3f8036101dca7ee39e585\",\"name\":\"Redacci\u00f3n QP\",\"image\":{\"@type\":\"ImageObject\",\"inLanguage\":\"es\",\"@id\":\"https:\\\/\\\/secure.gravatar.com\\\/avatar\\\/c7164ed6fdec453195284ad24a5ae5b6e1eed2b848477fa2a4787ba9adf39a41?s=96&d=mm&r=g\",\"url\":\"https:\\\/\\\/secure.gravatar.com\\\/avatar\\\/c7164ed6fdec453195284ad24a5ae5b6e1eed2b848477fa2a4787ba9adf39a41?s=96&d=mm&r=g\",\"contentUrl\":\"https:\\\/\\\/secure.gravatar.com\\\/avatar\\\/c7164ed6fdec453195284ad24a5ae5b6e1eed2b848477fa2a4787ba9adf39a41?s=96&d=mm&r=g\",\"caption\":\"Redacci\u00f3n QP\"},\"url\":\"https:\\\/\\\/quehacerpolitico.mx\\\/?author=2\"}]}<\/script>\n<!-- \/ Yoast SEO plugin. -->","yoast_head_json":{"title":"Daft Punk abre posibilidad de estar en el espect\u00e1culo de medio tiempo -","robots":{"index":"index","follow":"follow","max-snippet":"max-snippet:-1","max-image-preview":"max-image-preview:large","max-video-preview":"max-video-preview:-1"},"canonical":"https:\/\/quehacerpolitico.mx\/?p=73587","og_locale":"es_MX","og_type":"article","og_title":"Daft Punk abre posibilidad de estar en el espect\u00e1culo de medio tiempo -","og_description":"Daft Punk abre posibilidad de estar en el espect\u00e1culo de medio tiempo Por Redacci\u00f3n QP...","og_url":"https:\/\/quehacerpolitico.mx\/?p=73587","article_published_time":"2021-01-28T19:32:34+00:00","og_image":[{"width":734,"height":418,"url":"https:\/\/quehacerpolitico.mx\/wp-content\/uploads\/2021\/01\/771ADA21-2333-4665-A833-02E4F14AC8BF.jpeg","type":"image\/jpeg"}],"author":"Redacci\u00f3n QP","twitter_card":"summary_large_image","twitter_misc":{"Escrito por":"Redacci\u00f3n QP","Tiempo de lectura":"2 minutos"},"schema":{"@context":"https:\/\/schema.org","@graph":[{"@type":"Article","@id":"https:\/\/quehacerpolitico.mx\/?p=73587#article","isPartOf":{"@id":"https:\/\/quehacerpolitico.mx\/?p=73587"},"author":{"name":"Redacci\u00f3n QP","@id":"https:\/\/quehacerpolitico.mx\/#\/schema\/person\/496d8ad2d1d3f8036101dca7ee39e585"},"headline":"Daft Punk abre posibilidad de estar en el espect\u00e1culo de medio tiempo","datePublished":"2021-01-28T19:32:34+00:00","mainEntityOfPage":{"@id":"https:\/\/quehacerpolitico.mx\/?p=73587"},"wordCount":314,"commentCount":0,"image":{"@id":"https:\/\/quehacerpolitico.mx\/?p=73587#primaryimage"},"thumbnailUrl":"https:\/\/quehacerpolitico.mx\/wp-content\/uploads\/2021\/01\/771ADA21-2333-4665-A833-02E4F14AC8BF.jpeg","articleSection":["Cultura y Entretenimiento"],"inLanguage":"es","potentialAction":[{"@type":"CommentAction","name":"Comment","target":["https:\/\/quehacerpolitico.mx\/?p=73587#respond"]}]},{"@type":"WebPage","@id":"https:\/\/quehacerpolitico.mx\/?p=73587","url":"https:\/\/quehacerpolitico.mx\/?p=73587","name":"Daft Punk abre posibilidad de estar en el espect\u00e1culo de medio tiempo -","isPartOf":{"@id":"https:\/\/quehacerpolitico.mx\/#website"},"primaryImageOfPage":{"@id":"https:\/\/quehacerpolitico.mx\/?p=73587#primaryimage"},"image":{"@id":"https:\/\/quehacerpolitico.mx\/?p=73587#primaryimage"},"thumbnailUrl":"https:\/\/quehacerpolitico.mx\/wp-content\/uploads\/2021\/01\/771ADA21-2333-4665-A833-02E4F14AC8BF.jpeg","datePublished":"2021-01-28T19:32:34+00:00","author":{"@id":"https:\/\/quehacerpolitico.mx\/#\/schema\/person\/496d8ad2d1d3f8036101dca7ee39e585"},"breadcrumb":{"@id":"https:\/\/quehacerpolitico.mx\/?p=73587#breadcrumb"},"inLanguage":"es","potentialAction":[{"@type":"ReadAction","target":["https:\/\/quehacerpolitico.mx\/?p=73587"]}]},{"@type":"ImageObject","inLanguage":"es","@id":"https:\/\/quehacerpolitico.mx\/?p=73587#primaryimage","url":"https:\/\/quehacerpolitico.mx\/wp-content\/uploads\/2021\/01\/771ADA21-2333-4665-A833-02E4F14AC8BF.jpeg","contentUrl":"https:\/\/quehacerpolitico.mx\/wp-content\/uploads\/2021\/01\/771ADA21-2333-4665-A833-02E4F14AC8BF.jpeg","width":734,"height":418},{"@type":"BreadcrumbList","@id":"https:\/\/quehacerpolitico.mx\/?p=73587#breadcrumb","itemListElement":[{"@type":"ListItem","position":1,"name":"Inicio","item":"https:\/\/quehacerpolitico.mx\/"},{"@type":"ListItem","position":2,"name":"Daft Punk abre posibilidad de estar en el espect\u00e1culo de medio tiempo"}]},{"@type":"WebSite","@id":"https:\/\/quehacerpolitico.mx\/#website","url":"https:\/\/quehacerpolitico.mx\/","name":"","description":"","potentialAction":[{"@type":"SearchAction","target":{"@type":"EntryPoint","urlTemplate":"https:\/\/quehacerpolitico.mx\/?s={search_term_string}"},"query-input":{"@type":"PropertyValueSpecification","valueRequired":true,"valueName":"search_term_string"}}],"inLanguage":"es"},{"@type":"Person","@id":"https:\/\/quehacerpolitico.mx\/#\/schema\/person\/496d8ad2d1d3f8036101dca7ee39e585","name":"Redacci\u00f3n QP","image":{"@type":"ImageObject","inLanguage":"es","@id":"https:\/\/secure.gravatar.com\/avatar\/c7164ed6fdec453195284ad24a5ae5b6e1eed2b848477fa2a4787ba9adf39a41?s=96&d=mm&r=g","url":"https:\/\/secure.gravatar.com\/avatar\/c7164ed6fdec453195284ad24a5ae5b6e1eed2b848477fa2a4787ba9adf39a41?s=96&d=mm&r=g","contentUrl":"https:\/\/secure.gravatar.com\/avatar\/c7164ed6fdec453195284ad24a5ae5b6e1eed2b848477fa2a4787ba9adf39a41?s=96&d=mm&r=g","caption":"Redacci\u00f3n QP"},"url":"https:\/\/quehacerpolitico.mx\/?author=2"}]}},"featured_image_urls":{"full":["https:\/\/quehacerpolitico.mx\/wp-content\/uploads\/2021\/01\/771ADA21-2333-4665-A833-02E4F14AC8BF.jpeg",734,418,false],"thumbnail":["https:\/\/quehacerpolitico.mx\/wp-content\/uploads\/2021\/01\/771ADA21-2333-4665-A833-02E4F14AC8BF-150x150.jpeg",150,150,true],"medium":["https:\/\/quehacerpolitico.mx\/wp-content\/uploads\/2021\/01\/771ADA21-2333-4665-A833-02E4F14AC8BF-300x171.jpeg",300,171,true],"medium_large":["https:\/\/quehacerpolitico.mx\/wp-content\/uploads\/2021\/01\/771ADA21-2333-4665-A833-02E4F14AC8BF.jpeg",640,364,false],"large":["https:\/\/quehacerpolitico.mx\/wp-content\/uploads\/2021\/01\/771ADA21-2333-4665-A833-02E4F14AC8BF.jpeg",640,364,false],"1536x1536":["https:\/\/quehacerpolitico.mx\/wp-content\/uploads\/2021\/01\/771ADA21-2333-4665-A833-02E4F14AC8BF.jpeg",734,418,false],"2048x2048":["https:\/\/quehacerpolitico.mx\/wp-content\/uploads\/2021\/01\/771ADA21-2333-4665-A833-02E4F14AC8BF.jpeg",734,418,false],"covernews-featured":["https:\/\/quehacerpolitico.mx\/wp-content\/uploads\/2021\/01\/771ADA21-2333-4665-A833-02E4F14AC8BF.jpeg",734,418,false],"covernews-medium":["https:\/\/quehacerpolitico.mx\/wp-content\/uploads\/2021\/01\/771ADA21-2333-4665-A833-02E4F14AC8BF.jpeg",540,308,false]},"author_info":{"display_name":"Redacci\u00f3n QP","author_link":"https:\/\/quehacerpolitico.mx\/?author=2"},"category_info":"<a href=\"https:\/\/quehacerpolitico.mx\/?cat=58\" rel=\"category\">Cultura y Entretenimiento<\/a>","tag_info":"Cultura y Entretenimiento","comment_count":"0","_links":{"self":[{"href":"https:\/\/quehacerpolitico.mx\/index.php?rest_route=\/wp\/v2\/posts\/73587","targetHints":{"allow":["GET"]}}],"collection":[{"href":"https:\/\/quehacerpolitico.mx\/index.php?rest_route=\/wp\/v2\/posts"}],"about":[{"href":"https:\/\/quehacerpolitico.mx\/index.php?rest_route=\/wp\/v2\/types\/post"}],"author":[{"embeddable":true,"href":"https:\/\/quehacerpolitico.mx\/index.php?rest_route=\/wp\/v2\/users\/2"}],"replies":[{"embeddable":true,"href":"https:\/\/quehacerpolitico.mx\/index.php?rest_route=%2Fwp%2Fv2%2Fcomments&post=73587"}],"version-history":[{"count":0,"href":"https:\/\/quehacerpolitico.mx\/index.php?rest_route=\/wp\/v2\/posts\/73587\/revisions"}],"wp:featuredmedia":[{"embeddable":true,"href":"https:\/\/quehacerpolitico.mx\/index.php?rest_route=\/wp\/v2\/media\/73590"}],"wp:attachment":[{"href":"https:\/\/quehacerpolitico.mx\/index.php?rest_route=%2Fwp%2Fv2%2Fmedia&parent=73587"}],"wp:term":[{"taxonomy":"category","embeddable":true,"href":"https:\/\/quehacerpolitico.mx\/index.php?rest_route=%2Fwp%2Fv2%2Fcategories&post=73587"},{"taxonomy":"post_tag","embeddable":true,"href":"https:\/\/quehacerpolitico.mx\/index.php?rest_route=%2Fwp%2Fv2%2Ftags&post=73587"}],"curies":[{"name":"wp","href":"https:\/\/api.w.org\/{rel}","templated":true}]}}