{"id":73582,"date":"2021-01-28T19:22:03","date_gmt":"2021-01-28T19:22:03","guid":{"rendered":"https:\/\/quehacerpolitico.mx\/?p=73582"},"modified":"2021-01-28T19:22:03","modified_gmt":"2021-01-28T19:22:03","slug":"netflix-confirma-segunda-temporada-de-lupin","status":"publish","type":"post","link":"https:\/\/quehacerpolitico.mx\/?p=73582","title":{"rendered":"Netflix confirma segunda temporada de &#8220;Lupin&#8221;"},"content":{"rendered":"<h1 class=\"news-title\">Netflix confirma segunda temporada de &#8220;Lupin&#8221;<br \/>\nPor Redacci\u00f3n QP<\/h1>\n<p>Omar Sy regresar\u00e1 al cat\u00e1logo de Netflix en verano de este a\u00f1o<\/p>\n<p><strong>Netflix <\/strong>confirm\u00f3 este jueves que su serie \u201c<strong>Lupin<\/strong>\u201d tendr\u00e1 una segunda temporada tras su \u00e9xito en la plataforma.<\/p>\n<p>La serie protagonizada por <strong>Omar Sy<\/strong> <strong>lleg\u00f3 al n\u00famero 1 del ranking del Top 10 de Netflix<\/strong>, seg\u00fan inform\u00f3 la compa\u00f1\u00eda en un comunicado.<\/p>\n<p>De acuerdo con Netflix, \u201cLupin\u201d regresar\u00e1 a la plataforma en verano de este a\u00f1o con cinco episodios dirigidos por Ludovic Bernard (\u201cEl Ascenso\u201d) y Hugo G\u00e9lin (\u201cUn amor a segunda vista\u201d).<\/p>\n<p>El elenco estar\u00e1 conformado por Omar Sy, Herv\u00e9 Pierre, Nicole Garcia, Clotilde Hesme, Ludivine Sagnier, Antoine Gouy, Shirine Boutella, Soufiane Guerrab.Creado por George Kay en colaboraci\u00f3n con Fran\u00e7ois Uzan.<\/p>\n<blockquote class=\"twitter-tweet\" data-width=\"550\" data-dnt=\"true\">\n<p lang=\"es\" dir=\"ltr\">Siempre un paso adelante. La parte 2 de Lupin llegar\u00e1 pr\u00f3ximamente. <a href=\"https:\/\/t.co\/CpVnJHrhLL\">pic.twitter.com\/CpVnJHrhLL<\/a><\/p>\n<p>&mdash; Netflix Latinoam\u00e9rica (@NetflixLAT) <a href=\"https:\/\/twitter.com\/NetflixLAT\/status\/1354822230476111889?ref_src=twsrc%5Etfw\">January 28, 2021<\/a><\/p><\/blockquote>\n<p><script async src=\"https:\/\/platform.twitter.com\/widgets.js\" charset=\"utf-8\"><\/script><\/p>\n<p>Durante el anuncio de Netflix el pasado 19 de enero, se dio a conocer que <strong>se prev\u00e9 que un total de 70 millones de hogares vean la serie en sus primeros 28 d\u00edas.<\/strong><\/p>\n<p>La serie \u201cLupin\u201d trae una historia inspirada en las aventuras de Arsenio Lupin, el caballero y ladr\u00f3n Assane Diop se propone vengar la muerte de su padre por las injusticias de una familia rica.<\/p>\n<h2>A continuaci\u00f3n el tr\u00e1iler de \u201cLupin\u201d:<\/h2>\n<p><iframe loading=\"lazy\" title=\"Lupin | Official Trailer | Netflix\" width=\"640\" height=\"360\" src=\"https:\/\/www.youtube.com\/embed\/ga0iTWXCGa0?feature=oembed\" frameborder=\"0\" allow=\"accelerometer; autoplay; clipboard-write; encrypted-media; gyroscope; picture-in-picture; web-share\" referrerpolicy=\"strict-origin-when-cross-origin\" allowfullscreen><\/iframe><\/p>\n<p>Con Informaci\u00f3n de Redes Sociales<\/p>\n","protected":false},"excerpt":{"rendered":"<p>Netflix confirma segunda temporada de &#8220;Lupin&#8221; Por Redacci\u00f3n QP Omar Sy regresar\u00e1 al cat\u00e1logo de&#8230;<\/p>\n","protected":false},"author":2,"featured_media":73585,"comment_status":"open","ping_status":"open","sticky":false,"template":"","format":"standard","meta":{"_monsterinsights_skip_tracking":false,"_monsterinsights_sitenote_active":false,"_monsterinsights_sitenote_note":"","_monsterinsights_sitenote_category":0,"footnotes":""},"categories":[58],"tags":[],"class_list":["post-73582","post","type-post","status-publish","format-standard","has-post-thumbnail","hentry","category-cultura"],"yoast_head":"<!-- This site is optimized with the Yoast SEO plugin v27.3 - https:\/\/yoast.com\/product\/yoast-seo-wordpress\/ -->\n<title>Netflix confirma segunda temporada de &quot;Lupin&quot; -<\/title>\n<meta name=\"robots\" content=\"index, follow, max-snippet:-1, max-image-preview:large, max-video-preview:-1\" \/>\n<link rel=\"canonical\" href=\"https:\/\/quehacerpolitico.mx\/?p=73582\" \/>\n<meta property=\"og:locale\" content=\"es_MX\" \/>\n<meta property=\"og:type\" content=\"article\" \/>\n<meta property=\"og:title\" content=\"Netflix confirma segunda temporada de &quot;Lupin&quot; -\" \/>\n<meta property=\"og:description\" content=\"Netflix confirma segunda temporada de &#8220;Lupin&#8221; Por Redacci\u00f3n QP Omar Sy regresar\u00e1 al cat\u00e1logo de...\" \/>\n<meta property=\"og:url\" content=\"https:\/\/quehacerpolitico.mx\/?p=73582\" \/>\n<meta property=\"article:published_time\" content=\"2021-01-28T19:22:03+00:00\" \/>\n<meta property=\"og:image\" content=\"https:\/\/quehacerpolitico.mx\/wp-content\/uploads\/2021\/01\/BF192E3C-C922-4114-A502-79820941EE6B.jpeg\" \/>\n\t<meta property=\"og:image:width\" content=\"1080\" \/>\n\t<meta property=\"og:image:height\" content=\"1080\" \/>\n\t<meta property=\"og:image:type\" content=\"image\/jpeg\" \/>\n<meta name=\"author\" content=\"Redacci\u00f3n QP\" \/>\n<meta name=\"twitter:card\" content=\"summary_large_image\" \/>\n<meta name=\"twitter:label1\" content=\"Escrito por\" \/>\n\t<meta name=\"twitter:data1\" content=\"Redacci\u00f3n QP\" \/>\n\t<meta name=\"twitter:label2\" content=\"Tiempo de lectura\" \/>\n\t<meta name=\"twitter:data2\" content=\"1 minuto\" \/>\n<script type=\"application\/ld+json\" class=\"yoast-schema-graph\">{\"@context\":\"https:\\\/\\\/schema.org\",\"@graph\":[{\"@type\":\"Article\",\"@id\":\"https:\\\/\\\/quehacerpolitico.mx\\\/?p=73582#article\",\"isPartOf\":{\"@id\":\"https:\\\/\\\/quehacerpolitico.mx\\\/?p=73582\"},\"author\":{\"name\":\"Redacci\u00f3n QP\",\"@id\":\"https:\\\/\\\/quehacerpolitico.mx\\\/#\\\/schema\\\/person\\\/496d8ad2d1d3f8036101dca7ee39e585\"},\"headline\":\"Netflix confirma segunda temporada de &#8220;Lupin&#8221;\",\"datePublished\":\"2021-01-28T19:22:03+00:00\",\"mainEntityOfPage\":{\"@id\":\"https:\\\/\\\/quehacerpolitico.mx\\\/?p=73582\"},\"wordCount\":229,\"commentCount\":0,\"image\":{\"@id\":\"https:\\\/\\\/quehacerpolitico.mx\\\/?p=73582#primaryimage\"},\"thumbnailUrl\":\"https:\\\/\\\/quehacerpolitico.mx\\\/wp-content\\\/uploads\\\/2021\\\/01\\\/BF192E3C-C922-4114-A502-79820941EE6B.jpeg\",\"articleSection\":[\"Cultura y Entretenimiento\"],\"inLanguage\":\"es\",\"potentialAction\":[{\"@type\":\"CommentAction\",\"name\":\"Comment\",\"target\":[\"https:\\\/\\\/quehacerpolitico.mx\\\/?p=73582#respond\"]}]},{\"@type\":\"WebPage\",\"@id\":\"https:\\\/\\\/quehacerpolitico.mx\\\/?p=73582\",\"url\":\"https:\\\/\\\/quehacerpolitico.mx\\\/?p=73582\",\"name\":\"Netflix confirma segunda temporada de \\\"Lupin\\\" -\",\"isPartOf\":{\"@id\":\"https:\\\/\\\/quehacerpolitico.mx\\\/#website\"},\"primaryImageOfPage\":{\"@id\":\"https:\\\/\\\/quehacerpolitico.mx\\\/?p=73582#primaryimage\"},\"image\":{\"@id\":\"https:\\\/\\\/quehacerpolitico.mx\\\/?p=73582#primaryimage\"},\"thumbnailUrl\":\"https:\\\/\\\/quehacerpolitico.mx\\\/wp-content\\\/uploads\\\/2021\\\/01\\\/BF192E3C-C922-4114-A502-79820941EE6B.jpeg\",\"datePublished\":\"2021-01-28T19:22:03+00:00\",\"author\":{\"@id\":\"https:\\\/\\\/quehacerpolitico.mx\\\/#\\\/schema\\\/person\\\/496d8ad2d1d3f8036101dca7ee39e585\"},\"breadcrumb\":{\"@id\":\"https:\\\/\\\/quehacerpolitico.mx\\\/?p=73582#breadcrumb\"},\"inLanguage\":\"es\",\"potentialAction\":[{\"@type\":\"ReadAction\",\"target\":[\"https:\\\/\\\/quehacerpolitico.mx\\\/?p=73582\"]}]},{\"@type\":\"ImageObject\",\"inLanguage\":\"es\",\"@id\":\"https:\\\/\\\/quehacerpolitico.mx\\\/?p=73582#primaryimage\",\"url\":\"https:\\\/\\\/quehacerpolitico.mx\\\/wp-content\\\/uploads\\\/2021\\\/01\\\/BF192E3C-C922-4114-A502-79820941EE6B.jpeg\",\"contentUrl\":\"https:\\\/\\\/quehacerpolitico.mx\\\/wp-content\\\/uploads\\\/2021\\\/01\\\/BF192E3C-C922-4114-A502-79820941EE6B.jpeg\",\"width\":1080,\"height\":1080},{\"@type\":\"BreadcrumbList\",\"@id\":\"https:\\\/\\\/quehacerpolitico.mx\\\/?p=73582#breadcrumb\",\"itemListElement\":[{\"@type\":\"ListItem\",\"position\":1,\"name\":\"Inicio\",\"item\":\"https:\\\/\\\/quehacerpolitico.mx\\\/\"},{\"@type\":\"ListItem\",\"position\":2,\"name\":\"Netflix confirma segunda temporada de &#8220;Lupin&#8221;\"}]},{\"@type\":\"WebSite\",\"@id\":\"https:\\\/\\\/quehacerpolitico.mx\\\/#website\",\"url\":\"https:\\\/\\\/quehacerpolitico.mx\\\/\",\"name\":\"\",\"description\":\"\",\"potentialAction\":[{\"@type\":\"SearchAction\",\"target\":{\"@type\":\"EntryPoint\",\"urlTemplate\":\"https:\\\/\\\/quehacerpolitico.mx\\\/?s={search_term_string}\"},\"query-input\":{\"@type\":\"PropertyValueSpecification\",\"valueRequired\":true,\"valueName\":\"search_term_string\"}}],\"inLanguage\":\"es\"},{\"@type\":\"Person\",\"@id\":\"https:\\\/\\\/quehacerpolitico.mx\\\/#\\\/schema\\\/person\\\/496d8ad2d1d3f8036101dca7ee39e585\",\"name\":\"Redacci\u00f3n QP\",\"image\":{\"@type\":\"ImageObject\",\"inLanguage\":\"es\",\"@id\":\"https:\\\/\\\/secure.gravatar.com\\\/avatar\\\/c7164ed6fdec453195284ad24a5ae5b6e1eed2b848477fa2a4787ba9adf39a41?s=96&d=mm&r=g\",\"url\":\"https:\\\/\\\/secure.gravatar.com\\\/avatar\\\/c7164ed6fdec453195284ad24a5ae5b6e1eed2b848477fa2a4787ba9adf39a41?s=96&d=mm&r=g\",\"contentUrl\":\"https:\\\/\\\/secure.gravatar.com\\\/avatar\\\/c7164ed6fdec453195284ad24a5ae5b6e1eed2b848477fa2a4787ba9adf39a41?s=96&d=mm&r=g\",\"caption\":\"Redacci\u00f3n QP\"},\"url\":\"https:\\\/\\\/quehacerpolitico.mx\\\/?author=2\"}]}<\/script>\n<!-- \/ Yoast SEO plugin. -->","yoast_head_json":{"title":"Netflix confirma segunda temporada de \"Lupin\" -","robots":{"index":"index","follow":"follow","max-snippet":"max-snippet:-1","max-image-preview":"max-image-preview:large","max-video-preview":"max-video-preview:-1"},"canonical":"https:\/\/quehacerpolitico.mx\/?p=73582","og_locale":"es_MX","og_type":"article","og_title":"Netflix confirma segunda temporada de \"Lupin\" -","og_description":"Netflix confirma segunda temporada de &#8220;Lupin&#8221; Por Redacci\u00f3n QP Omar Sy regresar\u00e1 al cat\u00e1logo de...","og_url":"https:\/\/quehacerpolitico.mx\/?p=73582","article_published_time":"2021-01-28T19:22:03+00:00","og_image":[{"width":1080,"height":1080,"url":"https:\/\/quehacerpolitico.mx\/wp-content\/uploads\/2021\/01\/BF192E3C-C922-4114-A502-79820941EE6B.jpeg","type":"image\/jpeg"}],"author":"Redacci\u00f3n QP","twitter_card":"summary_large_image","twitter_misc":{"Escrito por":"Redacci\u00f3n QP","Tiempo de lectura":"1 minuto"},"schema":{"@context":"https:\/\/schema.org","@graph":[{"@type":"Article","@id":"https:\/\/quehacerpolitico.mx\/?p=73582#article","isPartOf":{"@id":"https:\/\/quehacerpolitico.mx\/?p=73582"},"author":{"name":"Redacci\u00f3n QP","@id":"https:\/\/quehacerpolitico.mx\/#\/schema\/person\/496d8ad2d1d3f8036101dca7ee39e585"},"headline":"Netflix confirma segunda temporada de &#8220;Lupin&#8221;","datePublished":"2021-01-28T19:22:03+00:00","mainEntityOfPage":{"@id":"https:\/\/quehacerpolitico.mx\/?p=73582"},"wordCount":229,"commentCount":0,"image":{"@id":"https:\/\/quehacerpolitico.mx\/?p=73582#primaryimage"},"thumbnailUrl":"https:\/\/quehacerpolitico.mx\/wp-content\/uploads\/2021\/01\/BF192E3C-C922-4114-A502-79820941EE6B.jpeg","articleSection":["Cultura y Entretenimiento"],"inLanguage":"es","potentialAction":[{"@type":"CommentAction","name":"Comment","target":["https:\/\/quehacerpolitico.mx\/?p=73582#respond"]}]},{"@type":"WebPage","@id":"https:\/\/quehacerpolitico.mx\/?p=73582","url":"https:\/\/quehacerpolitico.mx\/?p=73582","name":"Netflix confirma segunda temporada de \"Lupin\" -","isPartOf":{"@id":"https:\/\/quehacerpolitico.mx\/#website"},"primaryImageOfPage":{"@id":"https:\/\/quehacerpolitico.mx\/?p=73582#primaryimage"},"image":{"@id":"https:\/\/quehacerpolitico.mx\/?p=73582#primaryimage"},"thumbnailUrl":"https:\/\/quehacerpolitico.mx\/wp-content\/uploads\/2021\/01\/BF192E3C-C922-4114-A502-79820941EE6B.jpeg","datePublished":"2021-01-28T19:22:03+00:00","author":{"@id":"https:\/\/quehacerpolitico.mx\/#\/schema\/person\/496d8ad2d1d3f8036101dca7ee39e585"},"breadcrumb":{"@id":"https:\/\/quehacerpolitico.mx\/?p=73582#breadcrumb"},"inLanguage":"es","potentialAction":[{"@type":"ReadAction","target":["https:\/\/quehacerpolitico.mx\/?p=73582"]}]},{"@type":"ImageObject","inLanguage":"es","@id":"https:\/\/quehacerpolitico.mx\/?p=73582#primaryimage","url":"https:\/\/quehacerpolitico.mx\/wp-content\/uploads\/2021\/01\/BF192E3C-C922-4114-A502-79820941EE6B.jpeg","contentUrl":"https:\/\/quehacerpolitico.mx\/wp-content\/uploads\/2021\/01\/BF192E3C-C922-4114-A502-79820941EE6B.jpeg","width":1080,"height":1080},{"@type":"BreadcrumbList","@id":"https:\/\/quehacerpolitico.mx\/?p=73582#breadcrumb","itemListElement":[{"@type":"ListItem","position":1,"name":"Inicio","item":"https:\/\/quehacerpolitico.mx\/"},{"@type":"ListItem","position":2,"name":"Netflix confirma segunda temporada de &#8220;Lupin&#8221;"}]},{"@type":"WebSite","@id":"https:\/\/quehacerpolitico.mx\/#website","url":"https:\/\/quehacerpolitico.mx\/","name":"","description":"","potentialAction":[{"@type":"SearchAction","target":{"@type":"EntryPoint","urlTemplate":"https:\/\/quehacerpolitico.mx\/?s={search_term_string}"},"query-input":{"@type":"PropertyValueSpecification","valueRequired":true,"valueName":"search_term_string"}}],"inLanguage":"es"},{"@type":"Person","@id":"https:\/\/quehacerpolitico.mx\/#\/schema\/person\/496d8ad2d1d3f8036101dca7ee39e585","name":"Redacci\u00f3n QP","image":{"@type":"ImageObject","inLanguage":"es","@id":"https:\/\/secure.gravatar.com\/avatar\/c7164ed6fdec453195284ad24a5ae5b6e1eed2b848477fa2a4787ba9adf39a41?s=96&d=mm&r=g","url":"https:\/\/secure.gravatar.com\/avatar\/c7164ed6fdec453195284ad24a5ae5b6e1eed2b848477fa2a4787ba9adf39a41?s=96&d=mm&r=g","contentUrl":"https:\/\/secure.gravatar.com\/avatar\/c7164ed6fdec453195284ad24a5ae5b6e1eed2b848477fa2a4787ba9adf39a41?s=96&d=mm&r=g","caption":"Redacci\u00f3n QP"},"url":"https:\/\/quehacerpolitico.mx\/?author=2"}]}},"featured_image_urls":{"full":["https:\/\/quehacerpolitico.mx\/wp-content\/uploads\/2021\/01\/BF192E3C-C922-4114-A502-79820941EE6B.jpeg",1080,1080,false],"thumbnail":["https:\/\/quehacerpolitico.mx\/wp-content\/uploads\/2021\/01\/BF192E3C-C922-4114-A502-79820941EE6B-150x150.jpeg",150,150,true],"medium":["https:\/\/quehacerpolitico.mx\/wp-content\/uploads\/2021\/01\/BF192E3C-C922-4114-A502-79820941EE6B-300x300.jpeg",300,300,true],"medium_large":["https:\/\/quehacerpolitico.mx\/wp-content\/uploads\/2021\/01\/BF192E3C-C922-4114-A502-79820941EE6B-768x768.jpeg",640,640,true],"large":["https:\/\/quehacerpolitico.mx\/wp-content\/uploads\/2021\/01\/BF192E3C-C922-4114-A502-79820941EE6B-1024x1024.jpeg",640,640,true],"1536x1536":["https:\/\/quehacerpolitico.mx\/wp-content\/uploads\/2021\/01\/BF192E3C-C922-4114-A502-79820941EE6B.jpeg",1080,1080,false],"2048x2048":["https:\/\/quehacerpolitico.mx\/wp-content\/uploads\/2021\/01\/BF192E3C-C922-4114-A502-79820941EE6B.jpeg",1080,1080,false],"covernews-featured":["https:\/\/quehacerpolitico.mx\/wp-content\/uploads\/2021\/01\/BF192E3C-C922-4114-A502-79820941EE6B.jpeg",1024,1024,false],"covernews-medium":["https:\/\/quehacerpolitico.mx\/wp-content\/uploads\/2021\/01\/BF192E3C-C922-4114-A502-79820941EE6B.jpeg",340,340,false]},"author_info":{"display_name":"Redacci\u00f3n QP","author_link":"https:\/\/quehacerpolitico.mx\/?author=2"},"category_info":"<a href=\"https:\/\/quehacerpolitico.mx\/?cat=58\" rel=\"category\">Cultura y Entretenimiento<\/a>","tag_info":"Cultura y Entretenimiento","comment_count":"0","_links":{"self":[{"href":"https:\/\/quehacerpolitico.mx\/index.php?rest_route=\/wp\/v2\/posts\/73582","targetHints":{"allow":["GET"]}}],"collection":[{"href":"https:\/\/quehacerpolitico.mx\/index.php?rest_route=\/wp\/v2\/posts"}],"about":[{"href":"https:\/\/quehacerpolitico.mx\/index.php?rest_route=\/wp\/v2\/types\/post"}],"author":[{"embeddable":true,"href":"https:\/\/quehacerpolitico.mx\/index.php?rest_route=\/wp\/v2\/users\/2"}],"replies":[{"embeddable":true,"href":"https:\/\/quehacerpolitico.mx\/index.php?rest_route=%2Fwp%2Fv2%2Fcomments&post=73582"}],"version-history":[{"count":0,"href":"https:\/\/quehacerpolitico.mx\/index.php?rest_route=\/wp\/v2\/posts\/73582\/revisions"}],"wp:featuredmedia":[{"embeddable":true,"href":"https:\/\/quehacerpolitico.mx\/index.php?rest_route=\/wp\/v2\/media\/73585"}],"wp:attachment":[{"href":"https:\/\/quehacerpolitico.mx\/index.php?rest_route=%2Fwp%2Fv2%2Fmedia&parent=73582"}],"wp:term":[{"taxonomy":"category","embeddable":true,"href":"https:\/\/quehacerpolitico.mx\/index.php?rest_route=%2Fwp%2Fv2%2Fcategories&post=73582"},{"taxonomy":"post_tag","embeddable":true,"href":"https:\/\/quehacerpolitico.mx\/index.php?rest_route=%2Fwp%2Fv2%2Ftags&post=73582"}],"curies":[{"name":"wp","href":"https:\/\/api.w.org\/{rel}","templated":true}]}}