{"id":73571,"date":"2021-01-28T19:02:27","date_gmt":"2021-01-28T19:02:27","guid":{"rendered":"https:\/\/quehacerpolitico.mx\/?p=73571"},"modified":"2021-01-28T19:02:27","modified_gmt":"2021-01-28T19:02:27","slug":"carlos-slim-cumple-81-anos-ingresado-en-un-hospital-publico-por-coronavirus","status":"publish","type":"post","link":"https:\/\/quehacerpolitico.mx\/?p=73571","title":{"rendered":"Carlos Slim cumple 81 a\u00f1os ingresado en un hospital p\u00fablico por coronavirus"},"content":{"rendered":"<h1 class=\"news-title\">Carlos Slim cumple 81 a\u00f1os ingresado en un hospital p\u00fablico por coronavirus<br \/>\nPor Redacci\u00f3n QP<\/h1>\n<div class=\"news-subtitle\">\n<p>Fuentes cercanas al magnate han asegurado a medios que se recupera favorablemente<\/p>\n<\/div>\n<div class=\"social-share-box normal\">\n<p><strong>Carlos Slim, el hombre m\u00e1s rico de M\u00e9xico, cumple este jueves 81a\u00f1os internado por coronavirus COVID-19,\u00a0<\/strong>en el Instituto de Ciencias M\u00e9dicas y Nutrici\u00f3n, centr\u00f3 m\u00e9dico p\u00fablico de la Ciudad de M\u00e9xico, donde <strong>seg\u00fan fuentes cercanas se recupera favorablemente<\/strong>.<\/p>\n<p>&#8220;Les comento que mi pap\u00e1 de manera preventiva asisti\u00f3 al Instituto Nacional de Nutrici\u00f3n para an\u00e1lisis cl\u00ednicos, monitoreo y tratamiento oportuno, est\u00e1 muy bien y ha tenido una evoluci\u00f3n muy favorable a la covid a m\u00e1s de una semana de s\u00edntomas menores&#8221;, comunic\u00f3 este lunes Carlos Slim Domit, hijo del magnate en su cuenta de Twitter.<\/p>\n<p>Posteriormente, fuentes cercanas al magnate han asegurado a medios que se recupera favorablemente.<\/p>\n<p><strong>Por su edad, Slim pertenece al grupo de poblaci\u00f3n con mayor riesgo de enfermarse de gravedad tras contraer el coronavirus<\/strong>, que ha dejado m\u00e1s de 152 mil muertos en Mexico<\/p>\n<p><strong>Con una fortuna estimada en 52 mil millones de d\u00f3lares<\/strong>, seg\u00fan la revista Forbes, el empresario de ascendencia libanesa es uno de los hombres m\u00e1s ricos de Latinoam\u00e9rica y del mundo.<\/p>\n<p>La Fundaci\u00f3n Carlos Slim firm\u00f3 en agosto pasado un convenio para contribuir a la producci\u00f3n entre Argentina y Mexico de la vacuna contra la COVID-19 de AstraZeneca, que gracias a su donaci\u00f3n ser\u00e1 distribuida por toda Latinoam\u00e9rica.<\/p>\n<p>El acuerdo con la farmac\u00e9utica contempla una provisi\u00f3n inicial de 150 millones de dosis en la regi\u00f3n latinoamericana, excluyendo Brasil, pa\u00eds cubierto por el acuerdo de AstraZeneca con el gobierno de ese pa\u00eds.<\/p>\n<p>El empresario mexicano es due\u00f1o del emporio telef\u00f3nico America M\u00f3vil, Grupo Carso, Grupo financiero Inbursa, Inmobiliaria Carso, Telesites, Grupo Sanborns y Condumex, adem\u00e1s de tener participaci\u00f3n financiera en el afamado peri\u00f3dico The New York Times.<\/p>\n<p>Slim es socio mayoritario de equipos de futbol, entre ellos del Real Oviedo, de Espa\u00f1a, y sostiene el proyecto escuder\u00eda Telmex, del que sali\u00f3 el piloto mexicano de F1 Sergio P\u00e9rez, a quien ha apoyado durante toda su carrera.<\/p>\n<p>En Espa\u00f1a tiene adem\u00e1s participaci\u00f3n en La Caixa, donde entr\u00f3 en el accionariado en 2011 tras comprar una participaci\u00f3n en Criteria antes de convertirse en Caixabank.<\/p>\n<p>Con informaci\u00f3n de EFE<\/p>\n<\/div>\n","protected":false},"excerpt":{"rendered":"<p>Carlos Slim cumple 81 a\u00f1os ingresado en un hospital p\u00fablico por coronavirus Por Redacci\u00f3n QP&#8230;<\/p>\n","protected":false},"author":2,"featured_media":73575,"comment_status":"open","ping_status":"open","sticky":false,"template":"","format":"standard","meta":{"_monsterinsights_skip_tracking":false,"_monsterinsights_sitenote_active":false,"_monsterinsights_sitenote_note":"","_monsterinsights_sitenote_category":0,"footnotes":""},"categories":[56],"tags":[],"class_list":["post-73571","post","type-post","status-publish","format-standard","has-post-thumbnail","hentry","category-economia"],"yoast_head":"<!-- This site is optimized with the Yoast SEO plugin v27.3 - https:\/\/yoast.com\/product\/yoast-seo-wordpress\/ -->\n<title>Carlos Slim cumple 81 a\u00f1os ingresado en un hospital p\u00fablico por coronavirus -<\/title>\n<meta name=\"robots\" content=\"index, follow, max-snippet:-1, max-image-preview:large, max-video-preview:-1\" \/>\n<link rel=\"canonical\" href=\"https:\/\/quehacerpolitico.mx\/?p=73571\" \/>\n<meta property=\"og:locale\" content=\"es_MX\" \/>\n<meta property=\"og:type\" content=\"article\" \/>\n<meta property=\"og:title\" content=\"Carlos Slim cumple 81 a\u00f1os ingresado en un hospital p\u00fablico por coronavirus -\" \/>\n<meta property=\"og:description\" content=\"Carlos Slim cumple 81 a\u00f1os ingresado en un hospital p\u00fablico por coronavirus Por Redacci\u00f3n QP...\" \/>\n<meta property=\"og:url\" content=\"https:\/\/quehacerpolitico.mx\/?p=73571\" \/>\n<meta property=\"article:published_time\" content=\"2021-01-28T19:02:27+00:00\" \/>\n<meta property=\"og:image\" content=\"https:\/\/quehacerpolitico.mx\/wp-content\/uploads\/2021\/01\/B7422B03-DF62-4A43-8D19-0335FFFB2819.jpeg\" \/>\n\t<meta property=\"og:image:width\" content=\"340\" \/>\n\t<meta property=\"og:image:height\" content=\"330\" \/>\n\t<meta property=\"og:image:type\" content=\"image\/jpeg\" \/>\n<meta name=\"author\" content=\"Redacci\u00f3n QP\" \/>\n<meta name=\"twitter:card\" content=\"summary_large_image\" \/>\n<meta name=\"twitter:label1\" content=\"Escrito por\" \/>\n\t<meta name=\"twitter:data1\" content=\"Redacci\u00f3n QP\" \/>\n\t<meta name=\"twitter:label2\" content=\"Tiempo de lectura\" \/>\n\t<meta name=\"twitter:data2\" content=\"2 minutos\" \/>\n<script type=\"application\/ld+json\" class=\"yoast-schema-graph\">{\"@context\":\"https:\\\/\\\/schema.org\",\"@graph\":[{\"@type\":\"Article\",\"@id\":\"https:\\\/\\\/quehacerpolitico.mx\\\/?p=73571#article\",\"isPartOf\":{\"@id\":\"https:\\\/\\\/quehacerpolitico.mx\\\/?p=73571\"},\"author\":{\"name\":\"Redacci\u00f3n QP\",\"@id\":\"https:\\\/\\\/quehacerpolitico.mx\\\/#\\\/schema\\\/person\\\/496d8ad2d1d3f8036101dca7ee39e585\"},\"headline\":\"Carlos Slim cumple 81 a\u00f1os ingresado en un hospital p\u00fablico por coronavirus\",\"datePublished\":\"2021-01-28T19:02:27+00:00\",\"mainEntityOfPage\":{\"@id\":\"https:\\\/\\\/quehacerpolitico.mx\\\/?p=73571\"},\"wordCount\":425,\"commentCount\":0,\"image\":{\"@id\":\"https:\\\/\\\/quehacerpolitico.mx\\\/?p=73571#primaryimage\"},\"thumbnailUrl\":\"https:\\\/\\\/quehacerpolitico.mx\\\/wp-content\\\/uploads\\\/2021\\\/01\\\/B7422B03-DF62-4A43-8D19-0335FFFB2819.jpeg\",\"articleSection\":[\"Econom\u00eda\"],\"inLanguage\":\"es\",\"potentialAction\":[{\"@type\":\"CommentAction\",\"name\":\"Comment\",\"target\":[\"https:\\\/\\\/quehacerpolitico.mx\\\/?p=73571#respond\"]}]},{\"@type\":\"WebPage\",\"@id\":\"https:\\\/\\\/quehacerpolitico.mx\\\/?p=73571\",\"url\":\"https:\\\/\\\/quehacerpolitico.mx\\\/?p=73571\",\"name\":\"Carlos Slim cumple 81 a\u00f1os ingresado en un hospital p\u00fablico por coronavirus -\",\"isPartOf\":{\"@id\":\"https:\\\/\\\/quehacerpolitico.mx\\\/#website\"},\"primaryImageOfPage\":{\"@id\":\"https:\\\/\\\/quehacerpolitico.mx\\\/?p=73571#primaryimage\"},\"image\":{\"@id\":\"https:\\\/\\\/quehacerpolitico.mx\\\/?p=73571#primaryimage\"},\"thumbnailUrl\":\"https:\\\/\\\/quehacerpolitico.mx\\\/wp-content\\\/uploads\\\/2021\\\/01\\\/B7422B03-DF62-4A43-8D19-0335FFFB2819.jpeg\",\"datePublished\":\"2021-01-28T19:02:27+00:00\",\"author\":{\"@id\":\"https:\\\/\\\/quehacerpolitico.mx\\\/#\\\/schema\\\/person\\\/496d8ad2d1d3f8036101dca7ee39e585\"},\"breadcrumb\":{\"@id\":\"https:\\\/\\\/quehacerpolitico.mx\\\/?p=73571#breadcrumb\"},\"inLanguage\":\"es\",\"potentialAction\":[{\"@type\":\"ReadAction\",\"target\":[\"https:\\\/\\\/quehacerpolitico.mx\\\/?p=73571\"]}]},{\"@type\":\"ImageObject\",\"inLanguage\":\"es\",\"@id\":\"https:\\\/\\\/quehacerpolitico.mx\\\/?p=73571#primaryimage\",\"url\":\"https:\\\/\\\/quehacerpolitico.mx\\\/wp-content\\\/uploads\\\/2021\\\/01\\\/B7422B03-DF62-4A43-8D19-0335FFFB2819.jpeg\",\"contentUrl\":\"https:\\\/\\\/quehacerpolitico.mx\\\/wp-content\\\/uploads\\\/2021\\\/01\\\/B7422B03-DF62-4A43-8D19-0335FFFB2819.jpeg\",\"width\":340,\"height\":330},{\"@type\":\"BreadcrumbList\",\"@id\":\"https:\\\/\\\/quehacerpolitico.mx\\\/?p=73571#breadcrumb\",\"itemListElement\":[{\"@type\":\"ListItem\",\"position\":1,\"name\":\"Inicio\",\"item\":\"https:\\\/\\\/quehacerpolitico.mx\\\/\"},{\"@type\":\"ListItem\",\"position\":2,\"name\":\"Carlos Slim cumple 81 a\u00f1os ingresado en un hospital p\u00fablico por coronavirus\"}]},{\"@type\":\"WebSite\",\"@id\":\"https:\\\/\\\/quehacerpolitico.mx\\\/#website\",\"url\":\"https:\\\/\\\/quehacerpolitico.mx\\\/\",\"name\":\"\",\"description\":\"\",\"potentialAction\":[{\"@type\":\"SearchAction\",\"target\":{\"@type\":\"EntryPoint\",\"urlTemplate\":\"https:\\\/\\\/quehacerpolitico.mx\\\/?s={search_term_string}\"},\"query-input\":{\"@type\":\"PropertyValueSpecification\",\"valueRequired\":true,\"valueName\":\"search_term_string\"}}],\"inLanguage\":\"es\"},{\"@type\":\"Person\",\"@id\":\"https:\\\/\\\/quehacerpolitico.mx\\\/#\\\/schema\\\/person\\\/496d8ad2d1d3f8036101dca7ee39e585\",\"name\":\"Redacci\u00f3n QP\",\"image\":{\"@type\":\"ImageObject\",\"inLanguage\":\"es\",\"@id\":\"https:\\\/\\\/secure.gravatar.com\\\/avatar\\\/c7164ed6fdec453195284ad24a5ae5b6e1eed2b848477fa2a4787ba9adf39a41?s=96&d=mm&r=g\",\"url\":\"https:\\\/\\\/secure.gravatar.com\\\/avatar\\\/c7164ed6fdec453195284ad24a5ae5b6e1eed2b848477fa2a4787ba9adf39a41?s=96&d=mm&r=g\",\"contentUrl\":\"https:\\\/\\\/secure.gravatar.com\\\/avatar\\\/c7164ed6fdec453195284ad24a5ae5b6e1eed2b848477fa2a4787ba9adf39a41?s=96&d=mm&r=g\",\"caption\":\"Redacci\u00f3n QP\"},\"url\":\"https:\\\/\\\/quehacerpolitico.mx\\\/?author=2\"}]}<\/script>\n<!-- \/ Yoast SEO plugin. -->","yoast_head_json":{"title":"Carlos Slim cumple 81 a\u00f1os ingresado en un hospital p\u00fablico por coronavirus -","robots":{"index":"index","follow":"follow","max-snippet":"max-snippet:-1","max-image-preview":"max-image-preview:large","max-video-preview":"max-video-preview:-1"},"canonical":"https:\/\/quehacerpolitico.mx\/?p=73571","og_locale":"es_MX","og_type":"article","og_title":"Carlos Slim cumple 81 a\u00f1os ingresado en un hospital p\u00fablico por coronavirus -","og_description":"Carlos Slim cumple 81 a\u00f1os ingresado en un hospital p\u00fablico por coronavirus Por Redacci\u00f3n QP...","og_url":"https:\/\/quehacerpolitico.mx\/?p=73571","article_published_time":"2021-01-28T19:02:27+00:00","og_image":[{"width":340,"height":330,"url":"https:\/\/quehacerpolitico.mx\/wp-content\/uploads\/2021\/01\/B7422B03-DF62-4A43-8D19-0335FFFB2819.jpeg","type":"image\/jpeg"}],"author":"Redacci\u00f3n QP","twitter_card":"summary_large_image","twitter_misc":{"Escrito por":"Redacci\u00f3n QP","Tiempo de lectura":"2 minutos"},"schema":{"@context":"https:\/\/schema.org","@graph":[{"@type":"Article","@id":"https:\/\/quehacerpolitico.mx\/?p=73571#article","isPartOf":{"@id":"https:\/\/quehacerpolitico.mx\/?p=73571"},"author":{"name":"Redacci\u00f3n QP","@id":"https:\/\/quehacerpolitico.mx\/#\/schema\/person\/496d8ad2d1d3f8036101dca7ee39e585"},"headline":"Carlos Slim cumple 81 a\u00f1os ingresado en un hospital p\u00fablico por coronavirus","datePublished":"2021-01-28T19:02:27+00:00","mainEntityOfPage":{"@id":"https:\/\/quehacerpolitico.mx\/?p=73571"},"wordCount":425,"commentCount":0,"image":{"@id":"https:\/\/quehacerpolitico.mx\/?p=73571#primaryimage"},"thumbnailUrl":"https:\/\/quehacerpolitico.mx\/wp-content\/uploads\/2021\/01\/B7422B03-DF62-4A43-8D19-0335FFFB2819.jpeg","articleSection":["Econom\u00eda"],"inLanguage":"es","potentialAction":[{"@type":"CommentAction","name":"Comment","target":["https:\/\/quehacerpolitico.mx\/?p=73571#respond"]}]},{"@type":"WebPage","@id":"https:\/\/quehacerpolitico.mx\/?p=73571","url":"https:\/\/quehacerpolitico.mx\/?p=73571","name":"Carlos Slim cumple 81 a\u00f1os ingresado en un hospital p\u00fablico por coronavirus -","isPartOf":{"@id":"https:\/\/quehacerpolitico.mx\/#website"},"primaryImageOfPage":{"@id":"https:\/\/quehacerpolitico.mx\/?p=73571#primaryimage"},"image":{"@id":"https:\/\/quehacerpolitico.mx\/?p=73571#primaryimage"},"thumbnailUrl":"https:\/\/quehacerpolitico.mx\/wp-content\/uploads\/2021\/01\/B7422B03-DF62-4A43-8D19-0335FFFB2819.jpeg","datePublished":"2021-01-28T19:02:27+00:00","author":{"@id":"https:\/\/quehacerpolitico.mx\/#\/schema\/person\/496d8ad2d1d3f8036101dca7ee39e585"},"breadcrumb":{"@id":"https:\/\/quehacerpolitico.mx\/?p=73571#breadcrumb"},"inLanguage":"es","potentialAction":[{"@type":"ReadAction","target":["https:\/\/quehacerpolitico.mx\/?p=73571"]}]},{"@type":"ImageObject","inLanguage":"es","@id":"https:\/\/quehacerpolitico.mx\/?p=73571#primaryimage","url":"https:\/\/quehacerpolitico.mx\/wp-content\/uploads\/2021\/01\/B7422B03-DF62-4A43-8D19-0335FFFB2819.jpeg","contentUrl":"https:\/\/quehacerpolitico.mx\/wp-content\/uploads\/2021\/01\/B7422B03-DF62-4A43-8D19-0335FFFB2819.jpeg","width":340,"height":330},{"@type":"BreadcrumbList","@id":"https:\/\/quehacerpolitico.mx\/?p=73571#breadcrumb","itemListElement":[{"@type":"ListItem","position":1,"name":"Inicio","item":"https:\/\/quehacerpolitico.mx\/"},{"@type":"ListItem","position":2,"name":"Carlos Slim cumple 81 a\u00f1os ingresado en un hospital p\u00fablico por coronavirus"}]},{"@type":"WebSite","@id":"https:\/\/quehacerpolitico.mx\/#website","url":"https:\/\/quehacerpolitico.mx\/","name":"","description":"","potentialAction":[{"@type":"SearchAction","target":{"@type":"EntryPoint","urlTemplate":"https:\/\/quehacerpolitico.mx\/?s={search_term_string}"},"query-input":{"@type":"PropertyValueSpecification","valueRequired":true,"valueName":"search_term_string"}}],"inLanguage":"es"},{"@type":"Person","@id":"https:\/\/quehacerpolitico.mx\/#\/schema\/person\/496d8ad2d1d3f8036101dca7ee39e585","name":"Redacci\u00f3n QP","image":{"@type":"ImageObject","inLanguage":"es","@id":"https:\/\/secure.gravatar.com\/avatar\/c7164ed6fdec453195284ad24a5ae5b6e1eed2b848477fa2a4787ba9adf39a41?s=96&d=mm&r=g","url":"https:\/\/secure.gravatar.com\/avatar\/c7164ed6fdec453195284ad24a5ae5b6e1eed2b848477fa2a4787ba9adf39a41?s=96&d=mm&r=g","contentUrl":"https:\/\/secure.gravatar.com\/avatar\/c7164ed6fdec453195284ad24a5ae5b6e1eed2b848477fa2a4787ba9adf39a41?s=96&d=mm&r=g","caption":"Redacci\u00f3n QP"},"url":"https:\/\/quehacerpolitico.mx\/?author=2"}]}},"featured_image_urls":{"full":["https:\/\/quehacerpolitico.mx\/wp-content\/uploads\/2021\/01\/B7422B03-DF62-4A43-8D19-0335FFFB2819.jpeg",340,330,false],"thumbnail":["https:\/\/quehacerpolitico.mx\/wp-content\/uploads\/2021\/01\/B7422B03-DF62-4A43-8D19-0335FFFB2819-150x150.jpeg",150,150,true],"medium":["https:\/\/quehacerpolitico.mx\/wp-content\/uploads\/2021\/01\/B7422B03-DF62-4A43-8D19-0335FFFB2819-300x291.jpeg",300,291,true],"medium_large":["https:\/\/quehacerpolitico.mx\/wp-content\/uploads\/2021\/01\/B7422B03-DF62-4A43-8D19-0335FFFB2819.jpeg",340,330,false],"large":["https:\/\/quehacerpolitico.mx\/wp-content\/uploads\/2021\/01\/B7422B03-DF62-4A43-8D19-0335FFFB2819.jpeg",340,330,false],"1536x1536":["https:\/\/quehacerpolitico.mx\/wp-content\/uploads\/2021\/01\/B7422B03-DF62-4A43-8D19-0335FFFB2819.jpeg",340,330,false],"2048x2048":["https:\/\/quehacerpolitico.mx\/wp-content\/uploads\/2021\/01\/B7422B03-DF62-4A43-8D19-0335FFFB2819.jpeg",340,330,false],"covernews-featured":["https:\/\/quehacerpolitico.mx\/wp-content\/uploads\/2021\/01\/B7422B03-DF62-4A43-8D19-0335FFFB2819.jpeg",340,330,false],"covernews-medium":["https:\/\/quehacerpolitico.mx\/wp-content\/uploads\/2021\/01\/B7422B03-DF62-4A43-8D19-0335FFFB2819.jpeg",340,330,false]},"author_info":{"display_name":"Redacci\u00f3n QP","author_link":"https:\/\/quehacerpolitico.mx\/?author=2"},"category_info":"<a href=\"https:\/\/quehacerpolitico.mx\/?cat=56\" rel=\"category\">Econom\u00eda<\/a>","tag_info":"Econom\u00eda","comment_count":"0","_links":{"self":[{"href":"https:\/\/quehacerpolitico.mx\/index.php?rest_route=\/wp\/v2\/posts\/73571","targetHints":{"allow":["GET"]}}],"collection":[{"href":"https:\/\/quehacerpolitico.mx\/index.php?rest_route=\/wp\/v2\/posts"}],"about":[{"href":"https:\/\/quehacerpolitico.mx\/index.php?rest_route=\/wp\/v2\/types\/post"}],"author":[{"embeddable":true,"href":"https:\/\/quehacerpolitico.mx\/index.php?rest_route=\/wp\/v2\/users\/2"}],"replies":[{"embeddable":true,"href":"https:\/\/quehacerpolitico.mx\/index.php?rest_route=%2Fwp%2Fv2%2Fcomments&post=73571"}],"version-history":[{"count":0,"href":"https:\/\/quehacerpolitico.mx\/index.php?rest_route=\/wp\/v2\/posts\/73571\/revisions"}],"wp:featuredmedia":[{"embeddable":true,"href":"https:\/\/quehacerpolitico.mx\/index.php?rest_route=\/wp\/v2\/media\/73575"}],"wp:attachment":[{"href":"https:\/\/quehacerpolitico.mx\/index.php?rest_route=%2Fwp%2Fv2%2Fmedia&parent=73571"}],"wp:term":[{"taxonomy":"category","embeddable":true,"href":"https:\/\/quehacerpolitico.mx\/index.php?rest_route=%2Fwp%2Fv2%2Fcategories&post=73571"},{"taxonomy":"post_tag","embeddable":true,"href":"https:\/\/quehacerpolitico.mx\/index.php?rest_route=%2Fwp%2Fv2%2Ftags&post=73571"}],"curies":[{"name":"wp","href":"https:\/\/api.w.org\/{rel}","templated":true}]}}