{"id":73566,"date":"2021-01-28T18:52:42","date_gmt":"2021-01-28T18:52:42","guid":{"rendered":"https:\/\/quehacerpolitico.mx\/?p=73566"},"modified":"2021-01-28T18:52:42","modified_gmt":"2021-01-28T18:52:42","slug":"internacionales-carolina-alonso-romei-sorprende-caso-de-paciente-que-mejoro-del-cancer-tras-padecer-covid-19","status":"publish","type":"post","link":"https:\/\/quehacerpolitico.mx\/?p=73566","title":{"rendered":"Internacionales\/\/\/Carolina Alonso Romei\/\/\/Sorprende caso de paciente que mejor\u00f3 del c\u00e1ncer tras padecer COVID-19"},"content":{"rendered":"<h1 class=\"news-title\">Sorprende caso de paciente que mejor\u00f3 del c\u00e1ncer tras padecer COVID-19<br \/>\nPor Carolina Alonso Romei<\/h1>\n<p>Internacionalista<\/p>\n<p>El British Journal of Hemathology public\u00f3 que un paciente que fue diagnosticado con c\u00e1ncer logr\u00f3 recuperarse despu\u00e9s de padecer COVID-19<\/p>\n<p>Durante el \u00faltimo a\u00f1o, la pandemia de COVID-19 ha sido el tema m\u00e1s comentado, sobre todo, por estar relacionada con malas noticias. Sin embargo, la enfermedad tambi\u00e9n ha servido a la comunidad cient\u00edfica, que ha estudiado casos sorprendentes en alguno pacientes, como el de un hombre\u00a0cuyo c\u00e1ncer mejor\u00f3 luego de padecer coronavirus.<\/p>\n<p>El <strong><a href=\"https:\/\/onlinelibrary.wiley.com\/doi\/full\/10.1111\/bjh.17116\" target=\"_blank\" rel=\"noopener\"><em>British Journal of Hemathology<\/em><\/a><\/strong> public\u00f3 que un hombre de 61 a\u00f1os que fue diagnosticado con linfoma de Hodgkin (un c\u00e1ncer en el que las c\u00e9lulas cancer\u00edgenas atacan el sistema linf\u00e1tico) <strong>logr\u00f3 recuperarse despu\u00e9s de padecer COVID-19.<\/strong><\/p>\n<p>De acuerdo con el estudio, luego de ser diagnosticado con el linfoma y de recibir hemodi\u00e1lisis por insuficiencia renal, el hombre fue internado debido a que presentaba problemas para respirar, s\u00edntoma que despu\u00e9s se confirm\u00f3 se derivaba de una\u00a0neumon\u00eda por SARS-CoV-2. <strong>Tras 11 d\u00edas internado, el hombre se recuper\u00f3 y fue enviado a su casa.<\/strong><\/p>\n<p>Pero la mejor noticia la recibi\u00f3 cuatro meses despu\u00e9s, ya que la linfadenopat\u00eda (inflamaci\u00f3n de los ganglios a causa del linfoma de Hodgkin) disminuy\u00f3 y una exploraci\u00f3n revel\u00f3 una reducci\u00f3n generalizada del linfoma.<\/p>\n<p>Una hip\u00f3tesis se\u00f1alada en el texto sugiere que <strong>la infecci\u00f3n por COVID-19 habr\u00eda desencadenado una respuesta inmunitaria antitumoral.<\/strong><\/p>\n<p>&#8221;Los supuestos mecanismos de acci\u00f3n incluyen la reactividad cruzada de las c\u00e9lulas T, espec\u00edficas de pat\u00f3genos con ant\u00edgenos tumorales y la activaci\u00f3n de las c\u00e9lulas asesinas naturales por las citocinas inflamatorias producidas en respuesta a la infecci\u00f3n&#8221;.<\/p>\n<p>Es decir, las citocinas inflamatorias producidas en respuesta al coronavirus habr\u00edan tenido una reacci\u00f3n cruzada con las que ayudan a combatir el c\u00e1ncer.<\/p>\n","protected":false},"excerpt":{"rendered":"<p>Sorprende caso de paciente que mejor\u00f3 del c\u00e1ncer tras padecer COVID-19 Por Carolina Alonso Romei&#8230;<\/p>\n","protected":false},"author":2,"featured_media":73569,"comment_status":"open","ping_status":"open","sticky":false,"template":"","format":"standard","meta":{"_monsterinsights_skip_tracking":false,"_monsterinsights_sitenote_active":false,"_monsterinsights_sitenote_note":"","_monsterinsights_sitenote_category":0,"footnotes":""},"categories":[1],"tags":[],"class_list":["post-73566","post","type-post","status-publish","format-standard","has-post-thumbnail","hentry","category-sin-categoria"],"yoast_head":"<!-- This site is optimized with the Yoast SEO plugin v27.3 - https:\/\/yoast.com\/product\/yoast-seo-wordpress\/ -->\n<title>Internacionales\/\/\/Carolina Alonso Romei\/\/\/Sorprende caso de paciente que mejor\u00f3 del c\u00e1ncer tras padecer COVID-19 -<\/title>\n<meta name=\"robots\" content=\"index, follow, max-snippet:-1, max-image-preview:large, max-video-preview:-1\" \/>\n<link rel=\"canonical\" href=\"https:\/\/quehacerpolitico.mx\/?p=73566\" \/>\n<meta property=\"og:locale\" content=\"es_MX\" \/>\n<meta property=\"og:type\" content=\"article\" \/>\n<meta property=\"og:title\" content=\"Internacionales\/\/\/Carolina Alonso Romei\/\/\/Sorprende caso de paciente que mejor\u00f3 del c\u00e1ncer tras padecer COVID-19 -\" \/>\n<meta property=\"og:description\" content=\"Sorprende caso de paciente que mejor\u00f3 del c\u00e1ncer tras padecer COVID-19 Por Carolina Alonso Romei...\" \/>\n<meta property=\"og:url\" content=\"https:\/\/quehacerpolitico.mx\/?p=73566\" \/>\n<meta property=\"article:published_time\" content=\"2021-01-28T18:52:42+00:00\" \/>\n<meta property=\"og:image\" content=\"https:\/\/quehacerpolitico.mx\/wp-content\/uploads\/2021\/01\/D0C3C7C5-72BF-48B7-8E8D-55A5170094EE.jpeg\" \/>\n\t<meta property=\"og:image:width\" content=\"700\" \/>\n\t<meta property=\"og:image:height\" content=\"394\" \/>\n\t<meta property=\"og:image:type\" content=\"image\/jpeg\" \/>\n<meta name=\"author\" content=\"Redacci\u00f3n QP\" \/>\n<meta name=\"twitter:card\" content=\"summary_large_image\" \/>\n<meta name=\"twitter:label1\" content=\"Escrito por\" \/>\n\t<meta name=\"twitter:data1\" content=\"Redacci\u00f3n QP\" \/>\n\t<meta name=\"twitter:label2\" content=\"Tiempo de lectura\" \/>\n\t<meta name=\"twitter:data2\" content=\"2 minutos\" \/>\n<script type=\"application\/ld+json\" class=\"yoast-schema-graph\">{\"@context\":\"https:\\\/\\\/schema.org\",\"@graph\":[{\"@type\":\"Article\",\"@id\":\"https:\\\/\\\/quehacerpolitico.mx\\\/?p=73566#article\",\"isPartOf\":{\"@id\":\"https:\\\/\\\/quehacerpolitico.mx\\\/?p=73566\"},\"author\":{\"name\":\"Redacci\u00f3n QP\",\"@id\":\"https:\\\/\\\/quehacerpolitico.mx\\\/#\\\/schema\\\/person\\\/496d8ad2d1d3f8036101dca7ee39e585\"},\"headline\":\"Internacionales\\\/\\\/\\\/Carolina Alonso Romei\\\/\\\/\\\/Sorprende caso de paciente que mejor\u00f3 del c\u00e1ncer tras padecer COVID-19\",\"datePublished\":\"2021-01-28T18:52:42+00:00\",\"mainEntityOfPage\":{\"@id\":\"https:\\\/\\\/quehacerpolitico.mx\\\/?p=73566\"},\"wordCount\":346,\"commentCount\":0,\"image\":{\"@id\":\"https:\\\/\\\/quehacerpolitico.mx\\\/?p=73566#primaryimage\"},\"thumbnailUrl\":\"https:\\\/\\\/quehacerpolitico.mx\\\/wp-content\\\/uploads\\\/2021\\\/01\\\/D0C3C7C5-72BF-48B7-8E8D-55A5170094EE.jpeg\",\"articleSection\":[\"Internacionales\"],\"inLanguage\":\"es\",\"potentialAction\":[{\"@type\":\"CommentAction\",\"name\":\"Comment\",\"target\":[\"https:\\\/\\\/quehacerpolitico.mx\\\/?p=73566#respond\"]}]},{\"@type\":\"WebPage\",\"@id\":\"https:\\\/\\\/quehacerpolitico.mx\\\/?p=73566\",\"url\":\"https:\\\/\\\/quehacerpolitico.mx\\\/?p=73566\",\"name\":\"Internacionales\\\/\\\/\\\/Carolina Alonso Romei\\\/\\\/\\\/Sorprende caso de paciente que mejor\u00f3 del c\u00e1ncer tras padecer COVID-19 -\",\"isPartOf\":{\"@id\":\"https:\\\/\\\/quehacerpolitico.mx\\\/#website\"},\"primaryImageOfPage\":{\"@id\":\"https:\\\/\\\/quehacerpolitico.mx\\\/?p=73566#primaryimage\"},\"image\":{\"@id\":\"https:\\\/\\\/quehacerpolitico.mx\\\/?p=73566#primaryimage\"},\"thumbnailUrl\":\"https:\\\/\\\/quehacerpolitico.mx\\\/wp-content\\\/uploads\\\/2021\\\/01\\\/D0C3C7C5-72BF-48B7-8E8D-55A5170094EE.jpeg\",\"datePublished\":\"2021-01-28T18:52:42+00:00\",\"author\":{\"@id\":\"https:\\\/\\\/quehacerpolitico.mx\\\/#\\\/schema\\\/person\\\/496d8ad2d1d3f8036101dca7ee39e585\"},\"breadcrumb\":{\"@id\":\"https:\\\/\\\/quehacerpolitico.mx\\\/?p=73566#breadcrumb\"},\"inLanguage\":\"es\",\"potentialAction\":[{\"@type\":\"ReadAction\",\"target\":[\"https:\\\/\\\/quehacerpolitico.mx\\\/?p=73566\"]}]},{\"@type\":\"ImageObject\",\"inLanguage\":\"es\",\"@id\":\"https:\\\/\\\/quehacerpolitico.mx\\\/?p=73566#primaryimage\",\"url\":\"https:\\\/\\\/quehacerpolitico.mx\\\/wp-content\\\/uploads\\\/2021\\\/01\\\/D0C3C7C5-72BF-48B7-8E8D-55A5170094EE.jpeg\",\"contentUrl\":\"https:\\\/\\\/quehacerpolitico.mx\\\/wp-content\\\/uploads\\\/2021\\\/01\\\/D0C3C7C5-72BF-48B7-8E8D-55A5170094EE.jpeg\",\"width\":700,\"height\":394},{\"@type\":\"BreadcrumbList\",\"@id\":\"https:\\\/\\\/quehacerpolitico.mx\\\/?p=73566#breadcrumb\",\"itemListElement\":[{\"@type\":\"ListItem\",\"position\":1,\"name\":\"Inicio\",\"item\":\"https:\\\/\\\/quehacerpolitico.mx\\\/\"},{\"@type\":\"ListItem\",\"position\":2,\"name\":\"Internacionales\\\/\\\/\\\/Carolina Alonso Romei\\\/\\\/\\\/Sorprende caso de paciente que mejor\u00f3 del c\u00e1ncer tras padecer COVID-19\"}]},{\"@type\":\"WebSite\",\"@id\":\"https:\\\/\\\/quehacerpolitico.mx\\\/#website\",\"url\":\"https:\\\/\\\/quehacerpolitico.mx\\\/\",\"name\":\"\",\"description\":\"\",\"potentialAction\":[{\"@type\":\"SearchAction\",\"target\":{\"@type\":\"EntryPoint\",\"urlTemplate\":\"https:\\\/\\\/quehacerpolitico.mx\\\/?s={search_term_string}\"},\"query-input\":{\"@type\":\"PropertyValueSpecification\",\"valueRequired\":true,\"valueName\":\"search_term_string\"}}],\"inLanguage\":\"es\"},{\"@type\":\"Person\",\"@id\":\"https:\\\/\\\/quehacerpolitico.mx\\\/#\\\/schema\\\/person\\\/496d8ad2d1d3f8036101dca7ee39e585\",\"name\":\"Redacci\u00f3n QP\",\"image\":{\"@type\":\"ImageObject\",\"inLanguage\":\"es\",\"@id\":\"https:\\\/\\\/secure.gravatar.com\\\/avatar\\\/c7164ed6fdec453195284ad24a5ae5b6e1eed2b848477fa2a4787ba9adf39a41?s=96&d=mm&r=g\",\"url\":\"https:\\\/\\\/secure.gravatar.com\\\/avatar\\\/c7164ed6fdec453195284ad24a5ae5b6e1eed2b848477fa2a4787ba9adf39a41?s=96&d=mm&r=g\",\"contentUrl\":\"https:\\\/\\\/secure.gravatar.com\\\/avatar\\\/c7164ed6fdec453195284ad24a5ae5b6e1eed2b848477fa2a4787ba9adf39a41?s=96&d=mm&r=g\",\"caption\":\"Redacci\u00f3n QP\"},\"url\":\"https:\\\/\\\/quehacerpolitico.mx\\\/?author=2\"}]}<\/script>\n<!-- \/ Yoast SEO plugin. -->","yoast_head_json":{"title":"Internacionales\/\/\/Carolina Alonso Romei\/\/\/Sorprende caso de paciente que mejor\u00f3 del c\u00e1ncer tras padecer COVID-19 -","robots":{"index":"index","follow":"follow","max-snippet":"max-snippet:-1","max-image-preview":"max-image-preview:large","max-video-preview":"max-video-preview:-1"},"canonical":"https:\/\/quehacerpolitico.mx\/?p=73566","og_locale":"es_MX","og_type":"article","og_title":"Internacionales\/\/\/Carolina Alonso Romei\/\/\/Sorprende caso de paciente que mejor\u00f3 del c\u00e1ncer tras padecer COVID-19 -","og_description":"Sorprende caso de paciente que mejor\u00f3 del c\u00e1ncer tras padecer COVID-19 Por Carolina Alonso Romei...","og_url":"https:\/\/quehacerpolitico.mx\/?p=73566","article_published_time":"2021-01-28T18:52:42+00:00","og_image":[{"width":700,"height":394,"url":"https:\/\/quehacerpolitico.mx\/wp-content\/uploads\/2021\/01\/D0C3C7C5-72BF-48B7-8E8D-55A5170094EE.jpeg","type":"image\/jpeg"}],"author":"Redacci\u00f3n QP","twitter_card":"summary_large_image","twitter_misc":{"Escrito por":"Redacci\u00f3n QP","Tiempo de lectura":"2 minutos"},"schema":{"@context":"https:\/\/schema.org","@graph":[{"@type":"Article","@id":"https:\/\/quehacerpolitico.mx\/?p=73566#article","isPartOf":{"@id":"https:\/\/quehacerpolitico.mx\/?p=73566"},"author":{"name":"Redacci\u00f3n QP","@id":"https:\/\/quehacerpolitico.mx\/#\/schema\/person\/496d8ad2d1d3f8036101dca7ee39e585"},"headline":"Internacionales\/\/\/Carolina Alonso Romei\/\/\/Sorprende caso de paciente que mejor\u00f3 del c\u00e1ncer tras padecer COVID-19","datePublished":"2021-01-28T18:52:42+00:00","mainEntityOfPage":{"@id":"https:\/\/quehacerpolitico.mx\/?p=73566"},"wordCount":346,"commentCount":0,"image":{"@id":"https:\/\/quehacerpolitico.mx\/?p=73566#primaryimage"},"thumbnailUrl":"https:\/\/quehacerpolitico.mx\/wp-content\/uploads\/2021\/01\/D0C3C7C5-72BF-48B7-8E8D-55A5170094EE.jpeg","articleSection":["Internacionales"],"inLanguage":"es","potentialAction":[{"@type":"CommentAction","name":"Comment","target":["https:\/\/quehacerpolitico.mx\/?p=73566#respond"]}]},{"@type":"WebPage","@id":"https:\/\/quehacerpolitico.mx\/?p=73566","url":"https:\/\/quehacerpolitico.mx\/?p=73566","name":"Internacionales\/\/\/Carolina Alonso Romei\/\/\/Sorprende caso de paciente que mejor\u00f3 del c\u00e1ncer tras padecer COVID-19 -","isPartOf":{"@id":"https:\/\/quehacerpolitico.mx\/#website"},"primaryImageOfPage":{"@id":"https:\/\/quehacerpolitico.mx\/?p=73566#primaryimage"},"image":{"@id":"https:\/\/quehacerpolitico.mx\/?p=73566#primaryimage"},"thumbnailUrl":"https:\/\/quehacerpolitico.mx\/wp-content\/uploads\/2021\/01\/D0C3C7C5-72BF-48B7-8E8D-55A5170094EE.jpeg","datePublished":"2021-01-28T18:52:42+00:00","author":{"@id":"https:\/\/quehacerpolitico.mx\/#\/schema\/person\/496d8ad2d1d3f8036101dca7ee39e585"},"breadcrumb":{"@id":"https:\/\/quehacerpolitico.mx\/?p=73566#breadcrumb"},"inLanguage":"es","potentialAction":[{"@type":"ReadAction","target":["https:\/\/quehacerpolitico.mx\/?p=73566"]}]},{"@type":"ImageObject","inLanguage":"es","@id":"https:\/\/quehacerpolitico.mx\/?p=73566#primaryimage","url":"https:\/\/quehacerpolitico.mx\/wp-content\/uploads\/2021\/01\/D0C3C7C5-72BF-48B7-8E8D-55A5170094EE.jpeg","contentUrl":"https:\/\/quehacerpolitico.mx\/wp-content\/uploads\/2021\/01\/D0C3C7C5-72BF-48B7-8E8D-55A5170094EE.jpeg","width":700,"height":394},{"@type":"BreadcrumbList","@id":"https:\/\/quehacerpolitico.mx\/?p=73566#breadcrumb","itemListElement":[{"@type":"ListItem","position":1,"name":"Inicio","item":"https:\/\/quehacerpolitico.mx\/"},{"@type":"ListItem","position":2,"name":"Internacionales\/\/\/Carolina Alonso Romei\/\/\/Sorprende caso de paciente que mejor\u00f3 del c\u00e1ncer tras padecer COVID-19"}]},{"@type":"WebSite","@id":"https:\/\/quehacerpolitico.mx\/#website","url":"https:\/\/quehacerpolitico.mx\/","name":"","description":"","potentialAction":[{"@type":"SearchAction","target":{"@type":"EntryPoint","urlTemplate":"https:\/\/quehacerpolitico.mx\/?s={search_term_string}"},"query-input":{"@type":"PropertyValueSpecification","valueRequired":true,"valueName":"search_term_string"}}],"inLanguage":"es"},{"@type":"Person","@id":"https:\/\/quehacerpolitico.mx\/#\/schema\/person\/496d8ad2d1d3f8036101dca7ee39e585","name":"Redacci\u00f3n QP","image":{"@type":"ImageObject","inLanguage":"es","@id":"https:\/\/secure.gravatar.com\/avatar\/c7164ed6fdec453195284ad24a5ae5b6e1eed2b848477fa2a4787ba9adf39a41?s=96&d=mm&r=g","url":"https:\/\/secure.gravatar.com\/avatar\/c7164ed6fdec453195284ad24a5ae5b6e1eed2b848477fa2a4787ba9adf39a41?s=96&d=mm&r=g","contentUrl":"https:\/\/secure.gravatar.com\/avatar\/c7164ed6fdec453195284ad24a5ae5b6e1eed2b848477fa2a4787ba9adf39a41?s=96&d=mm&r=g","caption":"Redacci\u00f3n QP"},"url":"https:\/\/quehacerpolitico.mx\/?author=2"}]}},"featured_image_urls":{"full":["https:\/\/quehacerpolitico.mx\/wp-content\/uploads\/2021\/01\/D0C3C7C5-72BF-48B7-8E8D-55A5170094EE.jpeg",700,394,false],"thumbnail":["https:\/\/quehacerpolitico.mx\/wp-content\/uploads\/2021\/01\/D0C3C7C5-72BF-48B7-8E8D-55A5170094EE-150x150.jpeg",150,150,true],"medium":["https:\/\/quehacerpolitico.mx\/wp-content\/uploads\/2021\/01\/D0C3C7C5-72BF-48B7-8E8D-55A5170094EE-300x169.jpeg",300,169,true],"medium_large":["https:\/\/quehacerpolitico.mx\/wp-content\/uploads\/2021\/01\/D0C3C7C5-72BF-48B7-8E8D-55A5170094EE.jpeg",640,360,false],"large":["https:\/\/quehacerpolitico.mx\/wp-content\/uploads\/2021\/01\/D0C3C7C5-72BF-48B7-8E8D-55A5170094EE.jpeg",640,360,false],"1536x1536":["https:\/\/quehacerpolitico.mx\/wp-content\/uploads\/2021\/01\/D0C3C7C5-72BF-48B7-8E8D-55A5170094EE.jpeg",700,394,false],"2048x2048":["https:\/\/quehacerpolitico.mx\/wp-content\/uploads\/2021\/01\/D0C3C7C5-72BF-48B7-8E8D-55A5170094EE.jpeg",700,394,false],"covernews-featured":["https:\/\/quehacerpolitico.mx\/wp-content\/uploads\/2021\/01\/D0C3C7C5-72BF-48B7-8E8D-55A5170094EE.jpeg",700,394,false],"covernews-medium":["https:\/\/quehacerpolitico.mx\/wp-content\/uploads\/2021\/01\/D0C3C7C5-72BF-48B7-8E8D-55A5170094EE.jpeg",540,304,false]},"author_info":{"display_name":"Redacci\u00f3n QP","author_link":"https:\/\/quehacerpolitico.mx\/?author=2"},"category_info":"<a href=\"https:\/\/quehacerpolitico.mx\/?cat=1\" rel=\"category\">Internacionales<\/a>","tag_info":"Internacionales","comment_count":"0","_links":{"self":[{"href":"https:\/\/quehacerpolitico.mx\/index.php?rest_route=\/wp\/v2\/posts\/73566","targetHints":{"allow":["GET"]}}],"collection":[{"href":"https:\/\/quehacerpolitico.mx\/index.php?rest_route=\/wp\/v2\/posts"}],"about":[{"href":"https:\/\/quehacerpolitico.mx\/index.php?rest_route=\/wp\/v2\/types\/post"}],"author":[{"embeddable":true,"href":"https:\/\/quehacerpolitico.mx\/index.php?rest_route=\/wp\/v2\/users\/2"}],"replies":[{"embeddable":true,"href":"https:\/\/quehacerpolitico.mx\/index.php?rest_route=%2Fwp%2Fv2%2Fcomments&post=73566"}],"version-history":[{"count":0,"href":"https:\/\/quehacerpolitico.mx\/index.php?rest_route=\/wp\/v2\/posts\/73566\/revisions"}],"wp:featuredmedia":[{"embeddable":true,"href":"https:\/\/quehacerpolitico.mx\/index.php?rest_route=\/wp\/v2\/media\/73569"}],"wp:attachment":[{"href":"https:\/\/quehacerpolitico.mx\/index.php?rest_route=%2Fwp%2Fv2%2Fmedia&parent=73566"}],"wp:term":[{"taxonomy":"category","embeddable":true,"href":"https:\/\/quehacerpolitico.mx\/index.php?rest_route=%2Fwp%2Fv2%2Fcategories&post=73566"},{"taxonomy":"post_tag","embeddable":true,"href":"https:\/\/quehacerpolitico.mx\/index.php?rest_route=%2Fwp%2Fv2%2Ftags&post=73566"}],"curies":[{"name":"wp","href":"https:\/\/api.w.org\/{rel}","templated":true}]}}