{"id":73562,"date":"2021-01-28T18:37:49","date_gmt":"2021-01-28T18:37:49","guid":{"rendered":"https:\/\/quehacerpolitico.mx\/?p=73562"},"modified":"2021-01-28T18:37:49","modified_gmt":"2021-01-28T18:37:49","slug":"internacionales-carolina-alonso-romei-bill-gates-quiere-que-paises-pobres-reciban-vacunas-contra-covid-19-gratuitas","status":"publish","type":"post","link":"https:\/\/quehacerpolitico.mx\/?p=73562","title":{"rendered":"Internacionales\/\/\/Carolina Alonso Romei\/\/\/Bill Gates quiere que pa\u00edses pobres reciban vacunas contra COVID-19 gratuitas"},"content":{"rendered":"<h1>Bill Gates quiere que pa\u00edses pobres reciban vacunas contra COVID-19 gratuitas<br \/>\nPor Carolina Alonso Romei<\/h1>\n<p>Internacionalista<\/p>\n<p>Gates hizo notar que por eso se ha lanzado el programa COVAX con el objetivo de financiar mil 200 millones de dosis para 92 pa\u00edses que cumplen una serie de condiciones.<\/p>\n<p class=\"p1\">El fundador de Microsoft, <strong>Bill Gates,<\/strong> implicado con su fundaci\u00f3n en la financiaci\u00f3n de <strong>vacunas contra el coronavirus para el mundo en desarrollo<\/strong>, pidi\u00f3 este jueves que los pa\u00edses ricos hagan contribuciones para que los beneficiarios las reciban de forma gratuita.<\/p>\n<p class=\"p1\">\u201cLos pa\u00edses ricos pueden hacerlo. Es por su inter\u00e9s porque al final de la pandemia el mundo volver\u00e1 a la normalidad\u201d, explic\u00f3 Gates en una entrevista a la emisora francesa France Info.<\/p>\n<p class=\"p1\">El multimillonario estadounidense, que a trav\u00e9s de la Fundaci\u00f3n Bill y Melinda Gates es uno de los promotores de la Alianza para la Vacunaci\u00f3n (GAVI), que re\u00fane a pa\u00edses y a socios privados, justific\u00f3 la iniciativa porque \u201chay un problema de igualdad\u201d en el mundo a la hora de tener acceso a las vacunas, a las de la COVID como al resto.<\/p>\n<p class=\"p1\">Esa desigualdad \u2013 dijo \u2013 se va a traducir en que la vacunaci\u00f3n en los pa\u00edses pobres \u201ctardar\u00e1 un cierto tiempo\u201d.<\/p>\n<p class=\"p1\">Preguntado sobre si esas vacunas deber\u00edan ser gratuitas para esos pa\u00edses pobres, dijo que \u201cpor supuesto\u201d.<\/p>\n<p class=\"p1\">Gates hizo notar que por eso se ha lanzado el programa COVAX, en el que participa su fundaci\u00f3n pero tambi\u00e9n muchos Estados con el objetivo de financiar mil 200 millones de dosis para 92 pa\u00edses que cumplen una serie de condiciones. Se trata de conseguir all\u00ed una cobertura del 20% de la poblaci\u00f3n para finales de a\u00f1o.<\/p>\n<p class=\"p1\">Para ilustrar esas desigualdades, el director general de la Organizaci\u00f3n Mundial de la Salud (OMS), Tedros Adhanom Ghebreyesus, cont\u00f3 este mi\u00e9rcoles que el 75 % de las vacunas que se han inoculado se concentran en s\u00f3lo diez pa\u00edses.<\/p>\n<p class=\"p1\">Sobre los rumores que han circulado \u2013 en algunos casos propagados por personalidades conocidas \u2013 de que el inter\u00e9s de Gates por las vacunas es instalar chips debajo de la piel para hacer un seguimiento masivo a las personas, el fundador de Microsoft no solo los desminti\u00f3 tajantemente, sino que asegur\u00f3 que no tiene \u201cninguna idea\u201d de c\u00f3mo han surgido.<\/p>\n<p class=\"p1\">Subray\u00f3 que \u00e9l no est\u00e1 implicado en nada que tenga que ver con poner chips bajo la piel y que su fundaci\u00f3n se dedica a promover la vacunaci\u00f3n contra diversas enfermedades.<\/p>\n<p class=\"p1\">Con informaci\u00f3n de EFE.<\/p>\n","protected":false},"excerpt":{"rendered":"<p>Bill Gates quiere que pa\u00edses pobres reciban vacunas contra COVID-19 gratuitas Por Carolina Alonso Romei&#8230;<\/p>\n","protected":false},"author":2,"featured_media":73565,"comment_status":"open","ping_status":"open","sticky":false,"template":"","format":"standard","meta":{"_monsterinsights_skip_tracking":false,"_monsterinsights_sitenote_active":false,"_monsterinsights_sitenote_note":"","_monsterinsights_sitenote_category":0,"footnotes":""},"categories":[1],"tags":[],"class_list":["post-73562","post","type-post","status-publish","format-standard","has-post-thumbnail","hentry","category-sin-categoria"],"yoast_head":"<!-- This site is optimized with the Yoast SEO plugin v27.3 - https:\/\/yoast.com\/product\/yoast-seo-wordpress\/ -->\n<title>Internacionales\/\/\/Carolina Alonso Romei\/\/\/Bill Gates quiere que pa\u00edses pobres reciban vacunas contra COVID-19 gratuitas -<\/title>\n<meta name=\"robots\" content=\"index, follow, max-snippet:-1, max-image-preview:large, max-video-preview:-1\" \/>\n<link rel=\"canonical\" href=\"https:\/\/quehacerpolitico.mx\/?p=73562\" \/>\n<meta property=\"og:locale\" content=\"es_MX\" \/>\n<meta property=\"og:type\" content=\"article\" \/>\n<meta property=\"og:title\" content=\"Internacionales\/\/\/Carolina Alonso Romei\/\/\/Bill Gates quiere que pa\u00edses pobres reciban vacunas contra COVID-19 gratuitas -\" \/>\n<meta property=\"og:description\" content=\"Bill Gates quiere que pa\u00edses pobres reciban vacunas contra COVID-19 gratuitas Por Carolina Alonso Romei...\" \/>\n<meta property=\"og:url\" content=\"https:\/\/quehacerpolitico.mx\/?p=73562\" \/>\n<meta property=\"article:published_time\" content=\"2021-01-28T18:37:49+00:00\" \/>\n<meta property=\"og:image\" content=\"https:\/\/quehacerpolitico.mx\/wp-content\/uploads\/2021\/01\/698F890A-39A4-4665-87C3-552DC02CEE0A.jpeg\" \/>\n\t<meta property=\"og:image:width\" content=\"739\" \/>\n\t<meta property=\"og:image:height\" content=\"415\" \/>\n\t<meta property=\"og:image:type\" content=\"image\/jpeg\" \/>\n<meta name=\"author\" content=\"Redacci\u00f3n QP\" \/>\n<meta name=\"twitter:card\" content=\"summary_large_image\" \/>\n<meta name=\"twitter:label1\" content=\"Escrito por\" \/>\n\t<meta name=\"twitter:data1\" content=\"Redacci\u00f3n QP\" \/>\n\t<meta name=\"twitter:label2\" content=\"Tiempo de lectura\" \/>\n\t<meta name=\"twitter:data2\" content=\"2 minutos\" \/>\n<script type=\"application\/ld+json\" class=\"yoast-schema-graph\">{\"@context\":\"https:\\\/\\\/schema.org\",\"@graph\":[{\"@type\":\"Article\",\"@id\":\"https:\\\/\\\/quehacerpolitico.mx\\\/?p=73562#article\",\"isPartOf\":{\"@id\":\"https:\\\/\\\/quehacerpolitico.mx\\\/?p=73562\"},\"author\":{\"name\":\"Redacci\u00f3n QP\",\"@id\":\"https:\\\/\\\/quehacerpolitico.mx\\\/#\\\/schema\\\/person\\\/496d8ad2d1d3f8036101dca7ee39e585\"},\"headline\":\"Internacionales\\\/\\\/\\\/Carolina Alonso Romei\\\/\\\/\\\/Bill Gates quiere que pa\u00edses pobres reciban vacunas contra COVID-19 gratuitas\",\"datePublished\":\"2021-01-28T18:37:49+00:00\",\"mainEntityOfPage\":{\"@id\":\"https:\\\/\\\/quehacerpolitico.mx\\\/?p=73562\"},\"wordCount\":444,\"commentCount\":0,\"image\":{\"@id\":\"https:\\\/\\\/quehacerpolitico.mx\\\/?p=73562#primaryimage\"},\"thumbnailUrl\":\"https:\\\/\\\/quehacerpolitico.mx\\\/wp-content\\\/uploads\\\/2021\\\/01\\\/698F890A-39A4-4665-87C3-552DC02CEE0A.jpeg\",\"articleSection\":[\"Internacionales\"],\"inLanguage\":\"es\",\"potentialAction\":[{\"@type\":\"CommentAction\",\"name\":\"Comment\",\"target\":[\"https:\\\/\\\/quehacerpolitico.mx\\\/?p=73562#respond\"]}]},{\"@type\":\"WebPage\",\"@id\":\"https:\\\/\\\/quehacerpolitico.mx\\\/?p=73562\",\"url\":\"https:\\\/\\\/quehacerpolitico.mx\\\/?p=73562\",\"name\":\"Internacionales\\\/\\\/\\\/Carolina Alonso Romei\\\/\\\/\\\/Bill Gates quiere que pa\u00edses pobres reciban vacunas contra COVID-19 gratuitas -\",\"isPartOf\":{\"@id\":\"https:\\\/\\\/quehacerpolitico.mx\\\/#website\"},\"primaryImageOfPage\":{\"@id\":\"https:\\\/\\\/quehacerpolitico.mx\\\/?p=73562#primaryimage\"},\"image\":{\"@id\":\"https:\\\/\\\/quehacerpolitico.mx\\\/?p=73562#primaryimage\"},\"thumbnailUrl\":\"https:\\\/\\\/quehacerpolitico.mx\\\/wp-content\\\/uploads\\\/2021\\\/01\\\/698F890A-39A4-4665-87C3-552DC02CEE0A.jpeg\",\"datePublished\":\"2021-01-28T18:37:49+00:00\",\"author\":{\"@id\":\"https:\\\/\\\/quehacerpolitico.mx\\\/#\\\/schema\\\/person\\\/496d8ad2d1d3f8036101dca7ee39e585\"},\"breadcrumb\":{\"@id\":\"https:\\\/\\\/quehacerpolitico.mx\\\/?p=73562#breadcrumb\"},\"inLanguage\":\"es\",\"potentialAction\":[{\"@type\":\"ReadAction\",\"target\":[\"https:\\\/\\\/quehacerpolitico.mx\\\/?p=73562\"]}]},{\"@type\":\"ImageObject\",\"inLanguage\":\"es\",\"@id\":\"https:\\\/\\\/quehacerpolitico.mx\\\/?p=73562#primaryimage\",\"url\":\"https:\\\/\\\/quehacerpolitico.mx\\\/wp-content\\\/uploads\\\/2021\\\/01\\\/698F890A-39A4-4665-87C3-552DC02CEE0A.jpeg\",\"contentUrl\":\"https:\\\/\\\/quehacerpolitico.mx\\\/wp-content\\\/uploads\\\/2021\\\/01\\\/698F890A-39A4-4665-87C3-552DC02CEE0A.jpeg\",\"width\":739,\"height\":415},{\"@type\":\"BreadcrumbList\",\"@id\":\"https:\\\/\\\/quehacerpolitico.mx\\\/?p=73562#breadcrumb\",\"itemListElement\":[{\"@type\":\"ListItem\",\"position\":1,\"name\":\"Inicio\",\"item\":\"https:\\\/\\\/quehacerpolitico.mx\\\/\"},{\"@type\":\"ListItem\",\"position\":2,\"name\":\"Internacionales\\\/\\\/\\\/Carolina Alonso Romei\\\/\\\/\\\/Bill Gates quiere que pa\u00edses pobres reciban vacunas contra COVID-19 gratuitas\"}]},{\"@type\":\"WebSite\",\"@id\":\"https:\\\/\\\/quehacerpolitico.mx\\\/#website\",\"url\":\"https:\\\/\\\/quehacerpolitico.mx\\\/\",\"name\":\"\",\"description\":\"\",\"potentialAction\":[{\"@type\":\"SearchAction\",\"target\":{\"@type\":\"EntryPoint\",\"urlTemplate\":\"https:\\\/\\\/quehacerpolitico.mx\\\/?s={search_term_string}\"},\"query-input\":{\"@type\":\"PropertyValueSpecification\",\"valueRequired\":true,\"valueName\":\"search_term_string\"}}],\"inLanguage\":\"es\"},{\"@type\":\"Person\",\"@id\":\"https:\\\/\\\/quehacerpolitico.mx\\\/#\\\/schema\\\/person\\\/496d8ad2d1d3f8036101dca7ee39e585\",\"name\":\"Redacci\u00f3n QP\",\"image\":{\"@type\":\"ImageObject\",\"inLanguage\":\"es\",\"@id\":\"https:\\\/\\\/secure.gravatar.com\\\/avatar\\\/c7164ed6fdec453195284ad24a5ae5b6e1eed2b848477fa2a4787ba9adf39a41?s=96&d=mm&r=g\",\"url\":\"https:\\\/\\\/secure.gravatar.com\\\/avatar\\\/c7164ed6fdec453195284ad24a5ae5b6e1eed2b848477fa2a4787ba9adf39a41?s=96&d=mm&r=g\",\"contentUrl\":\"https:\\\/\\\/secure.gravatar.com\\\/avatar\\\/c7164ed6fdec453195284ad24a5ae5b6e1eed2b848477fa2a4787ba9adf39a41?s=96&d=mm&r=g\",\"caption\":\"Redacci\u00f3n QP\"},\"url\":\"https:\\\/\\\/quehacerpolitico.mx\\\/?author=2\"}]}<\/script>\n<!-- \/ Yoast SEO plugin. -->","yoast_head_json":{"title":"Internacionales\/\/\/Carolina Alonso Romei\/\/\/Bill Gates quiere que pa\u00edses pobres reciban vacunas contra COVID-19 gratuitas -","robots":{"index":"index","follow":"follow","max-snippet":"max-snippet:-1","max-image-preview":"max-image-preview:large","max-video-preview":"max-video-preview:-1"},"canonical":"https:\/\/quehacerpolitico.mx\/?p=73562","og_locale":"es_MX","og_type":"article","og_title":"Internacionales\/\/\/Carolina Alonso Romei\/\/\/Bill Gates quiere que pa\u00edses pobres reciban vacunas contra COVID-19 gratuitas -","og_description":"Bill Gates quiere que pa\u00edses pobres reciban vacunas contra COVID-19 gratuitas Por Carolina Alonso Romei...","og_url":"https:\/\/quehacerpolitico.mx\/?p=73562","article_published_time":"2021-01-28T18:37:49+00:00","og_image":[{"width":739,"height":415,"url":"https:\/\/quehacerpolitico.mx\/wp-content\/uploads\/2021\/01\/698F890A-39A4-4665-87C3-552DC02CEE0A.jpeg","type":"image\/jpeg"}],"author":"Redacci\u00f3n QP","twitter_card":"summary_large_image","twitter_misc":{"Escrito por":"Redacci\u00f3n QP","Tiempo de lectura":"2 minutos"},"schema":{"@context":"https:\/\/schema.org","@graph":[{"@type":"Article","@id":"https:\/\/quehacerpolitico.mx\/?p=73562#article","isPartOf":{"@id":"https:\/\/quehacerpolitico.mx\/?p=73562"},"author":{"name":"Redacci\u00f3n QP","@id":"https:\/\/quehacerpolitico.mx\/#\/schema\/person\/496d8ad2d1d3f8036101dca7ee39e585"},"headline":"Internacionales\/\/\/Carolina Alonso Romei\/\/\/Bill Gates quiere que pa\u00edses pobres reciban vacunas contra COVID-19 gratuitas","datePublished":"2021-01-28T18:37:49+00:00","mainEntityOfPage":{"@id":"https:\/\/quehacerpolitico.mx\/?p=73562"},"wordCount":444,"commentCount":0,"image":{"@id":"https:\/\/quehacerpolitico.mx\/?p=73562#primaryimage"},"thumbnailUrl":"https:\/\/quehacerpolitico.mx\/wp-content\/uploads\/2021\/01\/698F890A-39A4-4665-87C3-552DC02CEE0A.jpeg","articleSection":["Internacionales"],"inLanguage":"es","potentialAction":[{"@type":"CommentAction","name":"Comment","target":["https:\/\/quehacerpolitico.mx\/?p=73562#respond"]}]},{"@type":"WebPage","@id":"https:\/\/quehacerpolitico.mx\/?p=73562","url":"https:\/\/quehacerpolitico.mx\/?p=73562","name":"Internacionales\/\/\/Carolina Alonso Romei\/\/\/Bill Gates quiere que pa\u00edses pobres reciban vacunas contra COVID-19 gratuitas -","isPartOf":{"@id":"https:\/\/quehacerpolitico.mx\/#website"},"primaryImageOfPage":{"@id":"https:\/\/quehacerpolitico.mx\/?p=73562#primaryimage"},"image":{"@id":"https:\/\/quehacerpolitico.mx\/?p=73562#primaryimage"},"thumbnailUrl":"https:\/\/quehacerpolitico.mx\/wp-content\/uploads\/2021\/01\/698F890A-39A4-4665-87C3-552DC02CEE0A.jpeg","datePublished":"2021-01-28T18:37:49+00:00","author":{"@id":"https:\/\/quehacerpolitico.mx\/#\/schema\/person\/496d8ad2d1d3f8036101dca7ee39e585"},"breadcrumb":{"@id":"https:\/\/quehacerpolitico.mx\/?p=73562#breadcrumb"},"inLanguage":"es","potentialAction":[{"@type":"ReadAction","target":["https:\/\/quehacerpolitico.mx\/?p=73562"]}]},{"@type":"ImageObject","inLanguage":"es","@id":"https:\/\/quehacerpolitico.mx\/?p=73562#primaryimage","url":"https:\/\/quehacerpolitico.mx\/wp-content\/uploads\/2021\/01\/698F890A-39A4-4665-87C3-552DC02CEE0A.jpeg","contentUrl":"https:\/\/quehacerpolitico.mx\/wp-content\/uploads\/2021\/01\/698F890A-39A4-4665-87C3-552DC02CEE0A.jpeg","width":739,"height":415},{"@type":"BreadcrumbList","@id":"https:\/\/quehacerpolitico.mx\/?p=73562#breadcrumb","itemListElement":[{"@type":"ListItem","position":1,"name":"Inicio","item":"https:\/\/quehacerpolitico.mx\/"},{"@type":"ListItem","position":2,"name":"Internacionales\/\/\/Carolina Alonso Romei\/\/\/Bill Gates quiere que pa\u00edses pobres reciban vacunas contra COVID-19 gratuitas"}]},{"@type":"WebSite","@id":"https:\/\/quehacerpolitico.mx\/#website","url":"https:\/\/quehacerpolitico.mx\/","name":"","description":"","potentialAction":[{"@type":"SearchAction","target":{"@type":"EntryPoint","urlTemplate":"https:\/\/quehacerpolitico.mx\/?s={search_term_string}"},"query-input":{"@type":"PropertyValueSpecification","valueRequired":true,"valueName":"search_term_string"}}],"inLanguage":"es"},{"@type":"Person","@id":"https:\/\/quehacerpolitico.mx\/#\/schema\/person\/496d8ad2d1d3f8036101dca7ee39e585","name":"Redacci\u00f3n QP","image":{"@type":"ImageObject","inLanguage":"es","@id":"https:\/\/secure.gravatar.com\/avatar\/c7164ed6fdec453195284ad24a5ae5b6e1eed2b848477fa2a4787ba9adf39a41?s=96&d=mm&r=g","url":"https:\/\/secure.gravatar.com\/avatar\/c7164ed6fdec453195284ad24a5ae5b6e1eed2b848477fa2a4787ba9adf39a41?s=96&d=mm&r=g","contentUrl":"https:\/\/secure.gravatar.com\/avatar\/c7164ed6fdec453195284ad24a5ae5b6e1eed2b848477fa2a4787ba9adf39a41?s=96&d=mm&r=g","caption":"Redacci\u00f3n QP"},"url":"https:\/\/quehacerpolitico.mx\/?author=2"}]}},"featured_image_urls":{"full":["https:\/\/quehacerpolitico.mx\/wp-content\/uploads\/2021\/01\/698F890A-39A4-4665-87C3-552DC02CEE0A.jpeg",739,415,false],"thumbnail":["https:\/\/quehacerpolitico.mx\/wp-content\/uploads\/2021\/01\/698F890A-39A4-4665-87C3-552DC02CEE0A-150x150.jpeg",150,150,true],"medium":["https:\/\/quehacerpolitico.mx\/wp-content\/uploads\/2021\/01\/698F890A-39A4-4665-87C3-552DC02CEE0A-300x168.jpeg",300,168,true],"medium_large":["https:\/\/quehacerpolitico.mx\/wp-content\/uploads\/2021\/01\/698F890A-39A4-4665-87C3-552DC02CEE0A.jpeg",640,359,false],"large":["https:\/\/quehacerpolitico.mx\/wp-content\/uploads\/2021\/01\/698F890A-39A4-4665-87C3-552DC02CEE0A.jpeg",640,359,false],"1536x1536":["https:\/\/quehacerpolitico.mx\/wp-content\/uploads\/2021\/01\/698F890A-39A4-4665-87C3-552DC02CEE0A.jpeg",739,415,false],"2048x2048":["https:\/\/quehacerpolitico.mx\/wp-content\/uploads\/2021\/01\/698F890A-39A4-4665-87C3-552DC02CEE0A.jpeg",739,415,false],"covernews-featured":["https:\/\/quehacerpolitico.mx\/wp-content\/uploads\/2021\/01\/698F890A-39A4-4665-87C3-552DC02CEE0A.jpeg",739,415,false],"covernews-medium":["https:\/\/quehacerpolitico.mx\/wp-content\/uploads\/2021\/01\/698F890A-39A4-4665-87C3-552DC02CEE0A.jpeg",540,303,false]},"author_info":{"display_name":"Redacci\u00f3n QP","author_link":"https:\/\/quehacerpolitico.mx\/?author=2"},"category_info":"<a href=\"https:\/\/quehacerpolitico.mx\/?cat=1\" rel=\"category\">Internacionales<\/a>","tag_info":"Internacionales","comment_count":"0","_links":{"self":[{"href":"https:\/\/quehacerpolitico.mx\/index.php?rest_route=\/wp\/v2\/posts\/73562","targetHints":{"allow":["GET"]}}],"collection":[{"href":"https:\/\/quehacerpolitico.mx\/index.php?rest_route=\/wp\/v2\/posts"}],"about":[{"href":"https:\/\/quehacerpolitico.mx\/index.php?rest_route=\/wp\/v2\/types\/post"}],"author":[{"embeddable":true,"href":"https:\/\/quehacerpolitico.mx\/index.php?rest_route=\/wp\/v2\/users\/2"}],"replies":[{"embeddable":true,"href":"https:\/\/quehacerpolitico.mx\/index.php?rest_route=%2Fwp%2Fv2%2Fcomments&post=73562"}],"version-history":[{"count":0,"href":"https:\/\/quehacerpolitico.mx\/index.php?rest_route=\/wp\/v2\/posts\/73562\/revisions"}],"wp:featuredmedia":[{"embeddable":true,"href":"https:\/\/quehacerpolitico.mx\/index.php?rest_route=\/wp\/v2\/media\/73565"}],"wp:attachment":[{"href":"https:\/\/quehacerpolitico.mx\/index.php?rest_route=%2Fwp%2Fv2%2Fmedia&parent=73562"}],"wp:term":[{"taxonomy":"category","embeddable":true,"href":"https:\/\/quehacerpolitico.mx\/index.php?rest_route=%2Fwp%2Fv2%2Fcategories&post=73562"},{"taxonomy":"post_tag","embeddable":true,"href":"https:\/\/quehacerpolitico.mx\/index.php?rest_route=%2Fwp%2Fv2%2Ftags&post=73562"}],"curies":[{"name":"wp","href":"https:\/\/api.w.org\/{rel}","templated":true}]}}