{"id":73558,"date":"2021-01-28T18:25:48","date_gmt":"2021-01-28T18:25:48","guid":{"rendered":"https:\/\/quehacerpolitico.mx\/?p=73558"},"modified":"2021-01-28T18:25:48","modified_gmt":"2021-01-28T18:25:48","slug":"sanchez-cordero-reprueba-conducta-del-medico-que-deseo-lo-peor-amlo-por-covid-19","status":"publish","type":"post","link":"https:\/\/quehacerpolitico.mx\/?p=73558","title":{"rendered":"S\u00e1nchez Cordero reprueba conducta del m\u00e9dico que dese\u00f3 lo peor a AMLO por COVID-19"},"content":{"rendered":"<h1>S\u00e1nchez Cordero reprueba conducta del m\u00e9dico que dese\u00f3 lo peor a AMLO por COVID-19<br \/>\nPor Redacci\u00f3n QP<\/h1>\n<div class=\"description\">La secretaria de Gobernaci\u00f3n descart\u00f3 que se le vaya retirar la c\u00e9dula m\u00e9dica, pero se\u00f1al\u00f3 que el derecho a la libertad de expresi\u00f3n tiene l\u00edmites<\/div>\n<div>\n<p>La secretaria de Gobernaci\u00f3n (Segob), Olga S\u00e1nchez Cordero, reprob\u00f3 la conducta del m\u00e9dico <strong>Diego Araiza Garaygordobil<\/strong> quien sugiri\u00f3, a trav\u00e9s de su cuenta de Twitter, suministrar ciertos medicamentos al presidente de M\u00e9xico, <strong>Andr\u00e9s Manuel L\u00f3pez Obrador (AMLO)<\/strong>, para provocarle una trombosis o sangrado de tubo digestivo tras enfermar de <strong>COVID-19.<\/strong><\/p>\n<blockquote><p>\u201cFue lamentable de verdad, fue muy lamentable y yo creo que ha violado un c\u00f3digo de \u00e9tica m\u00e9dica elemental y es reprobable su conducta.\u00a0 Viol\u00f3 normas \u00e9ticas, por supuesto\u201d, expres\u00f3 la titular de Gobernaci\u00f3n en la conferencia matutina.<\/p><\/blockquote>\n<p>En conferencia matutina, la funcionaria federal descart\u00f3 que se le vaya retirar la <strong>c\u00e9dula m\u00e9dica<\/strong>, pero se\u00f1al\u00f3 que el derecho a la<strong> libertad de expresi\u00f3n<\/strong> tiene l\u00edmites.<\/p>\n<p><iframe loading=\"lazy\" title=\"M\u00e9dico que pidi\u00f3 trombosis para AMLO viola normas \u00e9ticas: Segob\" width=\"640\" height=\"360\" src=\"https:\/\/www.youtube.com\/embed\/wNSXvQPFYWQ?feature=oembed\" frameborder=\"0\" allow=\"accelerometer; autoplay; clipboard-write; encrypted-media; gyroscope; picture-in-picture; web-share\" referrerpolicy=\"strict-origin-when-cross-origin\" allowfullscreen><\/iframe><\/p>\n<blockquote><p>\u201cAprovecho, todos los derechos, todos, a pesar de que nosotros hemos dicho siempre que el derecho a la libertad de expresi\u00f3n, redundantemente es lib\u00e9rrimo, tiene l\u00edmites, todos los derechos tienen l\u00edmites y los l\u00edmites y cuando aceptas otros derechos de terceros\u201d, dijo S\u00e1nchez Cordero.<\/p><\/blockquote>\n<p>En dias pasados el especialista public\u00f3 un tuit en el que suger\u00eda suministrar<strong> hidroxicloroquina<\/strong>, azitromicina, DOAC y un esteroide, al presidente Andr\u00e9s Manuel L\u00f3pez Obrador para provocarle una <strong>trombosis venosa<\/strong> o <strong>sangrado de tubo digestivo<\/strong>.<\/p>\n<p>Sus comentarios provocaron el repudio de la <strong>Sociedad Europea de Cardiolog\u00eda<\/strong>, que le retir\u00f3 el nombramiento como embajador en redes, y de la <strong>Sociedad Interamericana de Cardiolog\u00eda<\/strong>.<\/p>\n<p>Actualmente, el cardi\u00f3logo Diego Araiza Garaygordobil se ha desempe\u00f1ado en el <strong>Instituto Nacional de Cardiolog\u00eda<\/strong> y en el <strong>Hospital M\u00e9dica Sur<\/strong> y forma parte de la Mesa Directiva 2020 \u2013 2022 de la <strong>Sociedad Mexicana de Cardiolog\u00eda<\/strong> y tiene a su cargo el \u00e1rea de <strong>Cardiolog\u00eda Digital<\/strong>.<\/p>\n<p>Con informaci\u00f3n de Redes sociales del Gobierno de M\u00e9xico y Noticieros Televisa.<\/p>\n<\/div>\n","protected":false},"excerpt":{"rendered":"<p>S\u00e1nchez Cordero reprueba conducta del m\u00e9dico que dese\u00f3 lo peor a AMLO por COVID-19 Por&#8230;<\/p>\n","protected":false},"author":2,"featured_media":73560,"comment_status":"open","ping_status":"open","sticky":false,"template":"","format":"standard","meta":{"_monsterinsights_skip_tracking":false,"_monsterinsights_sitenote_active":false,"_monsterinsights_sitenote_note":"","_monsterinsights_sitenote_category":0,"footnotes":""},"categories":[2],"tags":[],"class_list":["post-73558","post","type-post","status-publish","format-standard","has-post-thumbnail","hentry","category-noticias"],"yoast_head":"<!-- This site is optimized with the Yoast SEO plugin v27.3 - https:\/\/yoast.com\/product\/yoast-seo-wordpress\/ -->\n<title>S\u00e1nchez Cordero reprueba conducta del m\u00e9dico que dese\u00f3 lo peor a AMLO por COVID-19 -<\/title>\n<meta name=\"robots\" content=\"index, follow, max-snippet:-1, max-image-preview:large, max-video-preview:-1\" \/>\n<link rel=\"canonical\" href=\"https:\/\/quehacerpolitico.mx\/?p=73558\" \/>\n<meta property=\"og:locale\" content=\"es_MX\" \/>\n<meta property=\"og:type\" content=\"article\" \/>\n<meta property=\"og:title\" content=\"S\u00e1nchez Cordero reprueba conducta del m\u00e9dico que dese\u00f3 lo peor a AMLO por COVID-19 -\" \/>\n<meta property=\"og:description\" content=\"S\u00e1nchez Cordero reprueba conducta del m\u00e9dico que dese\u00f3 lo peor a AMLO por COVID-19 Por...\" \/>\n<meta property=\"og:url\" content=\"https:\/\/quehacerpolitico.mx\/?p=73558\" \/>\n<meta property=\"article:published_time\" content=\"2021-01-28T18:25:48+00:00\" \/>\n<meta property=\"og:image\" content=\"https:\/\/quehacerpolitico.mx\/wp-content\/uploads\/2021\/01\/D21AB1D0-69C1-4F79-B6C4-3619FBCB2C46.jpeg\" \/>\n\t<meta property=\"og:image:width\" content=\"1242\" \/>\n\t<meta property=\"og:image:height\" content=\"679\" \/>\n\t<meta property=\"og:image:type\" content=\"image\/jpeg\" \/>\n<meta name=\"author\" content=\"Redacci\u00f3n QP\" \/>\n<meta name=\"twitter:card\" content=\"summary_large_image\" \/>\n<meta name=\"twitter:label1\" content=\"Escrito por\" \/>\n\t<meta name=\"twitter:data1\" content=\"Redacci\u00f3n QP\" \/>\n\t<meta name=\"twitter:label2\" content=\"Tiempo de lectura\" \/>\n\t<meta name=\"twitter:data2\" content=\"2 minutos\" \/>\n<script type=\"application\/ld+json\" class=\"yoast-schema-graph\">{\"@context\":\"https:\\\/\\\/schema.org\",\"@graph\":[{\"@type\":\"Article\",\"@id\":\"https:\\\/\\\/quehacerpolitico.mx\\\/?p=73558#article\",\"isPartOf\":{\"@id\":\"https:\\\/\\\/quehacerpolitico.mx\\\/?p=73558\"},\"author\":{\"name\":\"Redacci\u00f3n QP\",\"@id\":\"https:\\\/\\\/quehacerpolitico.mx\\\/#\\\/schema\\\/person\\\/496d8ad2d1d3f8036101dca7ee39e585\"},\"headline\":\"S\u00e1nchez Cordero reprueba conducta del m\u00e9dico que dese\u00f3 lo peor a AMLO por COVID-19\",\"datePublished\":\"2021-01-28T18:25:48+00:00\",\"mainEntityOfPage\":{\"@id\":\"https:\\\/\\\/quehacerpolitico.mx\\\/?p=73558\"},\"wordCount\":382,\"commentCount\":0,\"image\":{\"@id\":\"https:\\\/\\\/quehacerpolitico.mx\\\/?p=73558#primaryimage\"},\"thumbnailUrl\":\"https:\\\/\\\/quehacerpolitico.mx\\\/wp-content\\\/uploads\\\/2021\\\/01\\\/D21AB1D0-69C1-4F79-B6C4-3619FBCB2C46.jpeg\",\"articleSection\":[\"Noticias\"],\"inLanguage\":\"es\",\"potentialAction\":[{\"@type\":\"CommentAction\",\"name\":\"Comment\",\"target\":[\"https:\\\/\\\/quehacerpolitico.mx\\\/?p=73558#respond\"]}]},{\"@type\":\"WebPage\",\"@id\":\"https:\\\/\\\/quehacerpolitico.mx\\\/?p=73558\",\"url\":\"https:\\\/\\\/quehacerpolitico.mx\\\/?p=73558\",\"name\":\"S\u00e1nchez Cordero reprueba conducta del m\u00e9dico que dese\u00f3 lo peor a AMLO por COVID-19 -\",\"isPartOf\":{\"@id\":\"https:\\\/\\\/quehacerpolitico.mx\\\/#website\"},\"primaryImageOfPage\":{\"@id\":\"https:\\\/\\\/quehacerpolitico.mx\\\/?p=73558#primaryimage\"},\"image\":{\"@id\":\"https:\\\/\\\/quehacerpolitico.mx\\\/?p=73558#primaryimage\"},\"thumbnailUrl\":\"https:\\\/\\\/quehacerpolitico.mx\\\/wp-content\\\/uploads\\\/2021\\\/01\\\/D21AB1D0-69C1-4F79-B6C4-3619FBCB2C46.jpeg\",\"datePublished\":\"2021-01-28T18:25:48+00:00\",\"author\":{\"@id\":\"https:\\\/\\\/quehacerpolitico.mx\\\/#\\\/schema\\\/person\\\/496d8ad2d1d3f8036101dca7ee39e585\"},\"breadcrumb\":{\"@id\":\"https:\\\/\\\/quehacerpolitico.mx\\\/?p=73558#breadcrumb\"},\"inLanguage\":\"es\",\"potentialAction\":[{\"@type\":\"ReadAction\",\"target\":[\"https:\\\/\\\/quehacerpolitico.mx\\\/?p=73558\"]}]},{\"@type\":\"ImageObject\",\"inLanguage\":\"es\",\"@id\":\"https:\\\/\\\/quehacerpolitico.mx\\\/?p=73558#primaryimage\",\"url\":\"https:\\\/\\\/quehacerpolitico.mx\\\/wp-content\\\/uploads\\\/2021\\\/01\\\/D21AB1D0-69C1-4F79-B6C4-3619FBCB2C46.jpeg\",\"contentUrl\":\"https:\\\/\\\/quehacerpolitico.mx\\\/wp-content\\\/uploads\\\/2021\\\/01\\\/D21AB1D0-69C1-4F79-B6C4-3619FBCB2C46.jpeg\",\"width\":1242,\"height\":679},{\"@type\":\"BreadcrumbList\",\"@id\":\"https:\\\/\\\/quehacerpolitico.mx\\\/?p=73558#breadcrumb\",\"itemListElement\":[{\"@type\":\"ListItem\",\"position\":1,\"name\":\"Inicio\",\"item\":\"https:\\\/\\\/quehacerpolitico.mx\\\/\"},{\"@type\":\"ListItem\",\"position\":2,\"name\":\"S\u00e1nchez Cordero reprueba conducta del m\u00e9dico que dese\u00f3 lo peor a AMLO por COVID-19\"}]},{\"@type\":\"WebSite\",\"@id\":\"https:\\\/\\\/quehacerpolitico.mx\\\/#website\",\"url\":\"https:\\\/\\\/quehacerpolitico.mx\\\/\",\"name\":\"\",\"description\":\"\",\"potentialAction\":[{\"@type\":\"SearchAction\",\"target\":{\"@type\":\"EntryPoint\",\"urlTemplate\":\"https:\\\/\\\/quehacerpolitico.mx\\\/?s={search_term_string}\"},\"query-input\":{\"@type\":\"PropertyValueSpecification\",\"valueRequired\":true,\"valueName\":\"search_term_string\"}}],\"inLanguage\":\"es\"},{\"@type\":\"Person\",\"@id\":\"https:\\\/\\\/quehacerpolitico.mx\\\/#\\\/schema\\\/person\\\/496d8ad2d1d3f8036101dca7ee39e585\",\"name\":\"Redacci\u00f3n QP\",\"image\":{\"@type\":\"ImageObject\",\"inLanguage\":\"es\",\"@id\":\"https:\\\/\\\/secure.gravatar.com\\\/avatar\\\/c7164ed6fdec453195284ad24a5ae5b6e1eed2b848477fa2a4787ba9adf39a41?s=96&d=mm&r=g\",\"url\":\"https:\\\/\\\/secure.gravatar.com\\\/avatar\\\/c7164ed6fdec453195284ad24a5ae5b6e1eed2b848477fa2a4787ba9adf39a41?s=96&d=mm&r=g\",\"contentUrl\":\"https:\\\/\\\/secure.gravatar.com\\\/avatar\\\/c7164ed6fdec453195284ad24a5ae5b6e1eed2b848477fa2a4787ba9adf39a41?s=96&d=mm&r=g\",\"caption\":\"Redacci\u00f3n QP\"},\"url\":\"https:\\\/\\\/quehacerpolitico.mx\\\/?author=2\"}]}<\/script>\n<!-- \/ Yoast SEO plugin. -->","yoast_head_json":{"title":"S\u00e1nchez Cordero reprueba conducta del m\u00e9dico que dese\u00f3 lo peor a AMLO por COVID-19 -","robots":{"index":"index","follow":"follow","max-snippet":"max-snippet:-1","max-image-preview":"max-image-preview:large","max-video-preview":"max-video-preview:-1"},"canonical":"https:\/\/quehacerpolitico.mx\/?p=73558","og_locale":"es_MX","og_type":"article","og_title":"S\u00e1nchez Cordero reprueba conducta del m\u00e9dico que dese\u00f3 lo peor a AMLO por COVID-19 -","og_description":"S\u00e1nchez Cordero reprueba conducta del m\u00e9dico que dese\u00f3 lo peor a AMLO por COVID-19 Por...","og_url":"https:\/\/quehacerpolitico.mx\/?p=73558","article_published_time":"2021-01-28T18:25:48+00:00","og_image":[{"width":1242,"height":679,"url":"https:\/\/quehacerpolitico.mx\/wp-content\/uploads\/2021\/01\/D21AB1D0-69C1-4F79-B6C4-3619FBCB2C46.jpeg","type":"image\/jpeg"}],"author":"Redacci\u00f3n QP","twitter_card":"summary_large_image","twitter_misc":{"Escrito por":"Redacci\u00f3n QP","Tiempo de lectura":"2 minutos"},"schema":{"@context":"https:\/\/schema.org","@graph":[{"@type":"Article","@id":"https:\/\/quehacerpolitico.mx\/?p=73558#article","isPartOf":{"@id":"https:\/\/quehacerpolitico.mx\/?p=73558"},"author":{"name":"Redacci\u00f3n QP","@id":"https:\/\/quehacerpolitico.mx\/#\/schema\/person\/496d8ad2d1d3f8036101dca7ee39e585"},"headline":"S\u00e1nchez Cordero reprueba conducta del m\u00e9dico que dese\u00f3 lo peor a AMLO por COVID-19","datePublished":"2021-01-28T18:25:48+00:00","mainEntityOfPage":{"@id":"https:\/\/quehacerpolitico.mx\/?p=73558"},"wordCount":382,"commentCount":0,"image":{"@id":"https:\/\/quehacerpolitico.mx\/?p=73558#primaryimage"},"thumbnailUrl":"https:\/\/quehacerpolitico.mx\/wp-content\/uploads\/2021\/01\/D21AB1D0-69C1-4F79-B6C4-3619FBCB2C46.jpeg","articleSection":["Noticias"],"inLanguage":"es","potentialAction":[{"@type":"CommentAction","name":"Comment","target":["https:\/\/quehacerpolitico.mx\/?p=73558#respond"]}]},{"@type":"WebPage","@id":"https:\/\/quehacerpolitico.mx\/?p=73558","url":"https:\/\/quehacerpolitico.mx\/?p=73558","name":"S\u00e1nchez Cordero reprueba conducta del m\u00e9dico que dese\u00f3 lo peor a AMLO por COVID-19 -","isPartOf":{"@id":"https:\/\/quehacerpolitico.mx\/#website"},"primaryImageOfPage":{"@id":"https:\/\/quehacerpolitico.mx\/?p=73558#primaryimage"},"image":{"@id":"https:\/\/quehacerpolitico.mx\/?p=73558#primaryimage"},"thumbnailUrl":"https:\/\/quehacerpolitico.mx\/wp-content\/uploads\/2021\/01\/D21AB1D0-69C1-4F79-B6C4-3619FBCB2C46.jpeg","datePublished":"2021-01-28T18:25:48+00:00","author":{"@id":"https:\/\/quehacerpolitico.mx\/#\/schema\/person\/496d8ad2d1d3f8036101dca7ee39e585"},"breadcrumb":{"@id":"https:\/\/quehacerpolitico.mx\/?p=73558#breadcrumb"},"inLanguage":"es","potentialAction":[{"@type":"ReadAction","target":["https:\/\/quehacerpolitico.mx\/?p=73558"]}]},{"@type":"ImageObject","inLanguage":"es","@id":"https:\/\/quehacerpolitico.mx\/?p=73558#primaryimage","url":"https:\/\/quehacerpolitico.mx\/wp-content\/uploads\/2021\/01\/D21AB1D0-69C1-4F79-B6C4-3619FBCB2C46.jpeg","contentUrl":"https:\/\/quehacerpolitico.mx\/wp-content\/uploads\/2021\/01\/D21AB1D0-69C1-4F79-B6C4-3619FBCB2C46.jpeg","width":1242,"height":679},{"@type":"BreadcrumbList","@id":"https:\/\/quehacerpolitico.mx\/?p=73558#breadcrumb","itemListElement":[{"@type":"ListItem","position":1,"name":"Inicio","item":"https:\/\/quehacerpolitico.mx\/"},{"@type":"ListItem","position":2,"name":"S\u00e1nchez Cordero reprueba conducta del m\u00e9dico que dese\u00f3 lo peor a AMLO por COVID-19"}]},{"@type":"WebSite","@id":"https:\/\/quehacerpolitico.mx\/#website","url":"https:\/\/quehacerpolitico.mx\/","name":"","description":"","potentialAction":[{"@type":"SearchAction","target":{"@type":"EntryPoint","urlTemplate":"https:\/\/quehacerpolitico.mx\/?s={search_term_string}"},"query-input":{"@type":"PropertyValueSpecification","valueRequired":true,"valueName":"search_term_string"}}],"inLanguage":"es"},{"@type":"Person","@id":"https:\/\/quehacerpolitico.mx\/#\/schema\/person\/496d8ad2d1d3f8036101dca7ee39e585","name":"Redacci\u00f3n QP","image":{"@type":"ImageObject","inLanguage":"es","@id":"https:\/\/secure.gravatar.com\/avatar\/c7164ed6fdec453195284ad24a5ae5b6e1eed2b848477fa2a4787ba9adf39a41?s=96&d=mm&r=g","url":"https:\/\/secure.gravatar.com\/avatar\/c7164ed6fdec453195284ad24a5ae5b6e1eed2b848477fa2a4787ba9adf39a41?s=96&d=mm&r=g","contentUrl":"https:\/\/secure.gravatar.com\/avatar\/c7164ed6fdec453195284ad24a5ae5b6e1eed2b848477fa2a4787ba9adf39a41?s=96&d=mm&r=g","caption":"Redacci\u00f3n QP"},"url":"https:\/\/quehacerpolitico.mx\/?author=2"}]}},"featured_image_urls":{"full":["https:\/\/quehacerpolitico.mx\/wp-content\/uploads\/2021\/01\/D21AB1D0-69C1-4F79-B6C4-3619FBCB2C46.jpeg",1242,679,false],"thumbnail":["https:\/\/quehacerpolitico.mx\/wp-content\/uploads\/2021\/01\/D21AB1D0-69C1-4F79-B6C4-3619FBCB2C46-150x150.jpeg",150,150,true],"medium":["https:\/\/quehacerpolitico.mx\/wp-content\/uploads\/2021\/01\/D21AB1D0-69C1-4F79-B6C4-3619FBCB2C46-300x164.jpeg",300,164,true],"medium_large":["https:\/\/quehacerpolitico.mx\/wp-content\/uploads\/2021\/01\/D21AB1D0-69C1-4F79-B6C4-3619FBCB2C46-768x420.jpeg",640,350,true],"large":["https:\/\/quehacerpolitico.mx\/wp-content\/uploads\/2021\/01\/D21AB1D0-69C1-4F79-B6C4-3619FBCB2C46-1024x560.jpeg",640,350,true],"1536x1536":["https:\/\/quehacerpolitico.mx\/wp-content\/uploads\/2021\/01\/D21AB1D0-69C1-4F79-B6C4-3619FBCB2C46.jpeg",1242,679,false],"2048x2048":["https:\/\/quehacerpolitico.mx\/wp-content\/uploads\/2021\/01\/D21AB1D0-69C1-4F79-B6C4-3619FBCB2C46.jpeg",1242,679,false],"covernews-featured":["https:\/\/quehacerpolitico.mx\/wp-content\/uploads\/2021\/01\/D21AB1D0-69C1-4F79-B6C4-3619FBCB2C46.jpeg",1024,560,false],"covernews-medium":["https:\/\/quehacerpolitico.mx\/wp-content\/uploads\/2021\/01\/D21AB1D0-69C1-4F79-B6C4-3619FBCB2C46.jpeg",540,295,false]},"author_info":{"display_name":"Redacci\u00f3n QP","author_link":"https:\/\/quehacerpolitico.mx\/?author=2"},"category_info":"<a href=\"https:\/\/quehacerpolitico.mx\/?cat=2\" rel=\"category\">Noticias<\/a>","tag_info":"Noticias","comment_count":"0","_links":{"self":[{"href":"https:\/\/quehacerpolitico.mx\/index.php?rest_route=\/wp\/v2\/posts\/73558","targetHints":{"allow":["GET"]}}],"collection":[{"href":"https:\/\/quehacerpolitico.mx\/index.php?rest_route=\/wp\/v2\/posts"}],"about":[{"href":"https:\/\/quehacerpolitico.mx\/index.php?rest_route=\/wp\/v2\/types\/post"}],"author":[{"embeddable":true,"href":"https:\/\/quehacerpolitico.mx\/index.php?rest_route=\/wp\/v2\/users\/2"}],"replies":[{"embeddable":true,"href":"https:\/\/quehacerpolitico.mx\/index.php?rest_route=%2Fwp%2Fv2%2Fcomments&post=73558"}],"version-history":[{"count":0,"href":"https:\/\/quehacerpolitico.mx\/index.php?rest_route=\/wp\/v2\/posts\/73558\/revisions"}],"wp:featuredmedia":[{"embeddable":true,"href":"https:\/\/quehacerpolitico.mx\/index.php?rest_route=\/wp\/v2\/media\/73560"}],"wp:attachment":[{"href":"https:\/\/quehacerpolitico.mx\/index.php?rest_route=%2Fwp%2Fv2%2Fmedia&parent=73558"}],"wp:term":[{"taxonomy":"category","embeddable":true,"href":"https:\/\/quehacerpolitico.mx\/index.php?rest_route=%2Fwp%2Fv2%2Fcategories&post=73558"},{"taxonomy":"post_tag","embeddable":true,"href":"https:\/\/quehacerpolitico.mx\/index.php?rest_route=%2Fwp%2Fv2%2Ftags&post=73558"}],"curies":[{"name":"wp","href":"https:\/\/api.w.org\/{rel}","templated":true}]}}