{"id":73529,"date":"2021-01-28T16:04:56","date_gmt":"2021-01-28T16:04:56","guid":{"rendered":"https:\/\/quehacerpolitico.mx\/?p=73529"},"modified":"2021-01-28T16:04:56","modified_gmt":"2021-01-28T16:04:56","slug":"amlo-terminara-aislamiento-voluntario-por-covid-19-cuando-especialistas-lo-aprueben-sanchez-cordero","status":"publish","type":"post","link":"https:\/\/quehacerpolitico.mx\/?p=73529","title":{"rendered":"AMLO terminar\u00e1 aislamiento voluntario por COVID-19 cuando especialistas lo aprueben: S\u00e1nchez Cordero"},"content":{"rendered":"<h1>AMLO terminar\u00e1 aislamiento voluntario por COVID-19 cuando especialistas lo aprueben: S\u00e1nchez Cordero<br \/>\nPor Redacci\u00f3n QP<\/h1>\n<p>La secretaria de Gobernaci\u00f3n, Olga S\u00e1nchez Cordero, inform\u00f3 que el presidente Andr\u00e9s Manuel L\u00f3pez Obrador presenta s\u00edntomas ligeros por COVID-19<\/p>\n<p>La secretaria de Gobernaci\u00f3n (Segob), Olga S\u00e1nchez Cordero, inform\u00f3 que el presidente de M\u00e9xico, <strong>Andr\u00e9s Manuel L\u00f3pez Obrador (AMLO)<\/strong>, se encuentra muy bien y en ejercicio de sus funciones por lo que terminar\u00e1 su aislamiento voluntario por <strong>COVID-19<\/strong> cuando especialistas lo aprueben.<\/p>\n<blockquote><p>\u201cEsperamos que cumpla con su periodo de aislamiento voluntario de la mejor forma posible, y en cuanto los especialistas den su aprobaci\u00f3n estar\u00e1 de regreso con nosotros para continuar personalmente este ejercicio informativo\u201d, dijo la secretaria de Gobernaci\u00f3n en conferencia de prensa matutina desde Palacio Nacional.<\/p><\/blockquote>\n<p>S\u00e1nchez Cordero detall\u00f3 que el mandatario mexicano se encuentra en plena recuperaci\u00f3n y en ejercicio de sus funciones atendiendo asuntos p\u00fablicos, los cuales son necesarios, por lo que solo presenta s\u00edntomas ligeros por <strong>COVID-19.<\/strong><\/p>\n<blockquote class=\"twitter-tweet\" data-width=\"550\" data-dnt=\"true\">\n<p lang=\"es\" dir=\"ltr\">El presidente L\u00f3pez Obrador est\u00e1 bien y sigue atendiendo los asuntos m\u00e1s importantes\ud83d\udc47 <a href=\"https:\/\/t.co\/mZxXXwadud\">pic.twitter.com\/mZxXXwadud<\/a><\/p>\n<p>&mdash; Ruido en la Red (@RuidoEnLaRed) <a href=\"https:\/\/twitter.com\/RuidoEnLaRed\/status\/1354807443730145281?ref_src=twsrc%5Etfw\">January 28, 2021<\/a><\/p><\/blockquote>\n<p><script async src=\"https:\/\/platform.twitter.com\/widgets.js\" charset=\"utf-8\"><\/script><\/p>\n<p>Ayer mi\u00e9rcoles 27 de enero, el subsecretario de Salud, Hugo L\u00f3pez-Gatell dijo que <strong>Andr\u00e9s Manuel L\u00f3pez Obrador<\/strong> contin\u00faa evolucionando favorablemente,\u00a0con s\u00edntomas leves y que tiene peque\u00f1os episodios de febr\u00edcula<\/p>\n<blockquote><p>\u201cAfortunadamente sigue evolucionando positivamente. Hoy cumple su cuarto d\u00eda de padecimiento de COVID-19. Persiste con s\u00edntomas m\u00ednimos. Ha tenido algunos peque\u00f1os y breves episodios de febr\u00edcula. Pr\u00e1cticamente ninguna otra molestia\u201d, comparti\u00f3 L\u00f3pez-Gatell.<\/p><\/blockquote>\n<p>El presidente L\u00f3pez Obrador sinti\u00f3 por primera vez s\u00edntomas el domingo 24 de enero y se realiz\u00f3 una prueba despu\u00e9s de volar de regreso a la capital desde un evento en una ciudad central.<\/p>\n<p>Tras dar positivo a COVID se contactaron a los pasajeros del vuelo y se recomend\u00f3 <strong>aislar<\/strong> a los periodistas que viajaban con el presidente.<\/p>\n<p>Las personas que se reunieron con L\u00f3pez Obrador durante la gira de tres d\u00edas, el fin de semana, incluyeron capitanes corporativos y su exjefe de gabinete, <strong>Alfonso Romo<\/strong>.<\/p>\n<p>El mandatario ha sido criticado por el manejo de la pandemia en su pa\u00eds, que ocupa el cuarto lugar a nivel mundial respecto a <strong>muertes<\/strong>vinculadas al <strong>coronavirus,<\/strong> y por negarse a usar <strong>cubrebocas<\/strong> tanto en actos p\u00fablicos como en reuniones privadas, pese a su apretada agenda de actividades.<\/p>\n<p>Con informaci\u00f3n de redes sociales Gobierno de M\u00e9xico.<\/p>\n","protected":false},"excerpt":{"rendered":"<p>AMLO terminar\u00e1 aislamiento voluntario por COVID-19 cuando especialistas lo aprueben: S\u00e1nchez Cordero Por Redacci\u00f3n QP&#8230;<\/p>\n","protected":false},"author":2,"featured_media":73532,"comment_status":"open","ping_status":"open","sticky":false,"template":"","format":"standard","meta":{"_monsterinsights_skip_tracking":false,"_monsterinsights_sitenote_active":false,"_monsterinsights_sitenote_note":"","_monsterinsights_sitenote_category":0,"footnotes":""},"categories":[2],"tags":[],"class_list":["post-73529","post","type-post","status-publish","format-standard","has-post-thumbnail","hentry","category-noticias"],"yoast_head":"<!-- This site is optimized with the Yoast SEO plugin v27.3 - https:\/\/yoast.com\/product\/yoast-seo-wordpress\/ -->\n<title>AMLO terminar\u00e1 aislamiento voluntario por COVID-19 cuando especialistas lo aprueben: S\u00e1nchez Cordero -<\/title>\n<meta name=\"robots\" content=\"index, follow, max-snippet:-1, max-image-preview:large, max-video-preview:-1\" \/>\n<link rel=\"canonical\" href=\"https:\/\/quehacerpolitico.mx\/?p=73529\" \/>\n<meta property=\"og:locale\" content=\"es_MX\" \/>\n<meta property=\"og:type\" content=\"article\" \/>\n<meta property=\"og:title\" content=\"AMLO terminar\u00e1 aislamiento voluntario por COVID-19 cuando especialistas lo aprueben: S\u00e1nchez Cordero -\" \/>\n<meta property=\"og:description\" content=\"AMLO terminar\u00e1 aislamiento voluntario por COVID-19 cuando especialistas lo aprueben: S\u00e1nchez Cordero Por Redacci\u00f3n QP...\" \/>\n<meta property=\"og:url\" content=\"https:\/\/quehacerpolitico.mx\/?p=73529\" \/>\n<meta property=\"article:published_time\" content=\"2021-01-28T16:04:56+00:00\" \/>\n<meta property=\"og:image\" content=\"https:\/\/quehacerpolitico.mx\/wp-content\/uploads\/2021\/01\/17890D3C-215C-42D9-8E34-1353870E5AB9.jpeg\" \/>\n\t<meta property=\"og:image:width\" content=\"1242\" \/>\n\t<meta property=\"og:image:height\" content=\"681\" \/>\n\t<meta property=\"og:image:type\" content=\"image\/jpeg\" \/>\n<meta name=\"author\" content=\"Redacci\u00f3n QP\" \/>\n<meta name=\"twitter:card\" content=\"summary_large_image\" \/>\n<meta name=\"twitter:label1\" content=\"Escrito por\" \/>\n\t<meta name=\"twitter:data1\" content=\"Redacci\u00f3n QP\" \/>\n\t<meta name=\"twitter:label2\" content=\"Tiempo de lectura\" \/>\n\t<meta name=\"twitter:data2\" content=\"2 minutos\" \/>\n<script type=\"application\/ld+json\" class=\"yoast-schema-graph\">{\"@context\":\"https:\\\/\\\/schema.org\",\"@graph\":[{\"@type\":\"Article\",\"@id\":\"https:\\\/\\\/quehacerpolitico.mx\\\/?p=73529#article\",\"isPartOf\":{\"@id\":\"https:\\\/\\\/quehacerpolitico.mx\\\/?p=73529\"},\"author\":{\"name\":\"Redacci\u00f3n QP\",\"@id\":\"https:\\\/\\\/quehacerpolitico.mx\\\/#\\\/schema\\\/person\\\/496d8ad2d1d3f8036101dca7ee39e585\"},\"headline\":\"AMLO terminar\u00e1 aislamiento voluntario por COVID-19 cuando especialistas lo aprueben: S\u00e1nchez Cordero\",\"datePublished\":\"2021-01-28T16:04:56+00:00\",\"mainEntityOfPage\":{\"@id\":\"https:\\\/\\\/quehacerpolitico.mx\\\/?p=73529\"},\"wordCount\":420,\"commentCount\":0,\"image\":{\"@id\":\"https:\\\/\\\/quehacerpolitico.mx\\\/?p=73529#primaryimage\"},\"thumbnailUrl\":\"https:\\\/\\\/quehacerpolitico.mx\\\/wp-content\\\/uploads\\\/2021\\\/01\\\/17890D3C-215C-42D9-8E34-1353870E5AB9.jpeg\",\"articleSection\":[\"Noticias\"],\"inLanguage\":\"es\",\"potentialAction\":[{\"@type\":\"CommentAction\",\"name\":\"Comment\",\"target\":[\"https:\\\/\\\/quehacerpolitico.mx\\\/?p=73529#respond\"]}]},{\"@type\":\"WebPage\",\"@id\":\"https:\\\/\\\/quehacerpolitico.mx\\\/?p=73529\",\"url\":\"https:\\\/\\\/quehacerpolitico.mx\\\/?p=73529\",\"name\":\"AMLO terminar\u00e1 aislamiento voluntario por COVID-19 cuando especialistas lo aprueben: S\u00e1nchez Cordero -\",\"isPartOf\":{\"@id\":\"https:\\\/\\\/quehacerpolitico.mx\\\/#website\"},\"primaryImageOfPage\":{\"@id\":\"https:\\\/\\\/quehacerpolitico.mx\\\/?p=73529#primaryimage\"},\"image\":{\"@id\":\"https:\\\/\\\/quehacerpolitico.mx\\\/?p=73529#primaryimage\"},\"thumbnailUrl\":\"https:\\\/\\\/quehacerpolitico.mx\\\/wp-content\\\/uploads\\\/2021\\\/01\\\/17890D3C-215C-42D9-8E34-1353870E5AB9.jpeg\",\"datePublished\":\"2021-01-28T16:04:56+00:00\",\"author\":{\"@id\":\"https:\\\/\\\/quehacerpolitico.mx\\\/#\\\/schema\\\/person\\\/496d8ad2d1d3f8036101dca7ee39e585\"},\"breadcrumb\":{\"@id\":\"https:\\\/\\\/quehacerpolitico.mx\\\/?p=73529#breadcrumb\"},\"inLanguage\":\"es\",\"potentialAction\":[{\"@type\":\"ReadAction\",\"target\":[\"https:\\\/\\\/quehacerpolitico.mx\\\/?p=73529\"]}]},{\"@type\":\"ImageObject\",\"inLanguage\":\"es\",\"@id\":\"https:\\\/\\\/quehacerpolitico.mx\\\/?p=73529#primaryimage\",\"url\":\"https:\\\/\\\/quehacerpolitico.mx\\\/wp-content\\\/uploads\\\/2021\\\/01\\\/17890D3C-215C-42D9-8E34-1353870E5AB9.jpeg\",\"contentUrl\":\"https:\\\/\\\/quehacerpolitico.mx\\\/wp-content\\\/uploads\\\/2021\\\/01\\\/17890D3C-215C-42D9-8E34-1353870E5AB9.jpeg\",\"width\":1242,\"height\":681},{\"@type\":\"BreadcrumbList\",\"@id\":\"https:\\\/\\\/quehacerpolitico.mx\\\/?p=73529#breadcrumb\",\"itemListElement\":[{\"@type\":\"ListItem\",\"position\":1,\"name\":\"Inicio\",\"item\":\"https:\\\/\\\/quehacerpolitico.mx\\\/\"},{\"@type\":\"ListItem\",\"position\":2,\"name\":\"AMLO terminar\u00e1 aislamiento voluntario por COVID-19 cuando especialistas lo aprueben: S\u00e1nchez Cordero\"}]},{\"@type\":\"WebSite\",\"@id\":\"https:\\\/\\\/quehacerpolitico.mx\\\/#website\",\"url\":\"https:\\\/\\\/quehacerpolitico.mx\\\/\",\"name\":\"\",\"description\":\"\",\"potentialAction\":[{\"@type\":\"SearchAction\",\"target\":{\"@type\":\"EntryPoint\",\"urlTemplate\":\"https:\\\/\\\/quehacerpolitico.mx\\\/?s={search_term_string}\"},\"query-input\":{\"@type\":\"PropertyValueSpecification\",\"valueRequired\":true,\"valueName\":\"search_term_string\"}}],\"inLanguage\":\"es\"},{\"@type\":\"Person\",\"@id\":\"https:\\\/\\\/quehacerpolitico.mx\\\/#\\\/schema\\\/person\\\/496d8ad2d1d3f8036101dca7ee39e585\",\"name\":\"Redacci\u00f3n QP\",\"image\":{\"@type\":\"ImageObject\",\"inLanguage\":\"es\",\"@id\":\"https:\\\/\\\/secure.gravatar.com\\\/avatar\\\/c7164ed6fdec453195284ad24a5ae5b6e1eed2b848477fa2a4787ba9adf39a41?s=96&d=mm&r=g\",\"url\":\"https:\\\/\\\/secure.gravatar.com\\\/avatar\\\/c7164ed6fdec453195284ad24a5ae5b6e1eed2b848477fa2a4787ba9adf39a41?s=96&d=mm&r=g\",\"contentUrl\":\"https:\\\/\\\/secure.gravatar.com\\\/avatar\\\/c7164ed6fdec453195284ad24a5ae5b6e1eed2b848477fa2a4787ba9adf39a41?s=96&d=mm&r=g\",\"caption\":\"Redacci\u00f3n QP\"},\"url\":\"https:\\\/\\\/quehacerpolitico.mx\\\/?author=2\"}]}<\/script>\n<!-- \/ Yoast SEO plugin. -->","yoast_head_json":{"title":"AMLO terminar\u00e1 aislamiento voluntario por COVID-19 cuando especialistas lo aprueben: S\u00e1nchez Cordero -","robots":{"index":"index","follow":"follow","max-snippet":"max-snippet:-1","max-image-preview":"max-image-preview:large","max-video-preview":"max-video-preview:-1"},"canonical":"https:\/\/quehacerpolitico.mx\/?p=73529","og_locale":"es_MX","og_type":"article","og_title":"AMLO terminar\u00e1 aislamiento voluntario por COVID-19 cuando especialistas lo aprueben: S\u00e1nchez Cordero -","og_description":"AMLO terminar\u00e1 aislamiento voluntario por COVID-19 cuando especialistas lo aprueben: S\u00e1nchez Cordero Por Redacci\u00f3n QP...","og_url":"https:\/\/quehacerpolitico.mx\/?p=73529","article_published_time":"2021-01-28T16:04:56+00:00","og_image":[{"width":1242,"height":681,"url":"https:\/\/quehacerpolitico.mx\/wp-content\/uploads\/2021\/01\/17890D3C-215C-42D9-8E34-1353870E5AB9.jpeg","type":"image\/jpeg"}],"author":"Redacci\u00f3n QP","twitter_card":"summary_large_image","twitter_misc":{"Escrito por":"Redacci\u00f3n QP","Tiempo de lectura":"2 minutos"},"schema":{"@context":"https:\/\/schema.org","@graph":[{"@type":"Article","@id":"https:\/\/quehacerpolitico.mx\/?p=73529#article","isPartOf":{"@id":"https:\/\/quehacerpolitico.mx\/?p=73529"},"author":{"name":"Redacci\u00f3n QP","@id":"https:\/\/quehacerpolitico.mx\/#\/schema\/person\/496d8ad2d1d3f8036101dca7ee39e585"},"headline":"AMLO terminar\u00e1 aislamiento voluntario por COVID-19 cuando especialistas lo aprueben: S\u00e1nchez Cordero","datePublished":"2021-01-28T16:04:56+00:00","mainEntityOfPage":{"@id":"https:\/\/quehacerpolitico.mx\/?p=73529"},"wordCount":420,"commentCount":0,"image":{"@id":"https:\/\/quehacerpolitico.mx\/?p=73529#primaryimage"},"thumbnailUrl":"https:\/\/quehacerpolitico.mx\/wp-content\/uploads\/2021\/01\/17890D3C-215C-42D9-8E34-1353870E5AB9.jpeg","articleSection":["Noticias"],"inLanguage":"es","potentialAction":[{"@type":"CommentAction","name":"Comment","target":["https:\/\/quehacerpolitico.mx\/?p=73529#respond"]}]},{"@type":"WebPage","@id":"https:\/\/quehacerpolitico.mx\/?p=73529","url":"https:\/\/quehacerpolitico.mx\/?p=73529","name":"AMLO terminar\u00e1 aislamiento voluntario por COVID-19 cuando especialistas lo aprueben: S\u00e1nchez Cordero -","isPartOf":{"@id":"https:\/\/quehacerpolitico.mx\/#website"},"primaryImageOfPage":{"@id":"https:\/\/quehacerpolitico.mx\/?p=73529#primaryimage"},"image":{"@id":"https:\/\/quehacerpolitico.mx\/?p=73529#primaryimage"},"thumbnailUrl":"https:\/\/quehacerpolitico.mx\/wp-content\/uploads\/2021\/01\/17890D3C-215C-42D9-8E34-1353870E5AB9.jpeg","datePublished":"2021-01-28T16:04:56+00:00","author":{"@id":"https:\/\/quehacerpolitico.mx\/#\/schema\/person\/496d8ad2d1d3f8036101dca7ee39e585"},"breadcrumb":{"@id":"https:\/\/quehacerpolitico.mx\/?p=73529#breadcrumb"},"inLanguage":"es","potentialAction":[{"@type":"ReadAction","target":["https:\/\/quehacerpolitico.mx\/?p=73529"]}]},{"@type":"ImageObject","inLanguage":"es","@id":"https:\/\/quehacerpolitico.mx\/?p=73529#primaryimage","url":"https:\/\/quehacerpolitico.mx\/wp-content\/uploads\/2021\/01\/17890D3C-215C-42D9-8E34-1353870E5AB9.jpeg","contentUrl":"https:\/\/quehacerpolitico.mx\/wp-content\/uploads\/2021\/01\/17890D3C-215C-42D9-8E34-1353870E5AB9.jpeg","width":1242,"height":681},{"@type":"BreadcrumbList","@id":"https:\/\/quehacerpolitico.mx\/?p=73529#breadcrumb","itemListElement":[{"@type":"ListItem","position":1,"name":"Inicio","item":"https:\/\/quehacerpolitico.mx\/"},{"@type":"ListItem","position":2,"name":"AMLO terminar\u00e1 aislamiento voluntario por COVID-19 cuando especialistas lo aprueben: S\u00e1nchez Cordero"}]},{"@type":"WebSite","@id":"https:\/\/quehacerpolitico.mx\/#website","url":"https:\/\/quehacerpolitico.mx\/","name":"","description":"","potentialAction":[{"@type":"SearchAction","target":{"@type":"EntryPoint","urlTemplate":"https:\/\/quehacerpolitico.mx\/?s={search_term_string}"},"query-input":{"@type":"PropertyValueSpecification","valueRequired":true,"valueName":"search_term_string"}}],"inLanguage":"es"},{"@type":"Person","@id":"https:\/\/quehacerpolitico.mx\/#\/schema\/person\/496d8ad2d1d3f8036101dca7ee39e585","name":"Redacci\u00f3n QP","image":{"@type":"ImageObject","inLanguage":"es","@id":"https:\/\/secure.gravatar.com\/avatar\/c7164ed6fdec453195284ad24a5ae5b6e1eed2b848477fa2a4787ba9adf39a41?s=96&d=mm&r=g","url":"https:\/\/secure.gravatar.com\/avatar\/c7164ed6fdec453195284ad24a5ae5b6e1eed2b848477fa2a4787ba9adf39a41?s=96&d=mm&r=g","contentUrl":"https:\/\/secure.gravatar.com\/avatar\/c7164ed6fdec453195284ad24a5ae5b6e1eed2b848477fa2a4787ba9adf39a41?s=96&d=mm&r=g","caption":"Redacci\u00f3n QP"},"url":"https:\/\/quehacerpolitico.mx\/?author=2"}]}},"featured_image_urls":{"full":["https:\/\/quehacerpolitico.mx\/wp-content\/uploads\/2021\/01\/17890D3C-215C-42D9-8E34-1353870E5AB9.jpeg",1242,681,false],"thumbnail":["https:\/\/quehacerpolitico.mx\/wp-content\/uploads\/2021\/01\/17890D3C-215C-42D9-8E34-1353870E5AB9-150x150.jpeg",150,150,true],"medium":["https:\/\/quehacerpolitico.mx\/wp-content\/uploads\/2021\/01\/17890D3C-215C-42D9-8E34-1353870E5AB9-300x164.jpeg",300,164,true],"medium_large":["https:\/\/quehacerpolitico.mx\/wp-content\/uploads\/2021\/01\/17890D3C-215C-42D9-8E34-1353870E5AB9-768x421.jpeg",640,351,true],"large":["https:\/\/quehacerpolitico.mx\/wp-content\/uploads\/2021\/01\/17890D3C-215C-42D9-8E34-1353870E5AB9-1024x561.jpeg",640,351,true],"1536x1536":["https:\/\/quehacerpolitico.mx\/wp-content\/uploads\/2021\/01\/17890D3C-215C-42D9-8E34-1353870E5AB9.jpeg",1242,681,false],"2048x2048":["https:\/\/quehacerpolitico.mx\/wp-content\/uploads\/2021\/01\/17890D3C-215C-42D9-8E34-1353870E5AB9.jpeg",1242,681,false],"covernews-featured":["https:\/\/quehacerpolitico.mx\/wp-content\/uploads\/2021\/01\/17890D3C-215C-42D9-8E34-1353870E5AB9.jpeg",1024,561,false],"covernews-medium":["https:\/\/quehacerpolitico.mx\/wp-content\/uploads\/2021\/01\/17890D3C-215C-42D9-8E34-1353870E5AB9.jpeg",540,296,false]},"author_info":{"display_name":"Redacci\u00f3n QP","author_link":"https:\/\/quehacerpolitico.mx\/?author=2"},"category_info":"<a href=\"https:\/\/quehacerpolitico.mx\/?cat=2\" rel=\"category\">Noticias<\/a>","tag_info":"Noticias","comment_count":"0","_links":{"self":[{"href":"https:\/\/quehacerpolitico.mx\/index.php?rest_route=\/wp\/v2\/posts\/73529","targetHints":{"allow":["GET"]}}],"collection":[{"href":"https:\/\/quehacerpolitico.mx\/index.php?rest_route=\/wp\/v2\/posts"}],"about":[{"href":"https:\/\/quehacerpolitico.mx\/index.php?rest_route=\/wp\/v2\/types\/post"}],"author":[{"embeddable":true,"href":"https:\/\/quehacerpolitico.mx\/index.php?rest_route=\/wp\/v2\/users\/2"}],"replies":[{"embeddable":true,"href":"https:\/\/quehacerpolitico.mx\/index.php?rest_route=%2Fwp%2Fv2%2Fcomments&post=73529"}],"version-history":[{"count":0,"href":"https:\/\/quehacerpolitico.mx\/index.php?rest_route=\/wp\/v2\/posts\/73529\/revisions"}],"wp:featuredmedia":[{"embeddable":true,"href":"https:\/\/quehacerpolitico.mx\/index.php?rest_route=\/wp\/v2\/media\/73532"}],"wp:attachment":[{"href":"https:\/\/quehacerpolitico.mx\/index.php?rest_route=%2Fwp%2Fv2%2Fmedia&parent=73529"}],"wp:term":[{"taxonomy":"category","embeddable":true,"href":"https:\/\/quehacerpolitico.mx\/index.php?rest_route=%2Fwp%2Fv2%2Fcategories&post=73529"},{"taxonomy":"post_tag","embeddable":true,"href":"https:\/\/quehacerpolitico.mx\/index.php?rest_route=%2Fwp%2Fv2%2Ftags&post=73529"}],"curies":[{"name":"wp","href":"https:\/\/api.w.org\/{rel}","templated":true}]}}