{"id":73455,"date":"2021-01-28T02:04:16","date_gmt":"2021-01-28T02:04:16","guid":{"rendered":"https:\/\/quehacerpolitico.mx\/?p=73455"},"modified":"2021-01-28T02:04:16","modified_gmt":"2021-01-28T02:04:16","slug":"la-onu-alerta-retroceso-para-victimas-con-nuevo-proyecto-de-ley-de-la-fgr","status":"publish","type":"post","link":"https:\/\/quehacerpolitico.mx\/?p=73455","title":{"rendered":"La ONU alerta retroceso para v\u00edctimas con nuevo proyecto de ley de la FGR"},"content":{"rendered":"<h1 class=\"news-title\">La ONU alerta retroceso para v\u00edctimas con nuevo proyecto de ley de la FGR<br \/>\nPor Redacci\u00f3n QP<\/h1>\n<div class=\"news-subtitle\">\n<p>Consideran que durante la discusi\u00f3n del proyecto no se permiti\u00f3 la participaci\u00f3n de los allegados de personas desaparecidas y de las organizaciones que las acompa\u00f1an<\/p>\n<\/div>\n<div class=\"social-share-box normal\">\n<p>La Oficina del Alto Comisionado de las Naciones Unidas para los Derechos Humanos y la Secretar\u00eda del Comit\u00e9 contra la Desaparici\u00f3n Forzada criticaron la iniciativa, con la que se busca expedir la Ley de la Fiscal\u00eda General de la Rep\u00fablica (LGFGR) y abrogar la Ley Org\u00e1nica de la Fiscal\u00eda General de la Rep\u00fablica (Ley Org\u00e1nica), pues implicar\u00eda un claro retroceso en la b\u00fasqueda de las personas desaparecidas y la investigaci\u00f3n de su desaparici\u00f3n, as\u00ed como para el cumplimiento por el Estado parte de sus obligaciones convencionales.<\/p>\n<p>Esta opini\u00f3n se recibi\u00f3 en la Secretar\u00eda de Relaciones Exteriores el pasado 20 de enero y forma parte de una nota verbal transmitida por el Comit\u00e9 contra la Desaparici\u00f3n Forzada de la Organizaci\u00f3n de las Naciones Unidas y resalta su preocupaci\u00f3n por el proceso de concepci\u00f3n y discusi\u00f3n del proyecto legislativo, que se encuentra en el Senado, pues <strong>no se habr\u00eda permitido la participaci\u00f3n activa de los allegados de personas desaparecidas y de las organizaciones que las acompa\u00f1an.<\/strong><\/p>\n<p>&#8220;El comit\u00e9 nota que esta situaci\u00f3n va contra el principio contenido en la Ley General en materia de Desaparici\u00f3n\u00a0Forzada de Personas, Desaparici\u00f3n cometida por Particulares y del Sistema Nacional de B\u00fasqueda de Personas, seg\u00fan el cual el Estado tiene la obligaci\u00f3n de consultar con estos sectores cualquier proyecto legislativo relacionado con el tema de desaparici\u00f3n forzada&#8221;, define la nota publicada en la Gaceta Parlamentaria de la Comisi\u00f3n Permanente.<\/p>\n<p>En este contexto, el comit\u00e9 asegur\u00f3 que est\u00e1 preocupado por el efecto negativo que tendr\u00edan varias disposiciones del proyecto legislativo de referencia sobre el marco legislativo relacionado con la b\u00fasqueda de las personas desaparecidas y la investigaci\u00f3n de su desaparici\u00f3n. En este contexto, y a manera de ejemplos, el comit\u00e9 observa con inquietud que el art\u00edculo decimocuarto del proyecto de decreto propone <strong>derogar a los art\u00edculos 24 y 45, fracci\u00f3n III, y modifica el p\u00e1rrafo primero del art\u00edculo 68 de la Ley General en materia de Desaparici\u00f3n Forzada, Desaparici\u00f3n cometida por Particulares y del Sistema Nacional de B\u00fasqueda.<\/strong><\/p>\n<p>&#8220;La eliminaci\u00f3n del art\u00edculo 24 implicar\u00eda derogar criterios importantes que facultan a la FGR para asumir la competencia en casos de desaparici\u00f3n forzada radicados en las fiscal\u00edas locales. El comit\u00e9 resalta la importancia de los supuestos y las circunstancias definidos en el citado art\u00edculo, en particular cuando haya motivos para cuestionar la independencia o imparcialidad de una fiscal\u00eda local. Por tanto, invita al Estado parte a revisar dicha disposici\u00f3n&#8221;, agrega la nota verbal.<\/p>\n<p>&#8220;El comit\u00e9 tambi\u00e9n est\u00e1 sumamente preocupado por la derogaci\u00f3n del art\u00edculo 45, fracci\u00f3n III, seg\u00fan la cual la FGR ya no participar\u00eda en el Sistema Nacional de B\u00fasqueda. La no participaci\u00f3n de la FGR en \u00e9ste perjudicar\u00eda el cumplimiento por el Estado parte de su obligaci\u00f3n de garantizar la b\u00fasqueda efectiva de las personas desaparecidas y, para tal efecto, de promover la coordinaci\u00f3n entre las autoridades encargadas de la b\u00fasqueda y de la investigaci\u00f3n penal&#8221;, define el documento.<\/p>\n<p>Por esto, la ONU\u00a0pide revisar el proyecto legislativo, tomando en cuenta las preocupaciones arriba mencionadas, as\u00ed como los an\u00e1lisis y las recomendaciones que sobre el proyecto de referencia han formulado otros actores; asegurar que el proyecto revisado est\u00e9 en plena conformidad con los principios internacionales de derechos humanos, en particular los de la Convenci\u00f3n Internacional para la Protecci\u00f3n de Todas las Personas contra la Desaparici\u00f3n Forzada.<\/p>\n<p>Con informaci\u00f3n de SUN<\/p>\n<\/div>\n","protected":false},"excerpt":{"rendered":"<p>La ONU alerta retroceso para v\u00edctimas con nuevo proyecto de ley de la FGR Por&#8230;<\/p>\n","protected":false},"author":2,"featured_media":73459,"comment_status":"open","ping_status":"open","sticky":false,"template":"","format":"standard","meta":{"_monsterinsights_skip_tracking":false,"_monsterinsights_sitenote_active":false,"_monsterinsights_sitenote_note":"","_monsterinsights_sitenote_category":0,"footnotes":""},"categories":[2],"tags":[],"class_list":["post-73455","post","type-post","status-publish","format-standard","has-post-thumbnail","hentry","category-noticias"],"yoast_head":"<!-- This site is optimized with the Yoast SEO plugin v27.3 - https:\/\/yoast.com\/product\/yoast-seo-wordpress\/ -->\n<title>La ONU alerta retroceso para v\u00edctimas con nuevo proyecto de ley de la FGR -<\/title>\n<meta name=\"robots\" content=\"index, follow, max-snippet:-1, max-image-preview:large, max-video-preview:-1\" \/>\n<link rel=\"canonical\" href=\"https:\/\/quehacerpolitico.mx\/?p=73455\" \/>\n<meta property=\"og:locale\" content=\"es_MX\" \/>\n<meta property=\"og:type\" content=\"article\" \/>\n<meta property=\"og:title\" content=\"La ONU alerta retroceso para v\u00edctimas con nuevo proyecto de ley de la FGR -\" \/>\n<meta property=\"og:description\" content=\"La ONU alerta retroceso para v\u00edctimas con nuevo proyecto de ley de la FGR Por...\" \/>\n<meta property=\"og:url\" content=\"https:\/\/quehacerpolitico.mx\/?p=73455\" \/>\n<meta property=\"article:published_time\" content=\"2021-01-28T02:04:16+00:00\" \/>\n<meta property=\"og:image\" content=\"https:\/\/quehacerpolitico.mx\/wp-content\/uploads\/2021\/01\/5F8A04BF-A6F7-45A1-8A3C-F2E76AE592CB.jpeg\" \/>\n\t<meta property=\"og:image:width\" content=\"706\" \/>\n\t<meta property=\"og:image:height\" content=\"434\" \/>\n\t<meta property=\"og:image:type\" content=\"image\/jpeg\" \/>\n<meta name=\"author\" content=\"Redacci\u00f3n QP\" \/>\n<meta name=\"twitter:card\" content=\"summary_large_image\" \/>\n<meta name=\"twitter:label1\" content=\"Escrito por\" \/>\n\t<meta name=\"twitter:data1\" content=\"Redacci\u00f3n QP\" \/>\n\t<meta name=\"twitter:label2\" content=\"Tiempo de lectura\" \/>\n\t<meta name=\"twitter:data2\" content=\"3 minutos\" \/>\n<script type=\"application\/ld+json\" class=\"yoast-schema-graph\">{\"@context\":\"https:\\\/\\\/schema.org\",\"@graph\":[{\"@type\":\"Article\",\"@id\":\"https:\\\/\\\/quehacerpolitico.mx\\\/?p=73455#article\",\"isPartOf\":{\"@id\":\"https:\\\/\\\/quehacerpolitico.mx\\\/?p=73455\"},\"author\":{\"name\":\"Redacci\u00f3n QP\",\"@id\":\"https:\\\/\\\/quehacerpolitico.mx\\\/#\\\/schema\\\/person\\\/496d8ad2d1d3f8036101dca7ee39e585\"},\"headline\":\"La ONU alerta retroceso para v\u00edctimas con nuevo proyecto de ley de la FGR\",\"datePublished\":\"2021-01-28T02:04:16+00:00\",\"mainEntityOfPage\":{\"@id\":\"https:\\\/\\\/quehacerpolitico.mx\\\/?p=73455\"},\"wordCount\":678,\"commentCount\":0,\"image\":{\"@id\":\"https:\\\/\\\/quehacerpolitico.mx\\\/?p=73455#primaryimage\"},\"thumbnailUrl\":\"https:\\\/\\\/quehacerpolitico.mx\\\/wp-content\\\/uploads\\\/2021\\\/01\\\/5F8A04BF-A6F7-45A1-8A3C-F2E76AE592CB.jpeg\",\"articleSection\":[\"Noticias\"],\"inLanguage\":\"es\",\"potentialAction\":[{\"@type\":\"CommentAction\",\"name\":\"Comment\",\"target\":[\"https:\\\/\\\/quehacerpolitico.mx\\\/?p=73455#respond\"]}]},{\"@type\":\"WebPage\",\"@id\":\"https:\\\/\\\/quehacerpolitico.mx\\\/?p=73455\",\"url\":\"https:\\\/\\\/quehacerpolitico.mx\\\/?p=73455\",\"name\":\"La ONU alerta retroceso para v\u00edctimas con nuevo proyecto de ley de la FGR -\",\"isPartOf\":{\"@id\":\"https:\\\/\\\/quehacerpolitico.mx\\\/#website\"},\"primaryImageOfPage\":{\"@id\":\"https:\\\/\\\/quehacerpolitico.mx\\\/?p=73455#primaryimage\"},\"image\":{\"@id\":\"https:\\\/\\\/quehacerpolitico.mx\\\/?p=73455#primaryimage\"},\"thumbnailUrl\":\"https:\\\/\\\/quehacerpolitico.mx\\\/wp-content\\\/uploads\\\/2021\\\/01\\\/5F8A04BF-A6F7-45A1-8A3C-F2E76AE592CB.jpeg\",\"datePublished\":\"2021-01-28T02:04:16+00:00\",\"author\":{\"@id\":\"https:\\\/\\\/quehacerpolitico.mx\\\/#\\\/schema\\\/person\\\/496d8ad2d1d3f8036101dca7ee39e585\"},\"breadcrumb\":{\"@id\":\"https:\\\/\\\/quehacerpolitico.mx\\\/?p=73455#breadcrumb\"},\"inLanguage\":\"es\",\"potentialAction\":[{\"@type\":\"ReadAction\",\"target\":[\"https:\\\/\\\/quehacerpolitico.mx\\\/?p=73455\"]}]},{\"@type\":\"ImageObject\",\"inLanguage\":\"es\",\"@id\":\"https:\\\/\\\/quehacerpolitico.mx\\\/?p=73455#primaryimage\",\"url\":\"https:\\\/\\\/quehacerpolitico.mx\\\/wp-content\\\/uploads\\\/2021\\\/01\\\/5F8A04BF-A6F7-45A1-8A3C-F2E76AE592CB.jpeg\",\"contentUrl\":\"https:\\\/\\\/quehacerpolitico.mx\\\/wp-content\\\/uploads\\\/2021\\\/01\\\/5F8A04BF-A6F7-45A1-8A3C-F2E76AE592CB.jpeg\",\"width\":706,\"height\":434},{\"@type\":\"BreadcrumbList\",\"@id\":\"https:\\\/\\\/quehacerpolitico.mx\\\/?p=73455#breadcrumb\",\"itemListElement\":[{\"@type\":\"ListItem\",\"position\":1,\"name\":\"Inicio\",\"item\":\"https:\\\/\\\/quehacerpolitico.mx\\\/\"},{\"@type\":\"ListItem\",\"position\":2,\"name\":\"La ONU alerta retroceso para v\u00edctimas con nuevo proyecto de ley de la FGR\"}]},{\"@type\":\"WebSite\",\"@id\":\"https:\\\/\\\/quehacerpolitico.mx\\\/#website\",\"url\":\"https:\\\/\\\/quehacerpolitico.mx\\\/\",\"name\":\"\",\"description\":\"\",\"potentialAction\":[{\"@type\":\"SearchAction\",\"target\":{\"@type\":\"EntryPoint\",\"urlTemplate\":\"https:\\\/\\\/quehacerpolitico.mx\\\/?s={search_term_string}\"},\"query-input\":{\"@type\":\"PropertyValueSpecification\",\"valueRequired\":true,\"valueName\":\"search_term_string\"}}],\"inLanguage\":\"es\"},{\"@type\":\"Person\",\"@id\":\"https:\\\/\\\/quehacerpolitico.mx\\\/#\\\/schema\\\/person\\\/496d8ad2d1d3f8036101dca7ee39e585\",\"name\":\"Redacci\u00f3n QP\",\"image\":{\"@type\":\"ImageObject\",\"inLanguage\":\"es\",\"@id\":\"https:\\\/\\\/secure.gravatar.com\\\/avatar\\\/c7164ed6fdec453195284ad24a5ae5b6e1eed2b848477fa2a4787ba9adf39a41?s=96&d=mm&r=g\",\"url\":\"https:\\\/\\\/secure.gravatar.com\\\/avatar\\\/c7164ed6fdec453195284ad24a5ae5b6e1eed2b848477fa2a4787ba9adf39a41?s=96&d=mm&r=g\",\"contentUrl\":\"https:\\\/\\\/secure.gravatar.com\\\/avatar\\\/c7164ed6fdec453195284ad24a5ae5b6e1eed2b848477fa2a4787ba9adf39a41?s=96&d=mm&r=g\",\"caption\":\"Redacci\u00f3n QP\"},\"url\":\"https:\\\/\\\/quehacerpolitico.mx\\\/?author=2\"}]}<\/script>\n<!-- \/ Yoast SEO plugin. -->","yoast_head_json":{"title":"La ONU alerta retroceso para v\u00edctimas con nuevo proyecto de ley de la FGR -","robots":{"index":"index","follow":"follow","max-snippet":"max-snippet:-1","max-image-preview":"max-image-preview:large","max-video-preview":"max-video-preview:-1"},"canonical":"https:\/\/quehacerpolitico.mx\/?p=73455","og_locale":"es_MX","og_type":"article","og_title":"La ONU alerta retroceso para v\u00edctimas con nuevo proyecto de ley de la FGR -","og_description":"La ONU alerta retroceso para v\u00edctimas con nuevo proyecto de ley de la FGR Por...","og_url":"https:\/\/quehacerpolitico.mx\/?p=73455","article_published_time":"2021-01-28T02:04:16+00:00","og_image":[{"width":706,"height":434,"url":"https:\/\/quehacerpolitico.mx\/wp-content\/uploads\/2021\/01\/5F8A04BF-A6F7-45A1-8A3C-F2E76AE592CB.jpeg","type":"image\/jpeg"}],"author":"Redacci\u00f3n QP","twitter_card":"summary_large_image","twitter_misc":{"Escrito por":"Redacci\u00f3n QP","Tiempo de lectura":"3 minutos"},"schema":{"@context":"https:\/\/schema.org","@graph":[{"@type":"Article","@id":"https:\/\/quehacerpolitico.mx\/?p=73455#article","isPartOf":{"@id":"https:\/\/quehacerpolitico.mx\/?p=73455"},"author":{"name":"Redacci\u00f3n QP","@id":"https:\/\/quehacerpolitico.mx\/#\/schema\/person\/496d8ad2d1d3f8036101dca7ee39e585"},"headline":"La ONU alerta retroceso para v\u00edctimas con nuevo proyecto de ley de la FGR","datePublished":"2021-01-28T02:04:16+00:00","mainEntityOfPage":{"@id":"https:\/\/quehacerpolitico.mx\/?p=73455"},"wordCount":678,"commentCount":0,"image":{"@id":"https:\/\/quehacerpolitico.mx\/?p=73455#primaryimage"},"thumbnailUrl":"https:\/\/quehacerpolitico.mx\/wp-content\/uploads\/2021\/01\/5F8A04BF-A6F7-45A1-8A3C-F2E76AE592CB.jpeg","articleSection":["Noticias"],"inLanguage":"es","potentialAction":[{"@type":"CommentAction","name":"Comment","target":["https:\/\/quehacerpolitico.mx\/?p=73455#respond"]}]},{"@type":"WebPage","@id":"https:\/\/quehacerpolitico.mx\/?p=73455","url":"https:\/\/quehacerpolitico.mx\/?p=73455","name":"La ONU alerta retroceso para v\u00edctimas con nuevo proyecto de ley de la FGR -","isPartOf":{"@id":"https:\/\/quehacerpolitico.mx\/#website"},"primaryImageOfPage":{"@id":"https:\/\/quehacerpolitico.mx\/?p=73455#primaryimage"},"image":{"@id":"https:\/\/quehacerpolitico.mx\/?p=73455#primaryimage"},"thumbnailUrl":"https:\/\/quehacerpolitico.mx\/wp-content\/uploads\/2021\/01\/5F8A04BF-A6F7-45A1-8A3C-F2E76AE592CB.jpeg","datePublished":"2021-01-28T02:04:16+00:00","author":{"@id":"https:\/\/quehacerpolitico.mx\/#\/schema\/person\/496d8ad2d1d3f8036101dca7ee39e585"},"breadcrumb":{"@id":"https:\/\/quehacerpolitico.mx\/?p=73455#breadcrumb"},"inLanguage":"es","potentialAction":[{"@type":"ReadAction","target":["https:\/\/quehacerpolitico.mx\/?p=73455"]}]},{"@type":"ImageObject","inLanguage":"es","@id":"https:\/\/quehacerpolitico.mx\/?p=73455#primaryimage","url":"https:\/\/quehacerpolitico.mx\/wp-content\/uploads\/2021\/01\/5F8A04BF-A6F7-45A1-8A3C-F2E76AE592CB.jpeg","contentUrl":"https:\/\/quehacerpolitico.mx\/wp-content\/uploads\/2021\/01\/5F8A04BF-A6F7-45A1-8A3C-F2E76AE592CB.jpeg","width":706,"height":434},{"@type":"BreadcrumbList","@id":"https:\/\/quehacerpolitico.mx\/?p=73455#breadcrumb","itemListElement":[{"@type":"ListItem","position":1,"name":"Inicio","item":"https:\/\/quehacerpolitico.mx\/"},{"@type":"ListItem","position":2,"name":"La ONU alerta retroceso para v\u00edctimas con nuevo proyecto de ley de la FGR"}]},{"@type":"WebSite","@id":"https:\/\/quehacerpolitico.mx\/#website","url":"https:\/\/quehacerpolitico.mx\/","name":"","description":"","potentialAction":[{"@type":"SearchAction","target":{"@type":"EntryPoint","urlTemplate":"https:\/\/quehacerpolitico.mx\/?s={search_term_string}"},"query-input":{"@type":"PropertyValueSpecification","valueRequired":true,"valueName":"search_term_string"}}],"inLanguage":"es"},{"@type":"Person","@id":"https:\/\/quehacerpolitico.mx\/#\/schema\/person\/496d8ad2d1d3f8036101dca7ee39e585","name":"Redacci\u00f3n QP","image":{"@type":"ImageObject","inLanguage":"es","@id":"https:\/\/secure.gravatar.com\/avatar\/c7164ed6fdec453195284ad24a5ae5b6e1eed2b848477fa2a4787ba9adf39a41?s=96&d=mm&r=g","url":"https:\/\/secure.gravatar.com\/avatar\/c7164ed6fdec453195284ad24a5ae5b6e1eed2b848477fa2a4787ba9adf39a41?s=96&d=mm&r=g","contentUrl":"https:\/\/secure.gravatar.com\/avatar\/c7164ed6fdec453195284ad24a5ae5b6e1eed2b848477fa2a4787ba9adf39a41?s=96&d=mm&r=g","caption":"Redacci\u00f3n QP"},"url":"https:\/\/quehacerpolitico.mx\/?author=2"}]}},"featured_image_urls":{"full":["https:\/\/quehacerpolitico.mx\/wp-content\/uploads\/2021\/01\/5F8A04BF-A6F7-45A1-8A3C-F2E76AE592CB.jpeg",706,434,false],"thumbnail":["https:\/\/quehacerpolitico.mx\/wp-content\/uploads\/2021\/01\/5F8A04BF-A6F7-45A1-8A3C-F2E76AE592CB-150x150.jpeg",150,150,true],"medium":["https:\/\/quehacerpolitico.mx\/wp-content\/uploads\/2021\/01\/5F8A04BF-A6F7-45A1-8A3C-F2E76AE592CB-300x184.jpeg",300,184,true],"medium_large":["https:\/\/quehacerpolitico.mx\/wp-content\/uploads\/2021\/01\/5F8A04BF-A6F7-45A1-8A3C-F2E76AE592CB.jpeg",640,393,false],"large":["https:\/\/quehacerpolitico.mx\/wp-content\/uploads\/2021\/01\/5F8A04BF-A6F7-45A1-8A3C-F2E76AE592CB.jpeg",640,393,false],"1536x1536":["https:\/\/quehacerpolitico.mx\/wp-content\/uploads\/2021\/01\/5F8A04BF-A6F7-45A1-8A3C-F2E76AE592CB.jpeg",706,434,false],"2048x2048":["https:\/\/quehacerpolitico.mx\/wp-content\/uploads\/2021\/01\/5F8A04BF-A6F7-45A1-8A3C-F2E76AE592CB.jpeg",706,434,false],"covernews-featured":["https:\/\/quehacerpolitico.mx\/wp-content\/uploads\/2021\/01\/5F8A04BF-A6F7-45A1-8A3C-F2E76AE592CB.jpeg",706,434,false],"covernews-medium":["https:\/\/quehacerpolitico.mx\/wp-content\/uploads\/2021\/01\/5F8A04BF-A6F7-45A1-8A3C-F2E76AE592CB.jpeg",540,332,false]},"author_info":{"display_name":"Redacci\u00f3n QP","author_link":"https:\/\/quehacerpolitico.mx\/?author=2"},"category_info":"<a href=\"https:\/\/quehacerpolitico.mx\/?cat=2\" rel=\"category\">Noticias<\/a>","tag_info":"Noticias","comment_count":"0","_links":{"self":[{"href":"https:\/\/quehacerpolitico.mx\/index.php?rest_route=\/wp\/v2\/posts\/73455","targetHints":{"allow":["GET"]}}],"collection":[{"href":"https:\/\/quehacerpolitico.mx\/index.php?rest_route=\/wp\/v2\/posts"}],"about":[{"href":"https:\/\/quehacerpolitico.mx\/index.php?rest_route=\/wp\/v2\/types\/post"}],"author":[{"embeddable":true,"href":"https:\/\/quehacerpolitico.mx\/index.php?rest_route=\/wp\/v2\/users\/2"}],"replies":[{"embeddable":true,"href":"https:\/\/quehacerpolitico.mx\/index.php?rest_route=%2Fwp%2Fv2%2Fcomments&post=73455"}],"version-history":[{"count":0,"href":"https:\/\/quehacerpolitico.mx\/index.php?rest_route=\/wp\/v2\/posts\/73455\/revisions"}],"wp:featuredmedia":[{"embeddable":true,"href":"https:\/\/quehacerpolitico.mx\/index.php?rest_route=\/wp\/v2\/media\/73459"}],"wp:attachment":[{"href":"https:\/\/quehacerpolitico.mx\/index.php?rest_route=%2Fwp%2Fv2%2Fmedia&parent=73455"}],"wp:term":[{"taxonomy":"category","embeddable":true,"href":"https:\/\/quehacerpolitico.mx\/index.php?rest_route=%2Fwp%2Fv2%2Fcategories&post=73455"},{"taxonomy":"post_tag","embeddable":true,"href":"https:\/\/quehacerpolitico.mx\/index.php?rest_route=%2Fwp%2Fv2%2Ftags&post=73455"}],"curies":[{"name":"wp","href":"https:\/\/api.w.org\/{rel}","templated":true}]}}