{"id":73411,"date":"2021-01-27T18:57:57","date_gmt":"2021-01-27T18:57:57","guid":{"rendered":"https:\/\/quehacerpolitico.mx\/?p=73411"},"modified":"2021-01-27T18:57:57","modified_gmt":"2021-01-27T18:57:57","slug":"el-dolar-reporta-su-mayor-precio-en-mas-de-cinco-semanas","status":"publish","type":"post","link":"https:\/\/quehacerpolitico.mx\/?p=73411","title":{"rendered":"El d\u00f3lar reporta su mayor precio en m\u00e1s de cinco semanas"},"content":{"rendered":"<h1 class=\"news-title\">El d\u00f3lar reporta su mayor precio en m\u00e1s de cinco semanas<br \/>\nPor Redacci\u00f3n QP<\/h1>\n<p>Las ganancias del d\u00f3lar est\u00e1n relacionadas con la preocupaci\u00f3n de los inversionistas de que la pandemia del COVID-19 dure m\u00e1s de lo anticipado<\/p>\n<p>El d\u00f3lar alcanz\u00f3 esta ma\u00f1ana su precio m\u00e1s caro <strong>en m\u00e1s de cinco semanas<\/strong>, debido a la preocupaci\u00f3n de que la pandemia dure m\u00e1s tiempo de lo anticipado, por un incremento en el n\u00famero de contagios y los retrasos en el proceso de vacunaci\u00f3n.<\/p>\n<p>El tipo de cambio se ubic\u00f3 este mi\u00e9rcoles en <strong>20.33 pesos por d\u00f3lar<\/strong>, lo que equivale a una <strong>depreciaci\u00f3n de la moneda mexicana de 1.7% o 15 centavos<\/strong> con respecto al cierre del martes.<\/p>\n<div id=\"teads_ad\">\n<div id=\"div-gpt-ad-1548262875188-0\" data-google-query-id=\"CJidm93kvO4CFZHUKAUdGzkNNg\">\n<p><strong>El peso es la moneda que m\u00e1s pierde terreno frente al d\u00f3lar esta ma\u00f1ana<\/strong>, tras tocar su peor nivel desde el 21 de diciembre del a\u00f1o pasado, cuando lleg\u00f3 a 20.66 unidades durante momentos de ese d\u00eda, de acuerdo con las cotizaciones al mayoreo publicadas por la agencia Bloomberg.<\/p>\n<p>En operaciones al menudeo, CitiBanamex abri\u00f3 vendiendo el d\u00f3lar en 20.64 pesos, 21 centavos m\u00e1s caro que ayer<\/p>\n<p>Las ganancias del d\u00f3lar est\u00e1n relacionadas con la preocupaci\u00f3n de los inversionistas de que la pandemia del COVID-19 dure m\u00e1s de lo anticipado, por un incremento en el n\u00famero de contagios y los retrasos en el proceso de vacunaci\u00f3n, explicaron analistas de Banorte en un reporte publicado esta ma\u00f1ana de mi\u00e9rcoles.<\/p>\n<p>Los participantes del mercado est\u00e1n atentos a la decisi\u00f3n de pol\u00edtica monetaria de la Reserva Federal de Estados Unidos, la cual se publicar\u00e1 a las 13:00 horas de este mi\u00e9rcoles.<\/p>\n<p>Si bien no se anticipan cambios en la tasa de referencia, ni tampoco modificaciones al programa de compra de activos de la autoridad, las miradas estar\u00e1n puestas en la conferencia del presidente del banco central, Jerome Powell, pues se espera que confirme que faltan varios meses para que inicie la retirada progresiva de los est\u00edmulos econ\u00f3micos.<\/p>\n<p>Con informaci\u00f3n de SUN<\/p>\n<\/div>\n<\/div>\n","protected":false},"excerpt":{"rendered":"<p>El d\u00f3lar reporta su mayor precio en m\u00e1s de cinco semanas Por Redacci\u00f3n QP Las&#8230;<\/p>\n","protected":false},"author":2,"featured_media":73414,"comment_status":"open","ping_status":"open","sticky":false,"template":"","format":"standard","meta":{"_monsterinsights_skip_tracking":false,"_monsterinsights_sitenote_active":false,"_monsterinsights_sitenote_note":"","_monsterinsights_sitenote_category":0,"footnotes":""},"categories":[56],"tags":[],"class_list":["post-73411","post","type-post","status-publish","format-standard","has-post-thumbnail","hentry","category-economia"],"yoast_head":"<!-- This site is optimized with the Yoast SEO plugin v27.3 - https:\/\/yoast.com\/product\/yoast-seo-wordpress\/ -->\n<title>El d\u00f3lar reporta su mayor precio en m\u00e1s de cinco semanas -<\/title>\n<meta name=\"robots\" content=\"index, follow, max-snippet:-1, max-image-preview:large, max-video-preview:-1\" \/>\n<link rel=\"canonical\" href=\"https:\/\/quehacerpolitico.mx\/?p=73411\" \/>\n<meta property=\"og:locale\" content=\"es_MX\" \/>\n<meta property=\"og:type\" content=\"article\" \/>\n<meta property=\"og:title\" content=\"El d\u00f3lar reporta su mayor precio en m\u00e1s de cinco semanas -\" \/>\n<meta property=\"og:description\" content=\"El d\u00f3lar reporta su mayor precio en m\u00e1s de cinco semanas Por Redacci\u00f3n QP Las...\" \/>\n<meta property=\"og:url\" content=\"https:\/\/quehacerpolitico.mx\/?p=73411\" \/>\n<meta property=\"article:published_time\" content=\"2021-01-27T18:57:57+00:00\" \/>\n<meta property=\"og:image\" content=\"https:\/\/quehacerpolitico.mx\/wp-content\/uploads\/2021\/01\/8D89498C-21E3-4AD3-B49B-85245D93B562.jpeg\" \/>\n\t<meta property=\"og:image:width\" content=\"600\" \/>\n\t<meta property=\"og:image:height\" content=\"400\" \/>\n\t<meta property=\"og:image:type\" content=\"image\/jpeg\" \/>\n<meta name=\"author\" content=\"Redacci\u00f3n QP\" \/>\n<meta name=\"twitter:card\" content=\"summary_large_image\" \/>\n<meta name=\"twitter:label1\" content=\"Escrito por\" \/>\n\t<meta name=\"twitter:data1\" content=\"Redacci\u00f3n QP\" \/>\n\t<meta name=\"twitter:label2\" content=\"Tiempo de lectura\" \/>\n\t<meta name=\"twitter:data2\" content=\"2 minutos\" \/>\n<script type=\"application\/ld+json\" class=\"yoast-schema-graph\">{\"@context\":\"https:\\\/\\\/schema.org\",\"@graph\":[{\"@type\":\"Article\",\"@id\":\"https:\\\/\\\/quehacerpolitico.mx\\\/?p=73411#article\",\"isPartOf\":{\"@id\":\"https:\\\/\\\/quehacerpolitico.mx\\\/?p=73411\"},\"author\":{\"name\":\"Redacci\u00f3n QP\",\"@id\":\"https:\\\/\\\/quehacerpolitico.mx\\\/#\\\/schema\\\/person\\\/496d8ad2d1d3f8036101dca7ee39e585\"},\"headline\":\"El d\u00f3lar reporta su mayor precio en m\u00e1s de cinco semanas\",\"datePublished\":\"2021-01-27T18:57:57+00:00\",\"mainEntityOfPage\":{\"@id\":\"https:\\\/\\\/quehacerpolitico.mx\\\/?p=73411\"},\"wordCount\":369,\"commentCount\":0,\"image\":{\"@id\":\"https:\\\/\\\/quehacerpolitico.mx\\\/?p=73411#primaryimage\"},\"thumbnailUrl\":\"https:\\\/\\\/quehacerpolitico.mx\\\/wp-content\\\/uploads\\\/2021\\\/01\\\/8D89498C-21E3-4AD3-B49B-85245D93B562.jpeg\",\"articleSection\":[\"Econom\u00eda\"],\"inLanguage\":\"es\",\"potentialAction\":[{\"@type\":\"CommentAction\",\"name\":\"Comment\",\"target\":[\"https:\\\/\\\/quehacerpolitico.mx\\\/?p=73411#respond\"]}]},{\"@type\":\"WebPage\",\"@id\":\"https:\\\/\\\/quehacerpolitico.mx\\\/?p=73411\",\"url\":\"https:\\\/\\\/quehacerpolitico.mx\\\/?p=73411\",\"name\":\"El d\u00f3lar reporta su mayor precio en m\u00e1s de cinco semanas -\",\"isPartOf\":{\"@id\":\"https:\\\/\\\/quehacerpolitico.mx\\\/#website\"},\"primaryImageOfPage\":{\"@id\":\"https:\\\/\\\/quehacerpolitico.mx\\\/?p=73411#primaryimage\"},\"image\":{\"@id\":\"https:\\\/\\\/quehacerpolitico.mx\\\/?p=73411#primaryimage\"},\"thumbnailUrl\":\"https:\\\/\\\/quehacerpolitico.mx\\\/wp-content\\\/uploads\\\/2021\\\/01\\\/8D89498C-21E3-4AD3-B49B-85245D93B562.jpeg\",\"datePublished\":\"2021-01-27T18:57:57+00:00\",\"author\":{\"@id\":\"https:\\\/\\\/quehacerpolitico.mx\\\/#\\\/schema\\\/person\\\/496d8ad2d1d3f8036101dca7ee39e585\"},\"breadcrumb\":{\"@id\":\"https:\\\/\\\/quehacerpolitico.mx\\\/?p=73411#breadcrumb\"},\"inLanguage\":\"es\",\"potentialAction\":[{\"@type\":\"ReadAction\",\"target\":[\"https:\\\/\\\/quehacerpolitico.mx\\\/?p=73411\"]}]},{\"@type\":\"ImageObject\",\"inLanguage\":\"es\",\"@id\":\"https:\\\/\\\/quehacerpolitico.mx\\\/?p=73411#primaryimage\",\"url\":\"https:\\\/\\\/quehacerpolitico.mx\\\/wp-content\\\/uploads\\\/2021\\\/01\\\/8D89498C-21E3-4AD3-B49B-85245D93B562.jpeg\",\"contentUrl\":\"https:\\\/\\\/quehacerpolitico.mx\\\/wp-content\\\/uploads\\\/2021\\\/01\\\/8D89498C-21E3-4AD3-B49B-85245D93B562.jpeg\",\"width\":600,\"height\":400},{\"@type\":\"BreadcrumbList\",\"@id\":\"https:\\\/\\\/quehacerpolitico.mx\\\/?p=73411#breadcrumb\",\"itemListElement\":[{\"@type\":\"ListItem\",\"position\":1,\"name\":\"Inicio\",\"item\":\"https:\\\/\\\/quehacerpolitico.mx\\\/\"},{\"@type\":\"ListItem\",\"position\":2,\"name\":\"El d\u00f3lar reporta su mayor precio en m\u00e1s de cinco semanas\"}]},{\"@type\":\"WebSite\",\"@id\":\"https:\\\/\\\/quehacerpolitico.mx\\\/#website\",\"url\":\"https:\\\/\\\/quehacerpolitico.mx\\\/\",\"name\":\"\",\"description\":\"\",\"potentialAction\":[{\"@type\":\"SearchAction\",\"target\":{\"@type\":\"EntryPoint\",\"urlTemplate\":\"https:\\\/\\\/quehacerpolitico.mx\\\/?s={search_term_string}\"},\"query-input\":{\"@type\":\"PropertyValueSpecification\",\"valueRequired\":true,\"valueName\":\"search_term_string\"}}],\"inLanguage\":\"es\"},{\"@type\":\"Person\",\"@id\":\"https:\\\/\\\/quehacerpolitico.mx\\\/#\\\/schema\\\/person\\\/496d8ad2d1d3f8036101dca7ee39e585\",\"name\":\"Redacci\u00f3n QP\",\"image\":{\"@type\":\"ImageObject\",\"inLanguage\":\"es\",\"@id\":\"https:\\\/\\\/secure.gravatar.com\\\/avatar\\\/c7164ed6fdec453195284ad24a5ae5b6e1eed2b848477fa2a4787ba9adf39a41?s=96&d=mm&r=g\",\"url\":\"https:\\\/\\\/secure.gravatar.com\\\/avatar\\\/c7164ed6fdec453195284ad24a5ae5b6e1eed2b848477fa2a4787ba9adf39a41?s=96&d=mm&r=g\",\"contentUrl\":\"https:\\\/\\\/secure.gravatar.com\\\/avatar\\\/c7164ed6fdec453195284ad24a5ae5b6e1eed2b848477fa2a4787ba9adf39a41?s=96&d=mm&r=g\",\"caption\":\"Redacci\u00f3n QP\"},\"url\":\"https:\\\/\\\/quehacerpolitico.mx\\\/?author=2\"}]}<\/script>\n<!-- \/ Yoast SEO plugin. -->","yoast_head_json":{"title":"El d\u00f3lar reporta su mayor precio en m\u00e1s de cinco semanas -","robots":{"index":"index","follow":"follow","max-snippet":"max-snippet:-1","max-image-preview":"max-image-preview:large","max-video-preview":"max-video-preview:-1"},"canonical":"https:\/\/quehacerpolitico.mx\/?p=73411","og_locale":"es_MX","og_type":"article","og_title":"El d\u00f3lar reporta su mayor precio en m\u00e1s de cinco semanas -","og_description":"El d\u00f3lar reporta su mayor precio en m\u00e1s de cinco semanas Por Redacci\u00f3n QP Las...","og_url":"https:\/\/quehacerpolitico.mx\/?p=73411","article_published_time":"2021-01-27T18:57:57+00:00","og_image":[{"width":600,"height":400,"url":"https:\/\/quehacerpolitico.mx\/wp-content\/uploads\/2021\/01\/8D89498C-21E3-4AD3-B49B-85245D93B562.jpeg","type":"image\/jpeg"}],"author":"Redacci\u00f3n QP","twitter_card":"summary_large_image","twitter_misc":{"Escrito por":"Redacci\u00f3n QP","Tiempo de lectura":"2 minutos"},"schema":{"@context":"https:\/\/schema.org","@graph":[{"@type":"Article","@id":"https:\/\/quehacerpolitico.mx\/?p=73411#article","isPartOf":{"@id":"https:\/\/quehacerpolitico.mx\/?p=73411"},"author":{"name":"Redacci\u00f3n QP","@id":"https:\/\/quehacerpolitico.mx\/#\/schema\/person\/496d8ad2d1d3f8036101dca7ee39e585"},"headline":"El d\u00f3lar reporta su mayor precio en m\u00e1s de cinco semanas","datePublished":"2021-01-27T18:57:57+00:00","mainEntityOfPage":{"@id":"https:\/\/quehacerpolitico.mx\/?p=73411"},"wordCount":369,"commentCount":0,"image":{"@id":"https:\/\/quehacerpolitico.mx\/?p=73411#primaryimage"},"thumbnailUrl":"https:\/\/quehacerpolitico.mx\/wp-content\/uploads\/2021\/01\/8D89498C-21E3-4AD3-B49B-85245D93B562.jpeg","articleSection":["Econom\u00eda"],"inLanguage":"es","potentialAction":[{"@type":"CommentAction","name":"Comment","target":["https:\/\/quehacerpolitico.mx\/?p=73411#respond"]}]},{"@type":"WebPage","@id":"https:\/\/quehacerpolitico.mx\/?p=73411","url":"https:\/\/quehacerpolitico.mx\/?p=73411","name":"El d\u00f3lar reporta su mayor precio en m\u00e1s de cinco semanas -","isPartOf":{"@id":"https:\/\/quehacerpolitico.mx\/#website"},"primaryImageOfPage":{"@id":"https:\/\/quehacerpolitico.mx\/?p=73411#primaryimage"},"image":{"@id":"https:\/\/quehacerpolitico.mx\/?p=73411#primaryimage"},"thumbnailUrl":"https:\/\/quehacerpolitico.mx\/wp-content\/uploads\/2021\/01\/8D89498C-21E3-4AD3-B49B-85245D93B562.jpeg","datePublished":"2021-01-27T18:57:57+00:00","author":{"@id":"https:\/\/quehacerpolitico.mx\/#\/schema\/person\/496d8ad2d1d3f8036101dca7ee39e585"},"breadcrumb":{"@id":"https:\/\/quehacerpolitico.mx\/?p=73411#breadcrumb"},"inLanguage":"es","potentialAction":[{"@type":"ReadAction","target":["https:\/\/quehacerpolitico.mx\/?p=73411"]}]},{"@type":"ImageObject","inLanguage":"es","@id":"https:\/\/quehacerpolitico.mx\/?p=73411#primaryimage","url":"https:\/\/quehacerpolitico.mx\/wp-content\/uploads\/2021\/01\/8D89498C-21E3-4AD3-B49B-85245D93B562.jpeg","contentUrl":"https:\/\/quehacerpolitico.mx\/wp-content\/uploads\/2021\/01\/8D89498C-21E3-4AD3-B49B-85245D93B562.jpeg","width":600,"height":400},{"@type":"BreadcrumbList","@id":"https:\/\/quehacerpolitico.mx\/?p=73411#breadcrumb","itemListElement":[{"@type":"ListItem","position":1,"name":"Inicio","item":"https:\/\/quehacerpolitico.mx\/"},{"@type":"ListItem","position":2,"name":"El d\u00f3lar reporta su mayor precio en m\u00e1s de cinco semanas"}]},{"@type":"WebSite","@id":"https:\/\/quehacerpolitico.mx\/#website","url":"https:\/\/quehacerpolitico.mx\/","name":"","description":"","potentialAction":[{"@type":"SearchAction","target":{"@type":"EntryPoint","urlTemplate":"https:\/\/quehacerpolitico.mx\/?s={search_term_string}"},"query-input":{"@type":"PropertyValueSpecification","valueRequired":true,"valueName":"search_term_string"}}],"inLanguage":"es"},{"@type":"Person","@id":"https:\/\/quehacerpolitico.mx\/#\/schema\/person\/496d8ad2d1d3f8036101dca7ee39e585","name":"Redacci\u00f3n QP","image":{"@type":"ImageObject","inLanguage":"es","@id":"https:\/\/secure.gravatar.com\/avatar\/c7164ed6fdec453195284ad24a5ae5b6e1eed2b848477fa2a4787ba9adf39a41?s=96&d=mm&r=g","url":"https:\/\/secure.gravatar.com\/avatar\/c7164ed6fdec453195284ad24a5ae5b6e1eed2b848477fa2a4787ba9adf39a41?s=96&d=mm&r=g","contentUrl":"https:\/\/secure.gravatar.com\/avatar\/c7164ed6fdec453195284ad24a5ae5b6e1eed2b848477fa2a4787ba9adf39a41?s=96&d=mm&r=g","caption":"Redacci\u00f3n QP"},"url":"https:\/\/quehacerpolitico.mx\/?author=2"}]}},"featured_image_urls":{"full":["https:\/\/quehacerpolitico.mx\/wp-content\/uploads\/2021\/01\/8D89498C-21E3-4AD3-B49B-85245D93B562.jpeg",600,400,false],"thumbnail":["https:\/\/quehacerpolitico.mx\/wp-content\/uploads\/2021\/01\/8D89498C-21E3-4AD3-B49B-85245D93B562-150x150.jpeg",150,150,true],"medium":["https:\/\/quehacerpolitico.mx\/wp-content\/uploads\/2021\/01\/8D89498C-21E3-4AD3-B49B-85245D93B562-300x200.jpeg",300,200,true],"medium_large":["https:\/\/quehacerpolitico.mx\/wp-content\/uploads\/2021\/01\/8D89498C-21E3-4AD3-B49B-85245D93B562.jpeg",600,400,false],"large":["https:\/\/quehacerpolitico.mx\/wp-content\/uploads\/2021\/01\/8D89498C-21E3-4AD3-B49B-85245D93B562.jpeg",600,400,false],"1536x1536":["https:\/\/quehacerpolitico.mx\/wp-content\/uploads\/2021\/01\/8D89498C-21E3-4AD3-B49B-85245D93B562.jpeg",600,400,false],"2048x2048":["https:\/\/quehacerpolitico.mx\/wp-content\/uploads\/2021\/01\/8D89498C-21E3-4AD3-B49B-85245D93B562.jpeg",600,400,false],"covernews-featured":["https:\/\/quehacerpolitico.mx\/wp-content\/uploads\/2021\/01\/8D89498C-21E3-4AD3-B49B-85245D93B562.jpeg",600,400,false],"covernews-medium":["https:\/\/quehacerpolitico.mx\/wp-content\/uploads\/2021\/01\/8D89498C-21E3-4AD3-B49B-85245D93B562.jpeg",510,340,false]},"author_info":{"display_name":"Redacci\u00f3n QP","author_link":"https:\/\/quehacerpolitico.mx\/?author=2"},"category_info":"<a href=\"https:\/\/quehacerpolitico.mx\/?cat=56\" rel=\"category\">Econom\u00eda<\/a>","tag_info":"Econom\u00eda","comment_count":"0","_links":{"self":[{"href":"https:\/\/quehacerpolitico.mx\/index.php?rest_route=\/wp\/v2\/posts\/73411","targetHints":{"allow":["GET"]}}],"collection":[{"href":"https:\/\/quehacerpolitico.mx\/index.php?rest_route=\/wp\/v2\/posts"}],"about":[{"href":"https:\/\/quehacerpolitico.mx\/index.php?rest_route=\/wp\/v2\/types\/post"}],"author":[{"embeddable":true,"href":"https:\/\/quehacerpolitico.mx\/index.php?rest_route=\/wp\/v2\/users\/2"}],"replies":[{"embeddable":true,"href":"https:\/\/quehacerpolitico.mx\/index.php?rest_route=%2Fwp%2Fv2%2Fcomments&post=73411"}],"version-history":[{"count":0,"href":"https:\/\/quehacerpolitico.mx\/index.php?rest_route=\/wp\/v2\/posts\/73411\/revisions"}],"wp:featuredmedia":[{"embeddable":true,"href":"https:\/\/quehacerpolitico.mx\/index.php?rest_route=\/wp\/v2\/media\/73414"}],"wp:attachment":[{"href":"https:\/\/quehacerpolitico.mx\/index.php?rest_route=%2Fwp%2Fv2%2Fmedia&parent=73411"}],"wp:term":[{"taxonomy":"category","embeddable":true,"href":"https:\/\/quehacerpolitico.mx\/index.php?rest_route=%2Fwp%2Fv2%2Fcategories&post=73411"},{"taxonomy":"post_tag","embeddable":true,"href":"https:\/\/quehacerpolitico.mx\/index.php?rest_route=%2Fwp%2Fv2%2Ftags&post=73411"}],"curies":[{"name":"wp","href":"https:\/\/api.w.org\/{rel}","templated":true}]}}