{"id":73408,"date":"2021-01-27T18:49:07","date_gmt":"2021-01-27T18:49:07","guid":{"rendered":"https:\/\/quehacerpolitico.mx\/?p=73408"},"modified":"2021-01-27T18:49:07","modified_gmt":"2021-01-27T18:49:07","slug":"dobleces-israel-mendoza-perez-los-complices","status":"publish","type":"post","link":"https:\/\/quehacerpolitico.mx\/?p=73408","title":{"rendered":"Dobleces\/\/\/Israel Mendoza P\u00e9rez\/\/\/Los C\u00f3mplices"},"content":{"rendered":"<p>Los C\u00f3mplices<\/p>\n<p>Por Israel Mendoza P\u00e9rez<\/p>\n<p>El padrinazgo de Alberto Anaya, hist\u00f3rico dirigente del PT, de poco sirvi\u00f3 para limpiarle la cara al diputado Mauricio Toledo Guti\u00e9rrez. Intentar meterlo al juego de la cuatrot\u00e9 s\u00f3lo exhibi\u00f3 la pobreza del Partido del Trabajo debido a que fich\u00f3 a un personaje oscuro, ambicioso y de un pasado pol\u00edtico turbio y que, en este momento, pone en riesgo la alianza con Morena.<\/p>\n<p>Due\u00f1o de inmuebles de lujo y con millonarias cuentas bancarias, Toledo es la ant\u00edtesis de la Cuarta Transformaci\u00f3n. Alberto Anaya lo arrop\u00f3 y lo quiso incrustar en el proyecto debido a que a\u00fan se mantiene como uno de los partidos sat\u00e9lites de Morena. En ese momento se convirti\u00f3 en su protector y aliado. Ahora, hay una solicitud de desafuero en su contra por enriquecimiento il\u00edcito.<\/p>\n<p>En este ambiente de trapacer\u00edas cometidas por el exfuncionario, salen a flote m\u00e1s nombres de al menos siete c\u00f3mplices de Toledo Guti\u00e9rrez quienes lo ayudaron a enriquecerse il\u00edcitamente y de paso se beneficiaron tambi\u00e9n de las corruptelas ejercidas como funcionarios.<\/p>\n<p>Ram\u00f3n Flores, Salvador Frausto, Fernando Covarrubias, Alejandro Orozco, Armando Jim\u00e9nez, Rodrigo M\u00e9ndez Arriaga y Ram\u00f3n Gildardo Flores Ram\u00edrez son los nombres de los ex servidores p\u00fablicos que ocuparon cargos directivos en la Delegaci\u00f3n Coyoac\u00e1n, que son se\u00f1alados como parte del grupo compacto de Toledo, operador de una serie de complicidades.<\/p>\n<p>Ram\u00f3n Gildardo Flores Ram\u00edrez, ex concejal de Coyoac\u00e1n, fue suspendido por la Contralor\u00eda General de la Ciudad de M\u00e9xico por su presunta participaci\u00f3n en actos de corrupci\u00f3n y abuso de autoridad. Fue sorprendido al pedir dinero a trabajadores de ferias en la Alameda Sur, a quienes amenazaba con no dejarlos instalar juegos si no le cumpl\u00edan.<\/p>\n<p>Salvador Frausto fue el n\u00famero dos de la \u00e9poca toledista. A \u00e9l se le vincula cono abuso de autoridad y corrupci\u00f3n porque desde su oficina como Director General Jur\u00eddico y de Gobierno. Fernando Covarrubias fue director de Concertaci\u00f3n Social y director general de obras, cargos desde donde se benefici\u00f3 anteponiendo el nombre del pol\u00edtico para el que trabaj\u00f3, Mauricio Toledo, al que le entregaba partes del bot\u00edn.<\/p>\n<p>Armando Jim\u00e9nez y Rodrigo M\u00e9ndez Arriaga fueron suspendidos en sueldo y funciones por participar en el otorgamiento irregular de espacios en un deportivo, mientras Alejandro Orozco, quien fue director de Gobierno, ha sido se\u00f1alado como un funcionario de mecha-corta y excesiva soberbia pol\u00edtica.<\/p>\n<p>La fiscal de la ciudad de M\u00e9xico Ernestina Godoy tiene una investigaci\u00f3n s\u00f3lida, por ello solicit\u00f3 el desafuero del legislador a fin de proceder penalmente en su contra por la comisi\u00f3n del delito de enriquecimiento il\u00edcito. Y en la C\u00e1mara de Diputados la Secci\u00f3n Instructora sesionar\u00e1 ma\u00f1ana para conocer el expediente de la Fiscal\u00eda General de Justicia de la ciudad de M\u00e9xico.<\/p>\n<p>Alberto Anaya su ahora protector pol\u00edtico pone en riesgo la alianza con Morena por culpa de Toledo. Es momento de definiciones. El eterno dirigente del PT va con Morena y sin Toledo o tendr\u00e1 el valor de retar a Morena y no deslindarse de un personaje que tiene encima a la izquierda morenista.<\/p>\n","protected":false},"excerpt":{"rendered":"<p>Los C\u00f3mplices Por Israel Mendoza P\u00e9rez El padrinazgo de Alberto Anaya, hist\u00f3rico dirigente del PT,&#8230;<\/p>\n","protected":false},"author":2,"featured_media":73409,"comment_status":"open","ping_status":"open","sticky":false,"template":"","format":"standard","meta":{"_monsterinsights_skip_tracking":false,"_monsterinsights_sitenote_active":false,"_monsterinsights_sitenote_note":"","_monsterinsights_sitenote_category":0,"footnotes":""},"categories":[2],"tags":[],"class_list":["post-73408","post","type-post","status-publish","format-standard","has-post-thumbnail","hentry","category-noticias"],"yoast_head":"<!-- This site is optimized with the Yoast SEO plugin v27.3 - https:\/\/yoast.com\/product\/yoast-seo-wordpress\/ -->\n<title>Dobleces\/\/\/Israel Mendoza P\u00e9rez\/\/\/Los C\u00f3mplices -<\/title>\n<meta name=\"robots\" content=\"index, follow, max-snippet:-1, max-image-preview:large, max-video-preview:-1\" \/>\n<link rel=\"canonical\" href=\"https:\/\/quehacerpolitico.mx\/?p=73408\" \/>\n<meta property=\"og:locale\" content=\"es_MX\" \/>\n<meta property=\"og:type\" content=\"article\" \/>\n<meta property=\"og:title\" content=\"Dobleces\/\/\/Israel Mendoza P\u00e9rez\/\/\/Los C\u00f3mplices -\" \/>\n<meta property=\"og:description\" content=\"Los C\u00f3mplices Por Israel Mendoza P\u00e9rez El padrinazgo de Alberto Anaya, hist\u00f3rico dirigente del PT,...\" \/>\n<meta property=\"og:url\" content=\"https:\/\/quehacerpolitico.mx\/?p=73408\" \/>\n<meta property=\"article:published_time\" content=\"2021-01-27T18:49:07+00:00\" \/>\n<meta property=\"og:image\" content=\"https:\/\/quehacerpolitico.mx\/wp-content\/uploads\/2021\/01\/1B987ADD-3218-46CF-A6D4-9A2A38E48DAA.jpeg\" \/>\n\t<meta property=\"og:image:width\" content=\"920\" \/>\n\t<meta property=\"og:image:height\" content=\"610\" \/>\n\t<meta property=\"og:image:type\" content=\"image\/jpeg\" \/>\n<meta name=\"author\" content=\"Redacci\u00f3n QP\" \/>\n<meta name=\"twitter:card\" content=\"summary_large_image\" \/>\n<meta name=\"twitter:label1\" content=\"Escrito por\" \/>\n\t<meta name=\"twitter:data1\" content=\"Redacci\u00f3n QP\" \/>\n\t<meta name=\"twitter:label2\" content=\"Tiempo de lectura\" \/>\n\t<meta name=\"twitter:data2\" content=\"3 minutos\" \/>\n<script type=\"application\/ld+json\" class=\"yoast-schema-graph\">{\"@context\":\"https:\\\/\\\/schema.org\",\"@graph\":[{\"@type\":\"Article\",\"@id\":\"https:\\\/\\\/quehacerpolitico.mx\\\/?p=73408#article\",\"isPartOf\":{\"@id\":\"https:\\\/\\\/quehacerpolitico.mx\\\/?p=73408\"},\"author\":{\"name\":\"Redacci\u00f3n QP\",\"@id\":\"https:\\\/\\\/quehacerpolitico.mx\\\/#\\\/schema\\\/person\\\/496d8ad2d1d3f8036101dca7ee39e585\"},\"headline\":\"Dobleces\\\/\\\/\\\/Israel Mendoza P\u00e9rez\\\/\\\/\\\/Los C\u00f3mplices\",\"datePublished\":\"2021-01-27T18:49:07+00:00\",\"mainEntityOfPage\":{\"@id\":\"https:\\\/\\\/quehacerpolitico.mx\\\/?p=73408\"},\"wordCount\":569,\"commentCount\":0,\"image\":{\"@id\":\"https:\\\/\\\/quehacerpolitico.mx\\\/?p=73408#primaryimage\"},\"thumbnailUrl\":\"https:\\\/\\\/quehacerpolitico.mx\\\/wp-content\\\/uploads\\\/2021\\\/01\\\/1B987ADD-3218-46CF-A6D4-9A2A38E48DAA.jpeg\",\"articleSection\":[\"Noticias\"],\"inLanguage\":\"es\",\"potentialAction\":[{\"@type\":\"CommentAction\",\"name\":\"Comment\",\"target\":[\"https:\\\/\\\/quehacerpolitico.mx\\\/?p=73408#respond\"]}]},{\"@type\":\"WebPage\",\"@id\":\"https:\\\/\\\/quehacerpolitico.mx\\\/?p=73408\",\"url\":\"https:\\\/\\\/quehacerpolitico.mx\\\/?p=73408\",\"name\":\"Dobleces\\\/\\\/\\\/Israel Mendoza P\u00e9rez\\\/\\\/\\\/Los C\u00f3mplices -\",\"isPartOf\":{\"@id\":\"https:\\\/\\\/quehacerpolitico.mx\\\/#website\"},\"primaryImageOfPage\":{\"@id\":\"https:\\\/\\\/quehacerpolitico.mx\\\/?p=73408#primaryimage\"},\"image\":{\"@id\":\"https:\\\/\\\/quehacerpolitico.mx\\\/?p=73408#primaryimage\"},\"thumbnailUrl\":\"https:\\\/\\\/quehacerpolitico.mx\\\/wp-content\\\/uploads\\\/2021\\\/01\\\/1B987ADD-3218-46CF-A6D4-9A2A38E48DAA.jpeg\",\"datePublished\":\"2021-01-27T18:49:07+00:00\",\"author\":{\"@id\":\"https:\\\/\\\/quehacerpolitico.mx\\\/#\\\/schema\\\/person\\\/496d8ad2d1d3f8036101dca7ee39e585\"},\"breadcrumb\":{\"@id\":\"https:\\\/\\\/quehacerpolitico.mx\\\/?p=73408#breadcrumb\"},\"inLanguage\":\"es\",\"potentialAction\":[{\"@type\":\"ReadAction\",\"target\":[\"https:\\\/\\\/quehacerpolitico.mx\\\/?p=73408\"]}]},{\"@type\":\"ImageObject\",\"inLanguage\":\"es\",\"@id\":\"https:\\\/\\\/quehacerpolitico.mx\\\/?p=73408#primaryimage\",\"url\":\"https:\\\/\\\/quehacerpolitico.mx\\\/wp-content\\\/uploads\\\/2021\\\/01\\\/1B987ADD-3218-46CF-A6D4-9A2A38E48DAA.jpeg\",\"contentUrl\":\"https:\\\/\\\/quehacerpolitico.mx\\\/wp-content\\\/uploads\\\/2021\\\/01\\\/1B987ADD-3218-46CF-A6D4-9A2A38E48DAA.jpeg\",\"width\":920,\"height\":610},{\"@type\":\"BreadcrumbList\",\"@id\":\"https:\\\/\\\/quehacerpolitico.mx\\\/?p=73408#breadcrumb\",\"itemListElement\":[{\"@type\":\"ListItem\",\"position\":1,\"name\":\"Inicio\",\"item\":\"https:\\\/\\\/quehacerpolitico.mx\\\/\"},{\"@type\":\"ListItem\",\"position\":2,\"name\":\"Dobleces\\\/\\\/\\\/Israel Mendoza P\u00e9rez\\\/\\\/\\\/Los C\u00f3mplices\"}]},{\"@type\":\"WebSite\",\"@id\":\"https:\\\/\\\/quehacerpolitico.mx\\\/#website\",\"url\":\"https:\\\/\\\/quehacerpolitico.mx\\\/\",\"name\":\"\",\"description\":\"\",\"potentialAction\":[{\"@type\":\"SearchAction\",\"target\":{\"@type\":\"EntryPoint\",\"urlTemplate\":\"https:\\\/\\\/quehacerpolitico.mx\\\/?s={search_term_string}\"},\"query-input\":{\"@type\":\"PropertyValueSpecification\",\"valueRequired\":true,\"valueName\":\"search_term_string\"}}],\"inLanguage\":\"es\"},{\"@type\":\"Person\",\"@id\":\"https:\\\/\\\/quehacerpolitico.mx\\\/#\\\/schema\\\/person\\\/496d8ad2d1d3f8036101dca7ee39e585\",\"name\":\"Redacci\u00f3n QP\",\"image\":{\"@type\":\"ImageObject\",\"inLanguage\":\"es\",\"@id\":\"https:\\\/\\\/secure.gravatar.com\\\/avatar\\\/c7164ed6fdec453195284ad24a5ae5b6e1eed2b848477fa2a4787ba9adf39a41?s=96&d=mm&r=g\",\"url\":\"https:\\\/\\\/secure.gravatar.com\\\/avatar\\\/c7164ed6fdec453195284ad24a5ae5b6e1eed2b848477fa2a4787ba9adf39a41?s=96&d=mm&r=g\",\"contentUrl\":\"https:\\\/\\\/secure.gravatar.com\\\/avatar\\\/c7164ed6fdec453195284ad24a5ae5b6e1eed2b848477fa2a4787ba9adf39a41?s=96&d=mm&r=g\",\"caption\":\"Redacci\u00f3n QP\"},\"url\":\"https:\\\/\\\/quehacerpolitico.mx\\\/?author=2\"}]}<\/script>\n<!-- \/ Yoast SEO plugin. -->","yoast_head_json":{"title":"Dobleces\/\/\/Israel Mendoza P\u00e9rez\/\/\/Los C\u00f3mplices -","robots":{"index":"index","follow":"follow","max-snippet":"max-snippet:-1","max-image-preview":"max-image-preview:large","max-video-preview":"max-video-preview:-1"},"canonical":"https:\/\/quehacerpolitico.mx\/?p=73408","og_locale":"es_MX","og_type":"article","og_title":"Dobleces\/\/\/Israel Mendoza P\u00e9rez\/\/\/Los C\u00f3mplices -","og_description":"Los C\u00f3mplices Por Israel Mendoza P\u00e9rez El padrinazgo de Alberto Anaya, hist\u00f3rico dirigente del PT,...","og_url":"https:\/\/quehacerpolitico.mx\/?p=73408","article_published_time":"2021-01-27T18:49:07+00:00","og_image":[{"width":920,"height":610,"url":"https:\/\/quehacerpolitico.mx\/wp-content\/uploads\/2021\/01\/1B987ADD-3218-46CF-A6D4-9A2A38E48DAA.jpeg","type":"image\/jpeg"}],"author":"Redacci\u00f3n QP","twitter_card":"summary_large_image","twitter_misc":{"Escrito por":"Redacci\u00f3n QP","Tiempo de lectura":"3 minutos"},"schema":{"@context":"https:\/\/schema.org","@graph":[{"@type":"Article","@id":"https:\/\/quehacerpolitico.mx\/?p=73408#article","isPartOf":{"@id":"https:\/\/quehacerpolitico.mx\/?p=73408"},"author":{"name":"Redacci\u00f3n QP","@id":"https:\/\/quehacerpolitico.mx\/#\/schema\/person\/496d8ad2d1d3f8036101dca7ee39e585"},"headline":"Dobleces\/\/\/Israel Mendoza P\u00e9rez\/\/\/Los C\u00f3mplices","datePublished":"2021-01-27T18:49:07+00:00","mainEntityOfPage":{"@id":"https:\/\/quehacerpolitico.mx\/?p=73408"},"wordCount":569,"commentCount":0,"image":{"@id":"https:\/\/quehacerpolitico.mx\/?p=73408#primaryimage"},"thumbnailUrl":"https:\/\/quehacerpolitico.mx\/wp-content\/uploads\/2021\/01\/1B987ADD-3218-46CF-A6D4-9A2A38E48DAA.jpeg","articleSection":["Noticias"],"inLanguage":"es","potentialAction":[{"@type":"CommentAction","name":"Comment","target":["https:\/\/quehacerpolitico.mx\/?p=73408#respond"]}]},{"@type":"WebPage","@id":"https:\/\/quehacerpolitico.mx\/?p=73408","url":"https:\/\/quehacerpolitico.mx\/?p=73408","name":"Dobleces\/\/\/Israel Mendoza P\u00e9rez\/\/\/Los C\u00f3mplices -","isPartOf":{"@id":"https:\/\/quehacerpolitico.mx\/#website"},"primaryImageOfPage":{"@id":"https:\/\/quehacerpolitico.mx\/?p=73408#primaryimage"},"image":{"@id":"https:\/\/quehacerpolitico.mx\/?p=73408#primaryimage"},"thumbnailUrl":"https:\/\/quehacerpolitico.mx\/wp-content\/uploads\/2021\/01\/1B987ADD-3218-46CF-A6D4-9A2A38E48DAA.jpeg","datePublished":"2021-01-27T18:49:07+00:00","author":{"@id":"https:\/\/quehacerpolitico.mx\/#\/schema\/person\/496d8ad2d1d3f8036101dca7ee39e585"},"breadcrumb":{"@id":"https:\/\/quehacerpolitico.mx\/?p=73408#breadcrumb"},"inLanguage":"es","potentialAction":[{"@type":"ReadAction","target":["https:\/\/quehacerpolitico.mx\/?p=73408"]}]},{"@type":"ImageObject","inLanguage":"es","@id":"https:\/\/quehacerpolitico.mx\/?p=73408#primaryimage","url":"https:\/\/quehacerpolitico.mx\/wp-content\/uploads\/2021\/01\/1B987ADD-3218-46CF-A6D4-9A2A38E48DAA.jpeg","contentUrl":"https:\/\/quehacerpolitico.mx\/wp-content\/uploads\/2021\/01\/1B987ADD-3218-46CF-A6D4-9A2A38E48DAA.jpeg","width":920,"height":610},{"@type":"BreadcrumbList","@id":"https:\/\/quehacerpolitico.mx\/?p=73408#breadcrumb","itemListElement":[{"@type":"ListItem","position":1,"name":"Inicio","item":"https:\/\/quehacerpolitico.mx\/"},{"@type":"ListItem","position":2,"name":"Dobleces\/\/\/Israel Mendoza P\u00e9rez\/\/\/Los C\u00f3mplices"}]},{"@type":"WebSite","@id":"https:\/\/quehacerpolitico.mx\/#website","url":"https:\/\/quehacerpolitico.mx\/","name":"","description":"","potentialAction":[{"@type":"SearchAction","target":{"@type":"EntryPoint","urlTemplate":"https:\/\/quehacerpolitico.mx\/?s={search_term_string}"},"query-input":{"@type":"PropertyValueSpecification","valueRequired":true,"valueName":"search_term_string"}}],"inLanguage":"es"},{"@type":"Person","@id":"https:\/\/quehacerpolitico.mx\/#\/schema\/person\/496d8ad2d1d3f8036101dca7ee39e585","name":"Redacci\u00f3n QP","image":{"@type":"ImageObject","inLanguage":"es","@id":"https:\/\/secure.gravatar.com\/avatar\/c7164ed6fdec453195284ad24a5ae5b6e1eed2b848477fa2a4787ba9adf39a41?s=96&d=mm&r=g","url":"https:\/\/secure.gravatar.com\/avatar\/c7164ed6fdec453195284ad24a5ae5b6e1eed2b848477fa2a4787ba9adf39a41?s=96&d=mm&r=g","contentUrl":"https:\/\/secure.gravatar.com\/avatar\/c7164ed6fdec453195284ad24a5ae5b6e1eed2b848477fa2a4787ba9adf39a41?s=96&d=mm&r=g","caption":"Redacci\u00f3n QP"},"url":"https:\/\/quehacerpolitico.mx\/?author=2"}]}},"featured_image_urls":{"full":["https:\/\/quehacerpolitico.mx\/wp-content\/uploads\/2021\/01\/1B987ADD-3218-46CF-A6D4-9A2A38E48DAA.jpeg",920,610,false],"thumbnail":["https:\/\/quehacerpolitico.mx\/wp-content\/uploads\/2021\/01\/1B987ADD-3218-46CF-A6D4-9A2A38E48DAA-150x150.jpeg",150,150,true],"medium":["https:\/\/quehacerpolitico.mx\/wp-content\/uploads\/2021\/01\/1B987ADD-3218-46CF-A6D4-9A2A38E48DAA-300x199.jpeg",300,199,true],"medium_large":["https:\/\/quehacerpolitico.mx\/wp-content\/uploads\/2021\/01\/1B987ADD-3218-46CF-A6D4-9A2A38E48DAA-768x509.jpeg",640,424,true],"large":["https:\/\/quehacerpolitico.mx\/wp-content\/uploads\/2021\/01\/1B987ADD-3218-46CF-A6D4-9A2A38E48DAA.jpeg",640,424,false],"1536x1536":["https:\/\/quehacerpolitico.mx\/wp-content\/uploads\/2021\/01\/1B987ADD-3218-46CF-A6D4-9A2A38E48DAA.jpeg",920,610,false],"2048x2048":["https:\/\/quehacerpolitico.mx\/wp-content\/uploads\/2021\/01\/1B987ADD-3218-46CF-A6D4-9A2A38E48DAA.jpeg",920,610,false],"covernews-featured":["https:\/\/quehacerpolitico.mx\/wp-content\/uploads\/2021\/01\/1B987ADD-3218-46CF-A6D4-9A2A38E48DAA.jpeg",920,610,false],"covernews-medium":["https:\/\/quehacerpolitico.mx\/wp-content\/uploads\/2021\/01\/1B987ADD-3218-46CF-A6D4-9A2A38E48DAA.jpeg",513,340,false]},"author_info":{"display_name":"Redacci\u00f3n QP","author_link":"https:\/\/quehacerpolitico.mx\/?author=2"},"category_info":"<a href=\"https:\/\/quehacerpolitico.mx\/?cat=2\" rel=\"category\">Noticias<\/a>","tag_info":"Noticias","comment_count":"0","_links":{"self":[{"href":"https:\/\/quehacerpolitico.mx\/index.php?rest_route=\/wp\/v2\/posts\/73408","targetHints":{"allow":["GET"]}}],"collection":[{"href":"https:\/\/quehacerpolitico.mx\/index.php?rest_route=\/wp\/v2\/posts"}],"about":[{"href":"https:\/\/quehacerpolitico.mx\/index.php?rest_route=\/wp\/v2\/types\/post"}],"author":[{"embeddable":true,"href":"https:\/\/quehacerpolitico.mx\/index.php?rest_route=\/wp\/v2\/users\/2"}],"replies":[{"embeddable":true,"href":"https:\/\/quehacerpolitico.mx\/index.php?rest_route=%2Fwp%2Fv2%2Fcomments&post=73408"}],"version-history":[{"count":0,"href":"https:\/\/quehacerpolitico.mx\/index.php?rest_route=\/wp\/v2\/posts\/73408\/revisions"}],"wp:featuredmedia":[{"embeddable":true,"href":"https:\/\/quehacerpolitico.mx\/index.php?rest_route=\/wp\/v2\/media\/73409"}],"wp:attachment":[{"href":"https:\/\/quehacerpolitico.mx\/index.php?rest_route=%2Fwp%2Fv2%2Fmedia&parent=73408"}],"wp:term":[{"taxonomy":"category","embeddable":true,"href":"https:\/\/quehacerpolitico.mx\/index.php?rest_route=%2Fwp%2Fv2%2Fcategories&post=73408"},{"taxonomy":"post_tag","embeddable":true,"href":"https:\/\/quehacerpolitico.mx\/index.php?rest_route=%2Fwp%2Fv2%2Ftags&post=73408"}],"curies":[{"name":"wp","href":"https:\/\/api.w.org\/{rel}","templated":true}]}}